{"id":4997,"date":"2023-11-07T13:11:52","date_gmt":"2023-11-07T11:11:52","guid":{"rendered":"https:\/\/clm-inclusiva.org\/?p=4997"},"modified":"2023-11-07T13:11:52","modified_gmt":"2023-11-07T11:11:52","slug":"clm-inclusiva-cocemfe-es-reconocida-en-los-premios-solidarios-de-la-xxv-gala-aniversario-de-la-cerca","status":"publish","type":"post","link":"https:\/\/clm-inclusiva.org\/?p=4997","title":{"rendered":"CLM Inclusiva COCEMFE es reconocida en los Premios Solidarios de la XXV Gala Aniversario de La Cerca"},"content":{"rendered":"<p>&#8211; La Gala conmemorativa del XXV aniversario del Grupo Multimedia de Comunicaci\u00f3n \u2018La Cerca\u2019 ha tenido lugar este lunes, 6 de noviembre, en el Auditorio Municipal de Albacete<\/p>\n<p>&#8211; Se hac\u00eda entrega de los Premios Solidarios, que han premiaban la labor de personas, instituciones y entidades de la regi\u00f3n.<\/p>\n<p>&nbsp;<\/p>\n<p>Durante la Gala, se hizo entrega de los Premios Solidarios, unos reconocimientos impulsados por el Grupo Multimedia de Comunicaci\u00f3n \u2018La Cerca\u2019 para visibilizar la labor de los colectivos y personas de la regi\u00f3n.<\/p>\n<p>Este a\u00f1o, el protagonismo ha reca\u00eddo sobre el Banco de Alimentos de Albacete, C\u00e1ritas Diocesana de Albacete, Castilla-La Mancha Inclusiva COCEMFE y el doctor Pascual Gonz\u00e1lez Masegosa.<\/p>\n<p>El acto se ha llevado a cabo en el Auditorio Municipal de Albacete, que contaba con la presencia de autoridades pol\u00edticas, militares y representantes de los colectivos sociales y econ\u00f3micos de la provincia.<\/p>\n<p>Enrique Alarc\u00f3n, presidente de CLM Inclusiva COCEMFE, recog\u00eda el Premio Solidario en el escenario del auditorio, dedicando unas palabras al trabajo y camino recorrido por la entidad en materia de discapacidad, y poniendo de manifiesto todos los obst\u00e1culos que a\u00fan quedan por superar.<\/p>\n<p>Para la Confederaci\u00f3n, se trata este de un reconocimiento al trabajo que viene desarrollando durante los \u00faltimos 6 a\u00f1os en Castilla-La Mancha, llegando a tener presencia ya en las cinco capitales de provincia, as\u00ed como en Talavera de la Reina y Puertollano.<\/p>\n<p>Desde la junta directiva de CLM Inclusiva COCEMFE trasladamos nuestro agradecimiento al Grupo Multimedia de comunicaci\u00f3n \u201cLa Cerca\u201d por su apoyo a las entidades sociales y afianzamos nuestro compromiso en seguir trabajando por los derechos de las personas con discapacidad f\u00edsica y\/u org\u00e1nica y sus familias.<\/p>\n<p>&nbsp;<\/p>\n","protected":false},"excerpt":{"rendered":"<p>&#8211; La Gala conmemorativa del XXV aniversario del Grupo Multimedia de Comunicaci\u00f3n \u2018La Cerca\u2019 ha tenido lugar este lunes, 6 de noviembre, en el Auditorio Municipal de Albacete &#8211; Se hac\u00eda entrega de los Premios Solidarios, que han premiaban la labor de personas, instituciones y entidades de la regi\u00f3n. &nbsp; Durante la Gala, se hizo [&hellip;]<\/p>\n","protected":false},"author":1,"featured_media":4998,"comment_status":"open","ping_status":"open","sticky":false,"template":"","format":"standard","meta":{"_et_pb_use_builder":"","_et_pb_old_content":"","_et_gb_content_width":"","footnotes":""},"categories":[1],"tags":[],"yoast_head":"<!-- This site is optimized with the Yoast SEO plugin v21.3 - https:\/\/yoast.com\/wordpress\/plugins\/seo\/ -->\n<title>CLM Inclusiva COCEMFE es reconocida en los Premios Solidarios de la XXV Gala Aniversario de La Cerca - Clm-Inclusiva<\/title>\n<meta name=\"robots\" content=\"index, follow, max-snippet:-1, max-image-preview:large, max-video-preview:-1\" \/>\n<link rel=\"canonical\" href=\"https:\/\/clm-inclusiva.org\/?p=4997\" \/>\n<meta property=\"og:locale\" content=\"es_ES\" \/>\n<meta property=\"og:type\" content=\"article\" \/>\n<meta property=\"og:title\" content=\"CLM Inclusiva COCEMFE es reconocida en los Premios Solidarios de la XXV Gala Aniversario de La Cerca - Clm-Inclusiva\" \/>\n<meta property=\"og:description\" content=\"&#8211; La Gala conmemorativa del XXV aniversario del Grupo Multimedia de Comunicaci\u00f3n \u2018La Cerca\u2019 ha tenido lugar este lunes, 6 de noviembre, en el Auditorio Municipal de Albacete &#8211; Se hac\u00eda entrega de los Premios Solidarios, que han premiaban la labor de personas, instituciones y entidades de la regi\u00f3n. &nbsp; Durante la Gala, se hizo [&hellip;]\" \/>\n<meta property=\"og:url\" content=\"https:\/\/clm-inclusiva.org\/?p=4997\" \/>\n<meta property=\"og:site_name\" content=\"Clm-Inclusiva\" \/>\n<meta property=\"article:publisher\" content=\"https:\/\/www.facebook.com\/castillalamancha.inclusiva\/\" \/>\n<meta property=\"article:published_time\" content=\"2023-11-07T11:11:52+00:00\" \/>\n<meta property=\"og:image\" content=\"https:\/\/clm-inclusiva.org\/wp-content\/uploads\/2023\/11\/IMG_0080-scaled.jpeg\" \/>\n\t<meta property=\"og:image:width\" content=\"2560\" \/>\n\t<meta property=\"og:image:height\" content=\"1920\" \/>\n\t<meta property=\"og:image:type\" content=\"image\/jpeg\" \/>\n<meta name=\"author\" content=\"clm-inclusiva\" \/>\n<meta name=\"twitter:card\" content=\"summary_large_image\" \/>\n<meta name=\"twitter:creator\" content=\"@ClmInclusiva\" \/>\n<meta name=\"twitter:site\" content=\"@ClmInclusiva\" \/>\n<meta name=\"twitter:label1\" content=\"Escrito por\" \/>\n\t<meta name=\"twitter:data1\" content=\"clm-inclusiva\" \/>\n\t<meta name=\"twitter:label2\" content=\"Tiempo de lectura\" \/>\n\t<meta name=\"twitter:data2\" content=\"2 minutos\" \/>\n<script type=\"application\/ld+json\" class=\"yoast-schema-graph\">{\"@context\":\"https:\/\/schema.org\",\"@graph\":[{\"@type\":\"Article\",\"@id\":\"https:\/\/clm-inclusiva.org\/?p=4997#article\",\"isPartOf\":{\"@id\":\"https:\/\/clm-inclusiva.org\/?p=4997\"},\"author\":{\"name\":\"clm-inclusiva\",\"@id\":\"https:\/\/clm-inclusiva.org\/#\/schema\/person\/0cff84aaa5bb8fd3521c55d1578d902b\"},\"headline\":\"CLM Inclusiva COCEMFE es reconocida en los Premios Solidarios de la XXV Gala Aniversario de La Cerca\",\"datePublished\":\"2023-11-07T11:11:52+00:00\",\"dateModified\":\"2023-11-07T11:11:52+00:00\",\"mainEntityOfPage\":{\"@id\":\"https:\/\/clm-inclusiva.org\/?p=4997\"},\"wordCount\":311,\"commentCount\":0,\"publisher\":{\"@id\":\"https:\/\/clm-inclusiva.org\/#organization\"},\"inLanguage\":\"es\",\"potentialAction\":[{\"@type\":\"CommentAction\",\"name\":\"Comment\",\"target\":[\"https:\/\/clm-inclusiva.org\/?p=4997#respond\"]}]},{\"@type\":\"WebPage\",\"@id\":\"https:\/\/clm-inclusiva.org\/?p=4997\",\"url\":\"https:\/\/clm-inclusiva.org\/?p=4997\",\"name\":\"CLM Inclusiva COCEMFE es reconocida en los Premios Solidarios de la XXV Gala Aniversario de La Cerca - Clm-Inclusiva\",\"isPartOf\":{\"@id\":\"https:\/\/clm-inclusiva.org\/#website\"},\"datePublished\":\"2023-11-07T11:11:52+00:00\",\"dateModified\":\"2023-11-07T11:11:52+00:00\",\"breadcrumb\":{\"@id\":\"https:\/\/clm-inclusiva.org\/?p=4997#breadcrumb\"},\"inLanguage\":\"es\",\"potentialAction\":[{\"@type\":\"ReadAction\",\"target\":[\"https:\/\/clm-inclusiva.org\/?p=4997\"]}]},{\"@type\":\"BreadcrumbList\",\"@id\":\"https:\/\/clm-inclusiva.org\/?p=4997#breadcrumb\",\"itemListElement\":[{\"@type\":\"ListItem\",\"position\":1,\"name\":\"Portada\",\"item\":\"https:\/\/clm-inclusiva.org\/\"},{\"@type\":\"ListItem\",\"position\":2,\"name\":\"CLM Inclusiva COCEMFE es reconocida en los Premios Solidarios de la XXV Gala Aniversario de La Cerca\"}]},{\"@type\":\"WebSite\",\"@id\":\"https:\/\/clm-inclusiva.org\/#website\",\"url\":\"https:\/\/clm-inclusiva.org\/\",\"name\":\"Clm-Inclusiva\",\"description\":\"Confederaci\u00f3n de entidades de personas con discapacidad f\u00edsica y org\u00e1nica CLM\",\"publisher\":{\"@id\":\"https:\/\/clm-inclusiva.org\/#organization\"},\"potentialAction\":[{\"@type\":\"SearchAction\",\"target\":{\"@type\":\"EntryPoint\",\"urlTemplate\":\"https:\/\/clm-inclusiva.org\/?s={search_term_string}\"},\"query-input\":\"required name=search_term_string\"}],\"inLanguage\":\"es\"},{\"@type\":\"Organization\",\"@id\":\"https:\/\/clm-inclusiva.org\/#organization\",\"name\":\"Clm-Inclusiva\",\"url\":\"https:\/\/clm-inclusiva.org\/\",\"logo\":{\"@type\":\"ImageObject\",\"inLanguage\":\"es\",\"@id\":\"https:\/\/clm-inclusiva.org\/#\/schema\/logo\/image\/\",\"url\":\"http:\/\/clm-inclusiva.org\/wp-content\/uploads\/2019\/04\/banner-e1533720812836.jpg\",\"contentUrl\":\"http:\/\/clm-inclusiva.org\/wp-content\/uploads\/2019\/04\/banner-e1533720812836.jpg\",\"width\":600,\"height\":332,\"caption\":\"Clm-Inclusiva\"},\"image\":{\"@id\":\"https:\/\/clm-inclusiva.org\/#\/schema\/logo\/image\/\"},\"sameAs\":[\"https:\/\/www.facebook.com\/castillalamancha.inclusiva\/\",\"https:\/\/twitter.com\/ClmInclusiva\"]},{\"@type\":\"Person\",\"@id\":\"https:\/\/clm-inclusiva.org\/#\/schema\/person\/0cff84aaa5bb8fd3521c55d1578d902b\",\"name\":\"clm-inclusiva\",\"image\":{\"@type\":\"ImageObject\",\"inLanguage\":\"es\",\"@id\":\"https:\/\/clm-inclusiva.org\/#\/schema\/person\/image\/\",\"url\":\"https:\/\/secure.gravatar.com\/avatar\/88948567af770dc9cd5597b329011884?s=96&d=blank&r=g\",\"contentUrl\":\"https:\/\/secure.gravatar.com\/avatar\/88948567af770dc9cd5597b329011884?s=96&d=blank&r=g\",\"caption\":\"clm-inclusiva\"},\"sameAs\":[\"http:\/\/clm-inclusiva.org\"],\"url\":\"https:\/\/clm-inclusiva.org\/?author=1\"}]}<\/script>\n<!-- \/ Yoast SEO plugin. -->","yoast_head_json":{"title":"CLM Inclusiva COCEMFE es reconocida en los Premios Solidarios de la XXV Gala Aniversario de La Cerca - Clm-Inclusiva","robots":{"index":"index","follow":"follow","max-snippet":"max-snippet:-1","max-image-preview":"max-image-preview:large","max-video-preview":"max-video-preview:-1"},"canonical":"https:\/\/clm-inclusiva.org\/?p=4997","og_locale":"es_ES","og_type":"article","og_title":"CLM Inclusiva COCEMFE es reconocida en los Premios Solidarios de la XXV Gala Aniversario de La Cerca - Clm-Inclusiva","og_description":"&#8211; La Gala conmemorativa del XXV aniversario del Grupo Multimedia de Comunicaci\u00f3n \u2018La Cerca\u2019 ha tenido lugar este lunes, 6 de noviembre, en el Auditorio Municipal de Albacete &#8211; Se hac\u00eda entrega de los Premios Solidarios, que han premiaban la labor de personas, instituciones y entidades de la regi\u00f3n. &nbsp; Durante la Gala, se hizo [&hellip;]","og_url":"https:\/\/clm-inclusiva.org\/?p=4997","og_site_name":"Clm-Inclusiva","article_publisher":"https:\/\/www.facebook.com\/castillalamancha.inclusiva\/","article_published_time":"2023-11-07T11:11:52+00:00","og_image":[{"width":2560,"height":1920,"url":"https:\/\/clm-inclusiva.org\/wp-content\/uploads\/2023\/11\/IMG_0080-scaled.jpeg","type":"image\/jpeg"}],"author":"clm-inclusiva","twitter_card":"summary_large_image","twitter_creator":"@ClmInclusiva","twitter_site":"@ClmInclusiva","twitter_misc":{"Escrito por":"clm-inclusiva","Tiempo de lectura":"2 minutos"},"schema":{"@context":"https:\/\/schema.org","@graph":[{"@type":"Article","@id":"https:\/\/clm-inclusiva.org\/?p=4997#article","isPartOf":{"@id":"https:\/\/clm-inclusiva.org\/?p=4997"},"author":{"name":"clm-inclusiva","@id":"https:\/\/clm-inclusiva.org\/#\/schema\/person\/0cff84aaa5bb8fd3521c55d1578d902b"},"headline":"CLM Inclusiva COCEMFE es reconocida en los Premios Solidarios de la XXV Gala Aniversario de La Cerca","datePublished":"2023-11-07T11:11:52+00:00","dateModified":"2023-11-07T11:11:52+00:00","mainEntityOfPage":{"@id":"https:\/\/clm-inclusiva.org\/?p=4997"},"wordCount":311,"commentCount":0,"publisher":{"@id":"https:\/\/clm-inclusiva.org\/#organization"},"inLanguage":"es","potentialAction":[{"@type":"CommentAction","name":"Comment","target":["https:\/\/clm-inclusiva.org\/?p=4997#respond"]}]},{"@type":"WebPage","@id":"https:\/\/clm-inclusiva.org\/?p=4997","url":"https:\/\/clm-inclusiva.org\/?p=4997","name":"CLM Inclusiva COCEMFE es reconocida en los Premios Solidarios de la XXV Gala Aniversario de La Cerca - Clm-Inclusiva","isPartOf":{"@id":"https:\/\/clm-inclusiva.org\/#website"},"datePublished":"2023-11-07T11:11:52+00:00","dateModified":"2023-11-07T11:11:52+00:00","breadcrumb":{"@id":"https:\/\/clm-inclusiva.org\/?p=4997#breadcrumb"},"inLanguage":"es","potentialAction":[{"@type":"ReadAction","target":["https:\/\/clm-inclusiva.org\/?p=4997"]}]},{"@type":"BreadcrumbList","@id":"https:\/\/clm-inclusiva.org\/?p=4997#breadcrumb","itemListElement":[{"@type":"ListItem","position":1,"name":"Portada","item":"https:\/\/clm-inclusiva.org\/"},{"@type":"ListItem","position":2,"name":"CLM Inclusiva COCEMFE es reconocida en los Premios Solidarios de la XXV Gala Aniversario de La Cerca"}]},{"@type":"WebSite","@id":"https:\/\/clm-inclusiva.org\/#website","url":"https:\/\/clm-inclusiva.org\/","name":"Clm-Inclusiva","description":"Confederaci\u00f3n de entidades de personas con discapacidad f\u00edsica y org\u00e1nica CLM","publisher":{"@id":"https:\/\/clm-inclusiva.org\/#organization"},"potentialAction":[{"@type":"SearchAction","target":{"@type":"EntryPoint","urlTemplate":"https:\/\/clm-inclusiva.org\/?s={search_term_string}"},"query-input":"required name=search_term_string"}],"inLanguage":"es"},{"@type":"Organization","@id":"https:\/\/clm-inclusiva.org\/#organization","name":"Clm-Inclusiva","url":"https:\/\/clm-inclusiva.org\/","logo":{"@type":"ImageObject","inLanguage":"es","@id":"https:\/\/clm-inclusiva.org\/#\/schema\/logo\/image\/","url":"http:\/\/clm-inclusiva.org\/wp-content\/uploads\/2019\/04\/banner-e1533720812836.jpg","contentUrl":"http:\/\/clm-inclusiva.org\/wp-content\/uploads\/2019\/04\/banner-e1533720812836.jpg","width":600,"height":332,"caption":"Clm-Inclusiva"},"image":{"@id":"https:\/\/clm-inclusiva.org\/#\/schema\/logo\/image\/"},"sameAs":["https:\/\/www.facebook.com\/castillalamancha.inclusiva\/","https:\/\/twitter.com\/ClmInclusiva"]},{"@type":"Person","@id":"https:\/\/clm-inclusiva.org\/#\/schema\/person\/0cff84aaa5bb8fd3521c55d1578d902b","name":"clm-inclusiva","image":{"@type":"ImageObject","inLanguage":"es","@id":"https:\/\/clm-inclusiva.org\/#\/schema\/person\/image\/","url":"https:\/\/secure.gravatar.com\/avatar\/88948567af770dc9cd5597b329011884?s=96&d=blank&r=g","contentUrl":"https:\/\/secure.gravatar.com\/avatar\/88948567af770dc9cd5597b329011884?s=96&d=blank&r=g","caption":"clm-inclusiva"},"sameAs":["http:\/\/clm-inclusiva.org"],"url":"https:\/\/clm-inclusiva.org\/?author=1"}]}},"_links":{"self":[{"href":"https:\/\/clm-inclusiva.org\/index.php?rest_route=\/wp\/v2\/posts\/4997"}],"collection":[{"href":"https:\/\/clm-inclusiva.org\/index.php?rest_route=\/wp\/v2\/posts"}],"about":[{"href":"https:\/\/clm-inclusiva.org\/index.php?rest_route=\/wp\/v2\/types\/post"}],"author":[{"embeddable":true,"href":"https:\/\/clm-inclusiva.org\/index.php?rest_route=\/wp\/v2\/users\/1"}],"replies":[{"embeddable":true,"href":"https:\/\/clm-inclusiva.org\/index.php?rest_route=%2Fwp%2Fv2%2Fcomments&post=4997"}],"version-history":[{"count":1,"href":"https:\/\/clm-inclusiva.org\/index.php?rest_route=\/wp\/v2\/posts\/4997\/revisions"}],"predecessor-version":[{"id":4999,"href":"https:\/\/clm-inclusiva.org\/index.php?rest_route=\/wp\/v2\/posts\/4997\/revisions\/4999"}],"wp:featuredmedia":[{"embeddable":true,"href":"https:\/\/clm-inclusiva.org\/index.php?rest_route=\/wp\/v2\/media\/4998"}],"wp:attachment":[{"href":"https:\/\/clm-inclusiva.org\/index.php?rest_route=%2Fwp%2Fv2%2Fmedia&parent=4997"}],"wp:term":[{"taxonomy":"category","embeddable":true,"href":"https:\/\/clm-inclusiva.org\/index.php?rest_route=%2Fwp%2Fv2%2Fcategories&post=4997"},{"taxonomy":"post_tag","embeddable":true,"href":"https:\/\/clm-inclusiva.org\/index.php?rest_route=%2Fwp%2Fv2%2Ftags&post=4997"}],"curies":[{"name":"wp","href":"https:\/\/api.w.org\/{rel}","templated":true}]}}