{"id":4981,"date":"2023-10-24T14:34:19","date_gmt":"2023-10-24T12:34:19","guid":{"rendered":"https:\/\/clm-inclusiva.org\/?p=4981"},"modified":"2023-10-25T09:50:46","modified_gmt":"2023-10-25T07:50:46","slug":"el-presidente-de-clm-inclusiva-cocemfe-da-visibilidad-a-la-discapacidad-en-el-vaticano","status":"publish","type":"post","link":"https:\/\/clm-inclusiva.org\/?p=4981","title":{"rendered":"El presidente de CLM Inclusiva COCEMFE visibiliza la discapacidad en el Vaticano"},"content":{"rendered":"<p>&nbsp;<\/p>\n<ul>\n<li><strong>El presidente de la Confederaci\u00f3n de Personas con Discapacidad en Castilla-La Mancha (CLM Inclusiva COCEMFE), Enrique Alarc\u00f3n Garc\u00eda, fue elegido por el Papa Francisco y ha participado en el S\u00ednodo, con voz y voto, en la XVI Asamblea General Ordinaria del S\u00ednodo de los Obispos.\u00a0<\/strong><\/li>\n<li><strong>El presidente llev\u00f3 a la Instituci\u00f3n algunas de las cuestiones hist\u00f3ricas vinculadas a la discapacidad y la vulnerabilidad en la que se encuentran algunas personas pertenecientes al colectivo.<\/strong><\/li>\n<\/ul>\n<p>El presidente de CLM Inclusiva COCEMFE expresidente del movimiento Fraternidad Cristiana de Personas con Discapacidad (FRATER Espa\u00f1a), Enrique Alarc\u00f3n Garc\u00eda, ha participado en la asamblea del s\u00ednodo sobre la sinodalidad, con voz y voto.<\/p>\n<p>El presidente subraya la necesidad de que esta visibilidad no se vea limitada a la Instituci\u00f3n Eclesi\u00e1stica, sino que las personas con discapacidad puedan tomar su palabra y conseguir \u00abque se le conceda participar\u00bb en otros espacios.<\/p>\n<p>Destacaba que \u00abpara una persona con discapacidad, en la mayor parte del mundo, es muy dif\u00edcil llegar a poder hablar con personas que est\u00e1n acostumbradas y educadas no para escuchar, sino para hablar, como pasa mucho con los obispos y con los cardenales\u00bb, por lo que celebra que \u00abel S\u00ednodo est\u00e1 teniendo un car\u00e1cter pedag\u00f3gico, porque la jerarqu\u00eda est\u00e1 viendo que es posible mantener un di\u00e1logo y una escucha\u00bb.<\/p>\n<p>De esta forma, la discapacidad y la inclusi\u00f3n ha tenido un papel destacado a lo largo de estas jornadas, siendo un altavoz de las millones de personas en el mundo que anhelan disfrutar de igualdad de derechos y oportunidades que el resto de la sociedad.<\/p>\n<p>La presencia de una persona en silla de ruedas, ha puesto el foco en el desaf\u00edo donde todav\u00eda persisten multitud de iniciativas asistenciales y, al contrario, son muy escasas las destinadas a la promoci\u00f3n integral, tomar conciencia de transformar realidades a trav\u00e9s de la accesibilidad universal y donde la igualdad de oportunidades es un sue\u00f1o lejano, pr\u00e1cticamente inalcanzable para la mayor parte de los m\u00e1s de 1000 millones de personas con discapacidad en todo el mundo.<\/p>\n<p>&nbsp;<\/p>\n","protected":false},"excerpt":{"rendered":"<p>&nbsp; El presidente de la Confederaci\u00f3n de Personas con Discapacidad en Castilla-La Mancha (CLM Inclusiva COCEMFE), Enrique Alarc\u00f3n Garc\u00eda, fue elegido por el Papa Francisco y ha participado en el S\u00ednodo, con voz y voto, en la XVI Asamblea General Ordinaria del S\u00ednodo de los Obispos.\u00a0 El presidente llev\u00f3 a la Instituci\u00f3n algunas de las [&hellip;]<\/p>\n","protected":false},"author":1,"featured_media":4982,"comment_status":"open","ping_status":"open","sticky":false,"template":"","format":"standard","meta":{"_et_pb_use_builder":"","_et_pb_old_content":"","_et_gb_content_width":"","footnotes":""},"categories":[1],"tags":[],"yoast_head":"<!-- This site is optimized with the Yoast SEO plugin v21.3 - https:\/\/yoast.com\/wordpress\/plugins\/seo\/ -->\n<title>El presidente de CLM Inclusiva COCEMFE visibiliza la discapacidad en el Vaticano - Clm-Inclusiva<\/title>\n<meta name=\"robots\" content=\"index, follow, max-snippet:-1, max-image-preview:large, max-video-preview:-1\" \/>\n<link rel=\"canonical\" href=\"https:\/\/clm-inclusiva.org\/?p=4981\" \/>\n<meta property=\"og:locale\" content=\"es_ES\" \/>\n<meta property=\"og:type\" content=\"article\" \/>\n<meta property=\"og:title\" content=\"El presidente de CLM Inclusiva COCEMFE visibiliza la discapacidad en el Vaticano - Clm-Inclusiva\" \/>\n<meta property=\"og:description\" content=\"&nbsp; El presidente de la Confederaci\u00f3n de Personas con Discapacidad en Castilla-La Mancha (CLM Inclusiva COCEMFE), Enrique Alarc\u00f3n Garc\u00eda, fue elegido por el Papa Francisco y ha participado en el S\u00ednodo, con voz y voto, en la XVI Asamblea General Ordinaria del S\u00ednodo de los Obispos.\u00a0 El presidente llev\u00f3 a la Instituci\u00f3n algunas de las [&hellip;]\" \/>\n<meta property=\"og:url\" content=\"https:\/\/clm-inclusiva.org\/?p=4981\" \/>\n<meta property=\"og:site_name\" content=\"Clm-Inclusiva\" \/>\n<meta property=\"article:publisher\" content=\"https:\/\/www.facebook.com\/castillalamancha.inclusiva\/\" \/>\n<meta property=\"article:published_time\" content=\"2023-10-24T12:34:19+00:00\" \/>\n<meta property=\"article:modified_time\" content=\"2023-10-25T07:50:46+00:00\" \/>\n<meta property=\"og:image\" content=\"https:\/\/clm-inclusiva.org\/wp-content\/uploads\/2023\/10\/WhatsApp-Image-2023-10-19-at-09.04.48-1.jpeg\" \/>\n\t<meta property=\"og:image:width\" content=\"1600\" \/>\n\t<meta property=\"og:image:height\" content=\"1200\" \/>\n\t<meta property=\"og:image:type\" content=\"image\/jpeg\" \/>\n<meta name=\"author\" content=\"clm-inclusiva\" \/>\n<meta name=\"twitter:card\" content=\"summary_large_image\" \/>\n<meta name=\"twitter:creator\" content=\"@ClmInclusiva\" \/>\n<meta name=\"twitter:site\" content=\"@ClmInclusiva\" \/>\n<meta name=\"twitter:label1\" content=\"Escrito por\" \/>\n\t<meta name=\"twitter:data1\" content=\"clm-inclusiva\" \/>\n\t<meta name=\"twitter:label2\" content=\"Tiempo de lectura\" \/>\n\t<meta name=\"twitter:data2\" content=\"2 minutos\" \/>\n<script type=\"application\/ld+json\" class=\"yoast-schema-graph\">{\"@context\":\"https:\/\/schema.org\",\"@graph\":[{\"@type\":\"Article\",\"@id\":\"https:\/\/clm-inclusiva.org\/?p=4981#article\",\"isPartOf\":{\"@id\":\"https:\/\/clm-inclusiva.org\/?p=4981\"},\"author\":{\"name\":\"clm-inclusiva\",\"@id\":\"https:\/\/clm-inclusiva.org\/#\/schema\/person\/0cff84aaa5bb8fd3521c55d1578d902b\"},\"headline\":\"El presidente de CLM Inclusiva COCEMFE visibiliza la discapacidad en el Vaticano\",\"datePublished\":\"2023-10-24T12:34:19+00:00\",\"dateModified\":\"2023-10-25T07:50:46+00:00\",\"mainEntityOfPage\":{\"@id\":\"https:\/\/clm-inclusiva.org\/?p=4981\"},\"wordCount\":375,\"commentCount\":0,\"publisher\":{\"@id\":\"https:\/\/clm-inclusiva.org\/#organization\"},\"inLanguage\":\"es\",\"potentialAction\":[{\"@type\":\"CommentAction\",\"name\":\"Comment\",\"target\":[\"https:\/\/clm-inclusiva.org\/?p=4981#respond\"]}]},{\"@type\":\"WebPage\",\"@id\":\"https:\/\/clm-inclusiva.org\/?p=4981\",\"url\":\"https:\/\/clm-inclusiva.org\/?p=4981\",\"name\":\"El presidente de CLM Inclusiva COCEMFE visibiliza la discapacidad en el Vaticano - Clm-Inclusiva\",\"isPartOf\":{\"@id\":\"https:\/\/clm-inclusiva.org\/#website\"},\"datePublished\":\"2023-10-24T12:34:19+00:00\",\"dateModified\":\"2023-10-25T07:50:46+00:00\",\"breadcrumb\":{\"@id\":\"https:\/\/clm-inclusiva.org\/?p=4981#breadcrumb\"},\"inLanguage\":\"es\",\"potentialAction\":[{\"@type\":\"ReadAction\",\"target\":[\"https:\/\/clm-inclusiva.org\/?p=4981\"]}]},{\"@type\":\"BreadcrumbList\",\"@id\":\"https:\/\/clm-inclusiva.org\/?p=4981#breadcrumb\",\"itemListElement\":[{\"@type\":\"ListItem\",\"position\":1,\"name\":\"Portada\",\"item\":\"https:\/\/clm-inclusiva.org\/\"},{\"@type\":\"ListItem\",\"position\":2,\"name\":\"El presidente de CLM Inclusiva COCEMFE visibiliza la discapacidad en el Vaticano\"}]},{\"@type\":\"WebSite\",\"@id\":\"https:\/\/clm-inclusiva.org\/#website\",\"url\":\"https:\/\/clm-inclusiva.org\/\",\"name\":\"Clm-Inclusiva\",\"description\":\"Confederaci\u00f3n de entidades de personas con discapacidad f\u00edsica y org\u00e1nica CLM\",\"publisher\":{\"@id\":\"https:\/\/clm-inclusiva.org\/#organization\"},\"potentialAction\":[{\"@type\":\"SearchAction\",\"target\":{\"@type\":\"EntryPoint\",\"urlTemplate\":\"https:\/\/clm-inclusiva.org\/?s={search_term_string}\"},\"query-input\":\"required name=search_term_string\"}],\"inLanguage\":\"es\"},{\"@type\":\"Organization\",\"@id\":\"https:\/\/clm-inclusiva.org\/#organization\",\"name\":\"Clm-Inclusiva\",\"url\":\"https:\/\/clm-inclusiva.org\/\",\"logo\":{\"@type\":\"ImageObject\",\"inLanguage\":\"es\",\"@id\":\"https:\/\/clm-inclusiva.org\/#\/schema\/logo\/image\/\",\"url\":\"http:\/\/clm-inclusiva.org\/wp-content\/uploads\/2019\/04\/banner-e1533720812836.jpg\",\"contentUrl\":\"http:\/\/clm-inclusiva.org\/wp-content\/uploads\/2019\/04\/banner-e1533720812836.jpg\",\"width\":600,\"height\":332,\"caption\":\"Clm-Inclusiva\"},\"image\":{\"@id\":\"https:\/\/clm-inclusiva.org\/#\/schema\/logo\/image\/\"},\"sameAs\":[\"https:\/\/www.facebook.com\/castillalamancha.inclusiva\/\",\"https:\/\/twitter.com\/ClmInclusiva\"]},{\"@type\":\"Person\",\"@id\":\"https:\/\/clm-inclusiva.org\/#\/schema\/person\/0cff84aaa5bb8fd3521c55d1578d902b\",\"name\":\"clm-inclusiva\",\"image\":{\"@type\":\"ImageObject\",\"inLanguage\":\"es\",\"@id\":\"https:\/\/clm-inclusiva.org\/#\/schema\/person\/image\/\",\"url\":\"https:\/\/secure.gravatar.com\/avatar\/88948567af770dc9cd5597b329011884?s=96&d=blank&r=g\",\"contentUrl\":\"https:\/\/secure.gravatar.com\/avatar\/88948567af770dc9cd5597b329011884?s=96&d=blank&r=g\",\"caption\":\"clm-inclusiva\"},\"sameAs\":[\"http:\/\/clm-inclusiva.org\"],\"url\":\"https:\/\/clm-inclusiva.org\/?author=1\"}]}<\/script>\n<!-- \/ Yoast SEO plugin. -->","yoast_head_json":{"title":"El presidente de CLM Inclusiva COCEMFE visibiliza la discapacidad en el Vaticano - Clm-Inclusiva","robots":{"index":"index","follow":"follow","max-snippet":"max-snippet:-1","max-image-preview":"max-image-preview:large","max-video-preview":"max-video-preview:-1"},"canonical":"https:\/\/clm-inclusiva.org\/?p=4981","og_locale":"es_ES","og_type":"article","og_title":"El presidente de CLM Inclusiva COCEMFE visibiliza la discapacidad en el Vaticano - Clm-Inclusiva","og_description":"&nbsp; El presidente de la Confederaci\u00f3n de Personas con Discapacidad en Castilla-La Mancha (CLM Inclusiva COCEMFE), Enrique Alarc\u00f3n Garc\u00eda, fue elegido por el Papa Francisco y ha participado en el S\u00ednodo, con voz y voto, en la XVI Asamblea General Ordinaria del S\u00ednodo de los Obispos.\u00a0 El presidente llev\u00f3 a la Instituci\u00f3n algunas de las [&hellip;]","og_url":"https:\/\/clm-inclusiva.org\/?p=4981","og_site_name":"Clm-Inclusiva","article_publisher":"https:\/\/www.facebook.com\/castillalamancha.inclusiva\/","article_published_time":"2023-10-24T12:34:19+00:00","article_modified_time":"2023-10-25T07:50:46+00:00","og_image":[{"width":1600,"height":1200,"url":"https:\/\/clm-inclusiva.org\/wp-content\/uploads\/2023\/10\/WhatsApp-Image-2023-10-19-at-09.04.48-1.jpeg","type":"image\/jpeg"}],"author":"clm-inclusiva","twitter_card":"summary_large_image","twitter_creator":"@ClmInclusiva","twitter_site":"@ClmInclusiva","twitter_misc":{"Escrito por":"clm-inclusiva","Tiempo de lectura":"2 minutos"},"schema":{"@context":"https:\/\/schema.org","@graph":[{"@type":"Article","@id":"https:\/\/clm-inclusiva.org\/?p=4981#article","isPartOf":{"@id":"https:\/\/clm-inclusiva.org\/?p=4981"},"author":{"name":"clm-inclusiva","@id":"https:\/\/clm-inclusiva.org\/#\/schema\/person\/0cff84aaa5bb8fd3521c55d1578d902b"},"headline":"El presidente de CLM Inclusiva COCEMFE visibiliza la discapacidad en el Vaticano","datePublished":"2023-10-24T12:34:19+00:00","dateModified":"2023-10-25T07:50:46+00:00","mainEntityOfPage":{"@id":"https:\/\/clm-inclusiva.org\/?p=4981"},"wordCount":375,"commentCount":0,"publisher":{"@id":"https:\/\/clm-inclusiva.org\/#organization"},"inLanguage":"es","potentialAction":[{"@type":"CommentAction","name":"Comment","target":["https:\/\/clm-inclusiva.org\/?p=4981#respond"]}]},{"@type":"WebPage","@id":"https:\/\/clm-inclusiva.org\/?p=4981","url":"https:\/\/clm-inclusiva.org\/?p=4981","name":"El presidente de CLM Inclusiva COCEMFE visibiliza la discapacidad en el Vaticano - Clm-Inclusiva","isPartOf":{"@id":"https:\/\/clm-inclusiva.org\/#website"},"datePublished":"2023-10-24T12:34:19+00:00","dateModified":"2023-10-25T07:50:46+00:00","breadcrumb":{"@id":"https:\/\/clm-inclusiva.org\/?p=4981#breadcrumb"},"inLanguage":"es","potentialAction":[{"@type":"ReadAction","target":["https:\/\/clm-inclusiva.org\/?p=4981"]}]},{"@type":"BreadcrumbList","@id":"https:\/\/clm-inclusiva.org\/?p=4981#breadcrumb","itemListElement":[{"@type":"ListItem","position":1,"name":"Portada","item":"https:\/\/clm-inclusiva.org\/"},{"@type":"ListItem","position":2,"name":"El presidente de CLM Inclusiva COCEMFE visibiliza la discapacidad en el Vaticano"}]},{"@type":"WebSite","@id":"https:\/\/clm-inclusiva.org\/#website","url":"https:\/\/clm-inclusiva.org\/","name":"Clm-Inclusiva","description":"Confederaci\u00f3n de entidades de personas con discapacidad f\u00edsica y org\u00e1nica CLM","publisher":{"@id":"https:\/\/clm-inclusiva.org\/#organization"},"potentialAction":[{"@type":"SearchAction","target":{"@type":"EntryPoint","urlTemplate":"https:\/\/clm-inclusiva.org\/?s={search_term_string}"},"query-input":"required name=search_term_string"}],"inLanguage":"es"},{"@type":"Organization","@id":"https:\/\/clm-inclusiva.org\/#organization","name":"Clm-Inclusiva","url":"https:\/\/clm-inclusiva.org\/","logo":{"@type":"ImageObject","inLanguage":"es","@id":"https:\/\/clm-inclusiva.org\/#\/schema\/logo\/image\/","url":"http:\/\/clm-inclusiva.org\/wp-content\/uploads\/2019\/04\/banner-e1533720812836.jpg","contentUrl":"http:\/\/clm-inclusiva.org\/wp-content\/uploads\/2019\/04\/banner-e1533720812836.jpg","width":600,"height":332,"caption":"Clm-Inclusiva"},"image":{"@id":"https:\/\/clm-inclusiva.org\/#\/schema\/logo\/image\/"},"sameAs":["https:\/\/www.facebook.com\/castillalamancha.inclusiva\/","https:\/\/twitter.com\/ClmInclusiva"]},{"@type":"Person","@id":"https:\/\/clm-inclusiva.org\/#\/schema\/person\/0cff84aaa5bb8fd3521c55d1578d902b","name":"clm-inclusiva","image":{"@type":"ImageObject","inLanguage":"es","@id":"https:\/\/clm-inclusiva.org\/#\/schema\/person\/image\/","url":"https:\/\/secure.gravatar.com\/avatar\/88948567af770dc9cd5597b329011884?s=96&d=blank&r=g","contentUrl":"https:\/\/secure.gravatar.com\/avatar\/88948567af770dc9cd5597b329011884?s=96&d=blank&r=g","caption":"clm-inclusiva"},"sameAs":["http:\/\/clm-inclusiva.org"],"url":"https:\/\/clm-inclusiva.org\/?author=1"}]}},"_links":{"self":[{"href":"https:\/\/clm-inclusiva.org\/index.php?rest_route=\/wp\/v2\/posts\/4981"}],"collection":[{"href":"https:\/\/clm-inclusiva.org\/index.php?rest_route=\/wp\/v2\/posts"}],"about":[{"href":"https:\/\/clm-inclusiva.org\/index.php?rest_route=\/wp\/v2\/types\/post"}],"author":[{"embeddable":true,"href":"https:\/\/clm-inclusiva.org\/index.php?rest_route=\/wp\/v2\/users\/1"}],"replies":[{"embeddable":true,"href":"https:\/\/clm-inclusiva.org\/index.php?rest_route=%2Fwp%2Fv2%2Fcomments&post=4981"}],"version-history":[{"count":8,"href":"https:\/\/clm-inclusiva.org\/index.php?rest_route=\/wp\/v2\/posts\/4981\/revisions"}],"predecessor-version":[{"id":4994,"href":"https:\/\/clm-inclusiva.org\/index.php?rest_route=\/wp\/v2\/posts\/4981\/revisions\/4994"}],"wp:featuredmedia":[{"embeddable":true,"href":"https:\/\/clm-inclusiva.org\/index.php?rest_route=\/wp\/v2\/media\/4982"}],"wp:attachment":[{"href":"https:\/\/clm-inclusiva.org\/index.php?rest_route=%2Fwp%2Fv2%2Fmedia&parent=4981"}],"wp:term":[{"taxonomy":"category","embeddable":true,"href":"https:\/\/clm-inclusiva.org\/index.php?rest_route=%2Fwp%2Fv2%2Fcategories&post=4981"},{"taxonomy":"post_tag","embeddable":true,"href":"https:\/\/clm-inclusiva.org\/index.php?rest_route=%2Fwp%2Fv2%2Ftags&post=4981"}],"curies":[{"name":"wp","href":"https:\/\/api.w.org\/{rel}","templated":true}]}}