{"id":4975,"date":"2023-10-09T21:01:36","date_gmt":"2023-10-09T19:01:36","guid":{"rendered":"https:\/\/clm-inclusiva.org\/?p=4975"},"modified":"2023-10-09T21:01:36","modified_gmt":"2023-10-09T19:01:36","slug":"clm-inclusiva-cocemfe-alerta-de-la-desaparicion-de-entidades-estatales-de-discapacidad","status":"publish","type":"post","link":"https:\/\/clm-inclusiva.org\/?p=4975","title":{"rendered":"CLM Inclusiva COCEMFE alerta de la desaparici\u00f3n de entidades estatales de discapacidad \u00a0"},"content":{"rendered":"<p>&nbsp;<\/p>\n<ul>\n<li><strong>CLM Inclusiva COCEMFE<\/strong> y el Movimiento Asociativo de COCEMFE han mantenido una reuni\u00f3n extraordinaria para valorar la resoluci\u00f3n provisional de la convocatoria de subvenciones del tramo estatal del 0,7 para la financiaci\u00f3n de proyectos desarrollados por entidades de car\u00e1cter estatal en 2024<\/li>\n<li>A juicio de COCEMFE y sus organizaciones, la resoluci\u00f3n prevista est\u00e1 abocando al cierre de entidades que atienden a personas con enfermedades muy discapacitantes o de car\u00e1cter minoritario<\/li>\n<li>El movimiento asociativo de la discapacidad f\u00edsica y org\u00e1nica exige soluciones y nuevas v\u00edas de financiaci\u00f3n que permita reforzar la atenci\u00f3n de las personas m\u00e1s vulnerables e impulsar la acci\u00f3n social imprescindible que desempe\u00f1an estas organizaciones<\/li>\n<\/ul>\n<p>(Madrid, 9 de octubre de 2023)<\/p>\n<p><strong>CLM Inclusiva COCEMFE<\/strong>, COCEMFE nacional y su Movimiento Asociativo alertan de la <strong>desaparici\u00f3n de entidades que representan a personas con enfermedades muy discapacitantes debido a la resoluci\u00f3n provisional de la convocatoria de subvenciones del tramo estatal del 0,7<\/strong> para la financiaci\u00f3n de proyectos desarrollados por entidades de car\u00e1cter estatal en 2024.<\/p>\n<p>As\u00ed lo han puesto de manifiesto durante una reuni\u00f3n extraordinaria celebrada entre COCEMFE nacional y su Movimiento Asociativo para valorar dicha resoluci\u00f3n provisional de la convocatoria de subvenciones para la realizaci\u00f3n de actividades de inter\u00e9s general consideradas de inter\u00e9s social.<\/p>\n<p>\u201cResulta incomprensible comprobar que <strong>a\u00f1o tras a\u00f1o, la situaci\u00f3n de las entidades que representan a uno de los grupos m\u00e1s vulnerables de la sociedad, retroceden en el acceso a recursos de forma incesante<\/strong>\u201d, apunta el presidente de COCEMFE, Anxo Queiruga, asegurando que \u201cCOCEMFE y nuestro Movimiento Asociativo no entendemos que, aumentando la recaudaci\u00f3n del IRPF y del Impuesto de Sociedades, se vuelva a penalizar a las entidades de la discapacidad\u201d.<\/p>\n<p>\u201cTampoco entendemos que, habi\u00e9ndonos profesionalizado a lo largo de nuestra dilatada trayectoria, accediendo a certificaciones de calidad con las mayores puntuaciones y siendo evaluadas y auditadas de forma continua, veamos cada a\u00f1o c\u00f3mo se reducen los apoyos recibidos a trav\u00e9s de las subvenciones del 0,7\u201d, se\u00f1ala Queiruga.<\/p>\n<p>\u201cComo no todo es calidad, innovaci\u00f3n y estrategia, <strong>las entidades nos tenemos que centrar en atender las necesidades de las personas con discapacidad en situaci\u00f3n de mayor vulnerabilidad<\/strong>\u201d, contin\u00faa el presidente de COCEMFE nacional, explicando que \u201cla resoluci\u00f3n prevista est\u00e1 abocando al cierre de entidades que atienden a personas con enfermedades muy discapacitantes o de car\u00e1cter minoritario\u201d.<\/p>\n<p>A trav\u00e9s de las subvenciones del 0,7 estas entidades refuerzan la acci\u00f3n de sus entidades m\u00e1s peque\u00f1as de car\u00e1cter territorial para que \u00e9stas puedan centrarse en atender a las personas y disponer de nuevas metodolog\u00edas de intervenci\u00f3n.<\/p>\n<p>La reducci\u00f3n paulatina de subvenciones para entidades estatales de discapacidad en los \u00faltimos a\u00f1os, adem\u00e1s, est\u00e1 frenando las din\u00e1micas de colaboraci\u00f3n y van a provocar la interrupci\u00f3n de determinados proyectos de transformaci\u00f3n social en el conjunto del Estado y que las entidades no puedan ofrecer servicio a la ciudadan\u00eda.<\/p>\n<p>\u201cEs imprescindible que el Gobierno <strong>rectifique esta decisi\u00f3n y\/o apruebe las medidas que sean necesarias<\/strong> para que las organizaciones de personas con discapacidad f\u00edsica y org\u00e1nica no veamos reducida de nuevo la financiaci\u00f3n\u201d, denuncia Queiruga, quien hace hincapi\u00e9 en que \u201c<strong>muchas necesidades b\u00e1sicas de las personas con discapacidad f\u00edsica y org\u00e1nica contin\u00faan sin ser cubiertas<\/strong> ni encuentran respuesta por parte de las administraciones, por lo que nuestro papel de apoyo y de incidencia es fundamental para tratar de mejorar la calidad de vida e igualdad real de este grupo social\u201d.<\/p>\n<p>En este sentido, <strong>CLM Inclusiva COCEMFE<\/strong> y COCEMFE nacional solicitan al Gobierno la b\u00fasqueda de <strong>soluciones ante el grave riesgo de la desaparici\u00f3n del Movimiento Asociativo de la discapacidad f\u00edsica y org\u00e1nica<\/strong> y por lo tanto de los proyectos desarrollados por y para las personas con discapacidad que son las m\u00e1s vulnerables.<\/p>\n<p>De igual modo, <strong>CLM Inclusiva COCEMFE<\/strong> y el Movimiento Asociativo de COCEMFE nacional exigen <strong>un cambio de modelo que proporcione una financiaci\u00f3n estable <\/strong>para garantizar que las organizaciones de personas con discapacidad f\u00edsica y org\u00e1nica sigan proporcionando apoyo a las organizaciones territoriales y a las propias personas con discapacidad, as\u00ed como la imprescindible acci\u00f3n de incidencia pol\u00edtica y defensa de derechos de este grupo social.<\/p>\n","protected":false},"excerpt":{"rendered":"<p>&nbsp; CLM Inclusiva COCEMFE y el Movimiento Asociativo de COCEMFE han mantenido una reuni\u00f3n extraordinaria para valorar la resoluci\u00f3n provisional de la convocatoria de subvenciones del tramo estatal del 0,7 para la financiaci\u00f3n de proyectos desarrollados por entidades de car\u00e1cter estatal en 2024 A juicio de COCEMFE y sus organizaciones, la resoluci\u00f3n prevista est\u00e1 abocando [&hellip;]<\/p>\n","protected":false},"author":1,"featured_media":4976,"comment_status":"open","ping_status":"open","sticky":false,"template":"","format":"standard","meta":{"_et_pb_use_builder":"","_et_pb_old_content":"","_et_gb_content_width":"","footnotes":""},"categories":[1],"tags":[],"yoast_head":"<!-- This site is optimized with the Yoast SEO plugin v21.3 - https:\/\/yoast.com\/wordpress\/plugins\/seo\/ -->\n<title>CLM Inclusiva COCEMFE alerta de la desaparici\u00f3n de entidades estatales de discapacidad \u00a0 - Clm-Inclusiva<\/title>\n<meta name=\"robots\" content=\"index, follow, max-snippet:-1, max-image-preview:large, max-video-preview:-1\" \/>\n<link rel=\"canonical\" href=\"https:\/\/clm-inclusiva.org\/?p=4975\" \/>\n<meta property=\"og:locale\" content=\"es_ES\" \/>\n<meta property=\"og:type\" content=\"article\" \/>\n<meta property=\"og:title\" content=\"CLM Inclusiva COCEMFE alerta de la desaparici\u00f3n de entidades estatales de discapacidad \u00a0 - Clm-Inclusiva\" \/>\n<meta property=\"og:description\" content=\"&nbsp; CLM Inclusiva COCEMFE y el Movimiento Asociativo de COCEMFE han mantenido una reuni\u00f3n extraordinaria para valorar la resoluci\u00f3n provisional de la convocatoria de subvenciones del tramo estatal del 0,7 para la financiaci\u00f3n de proyectos desarrollados por entidades de car\u00e1cter estatal en 2024 A juicio de COCEMFE y sus organizaciones, la resoluci\u00f3n prevista est\u00e1 abocando [&hellip;]\" \/>\n<meta property=\"og:url\" content=\"https:\/\/clm-inclusiva.org\/?p=4975\" \/>\n<meta property=\"og:site_name\" content=\"Clm-Inclusiva\" \/>\n<meta property=\"article:publisher\" content=\"https:\/\/www.facebook.com\/castillalamancha.inclusiva\/\" \/>\n<meta property=\"article:published_time\" content=\"2023-10-09T19:01:36+00:00\" \/>\n<meta property=\"og:image\" content=\"https:\/\/clm-inclusiva.org\/wp-content\/uploads\/2023\/10\/np-recortes-0.7.jpg\" \/>\n\t<meta property=\"og:image:width\" content=\"867\" \/>\n\t<meta property=\"og:image:height\" content=\"456\" \/>\n\t<meta property=\"og:image:type\" content=\"image\/jpeg\" \/>\n<meta name=\"author\" content=\"clm-inclusiva\" \/>\n<meta name=\"twitter:card\" content=\"summary_large_image\" \/>\n<meta name=\"twitter:creator\" content=\"@ClmInclusiva\" \/>\n<meta name=\"twitter:site\" content=\"@ClmInclusiva\" \/>\n<meta name=\"twitter:label1\" content=\"Escrito por\" \/>\n\t<meta name=\"twitter:data1\" content=\"clm-inclusiva\" \/>\n\t<meta name=\"twitter:label2\" content=\"Tiempo de lectura\" \/>\n\t<meta name=\"twitter:data2\" content=\"4 minutos\" \/>\n<script type=\"application\/ld+json\" class=\"yoast-schema-graph\">{\"@context\":\"https:\/\/schema.org\",\"@graph\":[{\"@type\":\"Article\",\"@id\":\"https:\/\/clm-inclusiva.org\/?p=4975#article\",\"isPartOf\":{\"@id\":\"https:\/\/clm-inclusiva.org\/?p=4975\"},\"author\":{\"name\":\"clm-inclusiva\",\"@id\":\"https:\/\/clm-inclusiva.org\/#\/schema\/person\/0cff84aaa5bb8fd3521c55d1578d902b\"},\"headline\":\"CLM Inclusiva COCEMFE alerta de la desaparici\u00f3n de entidades estatales de discapacidad \u00a0\",\"datePublished\":\"2023-10-09T19:01:36+00:00\",\"dateModified\":\"2023-10-09T19:01:36+00:00\",\"mainEntityOfPage\":{\"@id\":\"https:\/\/clm-inclusiva.org\/?p=4975\"},\"wordCount\":748,\"commentCount\":0,\"publisher\":{\"@id\":\"https:\/\/clm-inclusiva.org\/#organization\"},\"inLanguage\":\"es\",\"potentialAction\":[{\"@type\":\"CommentAction\",\"name\":\"Comment\",\"target\":[\"https:\/\/clm-inclusiva.org\/?p=4975#respond\"]}]},{\"@type\":\"WebPage\",\"@id\":\"https:\/\/clm-inclusiva.org\/?p=4975\",\"url\":\"https:\/\/clm-inclusiva.org\/?p=4975\",\"name\":\"CLM Inclusiva COCEMFE alerta de la desaparici\u00f3n de entidades estatales de discapacidad \u00a0 - Clm-Inclusiva\",\"isPartOf\":{\"@id\":\"https:\/\/clm-inclusiva.org\/#website\"},\"datePublished\":\"2023-10-09T19:01:36+00:00\",\"dateModified\":\"2023-10-09T19:01:36+00:00\",\"breadcrumb\":{\"@id\":\"https:\/\/clm-inclusiva.org\/?p=4975#breadcrumb\"},\"inLanguage\":\"es\",\"potentialAction\":[{\"@type\":\"ReadAction\",\"target\":[\"https:\/\/clm-inclusiva.org\/?p=4975\"]}]},{\"@type\":\"BreadcrumbList\",\"@id\":\"https:\/\/clm-inclusiva.org\/?p=4975#breadcrumb\",\"itemListElement\":[{\"@type\":\"ListItem\",\"position\":1,\"name\":\"Portada\",\"item\":\"https:\/\/clm-inclusiva.org\/\"},{\"@type\":\"ListItem\",\"position\":2,\"name\":\"CLM Inclusiva COCEMFE alerta de la desaparici\u00f3n de entidades estatales de discapacidad \u00a0\"}]},{\"@type\":\"WebSite\",\"@id\":\"https:\/\/clm-inclusiva.org\/#website\",\"url\":\"https:\/\/clm-inclusiva.org\/\",\"name\":\"Clm-Inclusiva\",\"description\":\"Confederaci\u00f3n de entidades de personas con discapacidad f\u00edsica y org\u00e1nica CLM\",\"publisher\":{\"@id\":\"https:\/\/clm-inclusiva.org\/#organization\"},\"potentialAction\":[{\"@type\":\"SearchAction\",\"target\":{\"@type\":\"EntryPoint\",\"urlTemplate\":\"https:\/\/clm-inclusiva.org\/?s={search_term_string}\"},\"query-input\":\"required name=search_term_string\"}],\"inLanguage\":\"es\"},{\"@type\":\"Organization\",\"@id\":\"https:\/\/clm-inclusiva.org\/#organization\",\"name\":\"Clm-Inclusiva\",\"url\":\"https:\/\/clm-inclusiva.org\/\",\"logo\":{\"@type\":\"ImageObject\",\"inLanguage\":\"es\",\"@id\":\"https:\/\/clm-inclusiva.org\/#\/schema\/logo\/image\/\",\"url\":\"http:\/\/clm-inclusiva.org\/wp-content\/uploads\/2019\/04\/banner-e1533720812836.jpg\",\"contentUrl\":\"http:\/\/clm-inclusiva.org\/wp-content\/uploads\/2019\/04\/banner-e1533720812836.jpg\",\"width\":600,\"height\":332,\"caption\":\"Clm-Inclusiva\"},\"image\":{\"@id\":\"https:\/\/clm-inclusiva.org\/#\/schema\/logo\/image\/\"},\"sameAs\":[\"https:\/\/www.facebook.com\/castillalamancha.inclusiva\/\",\"https:\/\/twitter.com\/ClmInclusiva\"]},{\"@type\":\"Person\",\"@id\":\"https:\/\/clm-inclusiva.org\/#\/schema\/person\/0cff84aaa5bb8fd3521c55d1578d902b\",\"name\":\"clm-inclusiva\",\"image\":{\"@type\":\"ImageObject\",\"inLanguage\":\"es\",\"@id\":\"https:\/\/clm-inclusiva.org\/#\/schema\/person\/image\/\",\"url\":\"https:\/\/secure.gravatar.com\/avatar\/88948567af770dc9cd5597b329011884?s=96&d=blank&r=g\",\"contentUrl\":\"https:\/\/secure.gravatar.com\/avatar\/88948567af770dc9cd5597b329011884?s=96&d=blank&r=g\",\"caption\":\"clm-inclusiva\"},\"sameAs\":[\"http:\/\/clm-inclusiva.org\"],\"url\":\"https:\/\/clm-inclusiva.org\/?author=1\"}]}<\/script>\n<!-- \/ Yoast SEO plugin. -->","yoast_head_json":{"title":"CLM Inclusiva COCEMFE alerta de la desaparici\u00f3n de entidades estatales de discapacidad \u00a0 - Clm-Inclusiva","robots":{"index":"index","follow":"follow","max-snippet":"max-snippet:-1","max-image-preview":"max-image-preview:large","max-video-preview":"max-video-preview:-1"},"canonical":"https:\/\/clm-inclusiva.org\/?p=4975","og_locale":"es_ES","og_type":"article","og_title":"CLM Inclusiva COCEMFE alerta de la desaparici\u00f3n de entidades estatales de discapacidad \u00a0 - Clm-Inclusiva","og_description":"&nbsp; CLM Inclusiva COCEMFE y el Movimiento Asociativo de COCEMFE han mantenido una reuni\u00f3n extraordinaria para valorar la resoluci\u00f3n provisional de la convocatoria de subvenciones del tramo estatal del 0,7 para la financiaci\u00f3n de proyectos desarrollados por entidades de car\u00e1cter estatal en 2024 A juicio de COCEMFE y sus organizaciones, la resoluci\u00f3n prevista est\u00e1 abocando [&hellip;]","og_url":"https:\/\/clm-inclusiva.org\/?p=4975","og_site_name":"Clm-Inclusiva","article_publisher":"https:\/\/www.facebook.com\/castillalamancha.inclusiva\/","article_published_time":"2023-10-09T19:01:36+00:00","og_image":[{"width":867,"height":456,"url":"https:\/\/clm-inclusiva.org\/wp-content\/uploads\/2023\/10\/np-recortes-0.7.jpg","type":"image\/jpeg"}],"author":"clm-inclusiva","twitter_card":"summary_large_image","twitter_creator":"@ClmInclusiva","twitter_site":"@ClmInclusiva","twitter_misc":{"Escrito por":"clm-inclusiva","Tiempo de lectura":"4 minutos"},"schema":{"@context":"https:\/\/schema.org","@graph":[{"@type":"Article","@id":"https:\/\/clm-inclusiva.org\/?p=4975#article","isPartOf":{"@id":"https:\/\/clm-inclusiva.org\/?p=4975"},"author":{"name":"clm-inclusiva","@id":"https:\/\/clm-inclusiva.org\/#\/schema\/person\/0cff84aaa5bb8fd3521c55d1578d902b"},"headline":"CLM Inclusiva COCEMFE alerta de la desaparici\u00f3n de entidades estatales de discapacidad \u00a0","datePublished":"2023-10-09T19:01:36+00:00","dateModified":"2023-10-09T19:01:36+00:00","mainEntityOfPage":{"@id":"https:\/\/clm-inclusiva.org\/?p=4975"},"wordCount":748,"commentCount":0,"publisher":{"@id":"https:\/\/clm-inclusiva.org\/#organization"},"inLanguage":"es","potentialAction":[{"@type":"CommentAction","name":"Comment","target":["https:\/\/clm-inclusiva.org\/?p=4975#respond"]}]},{"@type":"WebPage","@id":"https:\/\/clm-inclusiva.org\/?p=4975","url":"https:\/\/clm-inclusiva.org\/?p=4975","name":"CLM Inclusiva COCEMFE alerta de la desaparici\u00f3n de entidades estatales de discapacidad \u00a0 - Clm-Inclusiva","isPartOf":{"@id":"https:\/\/clm-inclusiva.org\/#website"},"datePublished":"2023-10-09T19:01:36+00:00","dateModified":"2023-10-09T19:01:36+00:00","breadcrumb":{"@id":"https:\/\/clm-inclusiva.org\/?p=4975#breadcrumb"},"inLanguage":"es","potentialAction":[{"@type":"ReadAction","target":["https:\/\/clm-inclusiva.org\/?p=4975"]}]},{"@type":"BreadcrumbList","@id":"https:\/\/clm-inclusiva.org\/?p=4975#breadcrumb","itemListElement":[{"@type":"ListItem","position":1,"name":"Portada","item":"https:\/\/clm-inclusiva.org\/"},{"@type":"ListItem","position":2,"name":"CLM Inclusiva COCEMFE alerta de la desaparici\u00f3n de entidades estatales de discapacidad \u00a0"}]},{"@type":"WebSite","@id":"https:\/\/clm-inclusiva.org\/#website","url":"https:\/\/clm-inclusiva.org\/","name":"Clm-Inclusiva","description":"Confederaci\u00f3n de entidades de personas con discapacidad f\u00edsica y org\u00e1nica CLM","publisher":{"@id":"https:\/\/clm-inclusiva.org\/#organization"},"potentialAction":[{"@type":"SearchAction","target":{"@type":"EntryPoint","urlTemplate":"https:\/\/clm-inclusiva.org\/?s={search_term_string}"},"query-input":"required name=search_term_string"}],"inLanguage":"es"},{"@type":"Organization","@id":"https:\/\/clm-inclusiva.org\/#organization","name":"Clm-Inclusiva","url":"https:\/\/clm-inclusiva.org\/","logo":{"@type":"ImageObject","inLanguage":"es","@id":"https:\/\/clm-inclusiva.org\/#\/schema\/logo\/image\/","url":"http:\/\/clm-inclusiva.org\/wp-content\/uploads\/2019\/04\/banner-e1533720812836.jpg","contentUrl":"http:\/\/clm-inclusiva.org\/wp-content\/uploads\/2019\/04\/banner-e1533720812836.jpg","width":600,"height":332,"caption":"Clm-Inclusiva"},"image":{"@id":"https:\/\/clm-inclusiva.org\/#\/schema\/logo\/image\/"},"sameAs":["https:\/\/www.facebook.com\/castillalamancha.inclusiva\/","https:\/\/twitter.com\/ClmInclusiva"]},{"@type":"Person","@id":"https:\/\/clm-inclusiva.org\/#\/schema\/person\/0cff84aaa5bb8fd3521c55d1578d902b","name":"clm-inclusiva","image":{"@type":"ImageObject","inLanguage":"es","@id":"https:\/\/clm-inclusiva.org\/#\/schema\/person\/image\/","url":"https:\/\/secure.gravatar.com\/avatar\/88948567af770dc9cd5597b329011884?s=96&d=blank&r=g","contentUrl":"https:\/\/secure.gravatar.com\/avatar\/88948567af770dc9cd5597b329011884?s=96&d=blank&r=g","caption":"clm-inclusiva"},"sameAs":["http:\/\/clm-inclusiva.org"],"url":"https:\/\/clm-inclusiva.org\/?author=1"}]}},"_links":{"self":[{"href":"https:\/\/clm-inclusiva.org\/index.php?rest_route=\/wp\/v2\/posts\/4975"}],"collection":[{"href":"https:\/\/clm-inclusiva.org\/index.php?rest_route=\/wp\/v2\/posts"}],"about":[{"href":"https:\/\/clm-inclusiva.org\/index.php?rest_route=\/wp\/v2\/types\/post"}],"author":[{"embeddable":true,"href":"https:\/\/clm-inclusiva.org\/index.php?rest_route=\/wp\/v2\/users\/1"}],"replies":[{"embeddable":true,"href":"https:\/\/clm-inclusiva.org\/index.php?rest_route=%2Fwp%2Fv2%2Fcomments&post=4975"}],"version-history":[{"count":1,"href":"https:\/\/clm-inclusiva.org\/index.php?rest_route=\/wp\/v2\/posts\/4975\/revisions"}],"predecessor-version":[{"id":4977,"href":"https:\/\/clm-inclusiva.org\/index.php?rest_route=\/wp\/v2\/posts\/4975\/revisions\/4977"}],"wp:featuredmedia":[{"embeddable":true,"href":"https:\/\/clm-inclusiva.org\/index.php?rest_route=\/wp\/v2\/media\/4976"}],"wp:attachment":[{"href":"https:\/\/clm-inclusiva.org\/index.php?rest_route=%2Fwp%2Fv2%2Fmedia&parent=4975"}],"wp:term":[{"taxonomy":"category","embeddable":true,"href":"https:\/\/clm-inclusiva.org\/index.php?rest_route=%2Fwp%2Fv2%2Fcategories&post=4975"},{"taxonomy":"post_tag","embeddable":true,"href":"https:\/\/clm-inclusiva.org\/index.php?rest_route=%2Fwp%2Fv2%2Ftags&post=4975"}],"curies":[{"name":"wp","href":"https:\/\/api.w.org\/{rel}","templated":true}]}}