{"id":4863,"date":"2023-09-25T13:08:07","date_gmt":"2023-09-25T11:08:07","guid":{"rendered":"http:\/\/clm-inclusiva.org\/?p=4863"},"modified":"2023-09-25T13:08:07","modified_gmt":"2023-09-25T11:08:07","slug":"clm-inclusiva-cocemfe-clausura-en-cuenca-el-curso-formativo-de-limpieza-de-exteriores-e-industrial","status":"publish","type":"post","link":"https:\/\/clm-inclusiva.org\/?p=4863","title":{"rendered":"CLM INCLUSIVA COCEMFE clausura en Cuenca el curso formativo de \u201cLimpieza de Exteriores e Industrial\u201d"},"content":{"rendered":"<ul>\n<li style=\"text-align: justify\"><strong>La operaci\u00f3n se enmarca en la Convocatoria de Ayudas Econ\u00f3micas para la selecci\u00f3n de operaciones para el refuerzo de la empleabilidad de personas con discapacidad &#8216;Uno a Uno&#8217; &#8211; A\u00f1o 2022-2023. Programa Operativo de Inclusi\u00f3n Social y Econom\u00eda Social (POISES) 2014-2020. Cofinanciado por el Fondo Social Europeo (FSE).<\/strong><\/li>\n<\/ul>\n<p>&nbsp;<\/p>\n<ul>\n<li style=\"text-align: justify\"><strong>Este proyecto ha fomentado las capacidades y competencias laborales de un grupo de 9 personas con discapacidad, adem\u00e1s de prepararlos para el desempe\u00f1o espec\u00edficos de actividades profesionales dentro del sector limpieza. <\/strong><\/li>\n<\/ul>\n<p style=\"text-align: justify\"><strong>\u00a0<\/strong><\/p>\n<p><strong>Cuenca, 25 de Septiembre de 2023.-<\/strong><\/p>\n<p style=\"text-align: justify\">CLM Inclusiva COCEMFE, la Confederaci\u00f3n de entidades de personas con discapacidad f\u00edsica y org\u00e1nica de Castilla-La Mancha ha celebrado el evento de entrega de diplomas y clausura del curso de \u201cLimpieza de Exteriores e Industrial\u201d en la ciudad de Cuenca.<\/p>\n<p style=\"text-align: justify\">Se trata de una propuesta dirigida a mejorar la empleabilidad de 9 personas con discapacidad y lograr su inclusi\u00f3n en el mercado de trabajo que ha incluido itinerarios personalizados de activaci\u00f3n hacia el empleo. Estos itinerarios, basados en la formaci\u00f3n por competencia, han incluido una formaci\u00f3n te\u00f3rica, formaci\u00f3n en el puesto de trabajo y actividades de apoyo.<\/p>\n<p style=\"text-align: justify\">Con una duraci\u00f3n de 300 horas, esta acci\u00f3n formativa ha contado con 180 horas te\u00f3ricas y 120 correspondientes a la formaci\u00f3n en el puesto de trabajo, que han realizado en la empresa FCC MEDIO AMBIENTE SAU. Cuya implicaci\u00f3n ha permitido que este grupo de alumnos consolide los conocimientos adquiridos en el aula y adquiera las competencias y destrezas necesarias para desarrollar la ocupaci\u00f3n con la profesionalidad requerida.<\/p>\n<p style=\"text-align: justify\">En la clausura nos ha acompa\u00f1ado Estela Soliva, Concejala de Servicios Sociales del Ayuntamiento de Cuenca, el Coordinador Regional de CLM Inclusiva COCEMFE, Carlos Mora, y \u00c1ngel Fern\u00e1ndez y Javier Delicado, representantes de FCC MEDIO AMBIENTE SAU.<\/p>\n<p style=\"text-align: justify\">La posibilidad de completar su formaci\u00f3n en la empresa ordinaria es un ejemplo de la implicaci\u00f3n de las empresas en el proceso de cualificaci\u00f3n e inserci\u00f3n laboral de\u00a0 las personas con discapacidad en entornos laborales ordinarios y una apuesta por la integraci\u00f3n del talento de las personas con discapacidad en sus plantillas.<\/p>\n<p style=\"text-align: justify\">Para Enrique Alarc\u00f3n, Presidente de CLM Inclusiva COCEMFE <em>\u201c<\/em><em>formarse es un proceso de vital importancia cuando se trata de formar una <strong>sociedad que<\/strong> sea <strong>accesible<\/strong> y que facilite la<strong> verdadera inclusi\u00f3n <\/strong>de los j\u00f3venes que poseen discapacidad en el \u00e1mbito laboral.\u201d<\/em> <em>\u201cPara ello, continuaremos impulsando acciones formativas que mejoren las habilidades sociales, la autonom\u00eda y la autoconfianza de los j\u00f3venes con discapacidad de Castilla-La Mancha\u201d.<\/em><\/p>\n<p style=\"text-align: justify\"><em>\u00a0<\/em><\/p>\n","protected":false},"excerpt":{"rendered":"<p>La operaci\u00f3n se enmarca en la Convocatoria de Ayudas Econ\u00f3micas para la selecci\u00f3n de operaciones para el refuerzo de la empleabilidad de personas con discapacidad &#8216;Uno a Uno&#8217; &#8211; A\u00f1o 2022-2023. Programa Operativo de Inclusi\u00f3n Social y Econom\u00eda Social (POISES) 2014-2020. Cofinanciado por el Fondo Social Europeo (FSE). &nbsp; Este proyecto ha fomentado las capacidades [&hellip;]<\/p>\n","protected":false},"author":1,"featured_media":4864,"comment_status":"open","ping_status":"open","sticky":false,"template":"","format":"standard","meta":{"_et_pb_use_builder":"","_et_pb_old_content":"","_et_gb_content_width":"","footnotes":""},"categories":[1],"tags":[],"yoast_head":"<!-- This site is optimized with the Yoast SEO plugin v21.3 - https:\/\/yoast.com\/wordpress\/plugins\/seo\/ -->\n<title>CLM INCLUSIVA COCEMFE clausura en Cuenca el curso formativo de \u201cLimpieza de Exteriores e Industrial\u201d - Clm-Inclusiva<\/title>\n<meta name=\"robots\" content=\"index, follow, max-snippet:-1, max-image-preview:large, max-video-preview:-1\" \/>\n<link rel=\"canonical\" href=\"https:\/\/clm-inclusiva.org\/?p=4863\" \/>\n<meta property=\"og:locale\" content=\"es_ES\" \/>\n<meta property=\"og:type\" content=\"article\" \/>\n<meta property=\"og:title\" content=\"CLM INCLUSIVA COCEMFE clausura en Cuenca el curso formativo de \u201cLimpieza de Exteriores e Industrial\u201d - Clm-Inclusiva\" \/>\n<meta property=\"og:description\" content=\"La operaci\u00f3n se enmarca en la Convocatoria de Ayudas Econ\u00f3micas para la selecci\u00f3n de operaciones para el refuerzo de la empleabilidad de personas con discapacidad &#8216;Uno a Uno&#8217; &#8211; A\u00f1o 2022-2023. Programa Operativo de Inclusi\u00f3n Social y Econom\u00eda Social (POISES) 2014-2020. Cofinanciado por el Fondo Social Europeo (FSE). &nbsp; Este proyecto ha fomentado las capacidades [&hellip;]\" \/>\n<meta property=\"og:url\" content=\"https:\/\/clm-inclusiva.org\/?p=4863\" \/>\n<meta property=\"og:site_name\" content=\"Clm-Inclusiva\" \/>\n<meta property=\"article:publisher\" content=\"https:\/\/www.facebook.com\/castillalamancha.inclusiva\/\" \/>\n<meta property=\"article:published_time\" content=\"2023-09-25T11:08:07+00:00\" \/>\n<meta property=\"og:image\" content=\"https:\/\/clm-inclusiva.org\/wp-content\/uploads\/2023\/09\/CLAUSURA_POISES_CUENCA.jpeg\" \/>\n\t<meta property=\"og:image:width\" content=\"2000\" \/>\n\t<meta property=\"og:image:height\" content=\"1125\" \/>\n\t<meta property=\"og:image:type\" content=\"image\/jpeg\" \/>\n<meta name=\"author\" content=\"clm-inclusiva\" \/>\n<meta name=\"twitter:card\" content=\"summary_large_image\" \/>\n<meta name=\"twitter:creator\" content=\"@ClmInclusiva\" \/>\n<meta name=\"twitter:site\" content=\"@ClmInclusiva\" \/>\n<meta name=\"twitter:label1\" content=\"Escrito por\" \/>\n\t<meta name=\"twitter:data1\" content=\"clm-inclusiva\" \/>\n\t<meta name=\"twitter:label2\" content=\"Tiempo de lectura\" \/>\n\t<meta name=\"twitter:data2\" content=\"2 minutos\" \/>\n<script type=\"application\/ld+json\" class=\"yoast-schema-graph\">{\"@context\":\"https:\/\/schema.org\",\"@graph\":[{\"@type\":\"Article\",\"@id\":\"https:\/\/clm-inclusiva.org\/?p=4863#article\",\"isPartOf\":{\"@id\":\"https:\/\/clm-inclusiva.org\/?p=4863\"},\"author\":{\"name\":\"clm-inclusiva\",\"@id\":\"https:\/\/clm-inclusiva.org\/#\/schema\/person\/0cff84aaa5bb8fd3521c55d1578d902b\"},\"headline\":\"CLM INCLUSIVA COCEMFE clausura en Cuenca el curso formativo de \u201cLimpieza de Exteriores e Industrial\u201d\",\"datePublished\":\"2023-09-25T11:08:07+00:00\",\"dateModified\":\"2023-09-25T11:08:07+00:00\",\"mainEntityOfPage\":{\"@id\":\"https:\/\/clm-inclusiva.org\/?p=4863\"},\"wordCount\":449,\"commentCount\":0,\"publisher\":{\"@id\":\"https:\/\/clm-inclusiva.org\/#organization\"},\"inLanguage\":\"es\",\"potentialAction\":[{\"@type\":\"CommentAction\",\"name\":\"Comment\",\"target\":[\"https:\/\/clm-inclusiva.org\/?p=4863#respond\"]}]},{\"@type\":\"WebPage\",\"@id\":\"https:\/\/clm-inclusiva.org\/?p=4863\",\"url\":\"https:\/\/clm-inclusiva.org\/?p=4863\",\"name\":\"CLM INCLUSIVA COCEMFE clausura en Cuenca el curso formativo de \u201cLimpieza de Exteriores e Industrial\u201d - Clm-Inclusiva\",\"isPartOf\":{\"@id\":\"https:\/\/clm-inclusiva.org\/#website\"},\"datePublished\":\"2023-09-25T11:08:07+00:00\",\"dateModified\":\"2023-09-25T11:08:07+00:00\",\"breadcrumb\":{\"@id\":\"https:\/\/clm-inclusiva.org\/?p=4863#breadcrumb\"},\"inLanguage\":\"es\",\"potentialAction\":[{\"@type\":\"ReadAction\",\"target\":[\"https:\/\/clm-inclusiva.org\/?p=4863\"]}]},{\"@type\":\"BreadcrumbList\",\"@id\":\"https:\/\/clm-inclusiva.org\/?p=4863#breadcrumb\",\"itemListElement\":[{\"@type\":\"ListItem\",\"position\":1,\"name\":\"Portada\",\"item\":\"https:\/\/clm-inclusiva.org\/\"},{\"@type\":\"ListItem\",\"position\":2,\"name\":\"CLM INCLUSIVA COCEMFE clausura en Cuenca el curso formativo de \u201cLimpieza de Exteriores e Industrial\u201d\"}]},{\"@type\":\"WebSite\",\"@id\":\"https:\/\/clm-inclusiva.org\/#website\",\"url\":\"https:\/\/clm-inclusiva.org\/\",\"name\":\"Clm-Inclusiva\",\"description\":\"Confederaci\u00f3n de entidades de personas con discapacidad f\u00edsica y org\u00e1nica CLM\",\"publisher\":{\"@id\":\"https:\/\/clm-inclusiva.org\/#organization\"},\"potentialAction\":[{\"@type\":\"SearchAction\",\"target\":{\"@type\":\"EntryPoint\",\"urlTemplate\":\"https:\/\/clm-inclusiva.org\/?s={search_term_string}\"},\"query-input\":\"required name=search_term_string\"}],\"inLanguage\":\"es\"},{\"@type\":\"Organization\",\"@id\":\"https:\/\/clm-inclusiva.org\/#organization\",\"name\":\"Clm-Inclusiva\",\"url\":\"https:\/\/clm-inclusiva.org\/\",\"logo\":{\"@type\":\"ImageObject\",\"inLanguage\":\"es\",\"@id\":\"https:\/\/clm-inclusiva.org\/#\/schema\/logo\/image\/\",\"url\":\"http:\/\/clm-inclusiva.org\/wp-content\/uploads\/2019\/04\/banner-e1533720812836.jpg\",\"contentUrl\":\"http:\/\/clm-inclusiva.org\/wp-content\/uploads\/2019\/04\/banner-e1533720812836.jpg\",\"width\":600,\"height\":332,\"caption\":\"Clm-Inclusiva\"},\"image\":{\"@id\":\"https:\/\/clm-inclusiva.org\/#\/schema\/logo\/image\/\"},\"sameAs\":[\"https:\/\/www.facebook.com\/castillalamancha.inclusiva\/\",\"https:\/\/twitter.com\/ClmInclusiva\"]},{\"@type\":\"Person\",\"@id\":\"https:\/\/clm-inclusiva.org\/#\/schema\/person\/0cff84aaa5bb8fd3521c55d1578d902b\",\"name\":\"clm-inclusiva\",\"image\":{\"@type\":\"ImageObject\",\"inLanguage\":\"es\",\"@id\":\"https:\/\/clm-inclusiva.org\/#\/schema\/person\/image\/\",\"url\":\"https:\/\/secure.gravatar.com\/avatar\/88948567af770dc9cd5597b329011884?s=96&d=blank&r=g\",\"contentUrl\":\"https:\/\/secure.gravatar.com\/avatar\/88948567af770dc9cd5597b329011884?s=96&d=blank&r=g\",\"caption\":\"clm-inclusiva\"},\"sameAs\":[\"http:\/\/clm-inclusiva.org\"],\"url\":\"https:\/\/clm-inclusiva.org\/?author=1\"}]}<\/script>\n<!-- \/ Yoast SEO plugin. -->","yoast_head_json":{"title":"CLM INCLUSIVA COCEMFE clausura en Cuenca el curso formativo de \u201cLimpieza de Exteriores e Industrial\u201d - Clm-Inclusiva","robots":{"index":"index","follow":"follow","max-snippet":"max-snippet:-1","max-image-preview":"max-image-preview:large","max-video-preview":"max-video-preview:-1"},"canonical":"https:\/\/clm-inclusiva.org\/?p=4863","og_locale":"es_ES","og_type":"article","og_title":"CLM INCLUSIVA COCEMFE clausura en Cuenca el curso formativo de \u201cLimpieza de Exteriores e Industrial\u201d - Clm-Inclusiva","og_description":"La operaci\u00f3n se enmarca en la Convocatoria de Ayudas Econ\u00f3micas para la selecci\u00f3n de operaciones para el refuerzo de la empleabilidad de personas con discapacidad &#8216;Uno a Uno&#8217; &#8211; A\u00f1o 2022-2023. Programa Operativo de Inclusi\u00f3n Social y Econom\u00eda Social (POISES) 2014-2020. Cofinanciado por el Fondo Social Europeo (FSE). &nbsp; Este proyecto ha fomentado las capacidades [&hellip;]","og_url":"https:\/\/clm-inclusiva.org\/?p=4863","og_site_name":"Clm-Inclusiva","article_publisher":"https:\/\/www.facebook.com\/castillalamancha.inclusiva\/","article_published_time":"2023-09-25T11:08:07+00:00","og_image":[{"width":2000,"height":1125,"url":"https:\/\/clm-inclusiva.org\/wp-content\/uploads\/2023\/09\/CLAUSURA_POISES_CUENCA.jpeg","type":"image\/jpeg"}],"author":"clm-inclusiva","twitter_card":"summary_large_image","twitter_creator":"@ClmInclusiva","twitter_site":"@ClmInclusiva","twitter_misc":{"Escrito por":"clm-inclusiva","Tiempo de lectura":"2 minutos"},"schema":{"@context":"https:\/\/schema.org","@graph":[{"@type":"Article","@id":"https:\/\/clm-inclusiva.org\/?p=4863#article","isPartOf":{"@id":"https:\/\/clm-inclusiva.org\/?p=4863"},"author":{"name":"clm-inclusiva","@id":"https:\/\/clm-inclusiva.org\/#\/schema\/person\/0cff84aaa5bb8fd3521c55d1578d902b"},"headline":"CLM INCLUSIVA COCEMFE clausura en Cuenca el curso formativo de \u201cLimpieza de Exteriores e Industrial\u201d","datePublished":"2023-09-25T11:08:07+00:00","dateModified":"2023-09-25T11:08:07+00:00","mainEntityOfPage":{"@id":"https:\/\/clm-inclusiva.org\/?p=4863"},"wordCount":449,"commentCount":0,"publisher":{"@id":"https:\/\/clm-inclusiva.org\/#organization"},"inLanguage":"es","potentialAction":[{"@type":"CommentAction","name":"Comment","target":["https:\/\/clm-inclusiva.org\/?p=4863#respond"]}]},{"@type":"WebPage","@id":"https:\/\/clm-inclusiva.org\/?p=4863","url":"https:\/\/clm-inclusiva.org\/?p=4863","name":"CLM INCLUSIVA COCEMFE clausura en Cuenca el curso formativo de \u201cLimpieza de Exteriores e Industrial\u201d - Clm-Inclusiva","isPartOf":{"@id":"https:\/\/clm-inclusiva.org\/#website"},"datePublished":"2023-09-25T11:08:07+00:00","dateModified":"2023-09-25T11:08:07+00:00","breadcrumb":{"@id":"https:\/\/clm-inclusiva.org\/?p=4863#breadcrumb"},"inLanguage":"es","potentialAction":[{"@type":"ReadAction","target":["https:\/\/clm-inclusiva.org\/?p=4863"]}]},{"@type":"BreadcrumbList","@id":"https:\/\/clm-inclusiva.org\/?p=4863#breadcrumb","itemListElement":[{"@type":"ListItem","position":1,"name":"Portada","item":"https:\/\/clm-inclusiva.org\/"},{"@type":"ListItem","position":2,"name":"CLM INCLUSIVA COCEMFE clausura en Cuenca el curso formativo de \u201cLimpieza de Exteriores e Industrial\u201d"}]},{"@type":"WebSite","@id":"https:\/\/clm-inclusiva.org\/#website","url":"https:\/\/clm-inclusiva.org\/","name":"Clm-Inclusiva","description":"Confederaci\u00f3n de entidades de personas con discapacidad f\u00edsica y org\u00e1nica CLM","publisher":{"@id":"https:\/\/clm-inclusiva.org\/#organization"},"potentialAction":[{"@type":"SearchAction","target":{"@type":"EntryPoint","urlTemplate":"https:\/\/clm-inclusiva.org\/?s={search_term_string}"},"query-input":"required name=search_term_string"}],"inLanguage":"es"},{"@type":"Organization","@id":"https:\/\/clm-inclusiva.org\/#organization","name":"Clm-Inclusiva","url":"https:\/\/clm-inclusiva.org\/","logo":{"@type":"ImageObject","inLanguage":"es","@id":"https:\/\/clm-inclusiva.org\/#\/schema\/logo\/image\/","url":"http:\/\/clm-inclusiva.org\/wp-content\/uploads\/2019\/04\/banner-e1533720812836.jpg","contentUrl":"http:\/\/clm-inclusiva.org\/wp-content\/uploads\/2019\/04\/banner-e1533720812836.jpg","width":600,"height":332,"caption":"Clm-Inclusiva"},"image":{"@id":"https:\/\/clm-inclusiva.org\/#\/schema\/logo\/image\/"},"sameAs":["https:\/\/www.facebook.com\/castillalamancha.inclusiva\/","https:\/\/twitter.com\/ClmInclusiva"]},{"@type":"Person","@id":"https:\/\/clm-inclusiva.org\/#\/schema\/person\/0cff84aaa5bb8fd3521c55d1578d902b","name":"clm-inclusiva","image":{"@type":"ImageObject","inLanguage":"es","@id":"https:\/\/clm-inclusiva.org\/#\/schema\/person\/image\/","url":"https:\/\/secure.gravatar.com\/avatar\/88948567af770dc9cd5597b329011884?s=96&d=blank&r=g","contentUrl":"https:\/\/secure.gravatar.com\/avatar\/88948567af770dc9cd5597b329011884?s=96&d=blank&r=g","caption":"clm-inclusiva"},"sameAs":["http:\/\/clm-inclusiva.org"],"url":"https:\/\/clm-inclusiva.org\/?author=1"}]}},"_links":{"self":[{"href":"https:\/\/clm-inclusiva.org\/index.php?rest_route=\/wp\/v2\/posts\/4863"}],"collection":[{"href":"https:\/\/clm-inclusiva.org\/index.php?rest_route=\/wp\/v2\/posts"}],"about":[{"href":"https:\/\/clm-inclusiva.org\/index.php?rest_route=\/wp\/v2\/types\/post"}],"author":[{"embeddable":true,"href":"https:\/\/clm-inclusiva.org\/index.php?rest_route=\/wp\/v2\/users\/1"}],"replies":[{"embeddable":true,"href":"https:\/\/clm-inclusiva.org\/index.php?rest_route=%2Fwp%2Fv2%2Fcomments&post=4863"}],"version-history":[{"count":1,"href":"https:\/\/clm-inclusiva.org\/index.php?rest_route=\/wp\/v2\/posts\/4863\/revisions"}],"predecessor-version":[{"id":4865,"href":"https:\/\/clm-inclusiva.org\/index.php?rest_route=\/wp\/v2\/posts\/4863\/revisions\/4865"}],"wp:featuredmedia":[{"embeddable":true,"href":"https:\/\/clm-inclusiva.org\/index.php?rest_route=\/wp\/v2\/media\/4864"}],"wp:attachment":[{"href":"https:\/\/clm-inclusiva.org\/index.php?rest_route=%2Fwp%2Fv2%2Fmedia&parent=4863"}],"wp:term":[{"taxonomy":"category","embeddable":true,"href":"https:\/\/clm-inclusiva.org\/index.php?rest_route=%2Fwp%2Fv2%2Fcategories&post=4863"},{"taxonomy":"post_tag","embeddable":true,"href":"https:\/\/clm-inclusiva.org\/index.php?rest_route=%2Fwp%2Fv2%2Ftags&post=4863"}],"curies":[{"name":"wp","href":"https:\/\/api.w.org\/{rel}","templated":true}]}}