{"id":4855,"date":"2023-08-24T15:00:39","date_gmt":"2023-08-24T13:00:39","guid":{"rendered":"http:\/\/clm-inclusiva.org\/?p=4855"},"modified":"2023-08-24T15:00:39","modified_gmt":"2023-08-24T13:00:39","slug":"el-presidente-de-castilla-la-mancha-inclusiva-cocemfe-es-elegido-directamente-por-el-papa-francisco","status":"publish","type":"post","link":"https:\/\/clm-inclusiva.org\/?p=4855","title":{"rendered":"El presidente de Castilla-La Mancha Inclusiva COCEMFE es elegido directamente por el Papa Francisco"},"content":{"rendered":"<ul style=\"text-align: justify\">\n<li><strong>Enrique Alarc\u00f3n Garc\u00eda ha sido nombrado miembro de pleno derecho, con voz y voto, para participar en la <em>XVI Asamblea General Ordinaria del S\u00ednodo de los <\/em>Obispos que se celebrar\u00e1 en Roma del 4 al 29 de octubre de 2023.<\/strong><\/li>\n<li><strong>Su elecci\u00f3n ha sido designada de forma directa por el Papa Francisco.<\/strong><\/li>\n<\/ul>\n<p><strong>Toledo, 24 de Agosto de 2023.-<\/strong><\/p>\n<p style=\"text-align: justify\">El Presidente de CLM Inclusiva COCEMFE, y tambi\u00e9n expresidente de Frater Espa\u00f1a, Enrique Alarc\u00f3n Garc\u00eda, ha sido uno de los dos \u00a0laicos elegidos con voz y voto en el S\u00ednodo, llevando a la Instituci\u00f3n algunas de las cuestiones hist\u00f3ricas vinculadas a la discapacidad y la vulnerabilidad en la que se encuentran algunas personas pertenecientes al colectivo.<\/p>\n<p style=\"text-align: justify\">Junto a representantes de otras asociaciones, Alarc\u00f3n Garc\u00eda destaca la oportunidad que supone al colectivo de mostrar sus necesidades, presentar sus propuestas de inclusi\u00f3n y \u00abpara ser sensible en aquellos espacios sinodales donde surjan las cuestiones referidas al sufrimiento y a la exclusi\u00f3n social\u00bb, y a\u00f1ade \u201cSo\u00f1amos con una Iglesia aut\u00e9nticamente inclusiva en las que las personas con discapacidad sean incorporadas plenamente a las tareas apost\u00f3licas.\u201d<\/p>\n<p style=\"text-align: justify\">Confiesa que el nombramiento \u00abha supuesto una emoci\u00f3n grande\u00bb y se muestra \u00absorprendido de haber sido elegido para participar en algo tan relevante en la vida de la Iglesia\u00bb.<\/p>\n<p style=\"text-align: justify\">Con el principal objetivo de que esta visibilidad no se vea limitada a la Instituci\u00f3n Eclesi\u00e1stica, sino que las personas con discapacidad puedan tomar su palabra y conseguir \u00abque se le conceda participar\u00bb en otros espacios.<\/p>\n<p style=\"text-align: justify\">El Papa Francisco, el pasado 22 de septiembre convoc\u00f3 la Consulta Especial para las Personas con Discapacidad. Fue all\u00ed, donde Enrique Alarc\u00f3n, junto a otras cuatro personas con discapacidad, y en representaci\u00f3n del colectivo a nivel mundial, ya le presentaron a la secretar\u00eda del S\u00ednodo y al Santo Padre un informe donde se trasladaba \u201cde primera mano\u201d la voz de las personas con discapacidad en el mundo.<\/p>\n<p style=\"text-align: justify\">Para CLM Inclusiva COCEMFE y su movimiento asociativo el nombramiento de Enrique Alarc\u00f3n, supone un orgullo, y un reconocimiento al trabajo y a la defensa de los derechos de las personas con discapacidad y sus familias, que el Presidente de la entidad traslada a todas las esferas de la sociedad.<\/p>\n<p>&nbsp;<\/p>\n","protected":false},"excerpt":{"rendered":"<p>Enrique Alarc\u00f3n Garc\u00eda ha sido nombrado miembro de pleno derecho, con voz y voto, para participar en la XVI Asamblea General Ordinaria del S\u00ednodo de los Obispos que se celebrar\u00e1 en Roma del 4 al 29 de octubre de 2023. Su elecci\u00f3n ha sido designada de forma directa por el Papa Francisco. Toledo, 24 de [&hellip;]<\/p>\n","protected":false},"author":1,"featured_media":4857,"comment_status":"open","ping_status":"open","sticky":false,"template":"","format":"standard","meta":{"_et_pb_use_builder":"","_et_pb_old_content":"","_et_gb_content_width":"","footnotes":""},"categories":[1],"tags":[],"yoast_head":"<!-- This site is optimized with the Yoast SEO plugin v21.3 - https:\/\/yoast.com\/wordpress\/plugins\/seo\/ -->\n<title>El presidente de Castilla-La Mancha Inclusiva COCEMFE es elegido directamente por el Papa Francisco - Clm-Inclusiva<\/title>\n<meta name=\"robots\" content=\"index, follow, max-snippet:-1, max-image-preview:large, max-video-preview:-1\" \/>\n<link rel=\"canonical\" href=\"https:\/\/clm-inclusiva.org\/?p=4855\" \/>\n<meta property=\"og:locale\" content=\"es_ES\" \/>\n<meta property=\"og:type\" content=\"article\" \/>\n<meta property=\"og:title\" content=\"El presidente de Castilla-La Mancha Inclusiva COCEMFE es elegido directamente por el Papa Francisco - Clm-Inclusiva\" \/>\n<meta property=\"og:description\" content=\"Enrique Alarc\u00f3n Garc\u00eda ha sido nombrado miembro de pleno derecho, con voz y voto, para participar en la XVI Asamblea General Ordinaria del S\u00ednodo de los Obispos que se celebrar\u00e1 en Roma del 4 al 29 de octubre de 2023. Su elecci\u00f3n ha sido designada de forma directa por el Papa Francisco. Toledo, 24 de [&hellip;]\" \/>\n<meta property=\"og:url\" content=\"https:\/\/clm-inclusiva.org\/?p=4855\" \/>\n<meta property=\"og:site_name\" content=\"Clm-Inclusiva\" \/>\n<meta property=\"article:publisher\" content=\"https:\/\/www.facebook.com\/castillalamancha.inclusiva\/\" \/>\n<meta property=\"article:published_time\" content=\"2023-08-24T13:00:39+00:00\" \/>\n<meta property=\"og:image\" content=\"https:\/\/clm-inclusiva.org\/wp-content\/uploads\/2023\/08\/FOTOGRAFIA-ENRIQUE-2.jpg\" \/>\n\t<meta property=\"og:image:width\" content=\"828\" \/>\n\t<meta property=\"og:image:height\" content=\"470\" \/>\n\t<meta property=\"og:image:type\" content=\"image\/jpeg\" \/>\n<meta name=\"author\" content=\"clm-inclusiva\" \/>\n<meta name=\"twitter:card\" content=\"summary_large_image\" \/>\n<meta name=\"twitter:creator\" content=\"@ClmInclusiva\" \/>\n<meta name=\"twitter:site\" content=\"@ClmInclusiva\" \/>\n<meta name=\"twitter:label1\" content=\"Escrito por\" \/>\n\t<meta name=\"twitter:data1\" content=\"clm-inclusiva\" \/>\n\t<meta name=\"twitter:label2\" content=\"Tiempo de lectura\" \/>\n\t<meta name=\"twitter:data2\" content=\"2 minutos\" \/>\n<script type=\"application\/ld+json\" class=\"yoast-schema-graph\">{\"@context\":\"https:\/\/schema.org\",\"@graph\":[{\"@type\":\"Article\",\"@id\":\"https:\/\/clm-inclusiva.org\/?p=4855#article\",\"isPartOf\":{\"@id\":\"https:\/\/clm-inclusiva.org\/?p=4855\"},\"author\":{\"name\":\"clm-inclusiva\",\"@id\":\"https:\/\/clm-inclusiva.org\/#\/schema\/person\/0cff84aaa5bb8fd3521c55d1578d902b\"},\"headline\":\"El presidente de Castilla-La Mancha Inclusiva COCEMFE es elegido directamente por el Papa Francisco\",\"datePublished\":\"2023-08-24T13:00:39+00:00\",\"dateModified\":\"2023-08-24T13:00:39+00:00\",\"mainEntityOfPage\":{\"@id\":\"https:\/\/clm-inclusiva.org\/?p=4855\"},\"wordCount\":399,\"commentCount\":0,\"publisher\":{\"@id\":\"https:\/\/clm-inclusiva.org\/#organization\"},\"inLanguage\":\"es\",\"potentialAction\":[{\"@type\":\"CommentAction\",\"name\":\"Comment\",\"target\":[\"https:\/\/clm-inclusiva.org\/?p=4855#respond\"]}]},{\"@type\":\"WebPage\",\"@id\":\"https:\/\/clm-inclusiva.org\/?p=4855\",\"url\":\"https:\/\/clm-inclusiva.org\/?p=4855\",\"name\":\"El presidente de Castilla-La Mancha Inclusiva COCEMFE es elegido directamente por el Papa Francisco - Clm-Inclusiva\",\"isPartOf\":{\"@id\":\"https:\/\/clm-inclusiva.org\/#website\"},\"datePublished\":\"2023-08-24T13:00:39+00:00\",\"dateModified\":\"2023-08-24T13:00:39+00:00\",\"breadcrumb\":{\"@id\":\"https:\/\/clm-inclusiva.org\/?p=4855#breadcrumb\"},\"inLanguage\":\"es\",\"potentialAction\":[{\"@type\":\"ReadAction\",\"target\":[\"https:\/\/clm-inclusiva.org\/?p=4855\"]}]},{\"@type\":\"BreadcrumbList\",\"@id\":\"https:\/\/clm-inclusiva.org\/?p=4855#breadcrumb\",\"itemListElement\":[{\"@type\":\"ListItem\",\"position\":1,\"name\":\"Portada\",\"item\":\"https:\/\/clm-inclusiva.org\/\"},{\"@type\":\"ListItem\",\"position\":2,\"name\":\"El presidente de Castilla-La Mancha Inclusiva COCEMFE es elegido directamente por el Papa Francisco\"}]},{\"@type\":\"WebSite\",\"@id\":\"https:\/\/clm-inclusiva.org\/#website\",\"url\":\"https:\/\/clm-inclusiva.org\/\",\"name\":\"Clm-Inclusiva\",\"description\":\"Confederaci\u00f3n de entidades de personas con discapacidad f\u00edsica y org\u00e1nica CLM\",\"publisher\":{\"@id\":\"https:\/\/clm-inclusiva.org\/#organization\"},\"potentialAction\":[{\"@type\":\"SearchAction\",\"target\":{\"@type\":\"EntryPoint\",\"urlTemplate\":\"https:\/\/clm-inclusiva.org\/?s={search_term_string}\"},\"query-input\":\"required name=search_term_string\"}],\"inLanguage\":\"es\"},{\"@type\":\"Organization\",\"@id\":\"https:\/\/clm-inclusiva.org\/#organization\",\"name\":\"Clm-Inclusiva\",\"url\":\"https:\/\/clm-inclusiva.org\/\",\"logo\":{\"@type\":\"ImageObject\",\"inLanguage\":\"es\",\"@id\":\"https:\/\/clm-inclusiva.org\/#\/schema\/logo\/image\/\",\"url\":\"http:\/\/clm-inclusiva.org\/wp-content\/uploads\/2019\/04\/banner-e1533720812836.jpg\",\"contentUrl\":\"http:\/\/clm-inclusiva.org\/wp-content\/uploads\/2019\/04\/banner-e1533720812836.jpg\",\"width\":600,\"height\":332,\"caption\":\"Clm-Inclusiva\"},\"image\":{\"@id\":\"https:\/\/clm-inclusiva.org\/#\/schema\/logo\/image\/\"},\"sameAs\":[\"https:\/\/www.facebook.com\/castillalamancha.inclusiva\/\",\"https:\/\/twitter.com\/ClmInclusiva\"]},{\"@type\":\"Person\",\"@id\":\"https:\/\/clm-inclusiva.org\/#\/schema\/person\/0cff84aaa5bb8fd3521c55d1578d902b\",\"name\":\"clm-inclusiva\",\"image\":{\"@type\":\"ImageObject\",\"inLanguage\":\"es\",\"@id\":\"https:\/\/clm-inclusiva.org\/#\/schema\/person\/image\/\",\"url\":\"https:\/\/secure.gravatar.com\/avatar\/88948567af770dc9cd5597b329011884?s=96&d=blank&r=g\",\"contentUrl\":\"https:\/\/secure.gravatar.com\/avatar\/88948567af770dc9cd5597b329011884?s=96&d=blank&r=g\",\"caption\":\"clm-inclusiva\"},\"sameAs\":[\"http:\/\/clm-inclusiva.org\"],\"url\":\"https:\/\/clm-inclusiva.org\/?author=1\"}]}<\/script>\n<!-- \/ Yoast SEO plugin. -->","yoast_head_json":{"title":"El presidente de Castilla-La Mancha Inclusiva COCEMFE es elegido directamente por el Papa Francisco - Clm-Inclusiva","robots":{"index":"index","follow":"follow","max-snippet":"max-snippet:-1","max-image-preview":"max-image-preview:large","max-video-preview":"max-video-preview:-1"},"canonical":"https:\/\/clm-inclusiva.org\/?p=4855","og_locale":"es_ES","og_type":"article","og_title":"El presidente de Castilla-La Mancha Inclusiva COCEMFE es elegido directamente por el Papa Francisco - Clm-Inclusiva","og_description":"Enrique Alarc\u00f3n Garc\u00eda ha sido nombrado miembro de pleno derecho, con voz y voto, para participar en la XVI Asamblea General Ordinaria del S\u00ednodo de los Obispos que se celebrar\u00e1 en Roma del 4 al 29 de octubre de 2023. Su elecci\u00f3n ha sido designada de forma directa por el Papa Francisco. Toledo, 24 de [&hellip;]","og_url":"https:\/\/clm-inclusiva.org\/?p=4855","og_site_name":"Clm-Inclusiva","article_publisher":"https:\/\/www.facebook.com\/castillalamancha.inclusiva\/","article_published_time":"2023-08-24T13:00:39+00:00","og_image":[{"width":828,"height":470,"url":"https:\/\/clm-inclusiva.org\/wp-content\/uploads\/2023\/08\/FOTOGRAFIA-ENRIQUE-2.jpg","type":"image\/jpeg"}],"author":"clm-inclusiva","twitter_card":"summary_large_image","twitter_creator":"@ClmInclusiva","twitter_site":"@ClmInclusiva","twitter_misc":{"Escrito por":"clm-inclusiva","Tiempo de lectura":"2 minutos"},"schema":{"@context":"https:\/\/schema.org","@graph":[{"@type":"Article","@id":"https:\/\/clm-inclusiva.org\/?p=4855#article","isPartOf":{"@id":"https:\/\/clm-inclusiva.org\/?p=4855"},"author":{"name":"clm-inclusiva","@id":"https:\/\/clm-inclusiva.org\/#\/schema\/person\/0cff84aaa5bb8fd3521c55d1578d902b"},"headline":"El presidente de Castilla-La Mancha Inclusiva COCEMFE es elegido directamente por el Papa Francisco","datePublished":"2023-08-24T13:00:39+00:00","dateModified":"2023-08-24T13:00:39+00:00","mainEntityOfPage":{"@id":"https:\/\/clm-inclusiva.org\/?p=4855"},"wordCount":399,"commentCount":0,"publisher":{"@id":"https:\/\/clm-inclusiva.org\/#organization"},"inLanguage":"es","potentialAction":[{"@type":"CommentAction","name":"Comment","target":["https:\/\/clm-inclusiva.org\/?p=4855#respond"]}]},{"@type":"WebPage","@id":"https:\/\/clm-inclusiva.org\/?p=4855","url":"https:\/\/clm-inclusiva.org\/?p=4855","name":"El presidente de Castilla-La Mancha Inclusiva COCEMFE es elegido directamente por el Papa Francisco - Clm-Inclusiva","isPartOf":{"@id":"https:\/\/clm-inclusiva.org\/#website"},"datePublished":"2023-08-24T13:00:39+00:00","dateModified":"2023-08-24T13:00:39+00:00","breadcrumb":{"@id":"https:\/\/clm-inclusiva.org\/?p=4855#breadcrumb"},"inLanguage":"es","potentialAction":[{"@type":"ReadAction","target":["https:\/\/clm-inclusiva.org\/?p=4855"]}]},{"@type":"BreadcrumbList","@id":"https:\/\/clm-inclusiva.org\/?p=4855#breadcrumb","itemListElement":[{"@type":"ListItem","position":1,"name":"Portada","item":"https:\/\/clm-inclusiva.org\/"},{"@type":"ListItem","position":2,"name":"El presidente de Castilla-La Mancha Inclusiva COCEMFE es elegido directamente por el Papa Francisco"}]},{"@type":"WebSite","@id":"https:\/\/clm-inclusiva.org\/#website","url":"https:\/\/clm-inclusiva.org\/","name":"Clm-Inclusiva","description":"Confederaci\u00f3n de entidades de personas con discapacidad f\u00edsica y org\u00e1nica CLM","publisher":{"@id":"https:\/\/clm-inclusiva.org\/#organization"},"potentialAction":[{"@type":"SearchAction","target":{"@type":"EntryPoint","urlTemplate":"https:\/\/clm-inclusiva.org\/?s={search_term_string}"},"query-input":"required name=search_term_string"}],"inLanguage":"es"},{"@type":"Organization","@id":"https:\/\/clm-inclusiva.org\/#organization","name":"Clm-Inclusiva","url":"https:\/\/clm-inclusiva.org\/","logo":{"@type":"ImageObject","inLanguage":"es","@id":"https:\/\/clm-inclusiva.org\/#\/schema\/logo\/image\/","url":"http:\/\/clm-inclusiva.org\/wp-content\/uploads\/2019\/04\/banner-e1533720812836.jpg","contentUrl":"http:\/\/clm-inclusiva.org\/wp-content\/uploads\/2019\/04\/banner-e1533720812836.jpg","width":600,"height":332,"caption":"Clm-Inclusiva"},"image":{"@id":"https:\/\/clm-inclusiva.org\/#\/schema\/logo\/image\/"},"sameAs":["https:\/\/www.facebook.com\/castillalamancha.inclusiva\/","https:\/\/twitter.com\/ClmInclusiva"]},{"@type":"Person","@id":"https:\/\/clm-inclusiva.org\/#\/schema\/person\/0cff84aaa5bb8fd3521c55d1578d902b","name":"clm-inclusiva","image":{"@type":"ImageObject","inLanguage":"es","@id":"https:\/\/clm-inclusiva.org\/#\/schema\/person\/image\/","url":"https:\/\/secure.gravatar.com\/avatar\/88948567af770dc9cd5597b329011884?s=96&d=blank&r=g","contentUrl":"https:\/\/secure.gravatar.com\/avatar\/88948567af770dc9cd5597b329011884?s=96&d=blank&r=g","caption":"clm-inclusiva"},"sameAs":["http:\/\/clm-inclusiva.org"],"url":"https:\/\/clm-inclusiva.org\/?author=1"}]}},"_links":{"self":[{"href":"https:\/\/clm-inclusiva.org\/index.php?rest_route=\/wp\/v2\/posts\/4855"}],"collection":[{"href":"https:\/\/clm-inclusiva.org\/index.php?rest_route=\/wp\/v2\/posts"}],"about":[{"href":"https:\/\/clm-inclusiva.org\/index.php?rest_route=\/wp\/v2\/types\/post"}],"author":[{"embeddable":true,"href":"https:\/\/clm-inclusiva.org\/index.php?rest_route=\/wp\/v2\/users\/1"}],"replies":[{"embeddable":true,"href":"https:\/\/clm-inclusiva.org\/index.php?rest_route=%2Fwp%2Fv2%2Fcomments&post=4855"}],"version-history":[{"count":1,"href":"https:\/\/clm-inclusiva.org\/index.php?rest_route=\/wp\/v2\/posts\/4855\/revisions"}],"predecessor-version":[{"id":4858,"href":"https:\/\/clm-inclusiva.org\/index.php?rest_route=\/wp\/v2\/posts\/4855\/revisions\/4858"}],"wp:featuredmedia":[{"embeddable":true,"href":"https:\/\/clm-inclusiva.org\/index.php?rest_route=\/wp\/v2\/media\/4857"}],"wp:attachment":[{"href":"https:\/\/clm-inclusiva.org\/index.php?rest_route=%2Fwp%2Fv2%2Fmedia&parent=4855"}],"wp:term":[{"taxonomy":"category","embeddable":true,"href":"https:\/\/clm-inclusiva.org\/index.php?rest_route=%2Fwp%2Fv2%2Fcategories&post=4855"},{"taxonomy":"post_tag","embeddable":true,"href":"https:\/\/clm-inclusiva.org\/index.php?rest_route=%2Fwp%2Fv2%2Ftags&post=4855"}],"curies":[{"name":"wp","href":"https:\/\/api.w.org\/{rel}","templated":true}]}}