{"id":4846,"date":"2023-07-27T11:23:27","date_gmt":"2023-07-27T09:23:27","guid":{"rendered":"http:\/\/clm-inclusiva.org\/?p=4846"},"modified":"2023-07-27T11:24:40","modified_gmt":"2023-07-27T09:24:40","slug":"clm-inclusiva-cocemfe-denuncia-la-discriminacion-laboral-que-sufren-las-personas-de-mas-de-50-anos","status":"publish","type":"post","link":"https:\/\/clm-inclusiva.org\/?p=4846","title":{"rendered":"CLM INCLUSIVA COCEMFE denuncia la discriminaci\u00f3n laboral que sufren las personas de m\u00e1s de 50 a\u00f1os"},"content":{"rendered":"<ul>\n<li>La Confederaci\u00f3n Regional lanza una campa\u00f1a para denunciar la discriminaci\u00f3n laboral que sufren las personas de m\u00e1s de 50 a\u00f1os que se encuentran en situaci\u00f3n de desempleo en Castilla-La Mancha.<\/li>\n<li>A trav\u00e9s del hashtag #YoS\u00edEncajo, se da voz a aquellos\/as trabajadores\/as de m\u00e1s de 50 a\u00f1os en un intento por concienciar a las empresas sobre esta discriminaci\u00f3n y favorecer la inclusi\u00f3n.<\/li>\n<\/ul>\n<p><strong>Toledo, 27 de Julio de 2023<\/strong><\/p>\n<p style=\"text-align: justify\">CLM Inclusiva COCEMFE lanza una campa\u00f1a <strong>para concienciar a la sociedad sobre la situaci\u00f3n desesperante <\/strong>en la que se encuentra gran parte del colectivo de desempleados mayores de 50 a\u00f1os de la regi\u00f3n. Al mismo tiempo que da a conocer los <strong>beneficios que puede aportar<\/strong> la contrataci\u00f3n de este perfil a la estructura de una empresa.<\/p>\n<p style=\"text-align: justify\">Seg\u00fan un estudio elaborado por Infoempleo, los mayores de 55 a\u00f1os solamente tienen <strong>acceso a un 0,6% de ofertad de empleo<\/strong>, siendo casi nulo el n\u00famero de oportunidades en el mercado laboral de este colectivo. Y en la misma l\u00ednea, Fundaci\u00f3n Adecco alerta que el 55,09% de los parados\u00a0<strong>mayores\u00a0de 45\u00a0a\u00f1os lleva\u00a0m\u00e1s de un\u00a0a\u00f1o buscando<\/strong> empleo.<\/p>\n<p style=\"text-align: justify\">Durante estas semanas, se est\u00e1 desarrollando una campa\u00f1a en redes sociales que gira en torno a la idea de lo que pueden aportar las personas de una cierta edad al unirse a las empresas. La entidad <strong>propone alternativas para paliar el desempleo de este colectivo y romper los falsos mitos<\/strong> que llevan a la discriminaci\u00f3n por razones de edad.<\/p>\n<p style=\"text-align: justify\">La idea principal parte de la expresi\u00f3n \u201c\u00bfencajo en el perfil?\u201d tan popular cuando se est\u00e1 en un proceso de b\u00fasqueda de empleo. Y se traslada a la campa\u00f1a convirti\u00e9ndola <strong>en \u201cy yo, \u00bfencajo en TU PERFIL?\u201d<\/strong>, enfatizando el hecho de que este colectivo cuenta con todos los requisitos y a\u00f1os de experiencia necesarios, pero son <strong>rechazados por prejuicios relacionados con su edad.\u00a0<\/strong><\/p>\n<p style=\"text-align: justify\">Con el hashtag <strong>#YoS\u00edEncajo<\/strong>, se pone voz a los\/as trabajadores\/as de m\u00e1s de 50 a\u00f1os, empoder\u00e1ndolos en un intento por concienciar a las empresas sobre esta discriminaci\u00f3n y favorecer su inclusi\u00f3n sociolaboral en la regi\u00f3n de Castilla-La Mancha.<\/p>\n","protected":false},"excerpt":{"rendered":"<p>La Confederaci\u00f3n Regional lanza una campa\u00f1a para denunciar la discriminaci\u00f3n laboral que sufren las personas de m\u00e1s de 50 a\u00f1os que se encuentran en situaci\u00f3n de desempleo en Castilla-La Mancha. A trav\u00e9s del hashtag #YoS\u00edEncajo, se da voz a aquellos\/as trabajadores\/as de m\u00e1s de 50 a\u00f1os en un intento por concienciar a las empresas sobre [&hellip;]<\/p>\n","protected":false},"author":1,"featured_media":4851,"comment_status":"open","ping_status":"open","sticky":false,"template":"","format":"standard","meta":{"_et_pb_use_builder":"","_et_pb_old_content":"","_et_gb_content_width":"","footnotes":""},"categories":[1],"tags":[],"yoast_head":"<!-- This site is optimized with the Yoast SEO plugin v21.3 - https:\/\/yoast.com\/wordpress\/plugins\/seo\/ -->\n<title>CLM INCLUSIVA COCEMFE denuncia la discriminaci\u00f3n laboral que sufren las personas de m\u00e1s de 50 a\u00f1os - Clm-Inclusiva<\/title>\n<meta name=\"robots\" content=\"index, follow, max-snippet:-1, max-image-preview:large, max-video-preview:-1\" \/>\n<link rel=\"canonical\" href=\"https:\/\/clm-inclusiva.org\/?p=4846\" \/>\n<meta property=\"og:locale\" content=\"es_ES\" \/>\n<meta property=\"og:type\" content=\"article\" \/>\n<meta property=\"og:title\" content=\"CLM INCLUSIVA COCEMFE denuncia la discriminaci\u00f3n laboral que sufren las personas de m\u00e1s de 50 a\u00f1os - Clm-Inclusiva\" \/>\n<meta property=\"og:description\" content=\"La Confederaci\u00f3n Regional lanza una campa\u00f1a para denunciar la discriminaci\u00f3n laboral que sufren las personas de m\u00e1s de 50 a\u00f1os que se encuentran en situaci\u00f3n de desempleo en Castilla-La Mancha. A trav\u00e9s del hashtag #YoS\u00edEncajo, se da voz a aquellos\/as trabajadores\/as de m\u00e1s de 50 a\u00f1os en un intento por concienciar a las empresas sobre [&hellip;]\" \/>\n<meta property=\"og:url\" content=\"https:\/\/clm-inclusiva.org\/?p=4846\" \/>\n<meta property=\"og:site_name\" content=\"Clm-Inclusiva\" \/>\n<meta property=\"article:publisher\" content=\"https:\/\/www.facebook.com\/castillalamancha.inclusiva\/\" \/>\n<meta property=\"article:published_time\" content=\"2023-07-27T09:23:27+00:00\" \/>\n<meta property=\"article:modified_time\" content=\"2023-07-27T09:24:40+00:00\" \/>\n<meta property=\"og:image\" content=\"https:\/\/clm-inclusiva.org\/wp-content\/uploads\/2023\/07\/CAMPA\u00d1A-YOSIENCAJO-1024x576.png\" \/>\n\t<meta property=\"og:image:width\" content=\"1024\" \/>\n\t<meta property=\"og:image:height\" content=\"576\" \/>\n\t<meta property=\"og:image:type\" content=\"image\/png\" \/>\n<meta name=\"author\" content=\"clm-inclusiva\" \/>\n<meta name=\"twitter:card\" content=\"summary_large_image\" \/>\n<meta name=\"twitter:creator\" content=\"@ClmInclusiva\" \/>\n<meta name=\"twitter:site\" content=\"@ClmInclusiva\" \/>\n<meta name=\"twitter:label1\" content=\"Escrito por\" \/>\n\t<meta name=\"twitter:data1\" content=\"clm-inclusiva\" \/>\n\t<meta name=\"twitter:label2\" content=\"Tiempo de lectura\" \/>\n\t<meta name=\"twitter:data2\" content=\"2 minutos\" \/>\n<script type=\"application\/ld+json\" class=\"yoast-schema-graph\">{\"@context\":\"https:\/\/schema.org\",\"@graph\":[{\"@type\":\"Article\",\"@id\":\"https:\/\/clm-inclusiva.org\/?p=4846#article\",\"isPartOf\":{\"@id\":\"https:\/\/clm-inclusiva.org\/?p=4846\"},\"author\":{\"name\":\"clm-inclusiva\",\"@id\":\"https:\/\/clm-inclusiva.org\/#\/schema\/person\/0cff84aaa5bb8fd3521c55d1578d902b\"},\"headline\":\"CLM INCLUSIVA COCEMFE denuncia la discriminaci\u00f3n laboral que sufren las personas de m\u00e1s de 50 a\u00f1os\",\"datePublished\":\"2023-07-27T09:23:27+00:00\",\"dateModified\":\"2023-07-27T09:24:40+00:00\",\"mainEntityOfPage\":{\"@id\":\"https:\/\/clm-inclusiva.org\/?p=4846\"},\"wordCount\":394,\"commentCount\":0,\"publisher\":{\"@id\":\"https:\/\/clm-inclusiva.org\/#organization\"},\"inLanguage\":\"es\",\"potentialAction\":[{\"@type\":\"CommentAction\",\"name\":\"Comment\",\"target\":[\"https:\/\/clm-inclusiva.org\/?p=4846#respond\"]}]},{\"@type\":\"WebPage\",\"@id\":\"https:\/\/clm-inclusiva.org\/?p=4846\",\"url\":\"https:\/\/clm-inclusiva.org\/?p=4846\",\"name\":\"CLM INCLUSIVA COCEMFE denuncia la discriminaci\u00f3n laboral que sufren las personas de m\u00e1s de 50 a\u00f1os - Clm-Inclusiva\",\"isPartOf\":{\"@id\":\"https:\/\/clm-inclusiva.org\/#website\"},\"datePublished\":\"2023-07-27T09:23:27+00:00\",\"dateModified\":\"2023-07-27T09:24:40+00:00\",\"breadcrumb\":{\"@id\":\"https:\/\/clm-inclusiva.org\/?p=4846#breadcrumb\"},\"inLanguage\":\"es\",\"potentialAction\":[{\"@type\":\"ReadAction\",\"target\":[\"https:\/\/clm-inclusiva.org\/?p=4846\"]}]},{\"@type\":\"BreadcrumbList\",\"@id\":\"https:\/\/clm-inclusiva.org\/?p=4846#breadcrumb\",\"itemListElement\":[{\"@type\":\"ListItem\",\"position\":1,\"name\":\"Portada\",\"item\":\"https:\/\/clm-inclusiva.org\/\"},{\"@type\":\"ListItem\",\"position\":2,\"name\":\"CLM INCLUSIVA COCEMFE denuncia la discriminaci\u00f3n laboral que sufren las personas de m\u00e1s de 50 a\u00f1os\"}]},{\"@type\":\"WebSite\",\"@id\":\"https:\/\/clm-inclusiva.org\/#website\",\"url\":\"https:\/\/clm-inclusiva.org\/\",\"name\":\"Clm-Inclusiva\",\"description\":\"Confederaci\u00f3n de entidades de personas con discapacidad f\u00edsica y org\u00e1nica CLM\",\"publisher\":{\"@id\":\"https:\/\/clm-inclusiva.org\/#organization\"},\"potentialAction\":[{\"@type\":\"SearchAction\",\"target\":{\"@type\":\"EntryPoint\",\"urlTemplate\":\"https:\/\/clm-inclusiva.org\/?s={search_term_string}\"},\"query-input\":\"required name=search_term_string\"}],\"inLanguage\":\"es\"},{\"@type\":\"Organization\",\"@id\":\"https:\/\/clm-inclusiva.org\/#organization\",\"name\":\"Clm-Inclusiva\",\"url\":\"https:\/\/clm-inclusiva.org\/\",\"logo\":{\"@type\":\"ImageObject\",\"inLanguage\":\"es\",\"@id\":\"https:\/\/clm-inclusiva.org\/#\/schema\/logo\/image\/\",\"url\":\"http:\/\/clm-inclusiva.org\/wp-content\/uploads\/2019\/04\/banner-e1533720812836.jpg\",\"contentUrl\":\"http:\/\/clm-inclusiva.org\/wp-content\/uploads\/2019\/04\/banner-e1533720812836.jpg\",\"width\":600,\"height\":332,\"caption\":\"Clm-Inclusiva\"},\"image\":{\"@id\":\"https:\/\/clm-inclusiva.org\/#\/schema\/logo\/image\/\"},\"sameAs\":[\"https:\/\/www.facebook.com\/castillalamancha.inclusiva\/\",\"https:\/\/twitter.com\/ClmInclusiva\"]},{\"@type\":\"Person\",\"@id\":\"https:\/\/clm-inclusiva.org\/#\/schema\/person\/0cff84aaa5bb8fd3521c55d1578d902b\",\"name\":\"clm-inclusiva\",\"image\":{\"@type\":\"ImageObject\",\"inLanguage\":\"es\",\"@id\":\"https:\/\/clm-inclusiva.org\/#\/schema\/person\/image\/\",\"url\":\"https:\/\/secure.gravatar.com\/avatar\/88948567af770dc9cd5597b329011884?s=96&d=blank&r=g\",\"contentUrl\":\"https:\/\/secure.gravatar.com\/avatar\/88948567af770dc9cd5597b329011884?s=96&d=blank&r=g\",\"caption\":\"clm-inclusiva\"},\"sameAs\":[\"http:\/\/clm-inclusiva.org\"],\"url\":\"https:\/\/clm-inclusiva.org\/?author=1\"}]}<\/script>\n<!-- \/ Yoast SEO plugin. -->","yoast_head_json":{"title":"CLM INCLUSIVA COCEMFE denuncia la discriminaci\u00f3n laboral que sufren las personas de m\u00e1s de 50 a\u00f1os - Clm-Inclusiva","robots":{"index":"index","follow":"follow","max-snippet":"max-snippet:-1","max-image-preview":"max-image-preview:large","max-video-preview":"max-video-preview:-1"},"canonical":"https:\/\/clm-inclusiva.org\/?p=4846","og_locale":"es_ES","og_type":"article","og_title":"CLM INCLUSIVA COCEMFE denuncia la discriminaci\u00f3n laboral que sufren las personas de m\u00e1s de 50 a\u00f1os - Clm-Inclusiva","og_description":"La Confederaci\u00f3n Regional lanza una campa\u00f1a para denunciar la discriminaci\u00f3n laboral que sufren las personas de m\u00e1s de 50 a\u00f1os que se encuentran en situaci\u00f3n de desempleo en Castilla-La Mancha. A trav\u00e9s del hashtag #YoS\u00edEncajo, se da voz a aquellos\/as trabajadores\/as de m\u00e1s de 50 a\u00f1os en un intento por concienciar a las empresas sobre [&hellip;]","og_url":"https:\/\/clm-inclusiva.org\/?p=4846","og_site_name":"Clm-Inclusiva","article_publisher":"https:\/\/www.facebook.com\/castillalamancha.inclusiva\/","article_published_time":"2023-07-27T09:23:27+00:00","article_modified_time":"2023-07-27T09:24:40+00:00","og_image":[{"width":1024,"height":576,"url":"https:\/\/clm-inclusiva.org\/wp-content\/uploads\/2023\/07\/CAMPA\u00d1A-YOSIENCAJO-1024x576.png","type":"image\/png"}],"author":"clm-inclusiva","twitter_card":"summary_large_image","twitter_creator":"@ClmInclusiva","twitter_site":"@ClmInclusiva","twitter_misc":{"Escrito por":"clm-inclusiva","Tiempo de lectura":"2 minutos"},"schema":{"@context":"https:\/\/schema.org","@graph":[{"@type":"Article","@id":"https:\/\/clm-inclusiva.org\/?p=4846#article","isPartOf":{"@id":"https:\/\/clm-inclusiva.org\/?p=4846"},"author":{"name":"clm-inclusiva","@id":"https:\/\/clm-inclusiva.org\/#\/schema\/person\/0cff84aaa5bb8fd3521c55d1578d902b"},"headline":"CLM INCLUSIVA COCEMFE denuncia la discriminaci\u00f3n laboral que sufren las personas de m\u00e1s de 50 a\u00f1os","datePublished":"2023-07-27T09:23:27+00:00","dateModified":"2023-07-27T09:24:40+00:00","mainEntityOfPage":{"@id":"https:\/\/clm-inclusiva.org\/?p=4846"},"wordCount":394,"commentCount":0,"publisher":{"@id":"https:\/\/clm-inclusiva.org\/#organization"},"inLanguage":"es","potentialAction":[{"@type":"CommentAction","name":"Comment","target":["https:\/\/clm-inclusiva.org\/?p=4846#respond"]}]},{"@type":"WebPage","@id":"https:\/\/clm-inclusiva.org\/?p=4846","url":"https:\/\/clm-inclusiva.org\/?p=4846","name":"CLM INCLUSIVA COCEMFE denuncia la discriminaci\u00f3n laboral que sufren las personas de m\u00e1s de 50 a\u00f1os - Clm-Inclusiva","isPartOf":{"@id":"https:\/\/clm-inclusiva.org\/#website"},"datePublished":"2023-07-27T09:23:27+00:00","dateModified":"2023-07-27T09:24:40+00:00","breadcrumb":{"@id":"https:\/\/clm-inclusiva.org\/?p=4846#breadcrumb"},"inLanguage":"es","potentialAction":[{"@type":"ReadAction","target":["https:\/\/clm-inclusiva.org\/?p=4846"]}]},{"@type":"BreadcrumbList","@id":"https:\/\/clm-inclusiva.org\/?p=4846#breadcrumb","itemListElement":[{"@type":"ListItem","position":1,"name":"Portada","item":"https:\/\/clm-inclusiva.org\/"},{"@type":"ListItem","position":2,"name":"CLM INCLUSIVA COCEMFE denuncia la discriminaci\u00f3n laboral que sufren las personas de m\u00e1s de 50 a\u00f1os"}]},{"@type":"WebSite","@id":"https:\/\/clm-inclusiva.org\/#website","url":"https:\/\/clm-inclusiva.org\/","name":"Clm-Inclusiva","description":"Confederaci\u00f3n de entidades de personas con discapacidad f\u00edsica y org\u00e1nica CLM","publisher":{"@id":"https:\/\/clm-inclusiva.org\/#organization"},"potentialAction":[{"@type":"SearchAction","target":{"@type":"EntryPoint","urlTemplate":"https:\/\/clm-inclusiva.org\/?s={search_term_string}"},"query-input":"required name=search_term_string"}],"inLanguage":"es"},{"@type":"Organization","@id":"https:\/\/clm-inclusiva.org\/#organization","name":"Clm-Inclusiva","url":"https:\/\/clm-inclusiva.org\/","logo":{"@type":"ImageObject","inLanguage":"es","@id":"https:\/\/clm-inclusiva.org\/#\/schema\/logo\/image\/","url":"http:\/\/clm-inclusiva.org\/wp-content\/uploads\/2019\/04\/banner-e1533720812836.jpg","contentUrl":"http:\/\/clm-inclusiva.org\/wp-content\/uploads\/2019\/04\/banner-e1533720812836.jpg","width":600,"height":332,"caption":"Clm-Inclusiva"},"image":{"@id":"https:\/\/clm-inclusiva.org\/#\/schema\/logo\/image\/"},"sameAs":["https:\/\/www.facebook.com\/castillalamancha.inclusiva\/","https:\/\/twitter.com\/ClmInclusiva"]},{"@type":"Person","@id":"https:\/\/clm-inclusiva.org\/#\/schema\/person\/0cff84aaa5bb8fd3521c55d1578d902b","name":"clm-inclusiva","image":{"@type":"ImageObject","inLanguage":"es","@id":"https:\/\/clm-inclusiva.org\/#\/schema\/person\/image\/","url":"https:\/\/secure.gravatar.com\/avatar\/88948567af770dc9cd5597b329011884?s=96&d=blank&r=g","contentUrl":"https:\/\/secure.gravatar.com\/avatar\/88948567af770dc9cd5597b329011884?s=96&d=blank&r=g","caption":"clm-inclusiva"},"sameAs":["http:\/\/clm-inclusiva.org"],"url":"https:\/\/clm-inclusiva.org\/?author=1"}]}},"_links":{"self":[{"href":"https:\/\/clm-inclusiva.org\/index.php?rest_route=\/wp\/v2\/posts\/4846"}],"collection":[{"href":"https:\/\/clm-inclusiva.org\/index.php?rest_route=\/wp\/v2\/posts"}],"about":[{"href":"https:\/\/clm-inclusiva.org\/index.php?rest_route=\/wp\/v2\/types\/post"}],"author":[{"embeddable":true,"href":"https:\/\/clm-inclusiva.org\/index.php?rest_route=\/wp\/v2\/users\/1"}],"replies":[{"embeddable":true,"href":"https:\/\/clm-inclusiva.org\/index.php?rest_route=%2Fwp%2Fv2%2Fcomments&post=4846"}],"version-history":[{"count":3,"href":"https:\/\/clm-inclusiva.org\/index.php?rest_route=\/wp\/v2\/posts\/4846\/revisions"}],"predecessor-version":[{"id":4850,"href":"https:\/\/clm-inclusiva.org\/index.php?rest_route=\/wp\/v2\/posts\/4846\/revisions\/4850"}],"wp:featuredmedia":[{"embeddable":true,"href":"https:\/\/clm-inclusiva.org\/index.php?rest_route=\/wp\/v2\/media\/4851"}],"wp:attachment":[{"href":"https:\/\/clm-inclusiva.org\/index.php?rest_route=%2Fwp%2Fv2%2Fmedia&parent=4846"}],"wp:term":[{"taxonomy":"category","embeddable":true,"href":"https:\/\/clm-inclusiva.org\/index.php?rest_route=%2Fwp%2Fv2%2Fcategories&post=4846"},{"taxonomy":"post_tag","embeddable":true,"href":"https:\/\/clm-inclusiva.org\/index.php?rest_route=%2Fwp%2Fv2%2Ftags&post=4846"}],"curies":[{"name":"wp","href":"https:\/\/api.w.org\/{rel}","templated":true}]}}