{"id":4838,"date":"2023-07-05T11:21:09","date_gmt":"2023-07-05T09:21:09","guid":{"rendered":"http:\/\/clm-inclusiva.org\/?p=4838"},"modified":"2023-07-05T11:26:45","modified_gmt":"2023-07-05T09:26:45","slug":"clm-inclusiva-cocemfe-promueve-la-inclusion-laboral-de-las-personas-con-discapacidad-en-albacete","status":"publish","type":"post","link":"https:\/\/clm-inclusiva.org\/?p=4838","title":{"rendered":"CLM INCLUSIVA COCEMFE promueve la inclusi\u00f3n laboral de las personas con discapacidad en Albacete"},"content":{"rendered":"<p>&nbsp;<\/p>\n<ul>\n<li style=\"text-align: justify\">CLM INCLUSICA COCEMFE participa en el Programa Estrat\u00e9gico de Soporte e Innovaci\u00f3n para la Activaci\u00f3n y Atenci\u00f3n a Personas con Discapacidad con Necesidades de Inserci\u00f3n Laboral promovidos por Entidades de COCEMFE<\/li>\n<li style=\"text-align: justify\">Este proyecto implica a m\u00e1s de 70 empresas sensibilizadas con la inclusi\u00f3n en el \u00e1mbito territorial de Albacete durante el a\u00f1o 2023<\/li>\n<li style=\"text-align: justify\">Financiado a trav\u00e9s de las subvenciones para la realizaci\u00f3n de actividades de inter\u00e9s general consideradas de inter\u00e9s social de la convocatoria del 0,7 del Ministerio de Derechos Sociales y Agenda 2030<\/li>\n<\/ul>\n<p style=\"text-align: justify\">(Albacete, 5 de julio de 2023)<\/p>\n<p style=\"text-align: justify\">CLM INCLUSIVA COCEMFE est\u00e1 desarrollando durante 2023 el Programa Estrat\u00e9gico de Soporte e Innovaci\u00f3n para la Activaci\u00f3n y Atenci\u00f3n a Personas con Discapacidad con Necesidades de Inserci\u00f3n Laboral promovidos por Entidades de COCEMFE, con el que se mejorar\u00e1n la inclusi\u00f3n laboral de las personas con discapacidad demandantes de empleo de Albacete a trav\u00e9s de m\u00e1s de 70 empresas y la implicaci\u00f3n de otros agentes locales.<\/p>\n<p style=\"text-align: justify\">Con este proyecto, ejecutado a nivel nacional por la Confederaci\u00f3n Espa\u00f1ola de Personas con Discapacidad F\u00edsica y Org\u00e1nica (COCEMFE), se pretende la construcci\u00f3n de ecosistemas comunitarios, inclusivos, sostenibles favorecedores del empleo digno para todas las personas y de la mejora de su empleabilidad a lo largo de toda la vida.<\/p>\n<p style=\"text-align: justify\">Para ello, se presta especial atenci\u00f3n a las empresas implicadas para mejorar la experiencia de acogida, inclusi\u00f3n y permanencia de las personas con discapacidad en la empresa y, adem\u00e1s, se impulsa el derecho a los ajustes razonables en el \u00e1mbito de la gesti\u00f3n de personas mediante la creaci\u00f3n de servicios de apoyo espec\u00edficos para la promoci\u00f3n de los ajustes personales en los centros de trabajo.<\/p>\n<p style=\"text-align: justify\">Este proyecto se est\u00e1 ejecutando gracias a las cantidades asignadas a actividades de inter\u00e9s general consideradas de inter\u00e9s social en las declaraciones del Impuesto sobre la Renta de las Personas F\u00edsicas y el Impuesto sobre Sociedades. COCEMFE nacional gestiona estas subvenciones del Ministerio de Derechos Sociales y Agenda 2030 para la financiaci\u00f3n de los proyectos prioritarios de sus entidades, proporcion\u00e1ndoles asesoramiento y realizando un seguimiento pormenorizado durante todo el proceso. Coordina, representa e impulsa al Movimiento Asociativo de Personas con Discapacidad F\u00edsica y Org\u00e1nica, a la vez que desarrolla una serie de servicios y actividades orientadas a sus organizaciones miembro con la intenci\u00f3n de mejorar la calidad de vida, la plena integraci\u00f3n en la sociedad y la defensa de los derechos de las Personas con Discapacidad F\u00edsica y Org\u00e1nica en todos los \u00e1mbitos de la vida.<\/p>\n<p style=\"text-align: justify\">Por su parte, la Confederaci\u00f3n Regional de Entidades de personas con Discapacidad F\u00edsica y Org\u00e1nica (CLM Inclusiva COCEMFE) se constituy\u00f3 en el a\u00f1o 2017. Agrupa a casi un centenar de entidades que representan casi a 10.000 personas con discapacidad. Se encuentra compuesta por las federaciones provinciales, COCEMFE Albacete, COCEMFE Guadalajara, COCEMFE\u00a0<a href=\"http:\/\/www.lacerca.com\/etiquetas\/1\/toledo\">Toledo<\/a>, COCEMFE Cuenca y Ciudad Real INCLUSIVA, as\u00ed como las entidades de car\u00e1cter regional AFANION, LUNA, AIDISCAM CLM y la asociaci\u00f3n\u00a0<a href=\"http:\/\/www.lacerca.com\/etiquetas\/1\/nacional%20amiab\">nacional AMIAB<\/a>. El objetivo fundamental de la confederaci\u00f3n es articular y vertebrar en nuestra regi\u00f3n el asociacionismo de la discapacidad f\u00edsica y org\u00e1nica, desde la unidad y respeto al pluralismo, para desarrollar una acci\u00f3n representativa efectiva en defensas de los derechos e intereses de las personas con discapacidad y sus familias.<\/p>\n","protected":false},"excerpt":{"rendered":"<p>&nbsp; CLM INCLUSICA COCEMFE participa en el Programa Estrat\u00e9gico de Soporte e Innovaci\u00f3n para la Activaci\u00f3n y Atenci\u00f3n a Personas con Discapacidad con Necesidades de Inserci\u00f3n Laboral promovidos por Entidades de COCEMFE Este proyecto implica a m\u00e1s de 70 empresas sensibilizadas con la inclusi\u00f3n en el \u00e1mbito territorial de Albacete durante el a\u00f1o 2023 Financiado [&hellip;]<\/p>\n","protected":false},"author":1,"featured_media":4840,"comment_status":"open","ping_status":"open","sticky":false,"template":"","format":"standard","meta":{"_et_pb_use_builder":"","_et_pb_old_content":"","_et_gb_content_width":"","footnotes":""},"categories":[49,5,41],"tags":[],"yoast_head":"<!-- This site is optimized with the Yoast SEO plugin v21.3 - https:\/\/yoast.com\/wordpress\/plugins\/seo\/ -->\n<title>CLM INCLUSIVA COCEMFE promueve la inclusi\u00f3n laboral de las personas con discapacidad en Albacete - Clm-Inclusiva<\/title>\n<meta name=\"robots\" content=\"index, follow, max-snippet:-1, max-image-preview:large, max-video-preview:-1\" \/>\n<link rel=\"canonical\" href=\"https:\/\/clm-inclusiva.org\/?p=4838\" \/>\n<meta property=\"og:locale\" content=\"es_ES\" \/>\n<meta property=\"og:type\" content=\"article\" \/>\n<meta property=\"og:title\" content=\"CLM INCLUSIVA COCEMFE promueve la inclusi\u00f3n laboral de las personas con discapacidad en Albacete - Clm-Inclusiva\" \/>\n<meta property=\"og:description\" content=\"&nbsp; CLM INCLUSICA COCEMFE participa en el Programa Estrat\u00e9gico de Soporte e Innovaci\u00f3n para la Activaci\u00f3n y Atenci\u00f3n a Personas con Discapacidad con Necesidades de Inserci\u00f3n Laboral promovidos por Entidades de COCEMFE Este proyecto implica a m\u00e1s de 70 empresas sensibilizadas con la inclusi\u00f3n en el \u00e1mbito territorial de Albacete durante el a\u00f1o 2023 Financiado [&hellip;]\" \/>\n<meta property=\"og:url\" content=\"https:\/\/clm-inclusiva.org\/?p=4838\" \/>\n<meta property=\"og:site_name\" content=\"Clm-Inclusiva\" \/>\n<meta property=\"article:publisher\" content=\"https:\/\/www.facebook.com\/castillalamancha.inclusiva\/\" \/>\n<meta property=\"article:published_time\" content=\"2023-07-05T09:21:09+00:00\" \/>\n<meta property=\"article:modified_time\" content=\"2023-07-05T09:26:45+00:00\" \/>\n<meta property=\"og:image\" content=\"https:\/\/clm-inclusiva.org\/wp-content\/uploads\/2023\/07\/Dise\u00f1o-sin-t\u00edtulo-60.png\" \/>\n\t<meta property=\"og:image:width\" content=\"938\" \/>\n\t<meta property=\"og:image:height\" content=\"938\" \/>\n\t<meta property=\"og:image:type\" content=\"image\/png\" \/>\n<meta name=\"author\" content=\"clm-inclusiva\" \/>\n<meta name=\"twitter:card\" content=\"summary_large_image\" \/>\n<meta name=\"twitter:creator\" content=\"@ClmInclusiva\" \/>\n<meta name=\"twitter:site\" content=\"@ClmInclusiva\" \/>\n<meta name=\"twitter:label1\" content=\"Escrito por\" \/>\n\t<meta name=\"twitter:data1\" content=\"clm-inclusiva\" \/>\n\t<meta name=\"twitter:label2\" content=\"Tiempo de lectura\" \/>\n\t<meta name=\"twitter:data2\" content=\"3 minutos\" \/>\n<script type=\"application\/ld+json\" class=\"yoast-schema-graph\">{\"@context\":\"https:\/\/schema.org\",\"@graph\":[{\"@type\":\"Article\",\"@id\":\"https:\/\/clm-inclusiva.org\/?p=4838#article\",\"isPartOf\":{\"@id\":\"https:\/\/clm-inclusiva.org\/?p=4838\"},\"author\":{\"name\":\"clm-inclusiva\",\"@id\":\"https:\/\/clm-inclusiva.org\/#\/schema\/person\/0cff84aaa5bb8fd3521c55d1578d902b\"},\"headline\":\"CLM INCLUSIVA COCEMFE promueve la inclusi\u00f3n laboral de las personas con discapacidad en Albacete\",\"datePublished\":\"2023-07-05T09:21:09+00:00\",\"dateModified\":\"2023-07-05T09:26:45+00:00\",\"mainEntityOfPage\":{\"@id\":\"https:\/\/clm-inclusiva.org\/?p=4838\"},\"wordCount\":590,\"commentCount\":0,\"publisher\":{\"@id\":\"https:\/\/clm-inclusiva.org\/#organization\"},\"articleSection\":[\"castilla-la mancha\",\"Discapacidad\",\"Tercer sector\"],\"inLanguage\":\"es\",\"potentialAction\":[{\"@type\":\"CommentAction\",\"name\":\"Comment\",\"target\":[\"https:\/\/clm-inclusiva.org\/?p=4838#respond\"]}]},{\"@type\":\"WebPage\",\"@id\":\"https:\/\/clm-inclusiva.org\/?p=4838\",\"url\":\"https:\/\/clm-inclusiva.org\/?p=4838\",\"name\":\"CLM INCLUSIVA COCEMFE promueve la inclusi\u00f3n laboral de las personas con discapacidad en Albacete - Clm-Inclusiva\",\"isPartOf\":{\"@id\":\"https:\/\/clm-inclusiva.org\/#website\"},\"datePublished\":\"2023-07-05T09:21:09+00:00\",\"dateModified\":\"2023-07-05T09:26:45+00:00\",\"breadcrumb\":{\"@id\":\"https:\/\/clm-inclusiva.org\/?p=4838#breadcrumb\"},\"inLanguage\":\"es\",\"potentialAction\":[{\"@type\":\"ReadAction\",\"target\":[\"https:\/\/clm-inclusiva.org\/?p=4838\"]}]},{\"@type\":\"BreadcrumbList\",\"@id\":\"https:\/\/clm-inclusiva.org\/?p=4838#breadcrumb\",\"itemListElement\":[{\"@type\":\"ListItem\",\"position\":1,\"name\":\"Portada\",\"item\":\"https:\/\/clm-inclusiva.org\/\"},{\"@type\":\"ListItem\",\"position\":2,\"name\":\"CLM INCLUSIVA COCEMFE promueve la inclusi\u00f3n laboral de las personas con discapacidad en Albacete\"}]},{\"@type\":\"WebSite\",\"@id\":\"https:\/\/clm-inclusiva.org\/#website\",\"url\":\"https:\/\/clm-inclusiva.org\/\",\"name\":\"Clm-Inclusiva\",\"description\":\"Confederaci\u00f3n de entidades de personas con discapacidad f\u00edsica y org\u00e1nica CLM\",\"publisher\":{\"@id\":\"https:\/\/clm-inclusiva.org\/#organization\"},\"potentialAction\":[{\"@type\":\"SearchAction\",\"target\":{\"@type\":\"EntryPoint\",\"urlTemplate\":\"https:\/\/clm-inclusiva.org\/?s={search_term_string}\"},\"query-input\":\"required name=search_term_string\"}],\"inLanguage\":\"es\"},{\"@type\":\"Organization\",\"@id\":\"https:\/\/clm-inclusiva.org\/#organization\",\"name\":\"Clm-Inclusiva\",\"url\":\"https:\/\/clm-inclusiva.org\/\",\"logo\":{\"@type\":\"ImageObject\",\"inLanguage\":\"es\",\"@id\":\"https:\/\/clm-inclusiva.org\/#\/schema\/logo\/image\/\",\"url\":\"http:\/\/clm-inclusiva.org\/wp-content\/uploads\/2019\/04\/banner-e1533720812836.jpg\",\"contentUrl\":\"http:\/\/clm-inclusiva.org\/wp-content\/uploads\/2019\/04\/banner-e1533720812836.jpg\",\"width\":600,\"height\":332,\"caption\":\"Clm-Inclusiva\"},\"image\":{\"@id\":\"https:\/\/clm-inclusiva.org\/#\/schema\/logo\/image\/\"},\"sameAs\":[\"https:\/\/www.facebook.com\/castillalamancha.inclusiva\/\",\"https:\/\/twitter.com\/ClmInclusiva\"]},{\"@type\":\"Person\",\"@id\":\"https:\/\/clm-inclusiva.org\/#\/schema\/person\/0cff84aaa5bb8fd3521c55d1578d902b\",\"name\":\"clm-inclusiva\",\"image\":{\"@type\":\"ImageObject\",\"inLanguage\":\"es\",\"@id\":\"https:\/\/clm-inclusiva.org\/#\/schema\/person\/image\/\",\"url\":\"https:\/\/secure.gravatar.com\/avatar\/88948567af770dc9cd5597b329011884?s=96&d=blank&r=g\",\"contentUrl\":\"https:\/\/secure.gravatar.com\/avatar\/88948567af770dc9cd5597b329011884?s=96&d=blank&r=g\",\"caption\":\"clm-inclusiva\"},\"sameAs\":[\"http:\/\/clm-inclusiva.org\"],\"url\":\"https:\/\/clm-inclusiva.org\/?author=1\"}]}<\/script>\n<!-- \/ Yoast SEO plugin. -->","yoast_head_json":{"title":"CLM INCLUSIVA COCEMFE promueve la inclusi\u00f3n laboral de las personas con discapacidad en Albacete - Clm-Inclusiva","robots":{"index":"index","follow":"follow","max-snippet":"max-snippet:-1","max-image-preview":"max-image-preview:large","max-video-preview":"max-video-preview:-1"},"canonical":"https:\/\/clm-inclusiva.org\/?p=4838","og_locale":"es_ES","og_type":"article","og_title":"CLM INCLUSIVA COCEMFE promueve la inclusi\u00f3n laboral de las personas con discapacidad en Albacete - Clm-Inclusiva","og_description":"&nbsp; CLM INCLUSICA COCEMFE participa en el Programa Estrat\u00e9gico de Soporte e Innovaci\u00f3n para la Activaci\u00f3n y Atenci\u00f3n a Personas con Discapacidad con Necesidades de Inserci\u00f3n Laboral promovidos por Entidades de COCEMFE Este proyecto implica a m\u00e1s de 70 empresas sensibilizadas con la inclusi\u00f3n en el \u00e1mbito territorial de Albacete durante el a\u00f1o 2023 Financiado [&hellip;]","og_url":"https:\/\/clm-inclusiva.org\/?p=4838","og_site_name":"Clm-Inclusiva","article_publisher":"https:\/\/www.facebook.com\/castillalamancha.inclusiva\/","article_published_time":"2023-07-05T09:21:09+00:00","article_modified_time":"2023-07-05T09:26:45+00:00","og_image":[{"width":938,"height":938,"url":"https:\/\/clm-inclusiva.org\/wp-content\/uploads\/2023\/07\/Dise\u00f1o-sin-t\u00edtulo-60.png","type":"image\/png"}],"author":"clm-inclusiva","twitter_card":"summary_large_image","twitter_creator":"@ClmInclusiva","twitter_site":"@ClmInclusiva","twitter_misc":{"Escrito por":"clm-inclusiva","Tiempo de lectura":"3 minutos"},"schema":{"@context":"https:\/\/schema.org","@graph":[{"@type":"Article","@id":"https:\/\/clm-inclusiva.org\/?p=4838#article","isPartOf":{"@id":"https:\/\/clm-inclusiva.org\/?p=4838"},"author":{"name":"clm-inclusiva","@id":"https:\/\/clm-inclusiva.org\/#\/schema\/person\/0cff84aaa5bb8fd3521c55d1578d902b"},"headline":"CLM INCLUSIVA COCEMFE promueve la inclusi\u00f3n laboral de las personas con discapacidad en Albacete","datePublished":"2023-07-05T09:21:09+00:00","dateModified":"2023-07-05T09:26:45+00:00","mainEntityOfPage":{"@id":"https:\/\/clm-inclusiva.org\/?p=4838"},"wordCount":590,"commentCount":0,"publisher":{"@id":"https:\/\/clm-inclusiva.org\/#organization"},"articleSection":["castilla-la mancha","Discapacidad","Tercer sector"],"inLanguage":"es","potentialAction":[{"@type":"CommentAction","name":"Comment","target":["https:\/\/clm-inclusiva.org\/?p=4838#respond"]}]},{"@type":"WebPage","@id":"https:\/\/clm-inclusiva.org\/?p=4838","url":"https:\/\/clm-inclusiva.org\/?p=4838","name":"CLM INCLUSIVA COCEMFE promueve la inclusi\u00f3n laboral de las personas con discapacidad en Albacete - Clm-Inclusiva","isPartOf":{"@id":"https:\/\/clm-inclusiva.org\/#website"},"datePublished":"2023-07-05T09:21:09+00:00","dateModified":"2023-07-05T09:26:45+00:00","breadcrumb":{"@id":"https:\/\/clm-inclusiva.org\/?p=4838#breadcrumb"},"inLanguage":"es","potentialAction":[{"@type":"ReadAction","target":["https:\/\/clm-inclusiva.org\/?p=4838"]}]},{"@type":"BreadcrumbList","@id":"https:\/\/clm-inclusiva.org\/?p=4838#breadcrumb","itemListElement":[{"@type":"ListItem","position":1,"name":"Portada","item":"https:\/\/clm-inclusiva.org\/"},{"@type":"ListItem","position":2,"name":"CLM INCLUSIVA COCEMFE promueve la inclusi\u00f3n laboral de las personas con discapacidad en Albacete"}]},{"@type":"WebSite","@id":"https:\/\/clm-inclusiva.org\/#website","url":"https:\/\/clm-inclusiva.org\/","name":"Clm-Inclusiva","description":"Confederaci\u00f3n de entidades de personas con discapacidad f\u00edsica y org\u00e1nica CLM","publisher":{"@id":"https:\/\/clm-inclusiva.org\/#organization"},"potentialAction":[{"@type":"SearchAction","target":{"@type":"EntryPoint","urlTemplate":"https:\/\/clm-inclusiva.org\/?s={search_term_string}"},"query-input":"required name=search_term_string"}],"inLanguage":"es"},{"@type":"Organization","@id":"https:\/\/clm-inclusiva.org\/#organization","name":"Clm-Inclusiva","url":"https:\/\/clm-inclusiva.org\/","logo":{"@type":"ImageObject","inLanguage":"es","@id":"https:\/\/clm-inclusiva.org\/#\/schema\/logo\/image\/","url":"http:\/\/clm-inclusiva.org\/wp-content\/uploads\/2019\/04\/banner-e1533720812836.jpg","contentUrl":"http:\/\/clm-inclusiva.org\/wp-content\/uploads\/2019\/04\/banner-e1533720812836.jpg","width":600,"height":332,"caption":"Clm-Inclusiva"},"image":{"@id":"https:\/\/clm-inclusiva.org\/#\/schema\/logo\/image\/"},"sameAs":["https:\/\/www.facebook.com\/castillalamancha.inclusiva\/","https:\/\/twitter.com\/ClmInclusiva"]},{"@type":"Person","@id":"https:\/\/clm-inclusiva.org\/#\/schema\/person\/0cff84aaa5bb8fd3521c55d1578d902b","name":"clm-inclusiva","image":{"@type":"ImageObject","inLanguage":"es","@id":"https:\/\/clm-inclusiva.org\/#\/schema\/person\/image\/","url":"https:\/\/secure.gravatar.com\/avatar\/88948567af770dc9cd5597b329011884?s=96&d=blank&r=g","contentUrl":"https:\/\/secure.gravatar.com\/avatar\/88948567af770dc9cd5597b329011884?s=96&d=blank&r=g","caption":"clm-inclusiva"},"sameAs":["http:\/\/clm-inclusiva.org"],"url":"https:\/\/clm-inclusiva.org\/?author=1"}]}},"_links":{"self":[{"href":"https:\/\/clm-inclusiva.org\/index.php?rest_route=\/wp\/v2\/posts\/4838"}],"collection":[{"href":"https:\/\/clm-inclusiva.org\/index.php?rest_route=\/wp\/v2\/posts"}],"about":[{"href":"https:\/\/clm-inclusiva.org\/index.php?rest_route=\/wp\/v2\/types\/post"}],"author":[{"embeddable":true,"href":"https:\/\/clm-inclusiva.org\/index.php?rest_route=\/wp\/v2\/users\/1"}],"replies":[{"embeddable":true,"href":"https:\/\/clm-inclusiva.org\/index.php?rest_route=%2Fwp%2Fv2%2Fcomments&post=4838"}],"version-history":[{"count":3,"href":"https:\/\/clm-inclusiva.org\/index.php?rest_route=\/wp\/v2\/posts\/4838\/revisions"}],"predecessor-version":[{"id":4844,"href":"https:\/\/clm-inclusiva.org\/index.php?rest_route=\/wp\/v2\/posts\/4838\/revisions\/4844"}],"wp:featuredmedia":[{"embeddable":true,"href":"https:\/\/clm-inclusiva.org\/index.php?rest_route=\/wp\/v2\/media\/4840"}],"wp:attachment":[{"href":"https:\/\/clm-inclusiva.org\/index.php?rest_route=%2Fwp%2Fv2%2Fmedia&parent=4838"}],"wp:term":[{"taxonomy":"category","embeddable":true,"href":"https:\/\/clm-inclusiva.org\/index.php?rest_route=%2Fwp%2Fv2%2Fcategories&post=4838"},{"taxonomy":"post_tag","embeddable":true,"href":"https:\/\/clm-inclusiva.org\/index.php?rest_route=%2Fwp%2Fv2%2Ftags&post=4838"}],"curies":[{"name":"wp","href":"https:\/\/api.w.org\/{rel}","templated":true}]}}