{"id":4831,"date":"2023-06-21T15:11:17","date_gmt":"2023-06-21T13:11:17","guid":{"rendered":"http:\/\/clm-inclusiva.org\/?p=4831"},"modified":"2023-06-23T09:36:51","modified_gmt":"2023-06-23T07:36:51","slug":"4831","status":"publish","type":"post","link":"https:\/\/clm-inclusiva.org\/?p=4831","title":{"rendered":"CLM INCLUSIVA COCEMFE reclama que aumenten los recursos a las entidades de discapacidad ante el peligro de que la marginaci\u00f3n social y la exclusi\u00f3n econ\u00f3mica se hagan presentes"},"content":{"rendered":"<p>&nbsp;<\/p>\n<p><strong>CLM INCLUSIVA COCEMFE reclama que aumenten los recursos a las entidades de discapacidad ante el peligro de que la marginaci\u00f3n social y la exclusi\u00f3n econ\u00f3mica se hagan presentes.<\/strong><\/p>\n<ul>\n<li style=\"text-align: justify\"><strong>La Confederaci\u00f3n celebr\u00f3 ayer su Asamblea General Ordinaria en la han participado los delegados y representantes de sus entidades socias: COCEMFE Albacete, COCEMFE Guadalajara, COCEMFE Toledo, COCEMFE Cuenca y Ciudad Real INCLUSIVA, as\u00ed como las entidades de car\u00e1cter regional AFANION, LUNA, AIDISCAM CLM y la asociaci\u00f3n nacional AMIAB.<\/strong><\/li>\n<li style=\"text-align: justify\"><strong>CLM Inclusiva COCEMFE reivindica la sostenibilidad de las entidades de personas con discapacidad, una interlocuci\u00f3n continua con todas las formaciones pol\u00edticas y las administraciones y pol\u00edticas transversales e inclusivas con las personas con discapacidad en Castilla-La Mancha<\/strong><\/li>\n<\/ul>\n<p style=\"text-align: justify\"><strong>\u00a0\u00a0\u00a0\u00a0\u00a0\u00a0\u00a0\u00a0\u00a0 <\/strong>(Albacete, 21 de junio de 2023)<\/p>\n<p style=\"text-align: justify\">\u00a0\u00a0\u00a0\u00a0\u00a0\u00a0\u00a0\u00a0\u00a0\u00a0\u00a0 La Confederaci\u00f3n de entidades de personas con discapacidad f\u00edsica y org\u00e1nica de Castilla-La Mancha (CLM Inclusiva COCEMFE) celebraba en la ma\u00f1ana de ayer su Asamblea General Ordinaria en Albacete, en la han participado m\u00e1s de 35 representantes de organizaciones regionales, provinciales y locales de personas con discapacidad f\u00edsica y org\u00e1nica de toda Castilla-La Mancha.<\/p>\n<p style=\"text-align: justify\">\u00a0El presidente de la entidad, Enrique Alarc\u00f3n Garc\u00eda, ha reivindicado durante su intervenci\u00f3n \u201cuna financiaci\u00f3n estable que garantice la sostenibilidad de las organizaciones de personas con discapacidad en nuestra regi\u00f3n porque de ello depende que podamos seguir desarrollando proyectos y servicios dirigidos a promover nuestra plena inclusi\u00f3n y participaci\u00f3n activa en la sociedad\u201d.<\/p>\n<p style=\"text-align: justify\">\u201cEn total, 5.025 personas fueron atendidas en los diferentes programas con los que cuenta CLM Inclusiva COCEMFE, llegando a realizar 9.450 acciones individuales, y logrando 458 inserciones en el mercado laboral en 2022\u201d, ha explicado Carlos Mora, Coordinador Regional, remarcando tambi\u00e9n el esfuerzo realizado para \u201cimpulsar los apoyos que desde la Confederaci\u00f3n regional estamos dando a las entidades para facilitar su trabajo y que sigamos avanzando en cuestiones como la accesibilidad, la educaci\u00f3n, la atenci\u00f3n sociosanitaria, la vida independiente, la igualdad de g\u00e9nero, el empleo, entre otras \u00e1reas de trabajo\u201d.<\/p>\n<p style=\"text-align: justify\">\u201cLas personas con discapacidad tenemos que tener el derecho a decidir c\u00f3mo queremos vivir y a contar con los medios de apoyo necesarios para garantizar ese derecho\u201d, ha reivindicado el presidente de CLM Inclusiva COCEMFE, destacando que por este motivo \u201cla puesta en marcha de las acciones encaminadas a la Accesibilidad Universal; y el desarrollo de la figura de la asistencia personal a fin de facilitar la vida independiente, ser\u00e1n aspectos claves para la entidad durante 2023\u201d.<\/p>\n<p style=\"text-align: justify\">Entre las prioridades de la entidad en 2023 tambi\u00e9n se encuentra \u201cuna interlocuci\u00f3n continua con todas las formaciones pol\u00edticas y las administraciones, porque tenemos que dise\u00f1ar de manera conjunta las medidas destinadas a nuestro bienestar y el ejercicio de nuestros derechos; pol\u00edticas transversales e inclusivas con las personas con discapacidad y sus familias\u201d, se\u00f1alaba Enrique Alarc\u00f3n.<\/p>\n<p style=\"text-align: justify\">Durante la Asamblea se aprob\u00f3 la Memoria del a\u00f1o 2022, la cuentas de 2022, el Programa de actividades para 2023, y el Presupuesto de 2023. Pedro S\u00e1ez, Secretario de finanzas de la Confederaci\u00f3n, presentaba unas cuentas equilibradas, fruto de la gesti\u00f3n responsable de los recursos y adem\u00e1s se aprob\u00f3 el presupuesto de 2023 con un incremento del 21% respecto al del ejercicio anterior.<\/p>\n<p style=\"text-align: justify\">Desde la Junta Directiva quieren agradecer a todos aquellos representantes pol\u00edticos y cargos p\u00fablicos que nos acompa\u00f1aron en la clausura de nuestra Asamblea Ordinaria.<\/p>\n","protected":false},"excerpt":{"rendered":"<p>&nbsp; CLM INCLUSIVA COCEMFE reclama que aumenten los recursos a las entidades de discapacidad ante el peligro de que la marginaci\u00f3n social y la exclusi\u00f3n econ\u00f3mica se hagan presentes. La Confederaci\u00f3n celebr\u00f3 ayer su Asamblea General Ordinaria en la han participado los delegados y representantes de sus entidades socias: COCEMFE Albacete, COCEMFE Guadalajara, COCEMFE Toledo, [&hellip;]<\/p>\n","protected":false},"author":1,"featured_media":4834,"comment_status":"open","ping_status":"open","sticky":false,"template":"","format":"standard","meta":{"_et_pb_use_builder":"","_et_pb_old_content":"","_et_gb_content_width":"","footnotes":""},"categories":[1],"tags":[],"yoast_head":"<!-- This site is optimized with the Yoast SEO plugin v21.3 - https:\/\/yoast.com\/wordpress\/plugins\/seo\/ -->\n<title>CLM INCLUSIVA COCEMFE reclama que aumenten los recursos a las entidades de discapacidad ante el peligro de que la marginaci\u00f3n social y la exclusi\u00f3n econ\u00f3mica se hagan presentes - Clm-Inclusiva<\/title>\n<meta name=\"robots\" content=\"index, follow, max-snippet:-1, max-image-preview:large, max-video-preview:-1\" \/>\n<link rel=\"canonical\" href=\"https:\/\/clm-inclusiva.org\/?p=4831\" \/>\n<meta property=\"og:locale\" content=\"es_ES\" \/>\n<meta property=\"og:type\" content=\"article\" \/>\n<meta property=\"og:title\" content=\"CLM INCLUSIVA COCEMFE reclama que aumenten los recursos a las entidades de discapacidad ante el peligro de que la marginaci\u00f3n social y la exclusi\u00f3n econ\u00f3mica se hagan presentes - Clm-Inclusiva\" \/>\n<meta property=\"og:description\" content=\"&nbsp; CLM INCLUSIVA COCEMFE reclama que aumenten los recursos a las entidades de discapacidad ante el peligro de que la marginaci\u00f3n social y la exclusi\u00f3n econ\u00f3mica se hagan presentes. La Confederaci\u00f3n celebr\u00f3 ayer su Asamblea General Ordinaria en la han participado los delegados y representantes de sus entidades socias: COCEMFE Albacete, COCEMFE Guadalajara, COCEMFE Toledo, [&hellip;]\" \/>\n<meta property=\"og:url\" content=\"https:\/\/clm-inclusiva.org\/?p=4831\" \/>\n<meta property=\"og:site_name\" content=\"Clm-Inclusiva\" \/>\n<meta property=\"article:publisher\" content=\"https:\/\/www.facebook.com\/castillalamancha.inclusiva\/\" \/>\n<meta property=\"article:published_time\" content=\"2023-06-21T13:11:17+00:00\" \/>\n<meta property=\"article:modified_time\" content=\"2023-06-23T07:36:51+00:00\" \/>\n<meta property=\"og:image\" content=\"https:\/\/clm-inclusiva.org\/wp-content\/uploads\/2023\/06\/IMG_1044-scaled.jpg\" \/>\n\t<meta property=\"og:image:width\" content=\"2560\" \/>\n\t<meta property=\"og:image:height\" content=\"1707\" \/>\n\t<meta property=\"og:image:type\" content=\"image\/jpeg\" \/>\n<meta name=\"author\" content=\"clm-inclusiva\" \/>\n<meta name=\"twitter:card\" content=\"summary_large_image\" \/>\n<meta name=\"twitter:creator\" content=\"@ClmInclusiva\" \/>\n<meta name=\"twitter:site\" content=\"@ClmInclusiva\" \/>\n<meta name=\"twitter:label1\" content=\"Escrito por\" \/>\n\t<meta name=\"twitter:data1\" content=\"clm-inclusiva\" \/>\n\t<meta name=\"twitter:label2\" content=\"Tiempo de lectura\" \/>\n\t<meta name=\"twitter:data2\" content=\"3 minutos\" \/>\n<script type=\"application\/ld+json\" class=\"yoast-schema-graph\">{\"@context\":\"https:\/\/schema.org\",\"@graph\":[{\"@type\":\"Article\",\"@id\":\"https:\/\/clm-inclusiva.org\/?p=4831#article\",\"isPartOf\":{\"@id\":\"https:\/\/clm-inclusiva.org\/?p=4831\"},\"author\":{\"name\":\"clm-inclusiva\",\"@id\":\"https:\/\/clm-inclusiva.org\/#\/schema\/person\/0cff84aaa5bb8fd3521c55d1578d902b\"},\"headline\":\"CLM INCLUSIVA COCEMFE reclama que aumenten los recursos a las entidades de discapacidad ante el peligro de que la marginaci\u00f3n social y la exclusi\u00f3n econ\u00f3mica se hagan presentes\",\"datePublished\":\"2023-06-21T13:11:17+00:00\",\"dateModified\":\"2023-06-23T07:36:51+00:00\",\"mainEntityOfPage\":{\"@id\":\"https:\/\/clm-inclusiva.org\/?p=4831\"},\"wordCount\":598,\"commentCount\":0,\"publisher\":{\"@id\":\"https:\/\/clm-inclusiva.org\/#organization\"},\"inLanguage\":\"es\",\"potentialAction\":[{\"@type\":\"CommentAction\",\"name\":\"Comment\",\"target\":[\"https:\/\/clm-inclusiva.org\/?p=4831#respond\"]}]},{\"@type\":\"WebPage\",\"@id\":\"https:\/\/clm-inclusiva.org\/?p=4831\",\"url\":\"https:\/\/clm-inclusiva.org\/?p=4831\",\"name\":\"CLM INCLUSIVA COCEMFE reclama que aumenten los recursos a las entidades de discapacidad ante el peligro de que la marginaci\u00f3n social y la exclusi\u00f3n econ\u00f3mica se hagan presentes - Clm-Inclusiva\",\"isPartOf\":{\"@id\":\"https:\/\/clm-inclusiva.org\/#website\"},\"datePublished\":\"2023-06-21T13:11:17+00:00\",\"dateModified\":\"2023-06-23T07:36:51+00:00\",\"breadcrumb\":{\"@id\":\"https:\/\/clm-inclusiva.org\/?p=4831#breadcrumb\"},\"inLanguage\":\"es\",\"potentialAction\":[{\"@type\":\"ReadAction\",\"target\":[\"https:\/\/clm-inclusiva.org\/?p=4831\"]}]},{\"@type\":\"BreadcrumbList\",\"@id\":\"https:\/\/clm-inclusiva.org\/?p=4831#breadcrumb\",\"itemListElement\":[{\"@type\":\"ListItem\",\"position\":1,\"name\":\"Portada\",\"item\":\"https:\/\/clm-inclusiva.org\/\"},{\"@type\":\"ListItem\",\"position\":2,\"name\":\"CLM INCLUSIVA COCEMFE reclama que aumenten los recursos a las entidades de discapacidad ante el peligro de que la marginaci\u00f3n social y la exclusi\u00f3n econ\u00f3mica se hagan presentes\"}]},{\"@type\":\"WebSite\",\"@id\":\"https:\/\/clm-inclusiva.org\/#website\",\"url\":\"https:\/\/clm-inclusiva.org\/\",\"name\":\"Clm-Inclusiva\",\"description\":\"Confederaci\u00f3n de entidades de personas con discapacidad f\u00edsica y org\u00e1nica CLM\",\"publisher\":{\"@id\":\"https:\/\/clm-inclusiva.org\/#organization\"},\"potentialAction\":[{\"@type\":\"SearchAction\",\"target\":{\"@type\":\"EntryPoint\",\"urlTemplate\":\"https:\/\/clm-inclusiva.org\/?s={search_term_string}\"},\"query-input\":\"required name=search_term_string\"}],\"inLanguage\":\"es\"},{\"@type\":\"Organization\",\"@id\":\"https:\/\/clm-inclusiva.org\/#organization\",\"name\":\"Clm-Inclusiva\",\"url\":\"https:\/\/clm-inclusiva.org\/\",\"logo\":{\"@type\":\"ImageObject\",\"inLanguage\":\"es\",\"@id\":\"https:\/\/clm-inclusiva.org\/#\/schema\/logo\/image\/\",\"url\":\"http:\/\/clm-inclusiva.org\/wp-content\/uploads\/2019\/04\/banner-e1533720812836.jpg\",\"contentUrl\":\"http:\/\/clm-inclusiva.org\/wp-content\/uploads\/2019\/04\/banner-e1533720812836.jpg\",\"width\":600,\"height\":332,\"caption\":\"Clm-Inclusiva\"},\"image\":{\"@id\":\"https:\/\/clm-inclusiva.org\/#\/schema\/logo\/image\/\"},\"sameAs\":[\"https:\/\/www.facebook.com\/castillalamancha.inclusiva\/\",\"https:\/\/twitter.com\/ClmInclusiva\"]},{\"@type\":\"Person\",\"@id\":\"https:\/\/clm-inclusiva.org\/#\/schema\/person\/0cff84aaa5bb8fd3521c55d1578d902b\",\"name\":\"clm-inclusiva\",\"image\":{\"@type\":\"ImageObject\",\"inLanguage\":\"es\",\"@id\":\"https:\/\/clm-inclusiva.org\/#\/schema\/person\/image\/\",\"url\":\"https:\/\/secure.gravatar.com\/avatar\/88948567af770dc9cd5597b329011884?s=96&d=blank&r=g\",\"contentUrl\":\"https:\/\/secure.gravatar.com\/avatar\/88948567af770dc9cd5597b329011884?s=96&d=blank&r=g\",\"caption\":\"clm-inclusiva\"},\"sameAs\":[\"http:\/\/clm-inclusiva.org\"],\"url\":\"https:\/\/clm-inclusiva.org\/?author=1\"}]}<\/script>\n<!-- \/ Yoast SEO plugin. -->","yoast_head_json":{"title":"CLM INCLUSIVA COCEMFE reclama que aumenten los recursos a las entidades de discapacidad ante el peligro de que la marginaci\u00f3n social y la exclusi\u00f3n econ\u00f3mica se hagan presentes - Clm-Inclusiva","robots":{"index":"index","follow":"follow","max-snippet":"max-snippet:-1","max-image-preview":"max-image-preview:large","max-video-preview":"max-video-preview:-1"},"canonical":"https:\/\/clm-inclusiva.org\/?p=4831","og_locale":"es_ES","og_type":"article","og_title":"CLM INCLUSIVA COCEMFE reclama que aumenten los recursos a las entidades de discapacidad ante el peligro de que la marginaci\u00f3n social y la exclusi\u00f3n econ\u00f3mica se hagan presentes - Clm-Inclusiva","og_description":"&nbsp; CLM INCLUSIVA COCEMFE reclama que aumenten los recursos a las entidades de discapacidad ante el peligro de que la marginaci\u00f3n social y la exclusi\u00f3n econ\u00f3mica se hagan presentes. La Confederaci\u00f3n celebr\u00f3 ayer su Asamblea General Ordinaria en la han participado los delegados y representantes de sus entidades socias: COCEMFE Albacete, COCEMFE Guadalajara, COCEMFE Toledo, [&hellip;]","og_url":"https:\/\/clm-inclusiva.org\/?p=4831","og_site_name":"Clm-Inclusiva","article_publisher":"https:\/\/www.facebook.com\/castillalamancha.inclusiva\/","article_published_time":"2023-06-21T13:11:17+00:00","article_modified_time":"2023-06-23T07:36:51+00:00","og_image":[{"width":2560,"height":1707,"url":"https:\/\/clm-inclusiva.org\/wp-content\/uploads\/2023\/06\/IMG_1044-scaled.jpg","type":"image\/jpeg"}],"author":"clm-inclusiva","twitter_card":"summary_large_image","twitter_creator":"@ClmInclusiva","twitter_site":"@ClmInclusiva","twitter_misc":{"Escrito por":"clm-inclusiva","Tiempo de lectura":"3 minutos"},"schema":{"@context":"https:\/\/schema.org","@graph":[{"@type":"Article","@id":"https:\/\/clm-inclusiva.org\/?p=4831#article","isPartOf":{"@id":"https:\/\/clm-inclusiva.org\/?p=4831"},"author":{"name":"clm-inclusiva","@id":"https:\/\/clm-inclusiva.org\/#\/schema\/person\/0cff84aaa5bb8fd3521c55d1578d902b"},"headline":"CLM INCLUSIVA COCEMFE reclama que aumenten los recursos a las entidades de discapacidad ante el peligro de que la marginaci\u00f3n social y la exclusi\u00f3n econ\u00f3mica se hagan presentes","datePublished":"2023-06-21T13:11:17+00:00","dateModified":"2023-06-23T07:36:51+00:00","mainEntityOfPage":{"@id":"https:\/\/clm-inclusiva.org\/?p=4831"},"wordCount":598,"commentCount":0,"publisher":{"@id":"https:\/\/clm-inclusiva.org\/#organization"},"inLanguage":"es","potentialAction":[{"@type":"CommentAction","name":"Comment","target":["https:\/\/clm-inclusiva.org\/?p=4831#respond"]}]},{"@type":"WebPage","@id":"https:\/\/clm-inclusiva.org\/?p=4831","url":"https:\/\/clm-inclusiva.org\/?p=4831","name":"CLM INCLUSIVA COCEMFE reclama que aumenten los recursos a las entidades de discapacidad ante el peligro de que la marginaci\u00f3n social y la exclusi\u00f3n econ\u00f3mica se hagan presentes - Clm-Inclusiva","isPartOf":{"@id":"https:\/\/clm-inclusiva.org\/#website"},"datePublished":"2023-06-21T13:11:17+00:00","dateModified":"2023-06-23T07:36:51+00:00","breadcrumb":{"@id":"https:\/\/clm-inclusiva.org\/?p=4831#breadcrumb"},"inLanguage":"es","potentialAction":[{"@type":"ReadAction","target":["https:\/\/clm-inclusiva.org\/?p=4831"]}]},{"@type":"BreadcrumbList","@id":"https:\/\/clm-inclusiva.org\/?p=4831#breadcrumb","itemListElement":[{"@type":"ListItem","position":1,"name":"Portada","item":"https:\/\/clm-inclusiva.org\/"},{"@type":"ListItem","position":2,"name":"CLM INCLUSIVA COCEMFE reclama que aumenten los recursos a las entidades de discapacidad ante el peligro de que la marginaci\u00f3n social y la exclusi\u00f3n econ\u00f3mica se hagan presentes"}]},{"@type":"WebSite","@id":"https:\/\/clm-inclusiva.org\/#website","url":"https:\/\/clm-inclusiva.org\/","name":"Clm-Inclusiva","description":"Confederaci\u00f3n de entidades de personas con discapacidad f\u00edsica y org\u00e1nica CLM","publisher":{"@id":"https:\/\/clm-inclusiva.org\/#organization"},"potentialAction":[{"@type":"SearchAction","target":{"@type":"EntryPoint","urlTemplate":"https:\/\/clm-inclusiva.org\/?s={search_term_string}"},"query-input":"required name=search_term_string"}],"inLanguage":"es"},{"@type":"Organization","@id":"https:\/\/clm-inclusiva.org\/#organization","name":"Clm-Inclusiva","url":"https:\/\/clm-inclusiva.org\/","logo":{"@type":"ImageObject","inLanguage":"es","@id":"https:\/\/clm-inclusiva.org\/#\/schema\/logo\/image\/","url":"http:\/\/clm-inclusiva.org\/wp-content\/uploads\/2019\/04\/banner-e1533720812836.jpg","contentUrl":"http:\/\/clm-inclusiva.org\/wp-content\/uploads\/2019\/04\/banner-e1533720812836.jpg","width":600,"height":332,"caption":"Clm-Inclusiva"},"image":{"@id":"https:\/\/clm-inclusiva.org\/#\/schema\/logo\/image\/"},"sameAs":["https:\/\/www.facebook.com\/castillalamancha.inclusiva\/","https:\/\/twitter.com\/ClmInclusiva"]},{"@type":"Person","@id":"https:\/\/clm-inclusiva.org\/#\/schema\/person\/0cff84aaa5bb8fd3521c55d1578d902b","name":"clm-inclusiva","image":{"@type":"ImageObject","inLanguage":"es","@id":"https:\/\/clm-inclusiva.org\/#\/schema\/person\/image\/","url":"https:\/\/secure.gravatar.com\/avatar\/88948567af770dc9cd5597b329011884?s=96&d=blank&r=g","contentUrl":"https:\/\/secure.gravatar.com\/avatar\/88948567af770dc9cd5597b329011884?s=96&d=blank&r=g","caption":"clm-inclusiva"},"sameAs":["http:\/\/clm-inclusiva.org"],"url":"https:\/\/clm-inclusiva.org\/?author=1"}]}},"_links":{"self":[{"href":"https:\/\/clm-inclusiva.org\/index.php?rest_route=\/wp\/v2\/posts\/4831"}],"collection":[{"href":"https:\/\/clm-inclusiva.org\/index.php?rest_route=\/wp\/v2\/posts"}],"about":[{"href":"https:\/\/clm-inclusiva.org\/index.php?rest_route=\/wp\/v2\/types\/post"}],"author":[{"embeddable":true,"href":"https:\/\/clm-inclusiva.org\/index.php?rest_route=\/wp\/v2\/users\/1"}],"replies":[{"embeddable":true,"href":"https:\/\/clm-inclusiva.org\/index.php?rest_route=%2Fwp%2Fv2%2Fcomments&post=4831"}],"version-history":[{"count":3,"href":"https:\/\/clm-inclusiva.org\/index.php?rest_route=\/wp\/v2\/posts\/4831\/revisions"}],"predecessor-version":[{"id":4837,"href":"https:\/\/clm-inclusiva.org\/index.php?rest_route=\/wp\/v2\/posts\/4831\/revisions\/4837"}],"wp:featuredmedia":[{"embeddable":true,"href":"https:\/\/clm-inclusiva.org\/index.php?rest_route=\/wp\/v2\/media\/4834"}],"wp:attachment":[{"href":"https:\/\/clm-inclusiva.org\/index.php?rest_route=%2Fwp%2Fv2%2Fmedia&parent=4831"}],"wp:term":[{"taxonomy":"category","embeddable":true,"href":"https:\/\/clm-inclusiva.org\/index.php?rest_route=%2Fwp%2Fv2%2Fcategories&post=4831"},{"taxonomy":"post_tag","embeddable":true,"href":"https:\/\/clm-inclusiva.org\/index.php?rest_route=%2Fwp%2Fv2%2Ftags&post=4831"}],"curies":[{"name":"wp","href":"https:\/\/api.w.org\/{rel}","templated":true}]}}