{"id":4826,"date":"2023-05-18T17:08:44","date_gmt":"2023-05-18T15:08:44","guid":{"rendered":"http:\/\/clm-inclusiva.org\/?p=4826"},"modified":"2023-05-18T17:08:44","modified_gmt":"2023-05-18T15:08:44","slug":"clm-inclusiva-cocemfe-firma-convenio-por-las-personas-con-discapacidad-junto-con-el-ayuntamiento-de-toledo-cocemfe-toledo-y-cocemfe-alborada","status":"publish","type":"post","link":"https:\/\/clm-inclusiva.org\/?p=4826","title":{"rendered":"CLM Inclusiva COCEMFE firma convenio por las personas con discapacidad junto con el Ayuntamiento de Toledo, COCEMFE TOLEDO y COCEMFE Alborada"},"content":{"rendered":"<ul>\n<li style=\"text-align: justify\"><strong>CLM Inclusiva COCEMFE, junto con el Ayuntamiento de Toledo, la Asociaci\u00f3n de Personas con Discapacidad F\u00edsica, Org\u00e1nica y Sensorial (COCEMFE Alborada) y COCEMFE TOLEDO, han firmado un convenio de colaboraci\u00f3n mediante el que se promover\u00e1 la activaci\u00f3n, la mejora de la empleabilidad y el acceso al empleo de las personas con discapacidad.<\/strong><strong><br \/>\n<\/strong><\/li>\n<li style=\"text-align: justify\"><strong>En la firma de este acuerdo han estado presentes, tanto el Presidente de CLM Inclusiva COCEMFE, Enrique Alarc\u00f3n, el presidente de COCEMFE Alborada, Sergio Villar, y Milagros Tol\u00f3n, Alcaldesa de Toledo.<\/strong><\/li>\n<\/ul>\n<p>&nbsp;<\/p>\n<p style=\"text-align: justify\"><strong>Toledo, 18 de Mayo de 2023.-<\/strong><\/p>\n<p style=\"text-align: justify\">Esta colaboraci\u00f3n, que se ha firmado en las instalaciones del <strong>Centro Especial de Empleo CTS\u00a0 (COCEMFE TOLEDO Servicios S.L.)<\/strong> en el pol\u00edgono industrial de la capital regional, sella el compromiso entre las partes por mejorar la empleabilidad de las personas con discapacidad.<\/p>\n<p style=\"text-align: justify\">En la firma, han estado presentes tanto la alcaldesa de Toledo, Milagros Tol\u00f3n, como representantes de las entidades sociales que formaban parte del Convenio. Entre los que se encontraban <strong>Enrique Alarc\u00f3n, Presidente de CLM Inclusiva COCEMFE, el presidente de COCEMFE Alborada y representante de COCEMFE Toledo, Sergio Villar Gonz\u00e1lez.<\/strong><\/p>\n<p>El acuerdo establece una estrecha colaboraci\u00f3n entre el Ayuntamiento y las entidades sociales en diversos aspectos, como la activaci\u00f3n, la mejora de la empleabilidad y el acceso al empleo de las personas con discapacidad. As\u00ed como la promoci\u00f3n de sensibilizaci\u00f3n y concienciaci\u00f3n sobre este colectivo en la sociedad actual.<\/p>\n<p>Para Enrique Alarc\u00f3n, Presidente de CLM Inclusiva COCEMFE, &#8220;la firma de este convenio supone un avance en la prestaci\u00f3n de servicios de nuestra entidad en la ciudad de Toledo. Continuamos buscando sinergias que a\u00fanen esfuerzos y objetivos por la integraci\u00f3n de las personas con discapacidad f\u00edsica y org\u00e1nica en el mercado laboral&#8221;. Ha hecho especial hincapi\u00e9 en la necesidad de crear medidas y pol\u00edticas que favorezcan la igualdad de oportunidades para las personas con discapacidad, y la implicaci\u00f3n de las figuras p\u00fablicas para conseguirlo.<\/p>\n<p>La alcaldesa de Toledo expresaba su satisfacci\u00f3n por la firma de este convenio y destac\u00f3 la importancia de trabajar en conjunto para construir una sociedad m\u00e1s inclusiva y solidaria. Asimismo, agradeci\u00f3 a las entidades su compromiso y dedicaci\u00f3n en la defensa de los derechos de las personas m\u00e1s vulnerables, avanzando la creaci\u00f3n de la Concejal\u00eda de Inclusi\u00f3n, un \u00e1rea que ser\u00e1 transversal, ya que, en palabras de ella, \u201cla accesibilidad y la discapacidad es algo que nos afecta a todos y todas las personas, con y sin discapacidad, y debemos entablar un compromiso con la inclusi\u00f3n\u201d.<\/p>\n<p>Se produce as\u00ed un v\u00ednculo entre \u00a0Ayuntamiento y colectivo, que propiciar\u00e1 nuevas oportunidades de acceso a puestos de trabajo. Suponiendo un paso m\u00e1s en la inclusi\u00f3n completa, tanto social como laboral, de las personas con discapacidad en nuestra regi\u00f3n.<\/p>\n","protected":false},"excerpt":{"rendered":"<p>CLM Inclusiva COCEMFE, junto con el Ayuntamiento de Toledo, la Asociaci\u00f3n de Personas con Discapacidad F\u00edsica, Org\u00e1nica y Sensorial (COCEMFE Alborada) y COCEMFE TOLEDO, han firmado un convenio de colaboraci\u00f3n mediante el que se promover\u00e1 la activaci\u00f3n, la mejora de la empleabilidad y el acceso al empleo de las personas con discapacidad. En la firma [&hellip;]<\/p>\n","protected":false},"author":1,"featured_media":4828,"comment_status":"open","ping_status":"open","sticky":false,"template":"","format":"standard","meta":{"_et_pb_use_builder":"","_et_pb_old_content":"","_et_gb_content_width":"","footnotes":""},"categories":[1],"tags":[],"yoast_head":"<!-- This site is optimized with the Yoast SEO plugin v21.3 - https:\/\/yoast.com\/wordpress\/plugins\/seo\/ -->\n<title>CLM Inclusiva COCEMFE firma convenio por las personas con discapacidad junto con el Ayuntamiento de Toledo, COCEMFE TOLEDO y COCEMFE Alborada - Clm-Inclusiva<\/title>\n<meta name=\"robots\" content=\"index, follow, max-snippet:-1, max-image-preview:large, max-video-preview:-1\" \/>\n<link rel=\"canonical\" href=\"https:\/\/clm-inclusiva.org\/?p=4826\" \/>\n<meta property=\"og:locale\" content=\"es_ES\" \/>\n<meta property=\"og:type\" content=\"article\" \/>\n<meta property=\"og:title\" content=\"CLM Inclusiva COCEMFE firma convenio por las personas con discapacidad junto con el Ayuntamiento de Toledo, COCEMFE TOLEDO y COCEMFE Alborada - Clm-Inclusiva\" \/>\n<meta property=\"og:description\" content=\"CLM Inclusiva COCEMFE, junto con el Ayuntamiento de Toledo, la Asociaci\u00f3n de Personas con Discapacidad F\u00edsica, Org\u00e1nica y Sensorial (COCEMFE Alborada) y COCEMFE TOLEDO, han firmado un convenio de colaboraci\u00f3n mediante el que se promover\u00e1 la activaci\u00f3n, la mejora de la empleabilidad y el acceso al empleo de las personas con discapacidad. En la firma [&hellip;]\" \/>\n<meta property=\"og:url\" content=\"https:\/\/clm-inclusiva.org\/?p=4826\" \/>\n<meta property=\"og:site_name\" content=\"Clm-Inclusiva\" \/>\n<meta property=\"article:publisher\" content=\"https:\/\/www.facebook.com\/castillalamancha.inclusiva\/\" \/>\n<meta property=\"article:published_time\" content=\"2023-05-18T15:08:44+00:00\" \/>\n<meta property=\"og:image\" content=\"https:\/\/clm-inclusiva.org\/wp-content\/uploads\/2023\/05\/IMG_0872-scaled.jpg\" \/>\n\t<meta property=\"og:image:width\" content=\"2560\" \/>\n\t<meta property=\"og:image:height\" content=\"1707\" \/>\n\t<meta property=\"og:image:type\" content=\"image\/jpeg\" \/>\n<meta name=\"author\" content=\"clm-inclusiva\" \/>\n<meta name=\"twitter:card\" content=\"summary_large_image\" \/>\n<meta name=\"twitter:creator\" content=\"@ClmInclusiva\" \/>\n<meta name=\"twitter:site\" content=\"@ClmInclusiva\" \/>\n<meta name=\"twitter:label1\" content=\"Escrito por\" \/>\n\t<meta name=\"twitter:data1\" content=\"clm-inclusiva\" \/>\n\t<meta name=\"twitter:label2\" content=\"Tiempo de lectura\" \/>\n\t<meta name=\"twitter:data2\" content=\"2 minutos\" \/>\n<script type=\"application\/ld+json\" class=\"yoast-schema-graph\">{\"@context\":\"https:\/\/schema.org\",\"@graph\":[{\"@type\":\"Article\",\"@id\":\"https:\/\/clm-inclusiva.org\/?p=4826#article\",\"isPartOf\":{\"@id\":\"https:\/\/clm-inclusiva.org\/?p=4826\"},\"author\":{\"name\":\"clm-inclusiva\",\"@id\":\"https:\/\/clm-inclusiva.org\/#\/schema\/person\/0cff84aaa5bb8fd3521c55d1578d902b\"},\"headline\":\"CLM Inclusiva COCEMFE firma convenio por las personas con discapacidad junto con el Ayuntamiento de Toledo, COCEMFE TOLEDO y COCEMFE Alborada\",\"datePublished\":\"2023-05-18T15:08:44+00:00\",\"dateModified\":\"2023-05-18T15:08:44+00:00\",\"mainEntityOfPage\":{\"@id\":\"https:\/\/clm-inclusiva.org\/?p=4826\"},\"wordCount\":508,\"commentCount\":0,\"publisher\":{\"@id\":\"https:\/\/clm-inclusiva.org\/#organization\"},\"inLanguage\":\"es\",\"potentialAction\":[{\"@type\":\"CommentAction\",\"name\":\"Comment\",\"target\":[\"https:\/\/clm-inclusiva.org\/?p=4826#respond\"]}]},{\"@type\":\"WebPage\",\"@id\":\"https:\/\/clm-inclusiva.org\/?p=4826\",\"url\":\"https:\/\/clm-inclusiva.org\/?p=4826\",\"name\":\"CLM Inclusiva COCEMFE firma convenio por las personas con discapacidad junto con el Ayuntamiento de Toledo, COCEMFE TOLEDO y COCEMFE Alborada - Clm-Inclusiva\",\"isPartOf\":{\"@id\":\"https:\/\/clm-inclusiva.org\/#website\"},\"datePublished\":\"2023-05-18T15:08:44+00:00\",\"dateModified\":\"2023-05-18T15:08:44+00:00\",\"breadcrumb\":{\"@id\":\"https:\/\/clm-inclusiva.org\/?p=4826#breadcrumb\"},\"inLanguage\":\"es\",\"potentialAction\":[{\"@type\":\"ReadAction\",\"target\":[\"https:\/\/clm-inclusiva.org\/?p=4826\"]}]},{\"@type\":\"BreadcrumbList\",\"@id\":\"https:\/\/clm-inclusiva.org\/?p=4826#breadcrumb\",\"itemListElement\":[{\"@type\":\"ListItem\",\"position\":1,\"name\":\"Portada\",\"item\":\"https:\/\/clm-inclusiva.org\/\"},{\"@type\":\"ListItem\",\"position\":2,\"name\":\"CLM Inclusiva COCEMFE firma convenio por las personas con discapacidad junto con el Ayuntamiento de Toledo, COCEMFE TOLEDO y COCEMFE Alborada\"}]},{\"@type\":\"WebSite\",\"@id\":\"https:\/\/clm-inclusiva.org\/#website\",\"url\":\"https:\/\/clm-inclusiva.org\/\",\"name\":\"Clm-Inclusiva\",\"description\":\"Confederaci\u00f3n de entidades de personas con discapacidad f\u00edsica y org\u00e1nica CLM\",\"publisher\":{\"@id\":\"https:\/\/clm-inclusiva.org\/#organization\"},\"potentialAction\":[{\"@type\":\"SearchAction\",\"target\":{\"@type\":\"EntryPoint\",\"urlTemplate\":\"https:\/\/clm-inclusiva.org\/?s={search_term_string}\"},\"query-input\":\"required name=search_term_string\"}],\"inLanguage\":\"es\"},{\"@type\":\"Organization\",\"@id\":\"https:\/\/clm-inclusiva.org\/#organization\",\"name\":\"Clm-Inclusiva\",\"url\":\"https:\/\/clm-inclusiva.org\/\",\"logo\":{\"@type\":\"ImageObject\",\"inLanguage\":\"es\",\"@id\":\"https:\/\/clm-inclusiva.org\/#\/schema\/logo\/image\/\",\"url\":\"http:\/\/clm-inclusiva.org\/wp-content\/uploads\/2019\/04\/banner-e1533720812836.jpg\",\"contentUrl\":\"http:\/\/clm-inclusiva.org\/wp-content\/uploads\/2019\/04\/banner-e1533720812836.jpg\",\"width\":600,\"height\":332,\"caption\":\"Clm-Inclusiva\"},\"image\":{\"@id\":\"https:\/\/clm-inclusiva.org\/#\/schema\/logo\/image\/\"},\"sameAs\":[\"https:\/\/www.facebook.com\/castillalamancha.inclusiva\/\",\"https:\/\/twitter.com\/ClmInclusiva\"]},{\"@type\":\"Person\",\"@id\":\"https:\/\/clm-inclusiva.org\/#\/schema\/person\/0cff84aaa5bb8fd3521c55d1578d902b\",\"name\":\"clm-inclusiva\",\"image\":{\"@type\":\"ImageObject\",\"inLanguage\":\"es\",\"@id\":\"https:\/\/clm-inclusiva.org\/#\/schema\/person\/image\/\",\"url\":\"https:\/\/secure.gravatar.com\/avatar\/88948567af770dc9cd5597b329011884?s=96&d=blank&r=g\",\"contentUrl\":\"https:\/\/secure.gravatar.com\/avatar\/88948567af770dc9cd5597b329011884?s=96&d=blank&r=g\",\"caption\":\"clm-inclusiva\"},\"sameAs\":[\"http:\/\/clm-inclusiva.org\"],\"url\":\"https:\/\/clm-inclusiva.org\/?author=1\"}]}<\/script>\n<!-- \/ Yoast SEO plugin. -->","yoast_head_json":{"title":"CLM Inclusiva COCEMFE firma convenio por las personas con discapacidad junto con el Ayuntamiento de Toledo, COCEMFE TOLEDO y COCEMFE Alborada - Clm-Inclusiva","robots":{"index":"index","follow":"follow","max-snippet":"max-snippet:-1","max-image-preview":"max-image-preview:large","max-video-preview":"max-video-preview:-1"},"canonical":"https:\/\/clm-inclusiva.org\/?p=4826","og_locale":"es_ES","og_type":"article","og_title":"CLM Inclusiva COCEMFE firma convenio por las personas con discapacidad junto con el Ayuntamiento de Toledo, COCEMFE TOLEDO y COCEMFE Alborada - Clm-Inclusiva","og_description":"CLM Inclusiva COCEMFE, junto con el Ayuntamiento de Toledo, la Asociaci\u00f3n de Personas con Discapacidad F\u00edsica, Org\u00e1nica y Sensorial (COCEMFE Alborada) y COCEMFE TOLEDO, han firmado un convenio de colaboraci\u00f3n mediante el que se promover\u00e1 la activaci\u00f3n, la mejora de la empleabilidad y el acceso al empleo de las personas con discapacidad. En la firma [&hellip;]","og_url":"https:\/\/clm-inclusiva.org\/?p=4826","og_site_name":"Clm-Inclusiva","article_publisher":"https:\/\/www.facebook.com\/castillalamancha.inclusiva\/","article_published_time":"2023-05-18T15:08:44+00:00","og_image":[{"width":2560,"height":1707,"url":"https:\/\/clm-inclusiva.org\/wp-content\/uploads\/2023\/05\/IMG_0872-scaled.jpg","type":"image\/jpeg"}],"author":"clm-inclusiva","twitter_card":"summary_large_image","twitter_creator":"@ClmInclusiva","twitter_site":"@ClmInclusiva","twitter_misc":{"Escrito por":"clm-inclusiva","Tiempo de lectura":"2 minutos"},"schema":{"@context":"https:\/\/schema.org","@graph":[{"@type":"Article","@id":"https:\/\/clm-inclusiva.org\/?p=4826#article","isPartOf":{"@id":"https:\/\/clm-inclusiva.org\/?p=4826"},"author":{"name":"clm-inclusiva","@id":"https:\/\/clm-inclusiva.org\/#\/schema\/person\/0cff84aaa5bb8fd3521c55d1578d902b"},"headline":"CLM Inclusiva COCEMFE firma convenio por las personas con discapacidad junto con el Ayuntamiento de Toledo, COCEMFE TOLEDO y COCEMFE Alborada","datePublished":"2023-05-18T15:08:44+00:00","dateModified":"2023-05-18T15:08:44+00:00","mainEntityOfPage":{"@id":"https:\/\/clm-inclusiva.org\/?p=4826"},"wordCount":508,"commentCount":0,"publisher":{"@id":"https:\/\/clm-inclusiva.org\/#organization"},"inLanguage":"es","potentialAction":[{"@type":"CommentAction","name":"Comment","target":["https:\/\/clm-inclusiva.org\/?p=4826#respond"]}]},{"@type":"WebPage","@id":"https:\/\/clm-inclusiva.org\/?p=4826","url":"https:\/\/clm-inclusiva.org\/?p=4826","name":"CLM Inclusiva COCEMFE firma convenio por las personas con discapacidad junto con el Ayuntamiento de Toledo, COCEMFE TOLEDO y COCEMFE Alborada - Clm-Inclusiva","isPartOf":{"@id":"https:\/\/clm-inclusiva.org\/#website"},"datePublished":"2023-05-18T15:08:44+00:00","dateModified":"2023-05-18T15:08:44+00:00","breadcrumb":{"@id":"https:\/\/clm-inclusiva.org\/?p=4826#breadcrumb"},"inLanguage":"es","potentialAction":[{"@type":"ReadAction","target":["https:\/\/clm-inclusiva.org\/?p=4826"]}]},{"@type":"BreadcrumbList","@id":"https:\/\/clm-inclusiva.org\/?p=4826#breadcrumb","itemListElement":[{"@type":"ListItem","position":1,"name":"Portada","item":"https:\/\/clm-inclusiva.org\/"},{"@type":"ListItem","position":2,"name":"CLM Inclusiva COCEMFE firma convenio por las personas con discapacidad junto con el Ayuntamiento de Toledo, COCEMFE TOLEDO y COCEMFE Alborada"}]},{"@type":"WebSite","@id":"https:\/\/clm-inclusiva.org\/#website","url":"https:\/\/clm-inclusiva.org\/","name":"Clm-Inclusiva","description":"Confederaci\u00f3n de entidades de personas con discapacidad f\u00edsica y org\u00e1nica CLM","publisher":{"@id":"https:\/\/clm-inclusiva.org\/#organization"},"potentialAction":[{"@type":"SearchAction","target":{"@type":"EntryPoint","urlTemplate":"https:\/\/clm-inclusiva.org\/?s={search_term_string}"},"query-input":"required name=search_term_string"}],"inLanguage":"es"},{"@type":"Organization","@id":"https:\/\/clm-inclusiva.org\/#organization","name":"Clm-Inclusiva","url":"https:\/\/clm-inclusiva.org\/","logo":{"@type":"ImageObject","inLanguage":"es","@id":"https:\/\/clm-inclusiva.org\/#\/schema\/logo\/image\/","url":"http:\/\/clm-inclusiva.org\/wp-content\/uploads\/2019\/04\/banner-e1533720812836.jpg","contentUrl":"http:\/\/clm-inclusiva.org\/wp-content\/uploads\/2019\/04\/banner-e1533720812836.jpg","width":600,"height":332,"caption":"Clm-Inclusiva"},"image":{"@id":"https:\/\/clm-inclusiva.org\/#\/schema\/logo\/image\/"},"sameAs":["https:\/\/www.facebook.com\/castillalamancha.inclusiva\/","https:\/\/twitter.com\/ClmInclusiva"]},{"@type":"Person","@id":"https:\/\/clm-inclusiva.org\/#\/schema\/person\/0cff84aaa5bb8fd3521c55d1578d902b","name":"clm-inclusiva","image":{"@type":"ImageObject","inLanguage":"es","@id":"https:\/\/clm-inclusiva.org\/#\/schema\/person\/image\/","url":"https:\/\/secure.gravatar.com\/avatar\/88948567af770dc9cd5597b329011884?s=96&d=blank&r=g","contentUrl":"https:\/\/secure.gravatar.com\/avatar\/88948567af770dc9cd5597b329011884?s=96&d=blank&r=g","caption":"clm-inclusiva"},"sameAs":["http:\/\/clm-inclusiva.org"],"url":"https:\/\/clm-inclusiva.org\/?author=1"}]}},"_links":{"self":[{"href":"https:\/\/clm-inclusiva.org\/index.php?rest_route=\/wp\/v2\/posts\/4826"}],"collection":[{"href":"https:\/\/clm-inclusiva.org\/index.php?rest_route=\/wp\/v2\/posts"}],"about":[{"href":"https:\/\/clm-inclusiva.org\/index.php?rest_route=\/wp\/v2\/types\/post"}],"author":[{"embeddable":true,"href":"https:\/\/clm-inclusiva.org\/index.php?rest_route=\/wp\/v2\/users\/1"}],"replies":[{"embeddable":true,"href":"https:\/\/clm-inclusiva.org\/index.php?rest_route=%2Fwp%2Fv2%2Fcomments&post=4826"}],"version-history":[{"count":1,"href":"https:\/\/clm-inclusiva.org\/index.php?rest_route=\/wp\/v2\/posts\/4826\/revisions"}],"predecessor-version":[{"id":4829,"href":"https:\/\/clm-inclusiva.org\/index.php?rest_route=\/wp\/v2\/posts\/4826\/revisions\/4829"}],"wp:featuredmedia":[{"embeddable":true,"href":"https:\/\/clm-inclusiva.org\/index.php?rest_route=\/wp\/v2\/media\/4828"}],"wp:attachment":[{"href":"https:\/\/clm-inclusiva.org\/index.php?rest_route=%2Fwp%2Fv2%2Fmedia&parent=4826"}],"wp:term":[{"taxonomy":"category","embeddable":true,"href":"https:\/\/clm-inclusiva.org\/index.php?rest_route=%2Fwp%2Fv2%2Fcategories&post=4826"},{"taxonomy":"post_tag","embeddable":true,"href":"https:\/\/clm-inclusiva.org\/index.php?rest_route=%2Fwp%2Fv2%2Ftags&post=4826"}],"curies":[{"name":"wp","href":"https:\/\/api.w.org\/{rel}","templated":true}]}}