{"id":4822,"date":"2023-05-17T14:27:56","date_gmt":"2023-05-17T12:27:56","guid":{"rendered":"http:\/\/clm-inclusiva.org\/?p=4822"},"modified":"2023-05-17T14:27:56","modified_gmt":"2023-05-17T12:27:56","slug":"clm-inclusiva-cocemfe-aplaude-la-actualizacion-en-la-jubilacion-anticipada-para-personas-con-discapacidad","status":"publish","type":"post","link":"https:\/\/clm-inclusiva.org\/?p=4822","title":{"rendered":"CLM Inclusiva COCEMFE aplaude la actualizaci\u00f3n en la jubilaci\u00f3n anticipada para personas con discapacidad"},"content":{"rendered":"<ul>\n<li><strong>As\u00ed anunciaba el Consejo de Ministros la reducci\u00f3n de 15 a 5 a\u00f1os del periodo necesario de cotizaci\u00f3n desde el diagn\u00f3stico de la discapacidad para poder solicitar la jubilaci\u00f3n anticipada<\/strong><\/li>\n<li><strong>Se permitir\u00e1 agregar varias dolencias a la hora de acreditar que se alcanza el 45% de discapacidad y se tendr\u00e1n en cuenta nuevas patolog\u00edas discapacitantes<\/strong><\/li>\n<\/ul>\n<p>&nbsp;<\/p>\n<p style=\"text-align: justify\">(Toledo, 17 de mayo de 2023)<\/p>\n<p style=\"text-align: justify\"><strong>La Confederaci\u00f3n Regional de Personas con Discapacidad F\u00edsica y\/u Org\u00e1nica (CLM Inclusiva COCEMFE)<\/strong> aplaude la aprobaci\u00f3n este martes por parte del Gobierno en el Consejo de Ministros del real decreto que tiene como objetivo la flexibilidad de las condiciones que permitir\u00e1 a las personas con <strong>discapacidad igual o superior al 45%<\/strong> acceder a la jubilaci\u00f3n anticipada.<\/p>\n<p style=\"text-align: justify\">\n<p style=\"text-align: justify\">\u201c<strong>Es una gran noticia para el reconocimiento de derechos de nuestro grupo social y da respuesta a una demanda hist\u00f3rica<\/strong> del movimiento asociativo de la discapacidad puesto que supone un importante apoyo en la salud y bienestar de nuestro grupo social, proporciona seguridad financiera para mantener un nivel de vida adecuado ante el sobrecoste que supone tener una discapacidad y es una apuesta por la equidad para igualar nuestra transici\u00f3n hacia la jubilaci\u00f3n respondiendo a necesidades reales\u201d, expresaba a ra\u00edz de la noticia el presidente de COCEMFE, Anxo Queiruga.<\/p>\n<p style=\"text-align: justify\">En concreto, <strong>se reduce de 15 a 5 a\u00f1os el per\u00edodo necesario de cotizaci\u00f3n desde el diagn\u00f3stico de la discapacidad<\/strong> para que se pueda tramitar la jubilaci\u00f3n anticipada a los 56 a\u00f1os y se permitir\u00e1 <strong>agregar varias dolencias<\/strong> a la hora de acreditar que se alcanza el 45% de discapacidad.<\/p>\n<p style=\"text-align: justify\">El real decreto abre la <strong>posibilidad de incluir nuevas patolog\u00edas discapacitantes<\/strong> y actualizar de manera peri\u00f3dica este listado para que todas las personas se vean acogidas y representadas. En este sentido, el presidente ha hecho hincapi\u00e9 en la necesidad de <strong>contar con el movimiento asociativo de las personas con discapacidad y se trabaje de manera conjunta en la elaboraci\u00f3n de este nuevo listado<\/strong>. \u201cLas personas con discapacidad somos quienes mejor conocemos nuestras necesidades y queremos ser part\u00edcipes de las decisiones que van a incidir en nuestra calidad de vida\u201d, conclu\u00eda.<\/p>\n","protected":false},"excerpt":{"rendered":"<p>As\u00ed anunciaba el Consejo de Ministros la reducci\u00f3n de 15 a 5 a\u00f1os del periodo necesario de cotizaci\u00f3n desde el diagn\u00f3stico de la discapacidad para poder solicitar la jubilaci\u00f3n anticipada Se permitir\u00e1 agregar varias dolencias a la hora de acreditar que se alcanza el 45% de discapacidad y se tendr\u00e1n en cuenta nuevas patolog\u00edas discapacitantes [&hellip;]<\/p>\n","protected":false},"author":1,"featured_media":4824,"comment_status":"open","ping_status":"open","sticky":false,"template":"","format":"standard","meta":{"_et_pb_use_builder":"","_et_pb_old_content":"","_et_gb_content_width":"","footnotes":""},"categories":[1],"tags":[],"yoast_head":"<!-- This site is optimized with the Yoast SEO plugin v21.3 - https:\/\/yoast.com\/wordpress\/plugins\/seo\/ -->\n<title>CLM Inclusiva COCEMFE aplaude la actualizaci\u00f3n en la jubilaci\u00f3n anticipada para personas con discapacidad - Clm-Inclusiva<\/title>\n<meta name=\"robots\" content=\"index, follow, max-snippet:-1, max-image-preview:large, max-video-preview:-1\" \/>\n<link rel=\"canonical\" href=\"https:\/\/clm-inclusiva.org\/?p=4822\" \/>\n<meta property=\"og:locale\" content=\"es_ES\" \/>\n<meta property=\"og:type\" content=\"article\" \/>\n<meta property=\"og:title\" content=\"CLM Inclusiva COCEMFE aplaude la actualizaci\u00f3n en la jubilaci\u00f3n anticipada para personas con discapacidad - Clm-Inclusiva\" \/>\n<meta property=\"og:description\" content=\"As\u00ed anunciaba el Consejo de Ministros la reducci\u00f3n de 15 a 5 a\u00f1os del periodo necesario de cotizaci\u00f3n desde el diagn\u00f3stico de la discapacidad para poder solicitar la jubilaci\u00f3n anticipada Se permitir\u00e1 agregar varias dolencias a la hora de acreditar que se alcanza el 45% de discapacidad y se tendr\u00e1n en cuenta nuevas patolog\u00edas discapacitantes [&hellip;]\" \/>\n<meta property=\"og:url\" content=\"https:\/\/clm-inclusiva.org\/?p=4822\" \/>\n<meta property=\"og:site_name\" content=\"Clm-Inclusiva\" \/>\n<meta property=\"article:publisher\" content=\"https:\/\/www.facebook.com\/castillalamancha.inclusiva\/\" \/>\n<meta property=\"article:published_time\" content=\"2023-05-17T12:27:56+00:00\" \/>\n<meta property=\"og:image\" content=\"https:\/\/clm-inclusiva.org\/wp-content\/uploads\/2023\/05\/fotografia_jubilaciondiscapacidad-scaled.jpg\" \/>\n\t<meta property=\"og:image:width\" content=\"2560\" \/>\n\t<meta property=\"og:image:height\" content=\"1707\" \/>\n\t<meta property=\"og:image:type\" content=\"image\/jpeg\" \/>\n<meta name=\"author\" content=\"clm-inclusiva\" \/>\n<meta name=\"twitter:card\" content=\"summary_large_image\" \/>\n<meta name=\"twitter:creator\" content=\"@ClmInclusiva\" \/>\n<meta name=\"twitter:site\" content=\"@ClmInclusiva\" \/>\n<meta name=\"twitter:label1\" content=\"Escrito por\" \/>\n\t<meta name=\"twitter:data1\" content=\"clm-inclusiva\" \/>\n\t<meta name=\"twitter:label2\" content=\"Tiempo de lectura\" \/>\n\t<meta name=\"twitter:data2\" content=\"2 minutos\" \/>\n<script type=\"application\/ld+json\" class=\"yoast-schema-graph\">{\"@context\":\"https:\/\/schema.org\",\"@graph\":[{\"@type\":\"Article\",\"@id\":\"https:\/\/clm-inclusiva.org\/?p=4822#article\",\"isPartOf\":{\"@id\":\"https:\/\/clm-inclusiva.org\/?p=4822\"},\"author\":{\"name\":\"clm-inclusiva\",\"@id\":\"https:\/\/clm-inclusiva.org\/#\/schema\/person\/0cff84aaa5bb8fd3521c55d1578d902b\"},\"headline\":\"CLM Inclusiva COCEMFE aplaude la actualizaci\u00f3n en la jubilaci\u00f3n anticipada para personas con discapacidad\",\"datePublished\":\"2023-05-17T12:27:56+00:00\",\"dateModified\":\"2023-05-17T12:27:56+00:00\",\"mainEntityOfPage\":{\"@id\":\"https:\/\/clm-inclusiva.org\/?p=4822\"},\"wordCount\":381,\"commentCount\":0,\"publisher\":{\"@id\":\"https:\/\/clm-inclusiva.org\/#organization\"},\"inLanguage\":\"es\",\"potentialAction\":[{\"@type\":\"CommentAction\",\"name\":\"Comment\",\"target\":[\"https:\/\/clm-inclusiva.org\/?p=4822#respond\"]}]},{\"@type\":\"WebPage\",\"@id\":\"https:\/\/clm-inclusiva.org\/?p=4822\",\"url\":\"https:\/\/clm-inclusiva.org\/?p=4822\",\"name\":\"CLM Inclusiva COCEMFE aplaude la actualizaci\u00f3n en la jubilaci\u00f3n anticipada para personas con discapacidad - Clm-Inclusiva\",\"isPartOf\":{\"@id\":\"https:\/\/clm-inclusiva.org\/#website\"},\"datePublished\":\"2023-05-17T12:27:56+00:00\",\"dateModified\":\"2023-05-17T12:27:56+00:00\",\"breadcrumb\":{\"@id\":\"https:\/\/clm-inclusiva.org\/?p=4822#breadcrumb\"},\"inLanguage\":\"es\",\"potentialAction\":[{\"@type\":\"ReadAction\",\"target\":[\"https:\/\/clm-inclusiva.org\/?p=4822\"]}]},{\"@type\":\"BreadcrumbList\",\"@id\":\"https:\/\/clm-inclusiva.org\/?p=4822#breadcrumb\",\"itemListElement\":[{\"@type\":\"ListItem\",\"position\":1,\"name\":\"Portada\",\"item\":\"https:\/\/clm-inclusiva.org\/\"},{\"@type\":\"ListItem\",\"position\":2,\"name\":\"CLM Inclusiva COCEMFE aplaude la actualizaci\u00f3n en la jubilaci\u00f3n anticipada para personas con discapacidad\"}]},{\"@type\":\"WebSite\",\"@id\":\"https:\/\/clm-inclusiva.org\/#website\",\"url\":\"https:\/\/clm-inclusiva.org\/\",\"name\":\"Clm-Inclusiva\",\"description\":\"Confederaci\u00f3n de entidades de personas con discapacidad f\u00edsica y org\u00e1nica CLM\",\"publisher\":{\"@id\":\"https:\/\/clm-inclusiva.org\/#organization\"},\"potentialAction\":[{\"@type\":\"SearchAction\",\"target\":{\"@type\":\"EntryPoint\",\"urlTemplate\":\"https:\/\/clm-inclusiva.org\/?s={search_term_string}\"},\"query-input\":\"required name=search_term_string\"}],\"inLanguage\":\"es\"},{\"@type\":\"Organization\",\"@id\":\"https:\/\/clm-inclusiva.org\/#organization\",\"name\":\"Clm-Inclusiva\",\"url\":\"https:\/\/clm-inclusiva.org\/\",\"logo\":{\"@type\":\"ImageObject\",\"inLanguage\":\"es\",\"@id\":\"https:\/\/clm-inclusiva.org\/#\/schema\/logo\/image\/\",\"url\":\"http:\/\/clm-inclusiva.org\/wp-content\/uploads\/2019\/04\/banner-e1533720812836.jpg\",\"contentUrl\":\"http:\/\/clm-inclusiva.org\/wp-content\/uploads\/2019\/04\/banner-e1533720812836.jpg\",\"width\":600,\"height\":332,\"caption\":\"Clm-Inclusiva\"},\"image\":{\"@id\":\"https:\/\/clm-inclusiva.org\/#\/schema\/logo\/image\/\"},\"sameAs\":[\"https:\/\/www.facebook.com\/castillalamancha.inclusiva\/\",\"https:\/\/twitter.com\/ClmInclusiva\"]},{\"@type\":\"Person\",\"@id\":\"https:\/\/clm-inclusiva.org\/#\/schema\/person\/0cff84aaa5bb8fd3521c55d1578d902b\",\"name\":\"clm-inclusiva\",\"image\":{\"@type\":\"ImageObject\",\"inLanguage\":\"es\",\"@id\":\"https:\/\/clm-inclusiva.org\/#\/schema\/person\/image\/\",\"url\":\"https:\/\/secure.gravatar.com\/avatar\/88948567af770dc9cd5597b329011884?s=96&d=blank&r=g\",\"contentUrl\":\"https:\/\/secure.gravatar.com\/avatar\/88948567af770dc9cd5597b329011884?s=96&d=blank&r=g\",\"caption\":\"clm-inclusiva\"},\"sameAs\":[\"http:\/\/clm-inclusiva.org\"],\"url\":\"https:\/\/clm-inclusiva.org\/?author=1\"}]}<\/script>\n<!-- \/ Yoast SEO plugin. -->","yoast_head_json":{"title":"CLM Inclusiva COCEMFE aplaude la actualizaci\u00f3n en la jubilaci\u00f3n anticipada para personas con discapacidad - Clm-Inclusiva","robots":{"index":"index","follow":"follow","max-snippet":"max-snippet:-1","max-image-preview":"max-image-preview:large","max-video-preview":"max-video-preview:-1"},"canonical":"https:\/\/clm-inclusiva.org\/?p=4822","og_locale":"es_ES","og_type":"article","og_title":"CLM Inclusiva COCEMFE aplaude la actualizaci\u00f3n en la jubilaci\u00f3n anticipada para personas con discapacidad - Clm-Inclusiva","og_description":"As\u00ed anunciaba el Consejo de Ministros la reducci\u00f3n de 15 a 5 a\u00f1os del periodo necesario de cotizaci\u00f3n desde el diagn\u00f3stico de la discapacidad para poder solicitar la jubilaci\u00f3n anticipada Se permitir\u00e1 agregar varias dolencias a la hora de acreditar que se alcanza el 45% de discapacidad y se tendr\u00e1n en cuenta nuevas patolog\u00edas discapacitantes [&hellip;]","og_url":"https:\/\/clm-inclusiva.org\/?p=4822","og_site_name":"Clm-Inclusiva","article_publisher":"https:\/\/www.facebook.com\/castillalamancha.inclusiva\/","article_published_time":"2023-05-17T12:27:56+00:00","og_image":[{"width":2560,"height":1707,"url":"https:\/\/clm-inclusiva.org\/wp-content\/uploads\/2023\/05\/fotografia_jubilaciondiscapacidad-scaled.jpg","type":"image\/jpeg"}],"author":"clm-inclusiva","twitter_card":"summary_large_image","twitter_creator":"@ClmInclusiva","twitter_site":"@ClmInclusiva","twitter_misc":{"Escrito por":"clm-inclusiva","Tiempo de lectura":"2 minutos"},"schema":{"@context":"https:\/\/schema.org","@graph":[{"@type":"Article","@id":"https:\/\/clm-inclusiva.org\/?p=4822#article","isPartOf":{"@id":"https:\/\/clm-inclusiva.org\/?p=4822"},"author":{"name":"clm-inclusiva","@id":"https:\/\/clm-inclusiva.org\/#\/schema\/person\/0cff84aaa5bb8fd3521c55d1578d902b"},"headline":"CLM Inclusiva COCEMFE aplaude la actualizaci\u00f3n en la jubilaci\u00f3n anticipada para personas con discapacidad","datePublished":"2023-05-17T12:27:56+00:00","dateModified":"2023-05-17T12:27:56+00:00","mainEntityOfPage":{"@id":"https:\/\/clm-inclusiva.org\/?p=4822"},"wordCount":381,"commentCount":0,"publisher":{"@id":"https:\/\/clm-inclusiva.org\/#organization"},"inLanguage":"es","potentialAction":[{"@type":"CommentAction","name":"Comment","target":["https:\/\/clm-inclusiva.org\/?p=4822#respond"]}]},{"@type":"WebPage","@id":"https:\/\/clm-inclusiva.org\/?p=4822","url":"https:\/\/clm-inclusiva.org\/?p=4822","name":"CLM Inclusiva COCEMFE aplaude la actualizaci\u00f3n en la jubilaci\u00f3n anticipada para personas con discapacidad - Clm-Inclusiva","isPartOf":{"@id":"https:\/\/clm-inclusiva.org\/#website"},"datePublished":"2023-05-17T12:27:56+00:00","dateModified":"2023-05-17T12:27:56+00:00","breadcrumb":{"@id":"https:\/\/clm-inclusiva.org\/?p=4822#breadcrumb"},"inLanguage":"es","potentialAction":[{"@type":"ReadAction","target":["https:\/\/clm-inclusiva.org\/?p=4822"]}]},{"@type":"BreadcrumbList","@id":"https:\/\/clm-inclusiva.org\/?p=4822#breadcrumb","itemListElement":[{"@type":"ListItem","position":1,"name":"Portada","item":"https:\/\/clm-inclusiva.org\/"},{"@type":"ListItem","position":2,"name":"CLM Inclusiva COCEMFE aplaude la actualizaci\u00f3n en la jubilaci\u00f3n anticipada para personas con discapacidad"}]},{"@type":"WebSite","@id":"https:\/\/clm-inclusiva.org\/#website","url":"https:\/\/clm-inclusiva.org\/","name":"Clm-Inclusiva","description":"Confederaci\u00f3n de entidades de personas con discapacidad f\u00edsica y org\u00e1nica CLM","publisher":{"@id":"https:\/\/clm-inclusiva.org\/#organization"},"potentialAction":[{"@type":"SearchAction","target":{"@type":"EntryPoint","urlTemplate":"https:\/\/clm-inclusiva.org\/?s={search_term_string}"},"query-input":"required name=search_term_string"}],"inLanguage":"es"},{"@type":"Organization","@id":"https:\/\/clm-inclusiva.org\/#organization","name":"Clm-Inclusiva","url":"https:\/\/clm-inclusiva.org\/","logo":{"@type":"ImageObject","inLanguage":"es","@id":"https:\/\/clm-inclusiva.org\/#\/schema\/logo\/image\/","url":"http:\/\/clm-inclusiva.org\/wp-content\/uploads\/2019\/04\/banner-e1533720812836.jpg","contentUrl":"http:\/\/clm-inclusiva.org\/wp-content\/uploads\/2019\/04\/banner-e1533720812836.jpg","width":600,"height":332,"caption":"Clm-Inclusiva"},"image":{"@id":"https:\/\/clm-inclusiva.org\/#\/schema\/logo\/image\/"},"sameAs":["https:\/\/www.facebook.com\/castillalamancha.inclusiva\/","https:\/\/twitter.com\/ClmInclusiva"]},{"@type":"Person","@id":"https:\/\/clm-inclusiva.org\/#\/schema\/person\/0cff84aaa5bb8fd3521c55d1578d902b","name":"clm-inclusiva","image":{"@type":"ImageObject","inLanguage":"es","@id":"https:\/\/clm-inclusiva.org\/#\/schema\/person\/image\/","url":"https:\/\/secure.gravatar.com\/avatar\/88948567af770dc9cd5597b329011884?s=96&d=blank&r=g","contentUrl":"https:\/\/secure.gravatar.com\/avatar\/88948567af770dc9cd5597b329011884?s=96&d=blank&r=g","caption":"clm-inclusiva"},"sameAs":["http:\/\/clm-inclusiva.org"],"url":"https:\/\/clm-inclusiva.org\/?author=1"}]}},"_links":{"self":[{"href":"https:\/\/clm-inclusiva.org\/index.php?rest_route=\/wp\/v2\/posts\/4822"}],"collection":[{"href":"https:\/\/clm-inclusiva.org\/index.php?rest_route=\/wp\/v2\/posts"}],"about":[{"href":"https:\/\/clm-inclusiva.org\/index.php?rest_route=\/wp\/v2\/types\/post"}],"author":[{"embeddable":true,"href":"https:\/\/clm-inclusiva.org\/index.php?rest_route=\/wp\/v2\/users\/1"}],"replies":[{"embeddable":true,"href":"https:\/\/clm-inclusiva.org\/index.php?rest_route=%2Fwp%2Fv2%2Fcomments&post=4822"}],"version-history":[{"count":1,"href":"https:\/\/clm-inclusiva.org\/index.php?rest_route=\/wp\/v2\/posts\/4822\/revisions"}],"predecessor-version":[{"id":4825,"href":"https:\/\/clm-inclusiva.org\/index.php?rest_route=\/wp\/v2\/posts\/4822\/revisions\/4825"}],"wp:featuredmedia":[{"embeddable":true,"href":"https:\/\/clm-inclusiva.org\/index.php?rest_route=\/wp\/v2\/media\/4824"}],"wp:attachment":[{"href":"https:\/\/clm-inclusiva.org\/index.php?rest_route=%2Fwp%2Fv2%2Fmedia&parent=4822"}],"wp:term":[{"taxonomy":"category","embeddable":true,"href":"https:\/\/clm-inclusiva.org\/index.php?rest_route=%2Fwp%2Fv2%2Fcategories&post=4822"},{"taxonomy":"post_tag","embeddable":true,"href":"https:\/\/clm-inclusiva.org\/index.php?rest_route=%2Fwp%2Fv2%2Ftags&post=4822"}],"curies":[{"name":"wp","href":"https:\/\/api.w.org\/{rel}","templated":true}]}}