{"id":4815,"date":"2023-04-28T13:47:53","date_gmt":"2023-04-28T11:47:53","guid":{"rendered":"http:\/\/clm-inclusiva.org\/?p=4815"},"modified":"2023-04-28T13:49:34","modified_gmt":"2023-04-28T11:49:34","slug":"clm-inclusiva-cocemfe-comienza-una-intensa-agenda-de-reuniones-con-representantes-politicos-y-candidatos-para-el-28m","status":"publish","type":"post","link":"https:\/\/clm-inclusiva.org\/?p=4815","title":{"rendered":"CLM Inclusiva COCEMFE comienza una intensa agenda de reuniones con representantes pol\u00edticos y candidatos para el 28M"},"content":{"rendered":"<p>&nbsp;<\/p>\n<ul>\n<li style=\"text-align: justify\"><strong>La Confederaci\u00f3n pone en marcha una agenda de entrevistas a nivel regional, provincial y local a trav\u00e9s de sus federaciones y asociaciones.<\/strong><\/li>\n<\/ul>\n<p style=\"text-align: justify\">Ante la proximidad del comienzo de la campa\u00f1a electoral el pr\u00f3ximo 12 de mayo, la Confederaci\u00f3n de entidades de personas con discapacidad de Castilla-La Mancha, CLM Inclusiva COCEMFE, ha puesto en marcha una agenda de reuniones con los candidatos y candidatas, y sus equipos de campa\u00f1a de cara a la pr\u00f3xima cita electoral del 28 de Mayo.<\/p>\n<p style=\"text-align: justify\">Para Enrique Alarc\u00f3n, Presidente de CLM Inclusiva COCEMFE, \u201catendemos por igual a todos los grupos pol\u00edticos y sus candidatos y candidatas, pero tenemos muy claro cual son nuestras prioridades y propuestas program\u00e1ticas, les pedimos hechos y realidades, no promesas\u201d<\/p>\n<p style=\"text-align: justify\">Y es que para Enrique Alarc\u00f3n, \u201chay cuestiones que venimos poniendo encima de la mesa elecci\u00f3n tras elecci\u00f3n, y que deben ser abordadas desde la m\u00e1s absoluta prioridad\u201d. Y a\u00f1ade, \u201cAsuntos como son el desarrollo de la Autonom\u00eda Personal, la accesibilidad universal, el acceso a la vivienda, el empleo protegido, o mantener y optimizar los recursos de las entidades, ser\u00e1n puntos a tratar con los candidatos y candidatas.\u201d<\/p>\n<p style=\"text-align: justify\">Para ello, desde CLM Inclusiva COCEMFE y su movimiento asociativo, se ha puesto en marcha una ronda de contactos con las formaciones pol\u00edticas que concurren el pr\u00f3ximo 28 de mayo tanto a nivel local y provincial, como regional.<\/p>\n","protected":false},"excerpt":{"rendered":"<p>&nbsp; La Confederaci\u00f3n pone en marcha una agenda de entrevistas a nivel regional, provincial y local a trav\u00e9s de sus federaciones y asociaciones. Ante la proximidad del comienzo de la campa\u00f1a electoral el pr\u00f3ximo 12 de mayo, la Confederaci\u00f3n de entidades de personas con discapacidad de Castilla-La Mancha, CLM Inclusiva COCEMFE, ha puesto en marcha [&hellip;]<\/p>\n","protected":false},"author":1,"featured_media":4817,"comment_status":"open","ping_status":"open","sticky":false,"template":"","format":"standard","meta":{"_et_pb_use_builder":"","_et_pb_old_content":"","_et_gb_content_width":"","footnotes":""},"categories":[1],"tags":[],"yoast_head":"<!-- This site is optimized with the Yoast SEO plugin v21.3 - https:\/\/yoast.com\/wordpress\/plugins\/seo\/ -->\n<title>CLM Inclusiva COCEMFE comienza una intensa agenda de reuniones con representantes pol\u00edticos y candidatos para el 28M - Clm-Inclusiva<\/title>\n<meta name=\"robots\" content=\"index, follow, max-snippet:-1, max-image-preview:large, max-video-preview:-1\" \/>\n<link rel=\"canonical\" href=\"https:\/\/clm-inclusiva.org\/?p=4815\" \/>\n<meta property=\"og:locale\" content=\"es_ES\" \/>\n<meta property=\"og:type\" content=\"article\" \/>\n<meta property=\"og:title\" content=\"CLM Inclusiva COCEMFE comienza una intensa agenda de reuniones con representantes pol\u00edticos y candidatos para el 28M - Clm-Inclusiva\" \/>\n<meta property=\"og:description\" content=\"&nbsp; La Confederaci\u00f3n pone en marcha una agenda de entrevistas a nivel regional, provincial y local a trav\u00e9s de sus federaciones y asociaciones. Ante la proximidad del comienzo de la campa\u00f1a electoral el pr\u00f3ximo 12 de mayo, la Confederaci\u00f3n de entidades de personas con discapacidad de Castilla-La Mancha, CLM Inclusiva COCEMFE, ha puesto en marcha [&hellip;]\" \/>\n<meta property=\"og:url\" content=\"https:\/\/clm-inclusiva.org\/?p=4815\" \/>\n<meta property=\"og:site_name\" content=\"Clm-Inclusiva\" \/>\n<meta property=\"article:publisher\" content=\"https:\/\/www.facebook.com\/castillalamancha.inclusiva\/\" \/>\n<meta property=\"article:published_time\" content=\"2023-04-28T11:47:53+00:00\" \/>\n<meta property=\"article:modified_time\" content=\"2023-04-28T11:49:34+00:00\" \/>\n<meta property=\"og:image\" content=\"https:\/\/clm-inclusiva.org\/wp-content\/uploads\/2023\/04\/DSC03477-copia-scaled.jpg\" \/>\n\t<meta property=\"og:image:width\" content=\"2560\" \/>\n\t<meta property=\"og:image:height\" content=\"1707\" \/>\n\t<meta property=\"og:image:type\" content=\"image\/jpeg\" \/>\n<meta name=\"author\" content=\"clm-inclusiva\" \/>\n<meta name=\"twitter:card\" content=\"summary_large_image\" \/>\n<meta name=\"twitter:creator\" content=\"@ClmInclusiva\" \/>\n<meta name=\"twitter:site\" content=\"@ClmInclusiva\" \/>\n<meta name=\"twitter:label1\" content=\"Escrito por\" \/>\n\t<meta name=\"twitter:data1\" content=\"clm-inclusiva\" \/>\n\t<meta name=\"twitter:label2\" content=\"Tiempo de lectura\" \/>\n\t<meta name=\"twitter:data2\" content=\"1 minuto\" \/>\n<script type=\"application\/ld+json\" class=\"yoast-schema-graph\">{\"@context\":\"https:\/\/schema.org\",\"@graph\":[{\"@type\":\"Article\",\"@id\":\"https:\/\/clm-inclusiva.org\/?p=4815#article\",\"isPartOf\":{\"@id\":\"https:\/\/clm-inclusiva.org\/?p=4815\"},\"author\":{\"name\":\"clm-inclusiva\",\"@id\":\"https:\/\/clm-inclusiva.org\/#\/schema\/person\/0cff84aaa5bb8fd3521c55d1578d902b\"},\"headline\":\"CLM Inclusiva COCEMFE comienza una intensa agenda de reuniones con representantes pol\u00edticos y candidatos para el 28M\",\"datePublished\":\"2023-04-28T11:47:53+00:00\",\"dateModified\":\"2023-04-28T11:49:34+00:00\",\"mainEntityOfPage\":{\"@id\":\"https:\/\/clm-inclusiva.org\/?p=4815\"},\"wordCount\":259,\"commentCount\":0,\"publisher\":{\"@id\":\"https:\/\/clm-inclusiva.org\/#organization\"},\"inLanguage\":\"es\",\"potentialAction\":[{\"@type\":\"CommentAction\",\"name\":\"Comment\",\"target\":[\"https:\/\/clm-inclusiva.org\/?p=4815#respond\"]}]},{\"@type\":\"WebPage\",\"@id\":\"https:\/\/clm-inclusiva.org\/?p=4815\",\"url\":\"https:\/\/clm-inclusiva.org\/?p=4815\",\"name\":\"CLM Inclusiva COCEMFE comienza una intensa agenda de reuniones con representantes pol\u00edticos y candidatos para el 28M - Clm-Inclusiva\",\"isPartOf\":{\"@id\":\"https:\/\/clm-inclusiva.org\/#website\"},\"datePublished\":\"2023-04-28T11:47:53+00:00\",\"dateModified\":\"2023-04-28T11:49:34+00:00\",\"breadcrumb\":{\"@id\":\"https:\/\/clm-inclusiva.org\/?p=4815#breadcrumb\"},\"inLanguage\":\"es\",\"potentialAction\":[{\"@type\":\"ReadAction\",\"target\":[\"https:\/\/clm-inclusiva.org\/?p=4815\"]}]},{\"@type\":\"BreadcrumbList\",\"@id\":\"https:\/\/clm-inclusiva.org\/?p=4815#breadcrumb\",\"itemListElement\":[{\"@type\":\"ListItem\",\"position\":1,\"name\":\"Portada\",\"item\":\"https:\/\/clm-inclusiva.org\/\"},{\"@type\":\"ListItem\",\"position\":2,\"name\":\"CLM Inclusiva COCEMFE comienza una intensa agenda de reuniones con representantes pol\u00edticos y candidatos para el 28M\"}]},{\"@type\":\"WebSite\",\"@id\":\"https:\/\/clm-inclusiva.org\/#website\",\"url\":\"https:\/\/clm-inclusiva.org\/\",\"name\":\"Clm-Inclusiva\",\"description\":\"Confederaci\u00f3n de entidades de personas con discapacidad f\u00edsica y org\u00e1nica CLM\",\"publisher\":{\"@id\":\"https:\/\/clm-inclusiva.org\/#organization\"},\"potentialAction\":[{\"@type\":\"SearchAction\",\"target\":{\"@type\":\"EntryPoint\",\"urlTemplate\":\"https:\/\/clm-inclusiva.org\/?s={search_term_string}\"},\"query-input\":\"required name=search_term_string\"}],\"inLanguage\":\"es\"},{\"@type\":\"Organization\",\"@id\":\"https:\/\/clm-inclusiva.org\/#organization\",\"name\":\"Clm-Inclusiva\",\"url\":\"https:\/\/clm-inclusiva.org\/\",\"logo\":{\"@type\":\"ImageObject\",\"inLanguage\":\"es\",\"@id\":\"https:\/\/clm-inclusiva.org\/#\/schema\/logo\/image\/\",\"url\":\"http:\/\/clm-inclusiva.org\/wp-content\/uploads\/2019\/04\/banner-e1533720812836.jpg\",\"contentUrl\":\"http:\/\/clm-inclusiva.org\/wp-content\/uploads\/2019\/04\/banner-e1533720812836.jpg\",\"width\":600,\"height\":332,\"caption\":\"Clm-Inclusiva\"},\"image\":{\"@id\":\"https:\/\/clm-inclusiva.org\/#\/schema\/logo\/image\/\"},\"sameAs\":[\"https:\/\/www.facebook.com\/castillalamancha.inclusiva\/\",\"https:\/\/twitter.com\/ClmInclusiva\"]},{\"@type\":\"Person\",\"@id\":\"https:\/\/clm-inclusiva.org\/#\/schema\/person\/0cff84aaa5bb8fd3521c55d1578d902b\",\"name\":\"clm-inclusiva\",\"image\":{\"@type\":\"ImageObject\",\"inLanguage\":\"es\",\"@id\":\"https:\/\/clm-inclusiva.org\/#\/schema\/person\/image\/\",\"url\":\"https:\/\/secure.gravatar.com\/avatar\/88948567af770dc9cd5597b329011884?s=96&d=blank&r=g\",\"contentUrl\":\"https:\/\/secure.gravatar.com\/avatar\/88948567af770dc9cd5597b329011884?s=96&d=blank&r=g\",\"caption\":\"clm-inclusiva\"},\"sameAs\":[\"http:\/\/clm-inclusiva.org\"],\"url\":\"https:\/\/clm-inclusiva.org\/?author=1\"}]}<\/script>\n<!-- \/ Yoast SEO plugin. -->","yoast_head_json":{"title":"CLM Inclusiva COCEMFE comienza una intensa agenda de reuniones con representantes pol\u00edticos y candidatos para el 28M - Clm-Inclusiva","robots":{"index":"index","follow":"follow","max-snippet":"max-snippet:-1","max-image-preview":"max-image-preview:large","max-video-preview":"max-video-preview:-1"},"canonical":"https:\/\/clm-inclusiva.org\/?p=4815","og_locale":"es_ES","og_type":"article","og_title":"CLM Inclusiva COCEMFE comienza una intensa agenda de reuniones con representantes pol\u00edticos y candidatos para el 28M - Clm-Inclusiva","og_description":"&nbsp; La Confederaci\u00f3n pone en marcha una agenda de entrevistas a nivel regional, provincial y local a trav\u00e9s de sus federaciones y asociaciones. Ante la proximidad del comienzo de la campa\u00f1a electoral el pr\u00f3ximo 12 de mayo, la Confederaci\u00f3n de entidades de personas con discapacidad de Castilla-La Mancha, CLM Inclusiva COCEMFE, ha puesto en marcha [&hellip;]","og_url":"https:\/\/clm-inclusiva.org\/?p=4815","og_site_name":"Clm-Inclusiva","article_publisher":"https:\/\/www.facebook.com\/castillalamancha.inclusiva\/","article_published_time":"2023-04-28T11:47:53+00:00","article_modified_time":"2023-04-28T11:49:34+00:00","og_image":[{"width":2560,"height":1707,"url":"https:\/\/clm-inclusiva.org\/wp-content\/uploads\/2023\/04\/DSC03477-copia-scaled.jpg","type":"image\/jpeg"}],"author":"clm-inclusiva","twitter_card":"summary_large_image","twitter_creator":"@ClmInclusiva","twitter_site":"@ClmInclusiva","twitter_misc":{"Escrito por":"clm-inclusiva","Tiempo de lectura":"1 minuto"},"schema":{"@context":"https:\/\/schema.org","@graph":[{"@type":"Article","@id":"https:\/\/clm-inclusiva.org\/?p=4815#article","isPartOf":{"@id":"https:\/\/clm-inclusiva.org\/?p=4815"},"author":{"name":"clm-inclusiva","@id":"https:\/\/clm-inclusiva.org\/#\/schema\/person\/0cff84aaa5bb8fd3521c55d1578d902b"},"headline":"CLM Inclusiva COCEMFE comienza una intensa agenda de reuniones con representantes pol\u00edticos y candidatos para el 28M","datePublished":"2023-04-28T11:47:53+00:00","dateModified":"2023-04-28T11:49:34+00:00","mainEntityOfPage":{"@id":"https:\/\/clm-inclusiva.org\/?p=4815"},"wordCount":259,"commentCount":0,"publisher":{"@id":"https:\/\/clm-inclusiva.org\/#organization"},"inLanguage":"es","potentialAction":[{"@type":"CommentAction","name":"Comment","target":["https:\/\/clm-inclusiva.org\/?p=4815#respond"]}]},{"@type":"WebPage","@id":"https:\/\/clm-inclusiva.org\/?p=4815","url":"https:\/\/clm-inclusiva.org\/?p=4815","name":"CLM Inclusiva COCEMFE comienza una intensa agenda de reuniones con representantes pol\u00edticos y candidatos para el 28M - Clm-Inclusiva","isPartOf":{"@id":"https:\/\/clm-inclusiva.org\/#website"},"datePublished":"2023-04-28T11:47:53+00:00","dateModified":"2023-04-28T11:49:34+00:00","breadcrumb":{"@id":"https:\/\/clm-inclusiva.org\/?p=4815#breadcrumb"},"inLanguage":"es","potentialAction":[{"@type":"ReadAction","target":["https:\/\/clm-inclusiva.org\/?p=4815"]}]},{"@type":"BreadcrumbList","@id":"https:\/\/clm-inclusiva.org\/?p=4815#breadcrumb","itemListElement":[{"@type":"ListItem","position":1,"name":"Portada","item":"https:\/\/clm-inclusiva.org\/"},{"@type":"ListItem","position":2,"name":"CLM Inclusiva COCEMFE comienza una intensa agenda de reuniones con representantes pol\u00edticos y candidatos para el 28M"}]},{"@type":"WebSite","@id":"https:\/\/clm-inclusiva.org\/#website","url":"https:\/\/clm-inclusiva.org\/","name":"Clm-Inclusiva","description":"Confederaci\u00f3n de entidades de personas con discapacidad f\u00edsica y org\u00e1nica CLM","publisher":{"@id":"https:\/\/clm-inclusiva.org\/#organization"},"potentialAction":[{"@type":"SearchAction","target":{"@type":"EntryPoint","urlTemplate":"https:\/\/clm-inclusiva.org\/?s={search_term_string}"},"query-input":"required name=search_term_string"}],"inLanguage":"es"},{"@type":"Organization","@id":"https:\/\/clm-inclusiva.org\/#organization","name":"Clm-Inclusiva","url":"https:\/\/clm-inclusiva.org\/","logo":{"@type":"ImageObject","inLanguage":"es","@id":"https:\/\/clm-inclusiva.org\/#\/schema\/logo\/image\/","url":"http:\/\/clm-inclusiva.org\/wp-content\/uploads\/2019\/04\/banner-e1533720812836.jpg","contentUrl":"http:\/\/clm-inclusiva.org\/wp-content\/uploads\/2019\/04\/banner-e1533720812836.jpg","width":600,"height":332,"caption":"Clm-Inclusiva"},"image":{"@id":"https:\/\/clm-inclusiva.org\/#\/schema\/logo\/image\/"},"sameAs":["https:\/\/www.facebook.com\/castillalamancha.inclusiva\/","https:\/\/twitter.com\/ClmInclusiva"]},{"@type":"Person","@id":"https:\/\/clm-inclusiva.org\/#\/schema\/person\/0cff84aaa5bb8fd3521c55d1578d902b","name":"clm-inclusiva","image":{"@type":"ImageObject","inLanguage":"es","@id":"https:\/\/clm-inclusiva.org\/#\/schema\/person\/image\/","url":"https:\/\/secure.gravatar.com\/avatar\/88948567af770dc9cd5597b329011884?s=96&d=blank&r=g","contentUrl":"https:\/\/secure.gravatar.com\/avatar\/88948567af770dc9cd5597b329011884?s=96&d=blank&r=g","caption":"clm-inclusiva"},"sameAs":["http:\/\/clm-inclusiva.org"],"url":"https:\/\/clm-inclusiva.org\/?author=1"}]}},"_links":{"self":[{"href":"https:\/\/clm-inclusiva.org\/index.php?rest_route=\/wp\/v2\/posts\/4815"}],"collection":[{"href":"https:\/\/clm-inclusiva.org\/index.php?rest_route=\/wp\/v2\/posts"}],"about":[{"href":"https:\/\/clm-inclusiva.org\/index.php?rest_route=\/wp\/v2\/types\/post"}],"author":[{"embeddable":true,"href":"https:\/\/clm-inclusiva.org\/index.php?rest_route=\/wp\/v2\/users\/1"}],"replies":[{"embeddable":true,"href":"https:\/\/clm-inclusiva.org\/index.php?rest_route=%2Fwp%2Fv2%2Fcomments&post=4815"}],"version-history":[{"count":2,"href":"https:\/\/clm-inclusiva.org\/index.php?rest_route=\/wp\/v2\/posts\/4815\/revisions"}],"predecessor-version":[{"id":4820,"href":"https:\/\/clm-inclusiva.org\/index.php?rest_route=\/wp\/v2\/posts\/4815\/revisions\/4820"}],"wp:featuredmedia":[{"embeddable":true,"href":"https:\/\/clm-inclusiva.org\/index.php?rest_route=\/wp\/v2\/media\/4817"}],"wp:attachment":[{"href":"https:\/\/clm-inclusiva.org\/index.php?rest_route=%2Fwp%2Fv2%2Fmedia&parent=4815"}],"wp:term":[{"taxonomy":"category","embeddable":true,"href":"https:\/\/clm-inclusiva.org\/index.php?rest_route=%2Fwp%2Fv2%2Fcategories&post=4815"},{"taxonomy":"post_tag","embeddable":true,"href":"https:\/\/clm-inclusiva.org\/index.php?rest_route=%2Fwp%2Fv2%2Ftags&post=4815"}],"curies":[{"name":"wp","href":"https:\/\/api.w.org\/{rel}","templated":true}]}}