{"id":4810,"date":"2023-04-19T13:59:15","date_gmt":"2023-04-19T11:59:15","guid":{"rendered":"http:\/\/clm-inclusiva.org\/?p=4810"},"modified":"2023-04-19T13:59:15","modified_gmt":"2023-04-19T11:59:15","slug":"clm-inclusiva-cocemfe-firma-convenio-por-las-personas-con-discapacidad-junto-a-ceoe-cepyme-cuenca-y-cocemfe-cuenca","status":"publish","type":"post","link":"https:\/\/clm-inclusiva.org\/?p=4810","title":{"rendered":"CLM Inclusiva COCEMFE firma convenio por las personas con discapacidad junto a CEOE CEPYME Cuenca y COCEMFE Cuenca"},"content":{"rendered":"<ul>\n<li><strong>CLM Inclusiva COCEMFE, junto con la Confederaci\u00f3n de Empresarios de Cuenca, la Confederaci\u00f3n Espa\u00f1ola de Personas con Discapacidad F\u00edsica y Org\u00e1nica COCEMFE Y COCEMFE CUENCA, han firmado un convenio de colaboraci\u00f3n mediante el que se promover\u00e1 la activaci\u00f3n, la mejora de la empleabilidad y el acceso al empleo de las personas con discapacidad.<\/strong><strong><br \/>\n<\/strong><\/li>\n<li><strong>En la firma de este acuerdo han estado presentes, tanto el Coordinador Regional de CLM Inclusiva COCEMFE, Carlos Mora, el presidente de CEOE CEPYME Cuenca, David Pe\u00f1a, y Marta Montero, presidenta de COCEMFE CUENCA. <\/strong><\/li>\n<\/ul>\n<p>&nbsp;<\/p>\n<p><strong>Cuenca, 19 de Marzo de 2023.<\/strong><\/p>\n<p style=\"text-align: justify\">Esta colaboraci\u00f3n, que se ha firmado en la sede de CEOE CEPYME Cuenca, sella el compromiso entre todas las partes por mejorar la empleabilidad de las personas con discapacidad. El principal objetivo se proyectar\u00e1 a promover el cumplimiento de la Ley General de Derechos de las Personas con Discapacidad y su inclusi\u00f3n en referencia a la cuota de puestos de trabajo, o en casos excepcionales, el cumplimento de medidas alternativas establecidas.<\/p>\n<p style=\"text-align: justify\">\n<p style=\"text-align: justify\">Para Enrique Alarc\u00f3n, Presidente de CLM Inclusiva COCEMFE, &#8220;la firma de este convenio supone un avance en la prestaci\u00f3n de servicios de nuestra entidad en Cuenca. Continuamos buscando sinergias que a\u00fanen esfuerzos y objetivos por la integraci\u00f3n de las personas con discapacidad f\u00edsica y org\u00e1nica en el mercado laboral&#8221;. A\u00f1ade, &#8220;quiero agradecer a CEOE su voluntad por contar con nosotros, y haber posibilitado esta alianza estrat\u00e9gica que estoy seguro que tan buenos resultados dar\u00e1 en Cuenca\u201d.<\/p>\n<p style=\"text-align: justify\">\n<p style=\"text-align: justify\">Se produce as\u00ed un v\u00ednculo entre empresa y colectivo, que propiciar\u00e1 nuevas oportunidades de acceso a puestos de trabajo, que tendr\u00e1 una vigencia de un a\u00f1o y se puede prorrogar si ambas partes est\u00e1n de acuerdo. Suponiendo un paso m\u00e1s en la inclusi\u00f3n completa, tanto social como laboral, de las personas con discapacidad en nuestra regi\u00f3n.<\/p>\n<p>&nbsp;<\/p>\n","protected":false},"excerpt":{"rendered":"<p>CLM Inclusiva COCEMFE, junto con la Confederaci\u00f3n de Empresarios de Cuenca, la Confederaci\u00f3n Espa\u00f1ola de Personas con Discapacidad F\u00edsica y Org\u00e1nica COCEMFE Y COCEMFE CUENCA, han firmado un convenio de colaboraci\u00f3n mediante el que se promover\u00e1 la activaci\u00f3n, la mejora de la empleabilidad y el acceso al empleo de las personas con discapacidad. En la [&hellip;]<\/p>\n","protected":false},"author":1,"featured_media":4812,"comment_status":"open","ping_status":"open","sticky":false,"template":"","format":"standard","meta":{"_et_pb_use_builder":"","_et_pb_old_content":"","_et_gb_content_width":"","footnotes":""},"categories":[1],"tags":[],"yoast_head":"<!-- This site is optimized with the Yoast SEO plugin v21.3 - https:\/\/yoast.com\/wordpress\/plugins\/seo\/ -->\n<title>CLM Inclusiva COCEMFE firma convenio por las personas con discapacidad junto a CEOE CEPYME Cuenca y COCEMFE Cuenca - Clm-Inclusiva<\/title>\n<meta name=\"robots\" content=\"index, follow, max-snippet:-1, max-image-preview:large, max-video-preview:-1\" \/>\n<link rel=\"canonical\" href=\"https:\/\/clm-inclusiva.org\/?p=4810\" \/>\n<meta property=\"og:locale\" content=\"es_ES\" \/>\n<meta property=\"og:type\" content=\"article\" \/>\n<meta property=\"og:title\" content=\"CLM Inclusiva COCEMFE firma convenio por las personas con discapacidad junto a CEOE CEPYME Cuenca y COCEMFE Cuenca - Clm-Inclusiva\" \/>\n<meta property=\"og:description\" content=\"CLM Inclusiva COCEMFE, junto con la Confederaci\u00f3n de Empresarios de Cuenca, la Confederaci\u00f3n Espa\u00f1ola de Personas con Discapacidad F\u00edsica y Org\u00e1nica COCEMFE Y COCEMFE CUENCA, han firmado un convenio de colaboraci\u00f3n mediante el que se promover\u00e1 la activaci\u00f3n, la mejora de la empleabilidad y el acceso al empleo de las personas con discapacidad. En la [&hellip;]\" \/>\n<meta property=\"og:url\" content=\"https:\/\/clm-inclusiva.org\/?p=4810\" \/>\n<meta property=\"og:site_name\" content=\"Clm-Inclusiva\" \/>\n<meta property=\"article:publisher\" content=\"https:\/\/www.facebook.com\/castillalamancha.inclusiva\/\" \/>\n<meta property=\"article:published_time\" content=\"2023-04-19T11:59:15+00:00\" \/>\n<meta property=\"og:image\" content=\"https:\/\/clm-inclusiva.org\/wp-content\/uploads\/2023\/04\/FirmaCONVENIO_CEOE.jpeg\" \/>\n\t<meta property=\"og:image:width\" content=\"1600\" \/>\n\t<meta property=\"og:image:height\" content=\"1200\" \/>\n\t<meta property=\"og:image:type\" content=\"image\/jpeg\" \/>\n<meta name=\"author\" content=\"clm-inclusiva\" \/>\n<meta name=\"twitter:card\" content=\"summary_large_image\" \/>\n<meta name=\"twitter:creator\" content=\"@ClmInclusiva\" \/>\n<meta name=\"twitter:site\" content=\"@ClmInclusiva\" \/>\n<meta name=\"twitter:label1\" content=\"Escrito por\" \/>\n\t<meta name=\"twitter:data1\" content=\"clm-inclusiva\" \/>\n\t<meta name=\"twitter:label2\" content=\"Tiempo de lectura\" \/>\n\t<meta name=\"twitter:data2\" content=\"2 minutos\" \/>\n<script type=\"application\/ld+json\" class=\"yoast-schema-graph\">{\"@context\":\"https:\/\/schema.org\",\"@graph\":[{\"@type\":\"Article\",\"@id\":\"https:\/\/clm-inclusiva.org\/?p=4810#article\",\"isPartOf\":{\"@id\":\"https:\/\/clm-inclusiva.org\/?p=4810\"},\"author\":{\"name\":\"clm-inclusiva\",\"@id\":\"https:\/\/clm-inclusiva.org\/#\/schema\/person\/0cff84aaa5bb8fd3521c55d1578d902b\"},\"headline\":\"CLM Inclusiva COCEMFE firma convenio por las personas con discapacidad junto a CEOE CEPYME Cuenca y COCEMFE Cuenca\",\"datePublished\":\"2023-04-19T11:59:15+00:00\",\"dateModified\":\"2023-04-19T11:59:15+00:00\",\"mainEntityOfPage\":{\"@id\":\"https:\/\/clm-inclusiva.org\/?p=4810\"},\"wordCount\":338,\"commentCount\":0,\"publisher\":{\"@id\":\"https:\/\/clm-inclusiva.org\/#organization\"},\"inLanguage\":\"es\",\"potentialAction\":[{\"@type\":\"CommentAction\",\"name\":\"Comment\",\"target\":[\"https:\/\/clm-inclusiva.org\/?p=4810#respond\"]}]},{\"@type\":\"WebPage\",\"@id\":\"https:\/\/clm-inclusiva.org\/?p=4810\",\"url\":\"https:\/\/clm-inclusiva.org\/?p=4810\",\"name\":\"CLM Inclusiva COCEMFE firma convenio por las personas con discapacidad junto a CEOE CEPYME Cuenca y COCEMFE Cuenca - Clm-Inclusiva\",\"isPartOf\":{\"@id\":\"https:\/\/clm-inclusiva.org\/#website\"},\"datePublished\":\"2023-04-19T11:59:15+00:00\",\"dateModified\":\"2023-04-19T11:59:15+00:00\",\"breadcrumb\":{\"@id\":\"https:\/\/clm-inclusiva.org\/?p=4810#breadcrumb\"},\"inLanguage\":\"es\",\"potentialAction\":[{\"@type\":\"ReadAction\",\"target\":[\"https:\/\/clm-inclusiva.org\/?p=4810\"]}]},{\"@type\":\"BreadcrumbList\",\"@id\":\"https:\/\/clm-inclusiva.org\/?p=4810#breadcrumb\",\"itemListElement\":[{\"@type\":\"ListItem\",\"position\":1,\"name\":\"Portada\",\"item\":\"https:\/\/clm-inclusiva.org\/\"},{\"@type\":\"ListItem\",\"position\":2,\"name\":\"CLM Inclusiva COCEMFE firma convenio por las personas con discapacidad junto a CEOE CEPYME Cuenca y COCEMFE Cuenca\"}]},{\"@type\":\"WebSite\",\"@id\":\"https:\/\/clm-inclusiva.org\/#website\",\"url\":\"https:\/\/clm-inclusiva.org\/\",\"name\":\"Clm-Inclusiva\",\"description\":\"Confederaci\u00f3n de entidades de personas con discapacidad f\u00edsica y org\u00e1nica CLM\",\"publisher\":{\"@id\":\"https:\/\/clm-inclusiva.org\/#organization\"},\"potentialAction\":[{\"@type\":\"SearchAction\",\"target\":{\"@type\":\"EntryPoint\",\"urlTemplate\":\"https:\/\/clm-inclusiva.org\/?s={search_term_string}\"},\"query-input\":\"required name=search_term_string\"}],\"inLanguage\":\"es\"},{\"@type\":\"Organization\",\"@id\":\"https:\/\/clm-inclusiva.org\/#organization\",\"name\":\"Clm-Inclusiva\",\"url\":\"https:\/\/clm-inclusiva.org\/\",\"logo\":{\"@type\":\"ImageObject\",\"inLanguage\":\"es\",\"@id\":\"https:\/\/clm-inclusiva.org\/#\/schema\/logo\/image\/\",\"url\":\"http:\/\/clm-inclusiva.org\/wp-content\/uploads\/2019\/04\/banner-e1533720812836.jpg\",\"contentUrl\":\"http:\/\/clm-inclusiva.org\/wp-content\/uploads\/2019\/04\/banner-e1533720812836.jpg\",\"width\":600,\"height\":332,\"caption\":\"Clm-Inclusiva\"},\"image\":{\"@id\":\"https:\/\/clm-inclusiva.org\/#\/schema\/logo\/image\/\"},\"sameAs\":[\"https:\/\/www.facebook.com\/castillalamancha.inclusiva\/\",\"https:\/\/twitter.com\/ClmInclusiva\"]},{\"@type\":\"Person\",\"@id\":\"https:\/\/clm-inclusiva.org\/#\/schema\/person\/0cff84aaa5bb8fd3521c55d1578d902b\",\"name\":\"clm-inclusiva\",\"image\":{\"@type\":\"ImageObject\",\"inLanguage\":\"es\",\"@id\":\"https:\/\/clm-inclusiva.org\/#\/schema\/person\/image\/\",\"url\":\"https:\/\/secure.gravatar.com\/avatar\/88948567af770dc9cd5597b329011884?s=96&d=blank&r=g\",\"contentUrl\":\"https:\/\/secure.gravatar.com\/avatar\/88948567af770dc9cd5597b329011884?s=96&d=blank&r=g\",\"caption\":\"clm-inclusiva\"},\"sameAs\":[\"http:\/\/clm-inclusiva.org\"],\"url\":\"https:\/\/clm-inclusiva.org\/?author=1\"}]}<\/script>\n<!-- \/ Yoast SEO plugin. -->","yoast_head_json":{"title":"CLM Inclusiva COCEMFE firma convenio por las personas con discapacidad junto a CEOE CEPYME Cuenca y COCEMFE Cuenca - Clm-Inclusiva","robots":{"index":"index","follow":"follow","max-snippet":"max-snippet:-1","max-image-preview":"max-image-preview:large","max-video-preview":"max-video-preview:-1"},"canonical":"https:\/\/clm-inclusiva.org\/?p=4810","og_locale":"es_ES","og_type":"article","og_title":"CLM Inclusiva COCEMFE firma convenio por las personas con discapacidad junto a CEOE CEPYME Cuenca y COCEMFE Cuenca - Clm-Inclusiva","og_description":"CLM Inclusiva COCEMFE, junto con la Confederaci\u00f3n de Empresarios de Cuenca, la Confederaci\u00f3n Espa\u00f1ola de Personas con Discapacidad F\u00edsica y Org\u00e1nica COCEMFE Y COCEMFE CUENCA, han firmado un convenio de colaboraci\u00f3n mediante el que se promover\u00e1 la activaci\u00f3n, la mejora de la empleabilidad y el acceso al empleo de las personas con discapacidad. En la [&hellip;]","og_url":"https:\/\/clm-inclusiva.org\/?p=4810","og_site_name":"Clm-Inclusiva","article_publisher":"https:\/\/www.facebook.com\/castillalamancha.inclusiva\/","article_published_time":"2023-04-19T11:59:15+00:00","og_image":[{"width":1600,"height":1200,"url":"https:\/\/clm-inclusiva.org\/wp-content\/uploads\/2023\/04\/FirmaCONVENIO_CEOE.jpeg","type":"image\/jpeg"}],"author":"clm-inclusiva","twitter_card":"summary_large_image","twitter_creator":"@ClmInclusiva","twitter_site":"@ClmInclusiva","twitter_misc":{"Escrito por":"clm-inclusiva","Tiempo de lectura":"2 minutos"},"schema":{"@context":"https:\/\/schema.org","@graph":[{"@type":"Article","@id":"https:\/\/clm-inclusiva.org\/?p=4810#article","isPartOf":{"@id":"https:\/\/clm-inclusiva.org\/?p=4810"},"author":{"name":"clm-inclusiva","@id":"https:\/\/clm-inclusiva.org\/#\/schema\/person\/0cff84aaa5bb8fd3521c55d1578d902b"},"headline":"CLM Inclusiva COCEMFE firma convenio por las personas con discapacidad junto a CEOE CEPYME Cuenca y COCEMFE Cuenca","datePublished":"2023-04-19T11:59:15+00:00","dateModified":"2023-04-19T11:59:15+00:00","mainEntityOfPage":{"@id":"https:\/\/clm-inclusiva.org\/?p=4810"},"wordCount":338,"commentCount":0,"publisher":{"@id":"https:\/\/clm-inclusiva.org\/#organization"},"inLanguage":"es","potentialAction":[{"@type":"CommentAction","name":"Comment","target":["https:\/\/clm-inclusiva.org\/?p=4810#respond"]}]},{"@type":"WebPage","@id":"https:\/\/clm-inclusiva.org\/?p=4810","url":"https:\/\/clm-inclusiva.org\/?p=4810","name":"CLM Inclusiva COCEMFE firma convenio por las personas con discapacidad junto a CEOE CEPYME Cuenca y COCEMFE Cuenca - Clm-Inclusiva","isPartOf":{"@id":"https:\/\/clm-inclusiva.org\/#website"},"datePublished":"2023-04-19T11:59:15+00:00","dateModified":"2023-04-19T11:59:15+00:00","breadcrumb":{"@id":"https:\/\/clm-inclusiva.org\/?p=4810#breadcrumb"},"inLanguage":"es","potentialAction":[{"@type":"ReadAction","target":["https:\/\/clm-inclusiva.org\/?p=4810"]}]},{"@type":"BreadcrumbList","@id":"https:\/\/clm-inclusiva.org\/?p=4810#breadcrumb","itemListElement":[{"@type":"ListItem","position":1,"name":"Portada","item":"https:\/\/clm-inclusiva.org\/"},{"@type":"ListItem","position":2,"name":"CLM Inclusiva COCEMFE firma convenio por las personas con discapacidad junto a CEOE CEPYME Cuenca y COCEMFE Cuenca"}]},{"@type":"WebSite","@id":"https:\/\/clm-inclusiva.org\/#website","url":"https:\/\/clm-inclusiva.org\/","name":"Clm-Inclusiva","description":"Confederaci\u00f3n de entidades de personas con discapacidad f\u00edsica y org\u00e1nica CLM","publisher":{"@id":"https:\/\/clm-inclusiva.org\/#organization"},"potentialAction":[{"@type":"SearchAction","target":{"@type":"EntryPoint","urlTemplate":"https:\/\/clm-inclusiva.org\/?s={search_term_string}"},"query-input":"required name=search_term_string"}],"inLanguage":"es"},{"@type":"Organization","@id":"https:\/\/clm-inclusiva.org\/#organization","name":"Clm-Inclusiva","url":"https:\/\/clm-inclusiva.org\/","logo":{"@type":"ImageObject","inLanguage":"es","@id":"https:\/\/clm-inclusiva.org\/#\/schema\/logo\/image\/","url":"http:\/\/clm-inclusiva.org\/wp-content\/uploads\/2019\/04\/banner-e1533720812836.jpg","contentUrl":"http:\/\/clm-inclusiva.org\/wp-content\/uploads\/2019\/04\/banner-e1533720812836.jpg","width":600,"height":332,"caption":"Clm-Inclusiva"},"image":{"@id":"https:\/\/clm-inclusiva.org\/#\/schema\/logo\/image\/"},"sameAs":["https:\/\/www.facebook.com\/castillalamancha.inclusiva\/","https:\/\/twitter.com\/ClmInclusiva"]},{"@type":"Person","@id":"https:\/\/clm-inclusiva.org\/#\/schema\/person\/0cff84aaa5bb8fd3521c55d1578d902b","name":"clm-inclusiva","image":{"@type":"ImageObject","inLanguage":"es","@id":"https:\/\/clm-inclusiva.org\/#\/schema\/person\/image\/","url":"https:\/\/secure.gravatar.com\/avatar\/88948567af770dc9cd5597b329011884?s=96&d=blank&r=g","contentUrl":"https:\/\/secure.gravatar.com\/avatar\/88948567af770dc9cd5597b329011884?s=96&d=blank&r=g","caption":"clm-inclusiva"},"sameAs":["http:\/\/clm-inclusiva.org"],"url":"https:\/\/clm-inclusiva.org\/?author=1"}]}},"_links":{"self":[{"href":"https:\/\/clm-inclusiva.org\/index.php?rest_route=\/wp\/v2\/posts\/4810"}],"collection":[{"href":"https:\/\/clm-inclusiva.org\/index.php?rest_route=\/wp\/v2\/posts"}],"about":[{"href":"https:\/\/clm-inclusiva.org\/index.php?rest_route=\/wp\/v2\/types\/post"}],"author":[{"embeddable":true,"href":"https:\/\/clm-inclusiva.org\/index.php?rest_route=\/wp\/v2\/users\/1"}],"replies":[{"embeddable":true,"href":"https:\/\/clm-inclusiva.org\/index.php?rest_route=%2Fwp%2Fv2%2Fcomments&post=4810"}],"version-history":[{"count":1,"href":"https:\/\/clm-inclusiva.org\/index.php?rest_route=\/wp\/v2\/posts\/4810\/revisions"}],"predecessor-version":[{"id":4813,"href":"https:\/\/clm-inclusiva.org\/index.php?rest_route=\/wp\/v2\/posts\/4810\/revisions\/4813"}],"wp:featuredmedia":[{"embeddable":true,"href":"https:\/\/clm-inclusiva.org\/index.php?rest_route=\/wp\/v2\/media\/4812"}],"wp:attachment":[{"href":"https:\/\/clm-inclusiva.org\/index.php?rest_route=%2Fwp%2Fv2%2Fmedia&parent=4810"}],"wp:term":[{"taxonomy":"category","embeddable":true,"href":"https:\/\/clm-inclusiva.org\/index.php?rest_route=%2Fwp%2Fv2%2Fcategories&post=4810"},{"taxonomy":"post_tag","embeddable":true,"href":"https:\/\/clm-inclusiva.org\/index.php?rest_route=%2Fwp%2Fv2%2Ftags&post=4810"}],"curies":[{"name":"wp","href":"https:\/\/api.w.org\/{rel}","templated":true}]}}