{"id":4804,"date":"2023-04-17T15:19:15","date_gmt":"2023-04-17T13:19:15","guid":{"rendered":"http:\/\/clm-inclusiva.org\/?p=4804"},"modified":"2023-04-17T15:19:39","modified_gmt":"2023-04-17T13:19:39","slug":"clm-inclusiva-cocemfe-promueve-la-inclusion-laboral-de-las-personas-con-discapacidad-a-traves-de-la-cooperacion-europea","status":"publish","type":"post","link":"https:\/\/clm-inclusiva.org\/?p=4804","title":{"rendered":"CLM Inclusiva COCEMFE promueve la inclusi\u00f3n laboral de las personas con discapacidad a trav\u00e9s de la cooperaci\u00f3n europea"},"content":{"rendered":"<p>&nbsp;<\/p>\n<ul>\n<li><strong>A trav\u00e9s del proyecto Decid-E, Desarrollo de Redes de Cooperaci\u00f3n Transnacional para la Inclusi\u00f3n Laboral de las Personas con Discapacidad, el cual, est\u00e1 cofinanciado por el Fondo Social Europeo y Fundaci\u00f3n ONCE, en el marco del Programa POISES (Programa Operativo de Inclusi\u00f3n Social y Econom\u00eda Social, 2014-2020).<\/strong><\/li>\n<\/ul>\n<p>&nbsp;<\/p>\n<p style=\"text-align: justify\">El objetivo de este proyecto consiste en mejorar las oportunidades laborales de las personas con discapacidad en el mercado de trabajo a trav\u00e9s de iniciativas de cooperaci\u00f3n europea entre entidades que trabajan por la inclusi\u00f3n laboral de las personas con discapacidad f\u00edsica, org\u00e1nica y sensorial.<\/p>\n<p style=\"text-align: justify\"><strong>La Confederaci\u00f3n de entidades de personas con discapacidad f\u00edsica y org\u00e1nica de Castilla-La Mancha <\/strong>participa en el encuentro de cooperaci\u00f3n transnacional del proyecto DECID-E, que junto a representantes de COCEMFE estatal, COGAMI (Galicia) e INSERTA Fundaci\u00f3n Once, entre los d\u00edas 17 y 19 de abril, visitar\u00e1 la entidad francesa de L&#8217;Agefiph en la ciudad de Nantes. Se trata de un Organismo P\u00fablico perteneciente a la Secretar\u00eda de Estado de Derechos de las personas con discapacidad, que tiene como objetivo generar empleo para las personas con discapacidad. Esta visita es el fruto de un trabajo previo de di\u00e1logo y reflexi\u00f3n realizado a trav\u00e9s de reuniones virtuales en las que se ha identificado la conveniencia de intensificar el trabajo conjunto y establecer una colaboraci\u00f3n que conduzca a conocer mejor el trabajo que cada una de estas estructuras realiza en su pa\u00eds.<\/p>\n<p style=\"text-align: justify\">A lo largo de estos d\u00edas se llevar\u00e1n a cabo encuentros tanto con el equipo directivo de la entidad, como con el equipo t\u00e9cnico, as\u00ed como con representantes de la administraci\u00f3n, la empresa y las propias personas con discapacidad. Se trata de identificar las buenas pr\u00e1cticas puestas en marcha en materia de inclusi\u00f3n social y profesional de las personas en situaci\u00f3n de discapacidad y la relaci\u00f3n con las empresas ordinarias y del tercer sector, as\u00ed como aquellas que se refieren a la adaptaci\u00f3n de puestos de trabajo e identificaci\u00f3n de oportunidades de empleo.<\/p>\n<p style=\"text-align: justify\">El proyecto DECIDE (Desarrollo de Redes de Cooperaci\u00f3n Transnacional para la Inclusi\u00f3n Laboral de las Personas con Discapacidad,) promovido por COCEMFE, est\u00e1 cofinanciado por el Fondo Social Europeo y Fundaci\u00f3n ONCE, en el marco del Programa POISES (Programa Operativo de Inclusi\u00f3n Social y Econom\u00eda Social, 2014-2020).<\/p>\n<p>&nbsp;<\/p>\n<p style=\"text-align: justify\"><strong>La\u00a0Confederaci\u00f3n de entidades de personas con discapacidad f\u00edsica y org\u00e1nica Castilla-La Mancha INCLUSIVA COCEMFE\u00a0se constituy\u00f3 en el a\u00f1o 2017. Agrupa a casi un centenar de entidades que representan casi a 10.000 personas con discapacidad. Se encuentra compuesta por las federaciones provinciales, COCEMFE Albacete, COCEMFE Guadalajara, COCEMFE Toledo, COCEMFE Cuenca y Ciudad Real INCLUSIVA, as\u00ed como las entidades de car\u00e1cter regional AFANION, LUNA, AIDISCAM CLM y la asociaci\u00f3n nacional AMIAB. El objetivo fundamental de la confederaci\u00f3n es articular y vertebrar en nuestra regi\u00f3n el asociacionismo de la discapacidad f\u00edsica y org\u00e1nica, desde la unidad y respeto al pluralismo, para desarrollar una acci\u00f3n representativa efectiva en defensas de los derechos e intereses de las personas con discapacidad y sus familias.<\/strong><\/p>\n","protected":false},"excerpt":{"rendered":"<p>&nbsp; A trav\u00e9s del proyecto Decid-E, Desarrollo de Redes de Cooperaci\u00f3n Transnacional para la Inclusi\u00f3n Laboral de las Personas con Discapacidad, el cual, est\u00e1 cofinanciado por el Fondo Social Europeo y Fundaci\u00f3n ONCE, en el marco del Programa POISES (Programa Operativo de Inclusi\u00f3n Social y Econom\u00eda Social, 2014-2020). &nbsp; El objetivo de este proyecto consiste [&hellip;]<\/p>\n","protected":false},"author":1,"featured_media":4806,"comment_status":"open","ping_status":"open","sticky":false,"template":"","format":"standard","meta":{"_et_pb_use_builder":"","_et_pb_old_content":"","_et_gb_content_width":"","footnotes":""},"categories":[1],"tags":[],"yoast_head":"<!-- This site is optimized with the Yoast SEO plugin v21.3 - https:\/\/yoast.com\/wordpress\/plugins\/seo\/ -->\n<title>CLM Inclusiva COCEMFE promueve la inclusi\u00f3n laboral de las personas con discapacidad a trav\u00e9s de la cooperaci\u00f3n europea - Clm-Inclusiva<\/title>\n<meta name=\"robots\" content=\"index, follow, max-snippet:-1, max-image-preview:large, max-video-preview:-1\" \/>\n<link rel=\"canonical\" href=\"https:\/\/clm-inclusiva.org\/?p=4804\" \/>\n<meta property=\"og:locale\" content=\"es_ES\" \/>\n<meta property=\"og:type\" content=\"article\" \/>\n<meta property=\"og:title\" content=\"CLM Inclusiva COCEMFE promueve la inclusi\u00f3n laboral de las personas con discapacidad a trav\u00e9s de la cooperaci\u00f3n europea - Clm-Inclusiva\" \/>\n<meta property=\"og:description\" content=\"&nbsp; A trav\u00e9s del proyecto Decid-E, Desarrollo de Redes de Cooperaci\u00f3n Transnacional para la Inclusi\u00f3n Laboral de las Personas con Discapacidad, el cual, est\u00e1 cofinanciado por el Fondo Social Europeo y Fundaci\u00f3n ONCE, en el marco del Programa POISES (Programa Operativo de Inclusi\u00f3n Social y Econom\u00eda Social, 2014-2020). &nbsp; El objetivo de este proyecto consiste [&hellip;]\" \/>\n<meta property=\"og:url\" content=\"https:\/\/clm-inclusiva.org\/?p=4804\" \/>\n<meta property=\"og:site_name\" content=\"Clm-Inclusiva\" \/>\n<meta property=\"article:publisher\" content=\"https:\/\/www.facebook.com\/castillalamancha.inclusiva\/\" \/>\n<meta property=\"article:published_time\" content=\"2023-04-17T13:19:15+00:00\" \/>\n<meta property=\"article:modified_time\" content=\"2023-04-17T13:19:39+00:00\" \/>\n<meta property=\"og:image\" content=\"https:\/\/clm-inclusiva.org\/wp-content\/uploads\/2023\/04\/IMAGEN-PROMOCIONAL_PROYECTO-DECID-E.png\" \/>\n\t<meta property=\"og:image:width\" content=\"2169\" \/>\n\t<meta property=\"og:image:height\" content=\"1142\" \/>\n\t<meta property=\"og:image:type\" content=\"image\/png\" \/>\n<meta name=\"author\" content=\"clm-inclusiva\" \/>\n<meta name=\"twitter:card\" content=\"summary_large_image\" \/>\n<meta name=\"twitter:creator\" content=\"@ClmInclusiva\" \/>\n<meta name=\"twitter:site\" content=\"@ClmInclusiva\" \/>\n<meta name=\"twitter:label1\" content=\"Escrito por\" \/>\n\t<meta name=\"twitter:data1\" content=\"clm-inclusiva\" \/>\n\t<meta name=\"twitter:label2\" content=\"Tiempo de lectura\" \/>\n\t<meta name=\"twitter:data2\" content=\"3 minutos\" \/>\n<script type=\"application\/ld+json\" class=\"yoast-schema-graph\">{\"@context\":\"https:\/\/schema.org\",\"@graph\":[{\"@type\":\"Article\",\"@id\":\"https:\/\/clm-inclusiva.org\/?p=4804#article\",\"isPartOf\":{\"@id\":\"https:\/\/clm-inclusiva.org\/?p=4804\"},\"author\":{\"name\":\"clm-inclusiva\",\"@id\":\"https:\/\/clm-inclusiva.org\/#\/schema\/person\/0cff84aaa5bb8fd3521c55d1578d902b\"},\"headline\":\"CLM Inclusiva COCEMFE promueve la inclusi\u00f3n laboral de las personas con discapacidad a trav\u00e9s de la cooperaci\u00f3n europea\",\"datePublished\":\"2023-04-17T13:19:15+00:00\",\"dateModified\":\"2023-04-17T13:19:39+00:00\",\"mainEntityOfPage\":{\"@id\":\"https:\/\/clm-inclusiva.org\/?p=4804\"},\"wordCount\":560,\"commentCount\":0,\"publisher\":{\"@id\":\"https:\/\/clm-inclusiva.org\/#organization\"},\"inLanguage\":\"es\",\"potentialAction\":[{\"@type\":\"CommentAction\",\"name\":\"Comment\",\"target\":[\"https:\/\/clm-inclusiva.org\/?p=4804#respond\"]}]},{\"@type\":\"WebPage\",\"@id\":\"https:\/\/clm-inclusiva.org\/?p=4804\",\"url\":\"https:\/\/clm-inclusiva.org\/?p=4804\",\"name\":\"CLM Inclusiva COCEMFE promueve la inclusi\u00f3n laboral de las personas con discapacidad a trav\u00e9s de la cooperaci\u00f3n europea - Clm-Inclusiva\",\"isPartOf\":{\"@id\":\"https:\/\/clm-inclusiva.org\/#website\"},\"datePublished\":\"2023-04-17T13:19:15+00:00\",\"dateModified\":\"2023-04-17T13:19:39+00:00\",\"breadcrumb\":{\"@id\":\"https:\/\/clm-inclusiva.org\/?p=4804#breadcrumb\"},\"inLanguage\":\"es\",\"potentialAction\":[{\"@type\":\"ReadAction\",\"target\":[\"https:\/\/clm-inclusiva.org\/?p=4804\"]}]},{\"@type\":\"BreadcrumbList\",\"@id\":\"https:\/\/clm-inclusiva.org\/?p=4804#breadcrumb\",\"itemListElement\":[{\"@type\":\"ListItem\",\"position\":1,\"name\":\"Portada\",\"item\":\"https:\/\/clm-inclusiva.org\/\"},{\"@type\":\"ListItem\",\"position\":2,\"name\":\"CLM Inclusiva COCEMFE promueve la inclusi\u00f3n laboral de las personas con discapacidad a trav\u00e9s de la cooperaci\u00f3n europea\"}]},{\"@type\":\"WebSite\",\"@id\":\"https:\/\/clm-inclusiva.org\/#website\",\"url\":\"https:\/\/clm-inclusiva.org\/\",\"name\":\"Clm-Inclusiva\",\"description\":\"Confederaci\u00f3n de entidades de personas con discapacidad f\u00edsica y org\u00e1nica CLM\",\"publisher\":{\"@id\":\"https:\/\/clm-inclusiva.org\/#organization\"},\"potentialAction\":[{\"@type\":\"SearchAction\",\"target\":{\"@type\":\"EntryPoint\",\"urlTemplate\":\"https:\/\/clm-inclusiva.org\/?s={search_term_string}\"},\"query-input\":\"required name=search_term_string\"}],\"inLanguage\":\"es\"},{\"@type\":\"Organization\",\"@id\":\"https:\/\/clm-inclusiva.org\/#organization\",\"name\":\"Clm-Inclusiva\",\"url\":\"https:\/\/clm-inclusiva.org\/\",\"logo\":{\"@type\":\"ImageObject\",\"inLanguage\":\"es\",\"@id\":\"https:\/\/clm-inclusiva.org\/#\/schema\/logo\/image\/\",\"url\":\"http:\/\/clm-inclusiva.org\/wp-content\/uploads\/2019\/04\/banner-e1533720812836.jpg\",\"contentUrl\":\"http:\/\/clm-inclusiva.org\/wp-content\/uploads\/2019\/04\/banner-e1533720812836.jpg\",\"width\":600,\"height\":332,\"caption\":\"Clm-Inclusiva\"},\"image\":{\"@id\":\"https:\/\/clm-inclusiva.org\/#\/schema\/logo\/image\/\"},\"sameAs\":[\"https:\/\/www.facebook.com\/castillalamancha.inclusiva\/\",\"https:\/\/twitter.com\/ClmInclusiva\"]},{\"@type\":\"Person\",\"@id\":\"https:\/\/clm-inclusiva.org\/#\/schema\/person\/0cff84aaa5bb8fd3521c55d1578d902b\",\"name\":\"clm-inclusiva\",\"image\":{\"@type\":\"ImageObject\",\"inLanguage\":\"es\",\"@id\":\"https:\/\/clm-inclusiva.org\/#\/schema\/person\/image\/\",\"url\":\"https:\/\/secure.gravatar.com\/avatar\/88948567af770dc9cd5597b329011884?s=96&d=blank&r=g\",\"contentUrl\":\"https:\/\/secure.gravatar.com\/avatar\/88948567af770dc9cd5597b329011884?s=96&d=blank&r=g\",\"caption\":\"clm-inclusiva\"},\"sameAs\":[\"http:\/\/clm-inclusiva.org\"],\"url\":\"https:\/\/clm-inclusiva.org\/?author=1\"}]}<\/script>\n<!-- \/ Yoast SEO plugin. -->","yoast_head_json":{"title":"CLM Inclusiva COCEMFE promueve la inclusi\u00f3n laboral de las personas con discapacidad a trav\u00e9s de la cooperaci\u00f3n europea - Clm-Inclusiva","robots":{"index":"index","follow":"follow","max-snippet":"max-snippet:-1","max-image-preview":"max-image-preview:large","max-video-preview":"max-video-preview:-1"},"canonical":"https:\/\/clm-inclusiva.org\/?p=4804","og_locale":"es_ES","og_type":"article","og_title":"CLM Inclusiva COCEMFE promueve la inclusi\u00f3n laboral de las personas con discapacidad a trav\u00e9s de la cooperaci\u00f3n europea - Clm-Inclusiva","og_description":"&nbsp; A trav\u00e9s del proyecto Decid-E, Desarrollo de Redes de Cooperaci\u00f3n Transnacional para la Inclusi\u00f3n Laboral de las Personas con Discapacidad, el cual, est\u00e1 cofinanciado por el Fondo Social Europeo y Fundaci\u00f3n ONCE, en el marco del Programa POISES (Programa Operativo de Inclusi\u00f3n Social y Econom\u00eda Social, 2014-2020). &nbsp; El objetivo de este proyecto consiste [&hellip;]","og_url":"https:\/\/clm-inclusiva.org\/?p=4804","og_site_name":"Clm-Inclusiva","article_publisher":"https:\/\/www.facebook.com\/castillalamancha.inclusiva\/","article_published_time":"2023-04-17T13:19:15+00:00","article_modified_time":"2023-04-17T13:19:39+00:00","og_image":[{"width":2169,"height":1142,"url":"https:\/\/clm-inclusiva.org\/wp-content\/uploads\/2023\/04\/IMAGEN-PROMOCIONAL_PROYECTO-DECID-E.png","type":"image\/png"}],"author":"clm-inclusiva","twitter_card":"summary_large_image","twitter_creator":"@ClmInclusiva","twitter_site":"@ClmInclusiva","twitter_misc":{"Escrito por":"clm-inclusiva","Tiempo de lectura":"3 minutos"},"schema":{"@context":"https:\/\/schema.org","@graph":[{"@type":"Article","@id":"https:\/\/clm-inclusiva.org\/?p=4804#article","isPartOf":{"@id":"https:\/\/clm-inclusiva.org\/?p=4804"},"author":{"name":"clm-inclusiva","@id":"https:\/\/clm-inclusiva.org\/#\/schema\/person\/0cff84aaa5bb8fd3521c55d1578d902b"},"headline":"CLM Inclusiva COCEMFE promueve la inclusi\u00f3n laboral de las personas con discapacidad a trav\u00e9s de la cooperaci\u00f3n europea","datePublished":"2023-04-17T13:19:15+00:00","dateModified":"2023-04-17T13:19:39+00:00","mainEntityOfPage":{"@id":"https:\/\/clm-inclusiva.org\/?p=4804"},"wordCount":560,"commentCount":0,"publisher":{"@id":"https:\/\/clm-inclusiva.org\/#organization"},"inLanguage":"es","potentialAction":[{"@type":"CommentAction","name":"Comment","target":["https:\/\/clm-inclusiva.org\/?p=4804#respond"]}]},{"@type":"WebPage","@id":"https:\/\/clm-inclusiva.org\/?p=4804","url":"https:\/\/clm-inclusiva.org\/?p=4804","name":"CLM Inclusiva COCEMFE promueve la inclusi\u00f3n laboral de las personas con discapacidad a trav\u00e9s de la cooperaci\u00f3n europea - Clm-Inclusiva","isPartOf":{"@id":"https:\/\/clm-inclusiva.org\/#website"},"datePublished":"2023-04-17T13:19:15+00:00","dateModified":"2023-04-17T13:19:39+00:00","breadcrumb":{"@id":"https:\/\/clm-inclusiva.org\/?p=4804#breadcrumb"},"inLanguage":"es","potentialAction":[{"@type":"ReadAction","target":["https:\/\/clm-inclusiva.org\/?p=4804"]}]},{"@type":"BreadcrumbList","@id":"https:\/\/clm-inclusiva.org\/?p=4804#breadcrumb","itemListElement":[{"@type":"ListItem","position":1,"name":"Portada","item":"https:\/\/clm-inclusiva.org\/"},{"@type":"ListItem","position":2,"name":"CLM Inclusiva COCEMFE promueve la inclusi\u00f3n laboral de las personas con discapacidad a trav\u00e9s de la cooperaci\u00f3n europea"}]},{"@type":"WebSite","@id":"https:\/\/clm-inclusiva.org\/#website","url":"https:\/\/clm-inclusiva.org\/","name":"Clm-Inclusiva","description":"Confederaci\u00f3n de entidades de personas con discapacidad f\u00edsica y org\u00e1nica CLM","publisher":{"@id":"https:\/\/clm-inclusiva.org\/#organization"},"potentialAction":[{"@type":"SearchAction","target":{"@type":"EntryPoint","urlTemplate":"https:\/\/clm-inclusiva.org\/?s={search_term_string}"},"query-input":"required name=search_term_string"}],"inLanguage":"es"},{"@type":"Organization","@id":"https:\/\/clm-inclusiva.org\/#organization","name":"Clm-Inclusiva","url":"https:\/\/clm-inclusiva.org\/","logo":{"@type":"ImageObject","inLanguage":"es","@id":"https:\/\/clm-inclusiva.org\/#\/schema\/logo\/image\/","url":"http:\/\/clm-inclusiva.org\/wp-content\/uploads\/2019\/04\/banner-e1533720812836.jpg","contentUrl":"http:\/\/clm-inclusiva.org\/wp-content\/uploads\/2019\/04\/banner-e1533720812836.jpg","width":600,"height":332,"caption":"Clm-Inclusiva"},"image":{"@id":"https:\/\/clm-inclusiva.org\/#\/schema\/logo\/image\/"},"sameAs":["https:\/\/www.facebook.com\/castillalamancha.inclusiva\/","https:\/\/twitter.com\/ClmInclusiva"]},{"@type":"Person","@id":"https:\/\/clm-inclusiva.org\/#\/schema\/person\/0cff84aaa5bb8fd3521c55d1578d902b","name":"clm-inclusiva","image":{"@type":"ImageObject","inLanguage":"es","@id":"https:\/\/clm-inclusiva.org\/#\/schema\/person\/image\/","url":"https:\/\/secure.gravatar.com\/avatar\/88948567af770dc9cd5597b329011884?s=96&d=blank&r=g","contentUrl":"https:\/\/secure.gravatar.com\/avatar\/88948567af770dc9cd5597b329011884?s=96&d=blank&r=g","caption":"clm-inclusiva"},"sameAs":["http:\/\/clm-inclusiva.org"],"url":"https:\/\/clm-inclusiva.org\/?author=1"}]}},"_links":{"self":[{"href":"https:\/\/clm-inclusiva.org\/index.php?rest_route=\/wp\/v2\/posts\/4804"}],"collection":[{"href":"https:\/\/clm-inclusiva.org\/index.php?rest_route=\/wp\/v2\/posts"}],"about":[{"href":"https:\/\/clm-inclusiva.org\/index.php?rest_route=\/wp\/v2\/types\/post"}],"author":[{"embeddable":true,"href":"https:\/\/clm-inclusiva.org\/index.php?rest_route=\/wp\/v2\/users\/1"}],"replies":[{"embeddable":true,"href":"https:\/\/clm-inclusiva.org\/index.php?rest_route=%2Fwp%2Fv2%2Fcomments&post=4804"}],"version-history":[{"count":2,"href":"https:\/\/clm-inclusiva.org\/index.php?rest_route=\/wp\/v2\/posts\/4804\/revisions"}],"predecessor-version":[{"id":4808,"href":"https:\/\/clm-inclusiva.org\/index.php?rest_route=\/wp\/v2\/posts\/4804\/revisions\/4808"}],"wp:featuredmedia":[{"embeddable":true,"href":"https:\/\/clm-inclusiva.org\/index.php?rest_route=\/wp\/v2\/media\/4806"}],"wp:attachment":[{"href":"https:\/\/clm-inclusiva.org\/index.php?rest_route=%2Fwp%2Fv2%2Fmedia&parent=4804"}],"wp:term":[{"taxonomy":"category","embeddable":true,"href":"https:\/\/clm-inclusiva.org\/index.php?rest_route=%2Fwp%2Fv2%2Fcategories&post=4804"},{"taxonomy":"post_tag","embeddable":true,"href":"https:\/\/clm-inclusiva.org\/index.php?rest_route=%2Fwp%2Fv2%2Ftags&post=4804"}],"curies":[{"name":"wp","href":"https:\/\/api.w.org\/{rel}","templated":true}]}}