{"id":467,"date":"2019-03-31T11:57:08","date_gmt":"2019-03-31T11:57:08","guid":{"rendered":"http:\/\/clm-inclusiva.org\/?p=467"},"modified":"2019-05-25T10:51:45","modified_gmt":"2019-05-25T10:51:45","slug":"ccoo-y-clm-inclusiva-preparan-un-documento-por-el-empleo-digno-para-personas-con-discapacidad","status":"publish","type":"post","link":"https:\/\/clm-inclusiva.org\/?p=467","title":{"rendered":"CCOO y CLM Inclusiva preparan un documento por el empleo digno para personas con discapacidad"},"content":{"rendered":"<p>[et_pb_section fb_built=&#8221;1&#8243; _builder_version=&#8221;3.22.4&#8243; custom_margin=&#8221;0px|0px|0px|0px&#8221; custom_padding=&#8221;0px|0px|0px|0px&#8221;][et_pb_row _builder_version=&#8221;3.22.4&#8243;][et_pb_column type=&#8221;4_4&#8243; _builder_version=&#8221;3.22.4&#8243;][et_pb_text _builder_version=&#8221;3.22.4&#8243; text_font=&#8221;||||||||&#8221; text_orientation=&#8221;justified&#8221; custom_margin=&#8221;|||||false&#8221;]<\/p>\n<p>El secretario general de CCOO Castilla-La Mancha, Paco de la Rosa, se ha reunido este viernes con el presidente de CLM Inclusiva, Enrique Alarc\u00f3n, quienes han acordado trabajar en la elaboraci\u00f3n de un documento conjunto que recoger\u00e1 las principales reivindicaciones de ambas organizaciones para garantizar, entre otros objetivos, \u00abun empleo digno para todas las personas con discapacidad, en igualdad de condiciones, mejorando la inclusi\u00f3n laboral de estas personas\u00bb.<\/p>\n<p>Entre las propuestas que se plantear\u00e1n en este futuro documento est\u00e1n la necesidad de recuperar el Servicio P\u00fablico de Empleo de Castilla-La Mancha y que se hagan pol\u00edticas p\u00fablicas de empleo dirigidas a las personas que sufren alg\u00fan tipo de discapacidad, as\u00ed como la inclusi\u00f3n en los convenios colectivos de cl\u00e1usulas espec\u00edficas para estas personas, seg\u00fan ha informado CCOO en nota de prensa.<\/p>\n<p>Por parte de CCOO tambi\u00e9n ha participado en esta reuni\u00f3n, que se ha celebrado en la sede del sindicato en Albacete, la secretaria general de CCOO en esta provincia, Carmen Juste. Por parte, de CLM inclusiva han participado igualmente el secretario regional de esta organizaci\u00f3n, Francisco Cebri\u00e1n, y Ana Quintanilla, vocal de CLM Inclusiva y presidenta de la Federaci\u00f3n LUNA de Castilla-La Mancha.<\/p>\n<p>CLM inclusiva aglutina a m\u00e1s de 80 asociaciones del colectivo de discapacidad f\u00edsica y org\u00e1nica en Castilla-La Mancha, gran parte de las cuales llevan m\u00e1s de 25 a\u00f1os trabajando por el colectivo, y que engloban a unas 30.000 personas con discapacidad.<\/p>\n<p>EMPLEO EN IGUALDAD DE CONDICIONES<br \/> El sindicato y la confederaci\u00f3n han reivindicado el derecho de las personas con discapacidad al empleo en igualdad de condiciones, pues la realidad de estas personas \u00abes que tienen mayores dificultades para encontrar empleo y sufren en mayor medida la precariedad laboral y en el caso de las mujeres con discapacidad la situaci\u00f3n es a\u00fan peor, ya que a esta precariedad se suma la discriminaci\u00f3n por raz\u00f3n de g\u00e9nero\u00bb.<\/p>\n<p>\u00abLas mujeres son m\u00e1s numerosas entre la poblaci\u00f3n con discapacidad desempleada y presentan mayores dificultades para ser contratadas. Solo 1 de cada 4 personas con discapacidad tiene empleo. Entre las personas con discapacidad la ocupaci\u00f3n es del 23,4 por ciento, mientras que entre las personas sin discapacidad es del 59% por ciento\u00bb, han indicado.<\/p>\n<p>Y es que casi 200.000 personas con discapacidad en Espa\u00f1a \u00abest\u00e1n inactivas\u00bb y m\u00e1s del 60 por ciento de las personas j\u00f3venes con discapacidad est\u00e1n en desempleo, frente al 48,2 por ciento de quienes no tienen discapacidad. En el caso de las mujeres con discapacidad, \u00abla situaci\u00f3n a\u00fan es peor\u00bb.<\/p>\n<p>CCOO y CLM inclusiva han exigido la erradicaci\u00f3n de las barreras que suponen un obst\u00e1culo para el acceso al empleo de las personas con discapacidad, y la garant\u00eda de un empleo digno para todas las personas, independientemente de sus capacidades. \u00abEl derecho al empleo es un derecho fundamental de la ciudadan\u00eda y todas las personas han de tener los mismos derechos y oportunidades\u00bb.<\/p>\n<p>[\/et_pb_text][et_pb_post_nav _builder_version=&#8221;3.22.4&#8243; prev_text=&#8221;Anterior&#8221; next_text=&#8221;Siguiente&#8221; title_font=&#8221;||||||||&#8221;][\/et_pb_post_nav][\/et_pb_column][\/et_pb_row][\/et_pb_section]<\/p>\n","protected":false},"excerpt":{"rendered":"<p>[et_pb_section fb_built=&#8221;1&#8243; _builder_version=&#8221;3.22.4&#8243; custom_margin=&#8221;0px|0px|0px|0px&#8221; custom_padding=&#8221;0px|0px|0px|0px&#8221;][et_pb_row _builder_version=&#8221;3.22.4&#8243;][et_pb_column type=&#8221;4_4&#8243; _builder_version=&#8221;3.22.4&#8243;][et_pb_text _builder_version=&#8221;3.22.4&#8243; text_font=&#8221;||||||||&#8221; text_orientation=&#8221;justified&#8221; custom_margin=&#8221;|||||false&#8221;] El secretario general de CCOO Castilla-La Mancha, Paco de la Rosa, se ha reunido este viernes con el presidente de CLM Inclusiva, Enrique Alarc\u00f3n, quienes han acordado trabajar en la elaboraci\u00f3n de un documento conjunto que recoger\u00e1 las principales reivindicaciones de ambas organizaciones [&hellip;]<\/p>\n","protected":false},"author":1,"featured_media":468,"comment_status":"closed","ping_status":"closed","sticky":false,"template":"","format":"standard","meta":{"_et_pb_use_builder":"on","_et_pb_old_content":"\n\t\t\t\t&nbsp;\n\n<img class=\"wp-image-468 size-full aligncenter\" src=\"http:\/\/127.0.0.1\/wordpress\/wp-content\/uploads\/2019\/03\/5341_fotonoticia_20190329153336_1920.jpg\" alt=\"\" width=\"670\" height=\"300\" \/>\n<p style=\"text-align: justify;\">El secretario general de CCOO Castilla-La Mancha, Paco de la Rosa, se ha reunido este viernes con el presidente de CLM Inclusiva, Enrique Alarc\u00f3n, quienes han acordado trabajar en la elaboraci\u00f3n de un documento conjunto que recoger\u00e1 las principales reivindicaciones de ambas organizaciones para garantizar, entre otros objetivos, \"un empleo digno para todas las personas con discapacidad, en igualdad de condiciones, mejorando la inclusi\u00f3n laboral de estas personas\".\n\nEntre las propuestas que se plantear\u00e1n en este futuro documento est\u00e1n la necesidad de recuperar el Servicio P\u00fablico de Empleo de Castilla-La Mancha y que se hagan pol\u00edticas p\u00fablicas de empleo dirigidas a las personas que sufren alg\u00fan tipo de discapacidad, as\u00ed como la inclusi\u00f3n en los convenios colectivos de cl\u00e1usulas espec\u00edficas para estas personas, seg\u00fan ha informado CCOO en nota de prensa.\n\nPor parte de CCOO tambi\u00e9n ha participado en esta reuni\u00f3n, que se ha celebrado en la sede del sindicato en Albacete, la secretaria general de CCOO en esta provincia, Carmen Juste. Por parte, de CLM inclusiva han participado igualmente el secretario regional de esta organizaci\u00f3n, Francisco Cebri\u00e1n, y Ana Quintanilla, vocal de CLM Inclusiva y presidenta de la Federaci\u00f3n LUNA de Castilla-La Mancha.\n\nCLM inclusiva aglutina a m\u00e1s de 80 asociaciones del colectivo de discapacidad f\u00edsica y org\u00e1nica en Castilla-La Mancha, gran parte de las cuales llevan m\u00e1s de 25 a\u00f1os trabajando por el colectivo, y que engloban a unas 30.000 personas con discapacidad.\n\nEMPLEO EN IGUALDAD DE CONDICIONES\nEl sindicato y la confederaci\u00f3n han reivindicado el derecho de las personas con discapacidad al empleo en igualdad de condiciones, pues la realidad de estas personas \"es que tienen mayores dificultades para encontrar empleo y sufren en mayor medida la precariedad laboral y en el caso de las mujeres con discapacidad la situaci\u00f3n es a\u00fan peor, ya que a esta precariedad se suma la discriminaci\u00f3n por raz\u00f3n de g\u00e9nero\".\n\n\"Las mujeres son m\u00e1s numerosas entre la poblaci\u00f3n con discapacidad desempleada y presentan mayores dificultades para ser contratadas. Solo 1 de cada 4 personas con discapacidad tiene empleo. Entre las personas con discapacidad la ocupaci\u00f3n es del 23,4 por ciento, mientras que entre las personas sin discapacidad es del 59% por ciento\", han indicado.\n\nY es que casi 200.000 personas con discapacidad en Espa\u00f1a \"est\u00e1n inactivas\" y m\u00e1s del 60 por ciento de las personas j\u00f3venes con discapacidad est\u00e1n en desempleo, frente al 48,2 por ciento de quienes no tienen discapacidad. En el caso de las mujeres con discapacidad, \"la situaci\u00f3n a\u00fan es peor\".\n\nCCOO y CLM inclusiva han exigido la erradicaci\u00f3n de las barreras que suponen un obst\u00e1culo para el acceso al empleo de las personas con discapacidad, y la garant\u00eda de un empleo digno para todas las personas, independientemente de sus capacidades. \"El derecho al empleo es un derecho fundamental de la ciudadan\u00eda y todas las personas han de tener los mismos derechos y oportunidades\".<\/p>\t\t","_et_gb_content_width":"","footnotes":""},"categories":[4],"tags":[],"yoast_head":"<!-- This site is optimized with the Yoast SEO plugin v21.3 - https:\/\/yoast.com\/wordpress\/plugins\/seo\/ -->\n<title>CCOO y CLM Inclusiva preparan un documento por el empleo digno para personas con discapacidad - Clm-Inclusiva<\/title>\n<meta name=\"robots\" content=\"index, follow, max-snippet:-1, max-image-preview:large, max-video-preview:-1\" \/>\n<link rel=\"canonical\" href=\"https:\/\/clm-inclusiva.org\/?p=467\" \/>\n<meta property=\"og:locale\" content=\"es_ES\" \/>\n<meta property=\"og:type\" content=\"article\" \/>\n<meta property=\"og:title\" content=\"CCOO y CLM Inclusiva preparan un documento por el empleo digno para personas con discapacidad - Clm-Inclusiva\" \/>\n<meta property=\"og:description\" content=\"[et_pb_section fb_built=&#8221;1&#8243; _builder_version=&#8221;3.22.4&#8243; custom_margin=&#8221;0px|0px|0px|0px&#8221; custom_padding=&#8221;0px|0px|0px|0px&#8221;][et_pb_row _builder_version=&#8221;3.22.4&#8243;][et_pb_column type=&#8221;4_4&#8243; _builder_version=&#8221;3.22.4&#8243;][et_pb_text _builder_version=&#8221;3.22.4&#8243; text_font=&#8221;||||||||&#8221; text_orientation=&#8221;justified&#8221; custom_margin=&#8221;|||||false&#8221;] El secretario general de CCOO Castilla-La Mancha, Paco de la Rosa, se ha reunido este viernes con el presidente de CLM Inclusiva, Enrique Alarc\u00f3n, quienes han acordado trabajar en la elaboraci\u00f3n de un documento conjunto que recoger\u00e1 las principales reivindicaciones de ambas organizaciones [&hellip;]\" \/>\n<meta property=\"og:url\" content=\"https:\/\/clm-inclusiva.org\/?p=467\" \/>\n<meta property=\"og:site_name\" content=\"Clm-Inclusiva\" \/>\n<meta property=\"article:publisher\" content=\"https:\/\/www.facebook.com\/castillalamancha.inclusiva\/\" \/>\n<meta property=\"article:published_time\" content=\"2019-03-31T11:57:08+00:00\" \/>\n<meta property=\"article:modified_time\" content=\"2019-05-25T10:51:45+00:00\" \/>\n<meta property=\"og:image\" content=\"https:\/\/clm-inclusiva.org\/wp-content\/uploads\/2019\/03\/5341_fotonoticia_20190329153336_1920-1.jpg\" \/>\n\t<meta property=\"og:image:width\" content=\"670\" \/>\n\t<meta property=\"og:image:height\" content=\"300\" \/>\n\t<meta property=\"og:image:type\" content=\"image\/jpeg\" \/>\n<meta name=\"author\" content=\"clm-inclusiva\" \/>\n<meta name=\"twitter:card\" content=\"summary_large_image\" \/>\n<meta name=\"twitter:creator\" content=\"@ClmInclusiva\" \/>\n<meta name=\"twitter:site\" content=\"@ClmInclusiva\" \/>\n<meta name=\"twitter:label1\" content=\"Escrito por\" \/>\n\t<meta name=\"twitter:data1\" content=\"clm-inclusiva\" \/>\n\t<meta name=\"twitter:label2\" content=\"Tiempo de lectura\" \/>\n\t<meta name=\"twitter:data2\" content=\"3 minutos\" \/>\n<script type=\"application\/ld+json\" class=\"yoast-schema-graph\">{\"@context\":\"https:\/\/schema.org\",\"@graph\":[{\"@type\":\"Article\",\"@id\":\"https:\/\/clm-inclusiva.org\/?p=467#article\",\"isPartOf\":{\"@id\":\"https:\/\/clm-inclusiva.org\/?p=467\"},\"author\":{\"name\":\"clm-inclusiva\",\"@id\":\"https:\/\/clm-inclusiva.org\/#\/schema\/person\/0cff84aaa5bb8fd3521c55d1578d902b\"},\"headline\":\"CCOO y CLM Inclusiva preparan un documento por el empleo digno para personas con discapacidad\",\"datePublished\":\"2019-03-31T11:57:08+00:00\",\"dateModified\":\"2019-05-25T10:51:45+00:00\",\"mainEntityOfPage\":{\"@id\":\"https:\/\/clm-inclusiva.org\/?p=467\"},\"wordCount\":597,\"publisher\":{\"@id\":\"https:\/\/clm-inclusiva.org\/#organization\"},\"articleSection\":[\"Clm inclusiva\"],\"inLanguage\":\"es\"},{\"@type\":\"WebPage\",\"@id\":\"https:\/\/clm-inclusiva.org\/?p=467\",\"url\":\"https:\/\/clm-inclusiva.org\/?p=467\",\"name\":\"CCOO y CLM Inclusiva preparan un documento por el empleo digno para personas con discapacidad - Clm-Inclusiva\",\"isPartOf\":{\"@id\":\"https:\/\/clm-inclusiva.org\/#website\"},\"datePublished\":\"2019-03-31T11:57:08+00:00\",\"dateModified\":\"2019-05-25T10:51:45+00:00\",\"breadcrumb\":{\"@id\":\"https:\/\/clm-inclusiva.org\/?p=467#breadcrumb\"},\"inLanguage\":\"es\",\"potentialAction\":[{\"@type\":\"ReadAction\",\"target\":[\"https:\/\/clm-inclusiva.org\/?p=467\"]}]},{\"@type\":\"BreadcrumbList\",\"@id\":\"https:\/\/clm-inclusiva.org\/?p=467#breadcrumb\",\"itemListElement\":[{\"@type\":\"ListItem\",\"position\":1,\"name\":\"Portada\",\"item\":\"https:\/\/clm-inclusiva.org\/\"},{\"@type\":\"ListItem\",\"position\":2,\"name\":\"CCOO y CLM Inclusiva preparan un documento por el empleo digno para personas con discapacidad\"}]},{\"@type\":\"WebSite\",\"@id\":\"https:\/\/clm-inclusiva.org\/#website\",\"url\":\"https:\/\/clm-inclusiva.org\/\",\"name\":\"Clm-Inclusiva\",\"description\":\"Confederaci\u00f3n de entidades de personas con discapacidad f\u00edsica y org\u00e1nica CLM\",\"publisher\":{\"@id\":\"https:\/\/clm-inclusiva.org\/#organization\"},\"potentialAction\":[{\"@type\":\"SearchAction\",\"target\":{\"@type\":\"EntryPoint\",\"urlTemplate\":\"https:\/\/clm-inclusiva.org\/?s={search_term_string}\"},\"query-input\":\"required name=search_term_string\"}],\"inLanguage\":\"es\"},{\"@type\":\"Organization\",\"@id\":\"https:\/\/clm-inclusiva.org\/#organization\",\"name\":\"Clm-Inclusiva\",\"url\":\"https:\/\/clm-inclusiva.org\/\",\"logo\":{\"@type\":\"ImageObject\",\"inLanguage\":\"es\",\"@id\":\"https:\/\/clm-inclusiva.org\/#\/schema\/logo\/image\/\",\"url\":\"http:\/\/clm-inclusiva.org\/wp-content\/uploads\/2019\/04\/banner-e1533720812836.jpg\",\"contentUrl\":\"http:\/\/clm-inclusiva.org\/wp-content\/uploads\/2019\/04\/banner-e1533720812836.jpg\",\"width\":600,\"height\":332,\"caption\":\"Clm-Inclusiva\"},\"image\":{\"@id\":\"https:\/\/clm-inclusiva.org\/#\/schema\/logo\/image\/\"},\"sameAs\":[\"https:\/\/www.facebook.com\/castillalamancha.inclusiva\/\",\"https:\/\/twitter.com\/ClmInclusiva\"]},{\"@type\":\"Person\",\"@id\":\"https:\/\/clm-inclusiva.org\/#\/schema\/person\/0cff84aaa5bb8fd3521c55d1578d902b\",\"name\":\"clm-inclusiva\",\"image\":{\"@type\":\"ImageObject\",\"inLanguage\":\"es\",\"@id\":\"https:\/\/clm-inclusiva.org\/#\/schema\/person\/image\/\",\"url\":\"https:\/\/secure.gravatar.com\/avatar\/88948567af770dc9cd5597b329011884?s=96&d=blank&r=g\",\"contentUrl\":\"https:\/\/secure.gravatar.com\/avatar\/88948567af770dc9cd5597b329011884?s=96&d=blank&r=g\",\"caption\":\"clm-inclusiva\"},\"sameAs\":[\"http:\/\/clm-inclusiva.org\"],\"url\":\"https:\/\/clm-inclusiva.org\/?author=1\"}]}<\/script>\n<!-- \/ Yoast SEO plugin. -->","yoast_head_json":{"title":"CCOO y CLM Inclusiva preparan un documento por el empleo digno para personas con discapacidad - Clm-Inclusiva","robots":{"index":"index","follow":"follow","max-snippet":"max-snippet:-1","max-image-preview":"max-image-preview:large","max-video-preview":"max-video-preview:-1"},"canonical":"https:\/\/clm-inclusiva.org\/?p=467","og_locale":"es_ES","og_type":"article","og_title":"CCOO y CLM Inclusiva preparan un documento por el empleo digno para personas con discapacidad - Clm-Inclusiva","og_description":"[et_pb_section fb_built=&#8221;1&#8243; _builder_version=&#8221;3.22.4&#8243; custom_margin=&#8221;0px|0px|0px|0px&#8221; custom_padding=&#8221;0px|0px|0px|0px&#8221;][et_pb_row _builder_version=&#8221;3.22.4&#8243;][et_pb_column type=&#8221;4_4&#8243; _builder_version=&#8221;3.22.4&#8243;][et_pb_text _builder_version=&#8221;3.22.4&#8243; text_font=&#8221;||||||||&#8221; text_orientation=&#8221;justified&#8221; custom_margin=&#8221;|||||false&#8221;] El secretario general de CCOO Castilla-La Mancha, Paco de la Rosa, se ha reunido este viernes con el presidente de CLM Inclusiva, Enrique Alarc\u00f3n, quienes han acordado trabajar en la elaboraci\u00f3n de un documento conjunto que recoger\u00e1 las principales reivindicaciones de ambas organizaciones [&hellip;]","og_url":"https:\/\/clm-inclusiva.org\/?p=467","og_site_name":"Clm-Inclusiva","article_publisher":"https:\/\/www.facebook.com\/castillalamancha.inclusiva\/","article_published_time":"2019-03-31T11:57:08+00:00","article_modified_time":"2019-05-25T10:51:45+00:00","og_image":[{"width":670,"height":300,"url":"https:\/\/clm-inclusiva.org\/wp-content\/uploads\/2019\/03\/5341_fotonoticia_20190329153336_1920-1.jpg","type":"image\/jpeg"}],"author":"clm-inclusiva","twitter_card":"summary_large_image","twitter_creator":"@ClmInclusiva","twitter_site":"@ClmInclusiva","twitter_misc":{"Escrito por":"clm-inclusiva","Tiempo de lectura":"3 minutos"},"schema":{"@context":"https:\/\/schema.org","@graph":[{"@type":"Article","@id":"https:\/\/clm-inclusiva.org\/?p=467#article","isPartOf":{"@id":"https:\/\/clm-inclusiva.org\/?p=467"},"author":{"name":"clm-inclusiva","@id":"https:\/\/clm-inclusiva.org\/#\/schema\/person\/0cff84aaa5bb8fd3521c55d1578d902b"},"headline":"CCOO y CLM Inclusiva preparan un documento por el empleo digno para personas con discapacidad","datePublished":"2019-03-31T11:57:08+00:00","dateModified":"2019-05-25T10:51:45+00:00","mainEntityOfPage":{"@id":"https:\/\/clm-inclusiva.org\/?p=467"},"wordCount":597,"publisher":{"@id":"https:\/\/clm-inclusiva.org\/#organization"},"articleSection":["Clm inclusiva"],"inLanguage":"es"},{"@type":"WebPage","@id":"https:\/\/clm-inclusiva.org\/?p=467","url":"https:\/\/clm-inclusiva.org\/?p=467","name":"CCOO y CLM Inclusiva preparan un documento por el empleo digno para personas con discapacidad - Clm-Inclusiva","isPartOf":{"@id":"https:\/\/clm-inclusiva.org\/#website"},"datePublished":"2019-03-31T11:57:08+00:00","dateModified":"2019-05-25T10:51:45+00:00","breadcrumb":{"@id":"https:\/\/clm-inclusiva.org\/?p=467#breadcrumb"},"inLanguage":"es","potentialAction":[{"@type":"ReadAction","target":["https:\/\/clm-inclusiva.org\/?p=467"]}]},{"@type":"BreadcrumbList","@id":"https:\/\/clm-inclusiva.org\/?p=467#breadcrumb","itemListElement":[{"@type":"ListItem","position":1,"name":"Portada","item":"https:\/\/clm-inclusiva.org\/"},{"@type":"ListItem","position":2,"name":"CCOO y CLM Inclusiva preparan un documento por el empleo digno para personas con discapacidad"}]},{"@type":"WebSite","@id":"https:\/\/clm-inclusiva.org\/#website","url":"https:\/\/clm-inclusiva.org\/","name":"Clm-Inclusiva","description":"Confederaci\u00f3n de entidades de personas con discapacidad f\u00edsica y org\u00e1nica CLM","publisher":{"@id":"https:\/\/clm-inclusiva.org\/#organization"},"potentialAction":[{"@type":"SearchAction","target":{"@type":"EntryPoint","urlTemplate":"https:\/\/clm-inclusiva.org\/?s={search_term_string}"},"query-input":"required name=search_term_string"}],"inLanguage":"es"},{"@type":"Organization","@id":"https:\/\/clm-inclusiva.org\/#organization","name":"Clm-Inclusiva","url":"https:\/\/clm-inclusiva.org\/","logo":{"@type":"ImageObject","inLanguage":"es","@id":"https:\/\/clm-inclusiva.org\/#\/schema\/logo\/image\/","url":"http:\/\/clm-inclusiva.org\/wp-content\/uploads\/2019\/04\/banner-e1533720812836.jpg","contentUrl":"http:\/\/clm-inclusiva.org\/wp-content\/uploads\/2019\/04\/banner-e1533720812836.jpg","width":600,"height":332,"caption":"Clm-Inclusiva"},"image":{"@id":"https:\/\/clm-inclusiva.org\/#\/schema\/logo\/image\/"},"sameAs":["https:\/\/www.facebook.com\/castillalamancha.inclusiva\/","https:\/\/twitter.com\/ClmInclusiva"]},{"@type":"Person","@id":"https:\/\/clm-inclusiva.org\/#\/schema\/person\/0cff84aaa5bb8fd3521c55d1578d902b","name":"clm-inclusiva","image":{"@type":"ImageObject","inLanguage":"es","@id":"https:\/\/clm-inclusiva.org\/#\/schema\/person\/image\/","url":"https:\/\/secure.gravatar.com\/avatar\/88948567af770dc9cd5597b329011884?s=96&d=blank&r=g","contentUrl":"https:\/\/secure.gravatar.com\/avatar\/88948567af770dc9cd5597b329011884?s=96&d=blank&r=g","caption":"clm-inclusiva"},"sameAs":["http:\/\/clm-inclusiva.org"],"url":"https:\/\/clm-inclusiva.org\/?author=1"}]}},"_links":{"self":[{"href":"https:\/\/clm-inclusiva.org\/index.php?rest_route=\/wp\/v2\/posts\/467"}],"collection":[{"href":"https:\/\/clm-inclusiva.org\/index.php?rest_route=\/wp\/v2\/posts"}],"about":[{"href":"https:\/\/clm-inclusiva.org\/index.php?rest_route=\/wp\/v2\/types\/post"}],"author":[{"embeddable":true,"href":"https:\/\/clm-inclusiva.org\/index.php?rest_route=\/wp\/v2\/users\/1"}],"replies":[{"embeddable":true,"href":"https:\/\/clm-inclusiva.org\/index.php?rest_route=%2Fwp%2Fv2%2Fcomments&post=467"}],"version-history":[{"count":5,"href":"https:\/\/clm-inclusiva.org\/index.php?rest_route=\/wp\/v2\/posts\/467\/revisions"}],"predecessor-version":[{"id":2067,"href":"https:\/\/clm-inclusiva.org\/index.php?rest_route=\/wp\/v2\/posts\/467\/revisions\/2067"}],"wp:featuredmedia":[{"embeddable":true,"href":"https:\/\/clm-inclusiva.org\/index.php?rest_route=\/wp\/v2\/media\/468"}],"wp:attachment":[{"href":"https:\/\/clm-inclusiva.org\/index.php?rest_route=%2Fwp%2Fv2%2Fmedia&parent=467"}],"wp:term":[{"taxonomy":"category","embeddable":true,"href":"https:\/\/clm-inclusiva.org\/index.php?rest_route=%2Fwp%2Fv2%2Fcategories&post=467"},{"taxonomy":"post_tag","embeddable":true,"href":"https:\/\/clm-inclusiva.org\/index.php?rest_route=%2Fwp%2Fv2%2Ftags&post=467"}],"curies":[{"name":"wp","href":"https:\/\/api.w.org\/{rel}","templated":true}]}}