{"id":458,"date":"2019-03-20T18:57:24","date_gmt":"2019-03-20T18:57:24","guid":{"rendered":"http:\/\/clm-inclusiva.org\/?p=458"},"modified":"2019-06-29T09:34:57","modified_gmt":"2019-06-29T07:34:57","slug":"nace-ciudad-real-inclusiva","status":"publish","type":"post","link":"https:\/\/clm-inclusiva.org\/?p=458","title":{"rendered":"Nace &#8216;Ciudad Real Inclusiva&#8217;"},"content":{"rendered":"<p>[et_pb_section fb_built=&#8221;1&#8243; _builder_version=&#8221;3.22.4&#8243; custom_padding=&#8221;0px||2px|||&#8221;][et_pb_row custom_padding=&#8221;|||||&#8221; custom_margin=&#8221;|||||&#8221; _builder_version=&#8221;3.25&#8243; background_size=&#8221;initial&#8221; background_position=&#8221;top_left&#8221; background_repeat=&#8221;repeat&#8221;][et_pb_column type=&#8221;4_4&#8243; _builder_version=&#8221;3.25&#8243; custom_padding=&#8221;|||&#8221; custom_padding__hover=&#8221;|||&#8221;][et_pb_text _builder_version=&#8221;3.22.4&#8243; text_font=&#8221;||||||||&#8221; text_orientation=&#8221;justified&#8221; custom_margin=&#8221;|25px||25px||true&#8221;]<\/p>\n<p>Nace \u2018Ciudad Real Inclusiva\u2019, la Federaci\u00f3n Provincial de Entidades de Personas con Discapacidad F\u00edsica y Org\u00e1nica que se integra a la Red social corporativa de Castilla-La Mancha. Era la \u00fanica provincia de la regi\u00f3n que quedaba por formar parte de \u2018CLM Inclusiva\u2019 en la que est\u00e1n representados 10.000 usuarios y m\u00e1s de 60 asociaciones.<\/p>\n<p>Con esta incorporaci\u00f3n se consigue potenciar la acci\u00f3n social y los servicios de formaci\u00f3n, inserci\u00f3n social, sociosanitarios, as\u00ed como medidas para implementar la accesibilidad universal como destacaba Enrique Alarc\u00f3n, el presidente de \u2018CLM Inclusiva\u2019; un proyecto al que esperan que se unan cu\u00e1ntas m\u00e1s asociaciones mejor, tal y como a\u00f1ad\u00eda \u00c1ngel Pablo Sendarrubias, el presidente en Ciudad Real.<\/p>\n<p>En el acto de presentaci\u00f3n, que ten\u00eda lugar en el Centro Cultural Antiguo Casino, la Delegada de la Junta de Comunidades en Ciudad real, Carmen Olmedo, destacaba el trabajo realizado en apoyo social, ocio y tiempo libre, as\u00ed como la integraci\u00f3n laboral de las personas con capacidades diferentes. Gracias al trabajo de las administraciones, entidades sin \u00e1nimo de lucro y empresas privadas, resaltaba que en la regi\u00f3n se ha conseguido un alto nivel de inserci\u00f3n, llegando al 43 por ciento.<br \/> Por su parte, el presidente de la Diputaci\u00f3n, Jos\u00e9 Manuel Caballero, felicitaba a todas las asociaciones de discapacitados f\u00edsicos y org\u00e1nicos de la provincia de Ciudad Real porque \u00aba partir de ahora, con esta nueva organizaci\u00f3n, tendr\u00e1n m\u00e1s fortaleza para conseguir los retos que se han marcado\u00bb.<br \/> La alcaldesa de la capital, Pilar Zamora resaltaba que en Ciudad Real \u00abestamos apostando por una ciudad totalmente inclusiva en todos los \u00e1mbitos, no solo f\u00edsicos y org\u00e1nicos, sino tambi\u00e9n con otras serie de capacidades diferentes\u00bb.<\/p>\n<p>En la regi\u00f3n hay 139.009 personas con un grado superior al 30 por ciento de discapacidad reconocido. La situaci\u00f3n de discapacidad m\u00e1s frecuente es la f\u00edsica, con 114.663 grados reconocidos, seguida de la mental con 28.895, la sensorial con 28.213, y la intelectual con 18.955 expedientes valorados y reconocidos.<\/p>\n<p>[\/et_pb_text][et_pb_post_nav prev_text=&#8221;Anterior&#8221; next_text=&#8221;Siguiente&#8221; _builder_version=&#8221;3.22.4&#8243;][\/et_pb_post_nav][\/et_pb_column][\/et_pb_row][\/et_pb_section]<\/p>\n","protected":false},"excerpt":{"rendered":"<p>[et_pb_section fb_built=&#8221;1&#8243; _builder_version=&#8221;3.22.4&#8243; custom_padding=&#8221;0px||2px|||&#8221;][et_pb_row custom_padding=&#8221;|||||&#8221; custom_margin=&#8221;|||||&#8221; _builder_version=&#8221;3.25&#8243; background_size=&#8221;initial&#8221; background_position=&#8221;top_left&#8221; background_repeat=&#8221;repeat&#8221;][et_pb_column type=&#8221;4_4&#8243; _builder_version=&#8221;3.25&#8243; custom_padding=&#8221;|||&#8221; custom_padding__hover=&#8221;|||&#8221;][et_pb_text _builder_version=&#8221;3.22.4&#8243; text_font=&#8221;||||||||&#8221; text_orientation=&#8221;justified&#8221; custom_margin=&#8221;|25px||25px||true&#8221;] Nace \u2018Ciudad Real Inclusiva\u2019, la Federaci\u00f3n Provincial de Entidades de Personas con Discapacidad F\u00edsica y Org\u00e1nica que se integra a la Red social corporativa de Castilla-La Mancha. Era la \u00fanica provincia de la regi\u00f3n que quedaba por [&hellip;]<\/p>\n","protected":false},"author":1,"featured_media":459,"comment_status":"closed","ping_status":"closed","sticky":false,"template":"","format":"standard","meta":{"_et_pb_use_builder":"on","_et_pb_old_content":"\t\t\t\t\u00a0\r\n<h5 style=\"text-align: center;\">La Federaci\u00f3n Provincial de Entidades de Personas con Discapacidad F\u00edsica y Org\u00e1nica se integra a la Red social corporativa de Castilla-La Mancha<\/h5>\r\n<img class=\"aligncenter wp-image-459 size-full\" src=\"http:\/\/127.0.0.1\/wordpress\/wp-content\/uploads\/2019\/03\/1553069756_991237_1553069965_noticia_normal_recorte1.jpg\" alt=\"\" width=\"1300\" height=\"686\" \/>\r\n<p style=\"text-align: justify;\">Nace 'Ciudad Real Inclusiva', la Federaci\u00f3n Provincial de Entidades de Personas con Discapacidad F\u00edsica y Org\u00e1nica que se integra a la Red social corporativa de Castilla-La Mancha. Era la \u00fanica provincia de la regi\u00f3n que quedaba por formar parte de 'CLM Inclusiva' en la que est\u00e1n representados 10.000 usuarios y m\u00e1s de 60 asociaciones.<\/p>\r\n<p style=\"text-align: justify;\">Con esta incorporaci\u00f3n se consigue potenciar la acci\u00f3n social y los servicios de formaci\u00f3n, inserci\u00f3n social, sociosanitarios, as\u00ed como medidas para implementar la accesibilidad universal como destacaba Enrique Alarc\u00f3n, el presidente de 'CLM Inclusiva'; un proyecto al que esperan que se unan cu\u00e1ntas m\u00e1s asociaciones mejor, tal y como a\u00f1ad\u00eda \u00c1ngel Pablo Sendarrubias, el presidente en Ciudad Real.<\/p>\r\n<p style=\"text-align: justify;\">En el acto de presentaci\u00f3n, que ten\u00eda lugar en el Centro Cultural Antiguo Casino, la Delegada de la Junta de Comunidades en Ciudad real, Carmen Olmedo, destacaba el trabajo realizado en apoyo social, ocio y tiempo libre, as\u00ed como la integraci\u00f3n laboral de las personas con capacidades diferentes. Gracias al trabajo de las administraciones, entidades sin \u00e1nimo de lucro y empresas privadas, resaltaba que en la regi\u00f3n se ha conseguido un alto nivel de inserci\u00f3n, llegando al 43 por ciento.\r\nPor su parte, el presidente de la Diputaci\u00f3n, Jos\u00e9 Manuel Caballero, felicitaba a todas las asociaciones de discapacitados f\u00edsicos y org\u00e1nicos de la provincia de Ciudad Real porque \"a partir de ahora, con esta nueva organizaci\u00f3n, tendr\u00e1n m\u00e1s fortaleza para conseguir los retos que se han marcado\".\r\nLa alcaldesa de la capital, Pilar Zamora resaltaba que en Ciudad Real \"estamos apostando por una ciudad totalmente inclusiva en todos los \u00e1mbitos, no solo f\u00edsicos y org\u00e1nicos, sino tambi\u00e9n con otras serie de capacidades diferentes\".<\/p>\r\n<p style=\"text-align: justify;\">En la regi\u00f3n hay 139.009 personas con un grado superior al 30 por ciento de discapacidad reconocido. La situaci\u00f3n de discapacidad m\u00e1s frecuente es la f\u00edsica, con 114.663 grados reconocidos, seguida de la mental con 28.895, la sensorial con 28.213, y la intelectual con 18.955 expedientes valorados y reconocidos.<\/p>\r\n\u00a0\t\t","_et_gb_content_width":"","footnotes":""},"categories":[5],"tags":[11],"yoast_head":"<!-- This site is optimized with the Yoast SEO plugin v21.3 - https:\/\/yoast.com\/wordpress\/plugins\/seo\/ -->\n<title>Nace &#039;Ciudad Real Inclusiva&#039; - Clm-Inclusiva<\/title>\n<meta name=\"robots\" content=\"index, follow, max-snippet:-1, max-image-preview:large, max-video-preview:-1\" \/>\n<link rel=\"canonical\" href=\"https:\/\/clm-inclusiva.org\/?p=458\" \/>\n<meta property=\"og:locale\" content=\"es_ES\" \/>\n<meta property=\"og:type\" content=\"article\" \/>\n<meta property=\"og:title\" content=\"Nace &#039;Ciudad Real Inclusiva&#039; - Clm-Inclusiva\" \/>\n<meta property=\"og:description\" content=\"[et_pb_section fb_built=&#8221;1&#8243; _builder_version=&#8221;3.22.4&#8243; custom_padding=&#8221;0px||2px|||&#8221;][et_pb_row custom_padding=&#8221;|||||&#8221; custom_margin=&#8221;|||||&#8221; _builder_version=&#8221;3.25&#8243; background_size=&#8221;initial&#8221; background_position=&#8221;top_left&#8221; background_repeat=&#8221;repeat&#8221;][et_pb_column type=&#8221;4_4&#8243; _builder_version=&#8221;3.25&#8243; custom_padding=&#8221;|||&#8221; custom_padding__hover=&#8221;|||&#8221;][et_pb_text _builder_version=&#8221;3.22.4&#8243; text_font=&#8221;||||||||&#8221; text_orientation=&#8221;justified&#8221; custom_margin=&#8221;|25px||25px||true&#8221;] Nace \u2018Ciudad Real Inclusiva\u2019, la Federaci\u00f3n Provincial de Entidades de Personas con Discapacidad F\u00edsica y Org\u00e1nica que se integra a la Red social corporativa de Castilla-La Mancha. Era la \u00fanica provincia de la regi\u00f3n que quedaba por [&hellip;]\" \/>\n<meta property=\"og:url\" content=\"https:\/\/clm-inclusiva.org\/?p=458\" \/>\n<meta property=\"og:site_name\" content=\"Clm-Inclusiva\" \/>\n<meta property=\"article:publisher\" content=\"https:\/\/www.facebook.com\/castillalamancha.inclusiva\/\" \/>\n<meta property=\"article:published_time\" content=\"2019-03-20T18:57:24+00:00\" \/>\n<meta property=\"article:modified_time\" content=\"2019-06-29T07:34:57+00:00\" \/>\n<meta property=\"og:image\" content=\"https:\/\/clm-inclusiva.org\/wp-content\/uploads\/2019\/03\/1553069756_991237_1553069965_noticia_normal_recorte1-1.jpg\" \/>\n\t<meta property=\"og:image:width\" content=\"1300\" \/>\n\t<meta property=\"og:image:height\" content=\"686\" \/>\n\t<meta property=\"og:image:type\" content=\"image\/jpeg\" \/>\n<meta name=\"author\" content=\"clm-inclusiva\" \/>\n<meta name=\"twitter:card\" content=\"summary_large_image\" \/>\n<meta name=\"twitter:creator\" content=\"@ClmInclusiva\" \/>\n<meta name=\"twitter:site\" content=\"@ClmInclusiva\" \/>\n<meta name=\"twitter:label1\" content=\"Escrito por\" \/>\n\t<meta name=\"twitter:data1\" content=\"clm-inclusiva\" \/>\n\t<meta name=\"twitter:label2\" content=\"Tiempo de lectura\" \/>\n\t<meta name=\"twitter:data2\" content=\"2 minutos\" \/>\n<script type=\"application\/ld+json\" class=\"yoast-schema-graph\">{\"@context\":\"https:\/\/schema.org\",\"@graph\":[{\"@type\":\"Article\",\"@id\":\"https:\/\/clm-inclusiva.org\/?p=458#article\",\"isPartOf\":{\"@id\":\"https:\/\/clm-inclusiva.org\/?p=458\"},\"author\":{\"name\":\"clm-inclusiva\",\"@id\":\"https:\/\/clm-inclusiva.org\/#\/schema\/person\/0cff84aaa5bb8fd3521c55d1578d902b\"},\"headline\":\"Nace &#8216;Ciudad Real Inclusiva&#8217;\",\"datePublished\":\"2019-03-20T18:57:24+00:00\",\"dateModified\":\"2019-06-29T07:34:57+00:00\",\"mainEntityOfPage\":{\"@id\":\"https:\/\/clm-inclusiva.org\/?p=458\"},\"wordCount\":436,\"publisher\":{\"@id\":\"https:\/\/clm-inclusiva.org\/#organization\"},\"keywords\":[\"clm inclusiva\"],\"articleSection\":[\"Discapacidad\"],\"inLanguage\":\"es\"},{\"@type\":\"WebPage\",\"@id\":\"https:\/\/clm-inclusiva.org\/?p=458\",\"url\":\"https:\/\/clm-inclusiva.org\/?p=458\",\"name\":\"Nace 'Ciudad Real Inclusiva' - Clm-Inclusiva\",\"isPartOf\":{\"@id\":\"https:\/\/clm-inclusiva.org\/#website\"},\"datePublished\":\"2019-03-20T18:57:24+00:00\",\"dateModified\":\"2019-06-29T07:34:57+00:00\",\"breadcrumb\":{\"@id\":\"https:\/\/clm-inclusiva.org\/?p=458#breadcrumb\"},\"inLanguage\":\"es\",\"potentialAction\":[{\"@type\":\"ReadAction\",\"target\":[\"https:\/\/clm-inclusiva.org\/?p=458\"]}]},{\"@type\":\"BreadcrumbList\",\"@id\":\"https:\/\/clm-inclusiva.org\/?p=458#breadcrumb\",\"itemListElement\":[{\"@type\":\"ListItem\",\"position\":1,\"name\":\"Portada\",\"item\":\"https:\/\/clm-inclusiva.org\/\"},{\"@type\":\"ListItem\",\"position\":2,\"name\":\"Nace &#8216;Ciudad Real Inclusiva&#8217;\"}]},{\"@type\":\"WebSite\",\"@id\":\"https:\/\/clm-inclusiva.org\/#website\",\"url\":\"https:\/\/clm-inclusiva.org\/\",\"name\":\"Clm-Inclusiva\",\"description\":\"Confederaci\u00f3n de entidades de personas con discapacidad f\u00edsica y org\u00e1nica CLM\",\"publisher\":{\"@id\":\"https:\/\/clm-inclusiva.org\/#organization\"},\"potentialAction\":[{\"@type\":\"SearchAction\",\"target\":{\"@type\":\"EntryPoint\",\"urlTemplate\":\"https:\/\/clm-inclusiva.org\/?s={search_term_string}\"},\"query-input\":\"required name=search_term_string\"}],\"inLanguage\":\"es\"},{\"@type\":\"Organization\",\"@id\":\"https:\/\/clm-inclusiva.org\/#organization\",\"name\":\"Clm-Inclusiva\",\"url\":\"https:\/\/clm-inclusiva.org\/\",\"logo\":{\"@type\":\"ImageObject\",\"inLanguage\":\"es\",\"@id\":\"https:\/\/clm-inclusiva.org\/#\/schema\/logo\/image\/\",\"url\":\"http:\/\/clm-inclusiva.org\/wp-content\/uploads\/2019\/04\/banner-e1533720812836.jpg\",\"contentUrl\":\"http:\/\/clm-inclusiva.org\/wp-content\/uploads\/2019\/04\/banner-e1533720812836.jpg\",\"width\":600,\"height\":332,\"caption\":\"Clm-Inclusiva\"},\"image\":{\"@id\":\"https:\/\/clm-inclusiva.org\/#\/schema\/logo\/image\/\"},\"sameAs\":[\"https:\/\/www.facebook.com\/castillalamancha.inclusiva\/\",\"https:\/\/twitter.com\/ClmInclusiva\"]},{\"@type\":\"Person\",\"@id\":\"https:\/\/clm-inclusiva.org\/#\/schema\/person\/0cff84aaa5bb8fd3521c55d1578d902b\",\"name\":\"clm-inclusiva\",\"image\":{\"@type\":\"ImageObject\",\"inLanguage\":\"es\",\"@id\":\"https:\/\/clm-inclusiva.org\/#\/schema\/person\/image\/\",\"url\":\"https:\/\/secure.gravatar.com\/avatar\/88948567af770dc9cd5597b329011884?s=96&d=blank&r=g\",\"contentUrl\":\"https:\/\/secure.gravatar.com\/avatar\/88948567af770dc9cd5597b329011884?s=96&d=blank&r=g\",\"caption\":\"clm-inclusiva\"},\"sameAs\":[\"http:\/\/clm-inclusiva.org\"],\"url\":\"https:\/\/clm-inclusiva.org\/?author=1\"}]}<\/script>\n<!-- \/ Yoast SEO plugin. -->","yoast_head_json":{"title":"Nace 'Ciudad Real Inclusiva' - Clm-Inclusiva","robots":{"index":"index","follow":"follow","max-snippet":"max-snippet:-1","max-image-preview":"max-image-preview:large","max-video-preview":"max-video-preview:-1"},"canonical":"https:\/\/clm-inclusiva.org\/?p=458","og_locale":"es_ES","og_type":"article","og_title":"Nace 'Ciudad Real Inclusiva' - Clm-Inclusiva","og_description":"[et_pb_section fb_built=&#8221;1&#8243; _builder_version=&#8221;3.22.4&#8243; custom_padding=&#8221;0px||2px|||&#8221;][et_pb_row custom_padding=&#8221;|||||&#8221; custom_margin=&#8221;|||||&#8221; _builder_version=&#8221;3.25&#8243; background_size=&#8221;initial&#8221; background_position=&#8221;top_left&#8221; background_repeat=&#8221;repeat&#8221;][et_pb_column type=&#8221;4_4&#8243; _builder_version=&#8221;3.25&#8243; custom_padding=&#8221;|||&#8221; custom_padding__hover=&#8221;|||&#8221;][et_pb_text _builder_version=&#8221;3.22.4&#8243; text_font=&#8221;||||||||&#8221; text_orientation=&#8221;justified&#8221; custom_margin=&#8221;|25px||25px||true&#8221;] Nace \u2018Ciudad Real Inclusiva\u2019, la Federaci\u00f3n Provincial de Entidades de Personas con Discapacidad F\u00edsica y Org\u00e1nica que se integra a la Red social corporativa de Castilla-La Mancha. Era la \u00fanica provincia de la regi\u00f3n que quedaba por [&hellip;]","og_url":"https:\/\/clm-inclusiva.org\/?p=458","og_site_name":"Clm-Inclusiva","article_publisher":"https:\/\/www.facebook.com\/castillalamancha.inclusiva\/","article_published_time":"2019-03-20T18:57:24+00:00","article_modified_time":"2019-06-29T07:34:57+00:00","og_image":[{"width":1300,"height":686,"url":"https:\/\/clm-inclusiva.org\/wp-content\/uploads\/2019\/03\/1553069756_991237_1553069965_noticia_normal_recorte1-1.jpg","type":"image\/jpeg"}],"author":"clm-inclusiva","twitter_card":"summary_large_image","twitter_creator":"@ClmInclusiva","twitter_site":"@ClmInclusiva","twitter_misc":{"Escrito por":"clm-inclusiva","Tiempo de lectura":"2 minutos"},"schema":{"@context":"https:\/\/schema.org","@graph":[{"@type":"Article","@id":"https:\/\/clm-inclusiva.org\/?p=458#article","isPartOf":{"@id":"https:\/\/clm-inclusiva.org\/?p=458"},"author":{"name":"clm-inclusiva","@id":"https:\/\/clm-inclusiva.org\/#\/schema\/person\/0cff84aaa5bb8fd3521c55d1578d902b"},"headline":"Nace &#8216;Ciudad Real Inclusiva&#8217;","datePublished":"2019-03-20T18:57:24+00:00","dateModified":"2019-06-29T07:34:57+00:00","mainEntityOfPage":{"@id":"https:\/\/clm-inclusiva.org\/?p=458"},"wordCount":436,"publisher":{"@id":"https:\/\/clm-inclusiva.org\/#organization"},"keywords":["clm inclusiva"],"articleSection":["Discapacidad"],"inLanguage":"es"},{"@type":"WebPage","@id":"https:\/\/clm-inclusiva.org\/?p=458","url":"https:\/\/clm-inclusiva.org\/?p=458","name":"Nace 'Ciudad Real Inclusiva' - Clm-Inclusiva","isPartOf":{"@id":"https:\/\/clm-inclusiva.org\/#website"},"datePublished":"2019-03-20T18:57:24+00:00","dateModified":"2019-06-29T07:34:57+00:00","breadcrumb":{"@id":"https:\/\/clm-inclusiva.org\/?p=458#breadcrumb"},"inLanguage":"es","potentialAction":[{"@type":"ReadAction","target":["https:\/\/clm-inclusiva.org\/?p=458"]}]},{"@type":"BreadcrumbList","@id":"https:\/\/clm-inclusiva.org\/?p=458#breadcrumb","itemListElement":[{"@type":"ListItem","position":1,"name":"Portada","item":"https:\/\/clm-inclusiva.org\/"},{"@type":"ListItem","position":2,"name":"Nace &#8216;Ciudad Real Inclusiva&#8217;"}]},{"@type":"WebSite","@id":"https:\/\/clm-inclusiva.org\/#website","url":"https:\/\/clm-inclusiva.org\/","name":"Clm-Inclusiva","description":"Confederaci\u00f3n de entidades de personas con discapacidad f\u00edsica y org\u00e1nica CLM","publisher":{"@id":"https:\/\/clm-inclusiva.org\/#organization"},"potentialAction":[{"@type":"SearchAction","target":{"@type":"EntryPoint","urlTemplate":"https:\/\/clm-inclusiva.org\/?s={search_term_string}"},"query-input":"required name=search_term_string"}],"inLanguage":"es"},{"@type":"Organization","@id":"https:\/\/clm-inclusiva.org\/#organization","name":"Clm-Inclusiva","url":"https:\/\/clm-inclusiva.org\/","logo":{"@type":"ImageObject","inLanguage":"es","@id":"https:\/\/clm-inclusiva.org\/#\/schema\/logo\/image\/","url":"http:\/\/clm-inclusiva.org\/wp-content\/uploads\/2019\/04\/banner-e1533720812836.jpg","contentUrl":"http:\/\/clm-inclusiva.org\/wp-content\/uploads\/2019\/04\/banner-e1533720812836.jpg","width":600,"height":332,"caption":"Clm-Inclusiva"},"image":{"@id":"https:\/\/clm-inclusiva.org\/#\/schema\/logo\/image\/"},"sameAs":["https:\/\/www.facebook.com\/castillalamancha.inclusiva\/","https:\/\/twitter.com\/ClmInclusiva"]},{"@type":"Person","@id":"https:\/\/clm-inclusiva.org\/#\/schema\/person\/0cff84aaa5bb8fd3521c55d1578d902b","name":"clm-inclusiva","image":{"@type":"ImageObject","inLanguage":"es","@id":"https:\/\/clm-inclusiva.org\/#\/schema\/person\/image\/","url":"https:\/\/secure.gravatar.com\/avatar\/88948567af770dc9cd5597b329011884?s=96&d=blank&r=g","contentUrl":"https:\/\/secure.gravatar.com\/avatar\/88948567af770dc9cd5597b329011884?s=96&d=blank&r=g","caption":"clm-inclusiva"},"sameAs":["http:\/\/clm-inclusiva.org"],"url":"https:\/\/clm-inclusiva.org\/?author=1"}]}},"_links":{"self":[{"href":"https:\/\/clm-inclusiva.org\/index.php?rest_route=\/wp\/v2\/posts\/458"}],"collection":[{"href":"https:\/\/clm-inclusiva.org\/index.php?rest_route=\/wp\/v2\/posts"}],"about":[{"href":"https:\/\/clm-inclusiva.org\/index.php?rest_route=\/wp\/v2\/types\/post"}],"author":[{"embeddable":true,"href":"https:\/\/clm-inclusiva.org\/index.php?rest_route=\/wp\/v2\/users\/1"}],"replies":[{"embeddable":true,"href":"https:\/\/clm-inclusiva.org\/index.php?rest_route=%2Fwp%2Fv2%2Fcomments&post=458"}],"version-history":[{"count":3,"href":"https:\/\/clm-inclusiva.org\/index.php?rest_route=\/wp\/v2\/posts\/458\/revisions"}],"predecessor-version":[{"id":2594,"href":"https:\/\/clm-inclusiva.org\/index.php?rest_route=\/wp\/v2\/posts\/458\/revisions\/2594"}],"wp:featuredmedia":[{"embeddable":true,"href":"https:\/\/clm-inclusiva.org\/index.php?rest_route=\/wp\/v2\/media\/459"}],"wp:attachment":[{"href":"https:\/\/clm-inclusiva.org\/index.php?rest_route=%2Fwp%2Fv2%2Fmedia&parent=458"}],"wp:term":[{"taxonomy":"category","embeddable":true,"href":"https:\/\/clm-inclusiva.org\/index.php?rest_route=%2Fwp%2Fv2%2Fcategories&post=458"},{"taxonomy":"post_tag","embeddable":true,"href":"https:\/\/clm-inclusiva.org\/index.php?rest_route=%2Fwp%2Fv2%2Ftags&post=458"}],"curies":[{"name":"wp","href":"https:\/\/api.w.org\/{rel}","templated":true}]}}