{"id":4569,"date":"2023-03-17T22:09:50","date_gmt":"2023-03-17T20:09:50","guid":{"rendered":"http:\/\/clm-inclusiva.org\/?p=4569"},"modified":"2023-03-31T09:25:55","modified_gmt":"2023-03-31T07:25:55","slug":"toledo-acoge-la-i-gala-regional-capaces-organizada-por-clm-inclusiva-coceme","status":"publish","type":"post","link":"https:\/\/clm-inclusiva.org\/?p=4569","title":{"rendered":"Toledo acoge la I Gala Regional \u201cCAPACES\u201d organizada por CLM Inclusiva COCEMFE"},"content":{"rendered":"<ul>\n<li style=\"text-align: justify\"><strong>En el evento se reconoci\u00f3 el trabajo y dedicaci\u00f3n de diferentes Instituciones, Personas y Entidades Sociales para mejorar las condiciones de las personas con discapacidad.<\/strong><\/li>\n<li style=\"text-align: justify\"><strong>Siete fueron los reconocimientos entregados en diversas categor\u00edas, poniendo en valor la necesidad de seguir trabajando por una Castilla-La Mancha m\u00e1s equitativa, solidaria e inclusiva.<\/strong><\/li>\n<li style=\"text-align: justify\"><strong>Contamos con la presencia de la consejera de Bienestar Social, B\u00e1rbara Garc\u00eda Torijano; la viceconsejera de Empleo, Di\u00e1logo Social y Bienestar Laboral, Nuria Berta Chust Mart\u00ednez; y la consejera de Igualdad y Portavoz, Blanca Fern\u00e1ndez Morena.<\/strong><\/li>\n<\/ul>\n<p>&nbsp;<\/p>\n<p><strong>Toledo, 17 de Marzo de 2023.-<\/strong><\/p>\n<p style=\"text-align: justify\">En la tarde de ayer, Toledo acog\u00eda la I Gala Regional de Reconocimientos Sociales \u201cCAPACES\u201d, organizada por CLM Inclusiva COCEMFE. El evento ten\u00eda lugar en la Sala Thal\u00eda del Centro social de Santa Mar\u00eda de Benquerencia.<\/p>\n<p style=\"text-align: justify\">Durante el evento, se ha hecho entrega de diversos reconocimientos a Instituciones, Empresas, Organismos de la Administraci\u00f3n P\u00fablico y Entidades Sociales cuyo trabajo y esfuerzo est\u00e1 ligado a mejorar los derechos y calidad de vida de las personas con discapacidad y sus familias en la regi\u00f3n de Castilla-La Mancha.<\/p>\n<p style=\"text-align: justify\">En total, fueron siete los reconocimientos entregados en diversas categor\u00edas, como el dirigido &#8216;A la Entidad Social Comprometida&#8217;, que recay\u00f3 en la Mesa del Tercer Sector; &#8216;Al Socio\/a de Honor&#8217;, entregado a Rozal\u00e9n; &#8216;Al Medio de Comunicaci\u00f3n&#8217;, otorgado al programa de Radio Castilla-La Mancha &#8220;La otra noticia&#8221;, secci\u00f3n dedicada a repasar la actualidad, las necesidades y todo lo que rodea a las personas con discapacidad; &#8216;A la Empresa Inclusiva&#8217;, concedido a Grupo La Despensa; &#8216;A la Instituci\u00f3n P\u00fablica&#8217;, que recay\u00f3 en la Consejer\u00eda de Econom\u00eda, Empresas y Empleo de la JCCM.<\/p>\n<p style=\"text-align: justify\">En su intervenci\u00f3n, Enrique Alarc\u00f3n Garc\u00eda, Presidente de CLM Inclusiva COCEMFE referenciaba el nombre de la Gala \u201cCapaces\u201d, expresando que \u201cen toda persona, las capacidades pueden llegar a superar sus limitaciones por muy duras que puedan llegar a ser\u201d. Mientras que Anxo Queiruga, Presidente de COCEMFE, expon\u00eda que estos premios son \u201cla mejor forma de mostrar ejemplos reales y de contribuir a que tengamos una sociedad en la que todos aportemos lo mejor de nosotros mismos\u201d.<\/p>\n<p style=\"text-align: justify\">El momento m\u00e1s emotivo de la noche, lleg\u00f3 con el homenaje a Ana Quintanilla Garc\u00eda, referente del movimiento asociativo manchego y fiel defensora de los derechos de las personas con discapacidad en la regi\u00f3n. Su familia fue la encargada de recoger el Reconocimiento &#8216;A la Trayectoria Vital&#8217;, que nos regalaron algunas de las experiencias y legado que nos ha dejado su figura.<\/p>\n<p style=\"text-align: justify\">La I Gala Regional de Reconocimientos Sociales &#8216;CAPACES&#8217; cont\u00f3 con la asistencia de diversas personalidades del \u00e1mbito pol\u00edtico, econ\u00f3mico y social de Castilla-La Mancha, como la consejera de Bienestar Social, B\u00e1rbara Garc\u00eda Torijano; la viceconsejera de Empleo, Di\u00e1logo Social y Bienestar Laboral, Nuria Berta Chust Mart\u00ednez; o la consejera de Igualdad y Portavoz, Blanca Fern\u00e1ndez Morena, quienes trasladaron su respaldo a este nuevo y singular evento que homenajea a aquellos que ayudan a mejorar la vida de las personas con discapacidad f\u00edsica y org\u00e1nica, y de sus familias.<\/p>\n","protected":false},"excerpt":{"rendered":"<p>En el evento se reconoci\u00f3 el trabajo y dedicaci\u00f3n de diferentes Instituciones, Personas y Entidades Sociales para mejorar las condiciones de las personas con discapacidad. Siete fueron los reconocimientos entregados en diversas categor\u00edas, poniendo en valor la necesidad de seguir trabajando por una Castilla-La Mancha m\u00e1s equitativa, solidaria e inclusiva. Contamos con la presencia de [&hellip;]<\/p>\n","protected":false},"author":1,"featured_media":4571,"comment_status":"open","ping_status":"open","sticky":false,"template":"","format":"standard","meta":{"_et_pb_use_builder":"","_et_pb_old_content":"","_et_gb_content_width":"","footnotes":""},"categories":[1],"tags":[],"yoast_head":"<!-- This site is optimized with the Yoast SEO plugin v21.3 - https:\/\/yoast.com\/wordpress\/plugins\/seo\/ -->\n<title>Toledo acoge la I Gala Regional \u201cCAPACES\u201d organizada por CLM Inclusiva COCEMFE - Clm-Inclusiva<\/title>\n<meta name=\"robots\" content=\"index, follow, max-snippet:-1, max-image-preview:large, max-video-preview:-1\" \/>\n<link rel=\"canonical\" href=\"https:\/\/clm-inclusiva.org\/?p=4569\" \/>\n<meta property=\"og:locale\" content=\"es_ES\" \/>\n<meta property=\"og:type\" content=\"article\" \/>\n<meta property=\"og:title\" content=\"Toledo acoge la I Gala Regional \u201cCAPACES\u201d organizada por CLM Inclusiva COCEMFE - Clm-Inclusiva\" \/>\n<meta property=\"og:description\" content=\"En el evento se reconoci\u00f3 el trabajo y dedicaci\u00f3n de diferentes Instituciones, Personas y Entidades Sociales para mejorar las condiciones de las personas con discapacidad. Siete fueron los reconocimientos entregados en diversas categor\u00edas, poniendo en valor la necesidad de seguir trabajando por una Castilla-La Mancha m\u00e1s equitativa, solidaria e inclusiva. Contamos con la presencia de [&hellip;]\" \/>\n<meta property=\"og:url\" content=\"https:\/\/clm-inclusiva.org\/?p=4569\" \/>\n<meta property=\"og:site_name\" content=\"Clm-Inclusiva\" \/>\n<meta property=\"article:publisher\" content=\"https:\/\/www.facebook.com\/castillalamancha.inclusiva\/\" \/>\n<meta property=\"article:published_time\" content=\"2023-03-17T20:09:50+00:00\" \/>\n<meta property=\"article:modified_time\" content=\"2023-03-31T07:25:55+00:00\" \/>\n<meta property=\"og:image\" content=\"https:\/\/clm-inclusiva.org\/wp-content\/uploads\/2023\/03\/WhatsApp-Image-2023-03-17-at-11.44.07-2.jpeg\" \/>\n\t<meta property=\"og:image:width\" content=\"1600\" \/>\n\t<meta property=\"og:image:height\" content=\"1069\" \/>\n\t<meta property=\"og:image:type\" content=\"image\/jpeg\" \/>\n<meta name=\"author\" content=\"clm-inclusiva\" \/>\n<meta name=\"twitter:card\" content=\"summary_large_image\" \/>\n<meta name=\"twitter:creator\" content=\"@ClmInclusiva\" \/>\n<meta name=\"twitter:site\" content=\"@ClmInclusiva\" \/>\n<meta name=\"twitter:label1\" content=\"Escrito por\" \/>\n\t<meta name=\"twitter:data1\" content=\"clm-inclusiva\" \/>\n\t<meta name=\"twitter:label2\" content=\"Tiempo de lectura\" \/>\n\t<meta name=\"twitter:data2\" content=\"3 minutos\" \/>\n<script type=\"application\/ld+json\" class=\"yoast-schema-graph\">{\"@context\":\"https:\/\/schema.org\",\"@graph\":[{\"@type\":\"Article\",\"@id\":\"https:\/\/clm-inclusiva.org\/?p=4569#article\",\"isPartOf\":{\"@id\":\"https:\/\/clm-inclusiva.org\/?p=4569\"},\"author\":{\"name\":\"clm-inclusiva\",\"@id\":\"https:\/\/clm-inclusiva.org\/#\/schema\/person\/0cff84aaa5bb8fd3521c55d1578d902b\"},\"headline\":\"Toledo acoge la I Gala Regional \u201cCAPACES\u201d organizada por CLM Inclusiva COCEMFE\",\"datePublished\":\"2023-03-17T20:09:50+00:00\",\"dateModified\":\"2023-03-31T07:25:55+00:00\",\"mainEntityOfPage\":{\"@id\":\"https:\/\/clm-inclusiva.org\/?p=4569\"},\"wordCount\":546,\"commentCount\":0,\"publisher\":{\"@id\":\"https:\/\/clm-inclusiva.org\/#organization\"},\"inLanguage\":\"es\",\"potentialAction\":[{\"@type\":\"CommentAction\",\"name\":\"Comment\",\"target\":[\"https:\/\/clm-inclusiva.org\/?p=4569#respond\"]}]},{\"@type\":\"WebPage\",\"@id\":\"https:\/\/clm-inclusiva.org\/?p=4569\",\"url\":\"https:\/\/clm-inclusiva.org\/?p=4569\",\"name\":\"Toledo acoge la I Gala Regional \u201cCAPACES\u201d organizada por CLM Inclusiva COCEMFE - Clm-Inclusiva\",\"isPartOf\":{\"@id\":\"https:\/\/clm-inclusiva.org\/#website\"},\"datePublished\":\"2023-03-17T20:09:50+00:00\",\"dateModified\":\"2023-03-31T07:25:55+00:00\",\"breadcrumb\":{\"@id\":\"https:\/\/clm-inclusiva.org\/?p=4569#breadcrumb\"},\"inLanguage\":\"es\",\"potentialAction\":[{\"@type\":\"ReadAction\",\"target\":[\"https:\/\/clm-inclusiva.org\/?p=4569\"]}]},{\"@type\":\"BreadcrumbList\",\"@id\":\"https:\/\/clm-inclusiva.org\/?p=4569#breadcrumb\",\"itemListElement\":[{\"@type\":\"ListItem\",\"position\":1,\"name\":\"Portada\",\"item\":\"https:\/\/clm-inclusiva.org\/\"},{\"@type\":\"ListItem\",\"position\":2,\"name\":\"Toledo acoge la I Gala Regional \u201cCAPACES\u201d organizada por CLM Inclusiva COCEMFE\"}]},{\"@type\":\"WebSite\",\"@id\":\"https:\/\/clm-inclusiva.org\/#website\",\"url\":\"https:\/\/clm-inclusiva.org\/\",\"name\":\"Clm-Inclusiva\",\"description\":\"Confederaci\u00f3n de entidades de personas con discapacidad f\u00edsica y org\u00e1nica CLM\",\"publisher\":{\"@id\":\"https:\/\/clm-inclusiva.org\/#organization\"},\"potentialAction\":[{\"@type\":\"SearchAction\",\"target\":{\"@type\":\"EntryPoint\",\"urlTemplate\":\"https:\/\/clm-inclusiva.org\/?s={search_term_string}\"},\"query-input\":\"required name=search_term_string\"}],\"inLanguage\":\"es\"},{\"@type\":\"Organization\",\"@id\":\"https:\/\/clm-inclusiva.org\/#organization\",\"name\":\"Clm-Inclusiva\",\"url\":\"https:\/\/clm-inclusiva.org\/\",\"logo\":{\"@type\":\"ImageObject\",\"inLanguage\":\"es\",\"@id\":\"https:\/\/clm-inclusiva.org\/#\/schema\/logo\/image\/\",\"url\":\"http:\/\/clm-inclusiva.org\/wp-content\/uploads\/2019\/04\/banner-e1533720812836.jpg\",\"contentUrl\":\"http:\/\/clm-inclusiva.org\/wp-content\/uploads\/2019\/04\/banner-e1533720812836.jpg\",\"width\":600,\"height\":332,\"caption\":\"Clm-Inclusiva\"},\"image\":{\"@id\":\"https:\/\/clm-inclusiva.org\/#\/schema\/logo\/image\/\"},\"sameAs\":[\"https:\/\/www.facebook.com\/castillalamancha.inclusiva\/\",\"https:\/\/twitter.com\/ClmInclusiva\"]},{\"@type\":\"Person\",\"@id\":\"https:\/\/clm-inclusiva.org\/#\/schema\/person\/0cff84aaa5bb8fd3521c55d1578d902b\",\"name\":\"clm-inclusiva\",\"image\":{\"@type\":\"ImageObject\",\"inLanguage\":\"es\",\"@id\":\"https:\/\/clm-inclusiva.org\/#\/schema\/person\/image\/\",\"url\":\"https:\/\/secure.gravatar.com\/avatar\/88948567af770dc9cd5597b329011884?s=96&d=blank&r=g\",\"contentUrl\":\"https:\/\/secure.gravatar.com\/avatar\/88948567af770dc9cd5597b329011884?s=96&d=blank&r=g\",\"caption\":\"clm-inclusiva\"},\"sameAs\":[\"http:\/\/clm-inclusiva.org\"],\"url\":\"https:\/\/clm-inclusiva.org\/?author=1\"}]}<\/script>\n<!-- \/ Yoast SEO plugin. -->","yoast_head_json":{"title":"Toledo acoge la I Gala Regional \u201cCAPACES\u201d organizada por CLM Inclusiva COCEMFE - Clm-Inclusiva","robots":{"index":"index","follow":"follow","max-snippet":"max-snippet:-1","max-image-preview":"max-image-preview:large","max-video-preview":"max-video-preview:-1"},"canonical":"https:\/\/clm-inclusiva.org\/?p=4569","og_locale":"es_ES","og_type":"article","og_title":"Toledo acoge la I Gala Regional \u201cCAPACES\u201d organizada por CLM Inclusiva COCEMFE - Clm-Inclusiva","og_description":"En el evento se reconoci\u00f3 el trabajo y dedicaci\u00f3n de diferentes Instituciones, Personas y Entidades Sociales para mejorar las condiciones de las personas con discapacidad. Siete fueron los reconocimientos entregados en diversas categor\u00edas, poniendo en valor la necesidad de seguir trabajando por una Castilla-La Mancha m\u00e1s equitativa, solidaria e inclusiva. Contamos con la presencia de [&hellip;]","og_url":"https:\/\/clm-inclusiva.org\/?p=4569","og_site_name":"Clm-Inclusiva","article_publisher":"https:\/\/www.facebook.com\/castillalamancha.inclusiva\/","article_published_time":"2023-03-17T20:09:50+00:00","article_modified_time":"2023-03-31T07:25:55+00:00","og_image":[{"width":1600,"height":1069,"url":"https:\/\/clm-inclusiva.org\/wp-content\/uploads\/2023\/03\/WhatsApp-Image-2023-03-17-at-11.44.07-2.jpeg","type":"image\/jpeg"}],"author":"clm-inclusiva","twitter_card":"summary_large_image","twitter_creator":"@ClmInclusiva","twitter_site":"@ClmInclusiva","twitter_misc":{"Escrito por":"clm-inclusiva","Tiempo de lectura":"3 minutos"},"schema":{"@context":"https:\/\/schema.org","@graph":[{"@type":"Article","@id":"https:\/\/clm-inclusiva.org\/?p=4569#article","isPartOf":{"@id":"https:\/\/clm-inclusiva.org\/?p=4569"},"author":{"name":"clm-inclusiva","@id":"https:\/\/clm-inclusiva.org\/#\/schema\/person\/0cff84aaa5bb8fd3521c55d1578d902b"},"headline":"Toledo acoge la I Gala Regional \u201cCAPACES\u201d organizada por CLM Inclusiva COCEMFE","datePublished":"2023-03-17T20:09:50+00:00","dateModified":"2023-03-31T07:25:55+00:00","mainEntityOfPage":{"@id":"https:\/\/clm-inclusiva.org\/?p=4569"},"wordCount":546,"commentCount":0,"publisher":{"@id":"https:\/\/clm-inclusiva.org\/#organization"},"inLanguage":"es","potentialAction":[{"@type":"CommentAction","name":"Comment","target":["https:\/\/clm-inclusiva.org\/?p=4569#respond"]}]},{"@type":"WebPage","@id":"https:\/\/clm-inclusiva.org\/?p=4569","url":"https:\/\/clm-inclusiva.org\/?p=4569","name":"Toledo acoge la I Gala Regional \u201cCAPACES\u201d organizada por CLM Inclusiva COCEMFE - Clm-Inclusiva","isPartOf":{"@id":"https:\/\/clm-inclusiva.org\/#website"},"datePublished":"2023-03-17T20:09:50+00:00","dateModified":"2023-03-31T07:25:55+00:00","breadcrumb":{"@id":"https:\/\/clm-inclusiva.org\/?p=4569#breadcrumb"},"inLanguage":"es","potentialAction":[{"@type":"ReadAction","target":["https:\/\/clm-inclusiva.org\/?p=4569"]}]},{"@type":"BreadcrumbList","@id":"https:\/\/clm-inclusiva.org\/?p=4569#breadcrumb","itemListElement":[{"@type":"ListItem","position":1,"name":"Portada","item":"https:\/\/clm-inclusiva.org\/"},{"@type":"ListItem","position":2,"name":"Toledo acoge la I Gala Regional \u201cCAPACES\u201d organizada por CLM Inclusiva COCEMFE"}]},{"@type":"WebSite","@id":"https:\/\/clm-inclusiva.org\/#website","url":"https:\/\/clm-inclusiva.org\/","name":"Clm-Inclusiva","description":"Confederaci\u00f3n de entidades de personas con discapacidad f\u00edsica y org\u00e1nica CLM","publisher":{"@id":"https:\/\/clm-inclusiva.org\/#organization"},"potentialAction":[{"@type":"SearchAction","target":{"@type":"EntryPoint","urlTemplate":"https:\/\/clm-inclusiva.org\/?s={search_term_string}"},"query-input":"required name=search_term_string"}],"inLanguage":"es"},{"@type":"Organization","@id":"https:\/\/clm-inclusiva.org\/#organization","name":"Clm-Inclusiva","url":"https:\/\/clm-inclusiva.org\/","logo":{"@type":"ImageObject","inLanguage":"es","@id":"https:\/\/clm-inclusiva.org\/#\/schema\/logo\/image\/","url":"http:\/\/clm-inclusiva.org\/wp-content\/uploads\/2019\/04\/banner-e1533720812836.jpg","contentUrl":"http:\/\/clm-inclusiva.org\/wp-content\/uploads\/2019\/04\/banner-e1533720812836.jpg","width":600,"height":332,"caption":"Clm-Inclusiva"},"image":{"@id":"https:\/\/clm-inclusiva.org\/#\/schema\/logo\/image\/"},"sameAs":["https:\/\/www.facebook.com\/castillalamancha.inclusiva\/","https:\/\/twitter.com\/ClmInclusiva"]},{"@type":"Person","@id":"https:\/\/clm-inclusiva.org\/#\/schema\/person\/0cff84aaa5bb8fd3521c55d1578d902b","name":"clm-inclusiva","image":{"@type":"ImageObject","inLanguage":"es","@id":"https:\/\/clm-inclusiva.org\/#\/schema\/person\/image\/","url":"https:\/\/secure.gravatar.com\/avatar\/88948567af770dc9cd5597b329011884?s=96&d=blank&r=g","contentUrl":"https:\/\/secure.gravatar.com\/avatar\/88948567af770dc9cd5597b329011884?s=96&d=blank&r=g","caption":"clm-inclusiva"},"sameAs":["http:\/\/clm-inclusiva.org"],"url":"https:\/\/clm-inclusiva.org\/?author=1"}]}},"_links":{"self":[{"href":"https:\/\/clm-inclusiva.org\/index.php?rest_route=\/wp\/v2\/posts\/4569"}],"collection":[{"href":"https:\/\/clm-inclusiva.org\/index.php?rest_route=\/wp\/v2\/posts"}],"about":[{"href":"https:\/\/clm-inclusiva.org\/index.php?rest_route=\/wp\/v2\/types\/post"}],"author":[{"embeddable":true,"href":"https:\/\/clm-inclusiva.org\/index.php?rest_route=\/wp\/v2\/users\/1"}],"replies":[{"embeddable":true,"href":"https:\/\/clm-inclusiva.org\/index.php?rest_route=%2Fwp%2Fv2%2Fcomments&post=4569"}],"version-history":[{"count":2,"href":"https:\/\/clm-inclusiva.org\/index.php?rest_route=\/wp\/v2\/posts\/4569\/revisions"}],"predecessor-version":[{"id":4802,"href":"https:\/\/clm-inclusiva.org\/index.php?rest_route=\/wp\/v2\/posts\/4569\/revisions\/4802"}],"wp:featuredmedia":[{"embeddable":true,"href":"https:\/\/clm-inclusiva.org\/index.php?rest_route=\/wp\/v2\/media\/4571"}],"wp:attachment":[{"href":"https:\/\/clm-inclusiva.org\/index.php?rest_route=%2Fwp%2Fv2%2Fmedia&parent=4569"}],"wp:term":[{"taxonomy":"category","embeddable":true,"href":"https:\/\/clm-inclusiva.org\/index.php?rest_route=%2Fwp%2Fv2%2Fcategories&post=4569"},{"taxonomy":"post_tag","embeddable":true,"href":"https:\/\/clm-inclusiva.org\/index.php?rest_route=%2Fwp%2Fv2%2Ftags&post=4569"}],"curies":[{"name":"wp","href":"https:\/\/api.w.org\/{rel}","templated":true}]}}