{"id":4546,"date":"2023-02-10T16:28:15","date_gmt":"2023-02-10T14:28:15","guid":{"rendered":"http:\/\/clm-inclusiva.org\/?p=4546"},"modified":"2023-02-10T16:28:15","modified_gmt":"2023-02-10T14:28:15","slug":"clm-inclusiva-cocemfe-celebrara-la-i-gala-regional-de-reconocimientos-sociales-capaces","status":"publish","type":"post","link":"https:\/\/clm-inclusiva.org\/?p=4546","title":{"rendered":"CLM Inclusiva COCEMFE celebrar\u00e1 la I GALA RegionaL de Reconocimientos Sociales  \u201cCAPACES\u201d \u00a0"},"content":{"rendered":"<p style=\"text-align: justify\">\n<ul style=\"text-align: justify\">\n<li><strong>Con el objetivo de reconocer a personas, entidades, empresas y administraciones p\u00fablicas que trabajan y luchan en el d\u00eda a d\u00eda para mejorar la vida de las personas con discapacidad f\u00edsica y org\u00e1nica, y de sus familias.<\/strong><\/li>\n<\/ul>\n<ul style=\"text-align: justify\">\n<li><strong>Tendr\u00e1 lugar el 16 de marzo en la Sala Thal\u00eda del Centro Social de Santa Mar\u00eda de Benquerencia.<\/strong><\/li>\n<\/ul>\n<p style=\"text-align: justify\"><strong>\u00a0<\/strong><\/p>\n<p style=\"text-align: justify\"><strong>Toledo, 10 de febrero de 2023. <\/strong><\/p>\n<p style=\"text-align: justify\">\n<p style=\"text-align: justify\"><strong>La Junta directiva de CLM Inclusiva COCEMFE, <\/strong>ha dado el visto bueno para la celebraci\u00f3n de lo que ser\u00e1 la I Gala Regional de Reconocimientos Sociales \u201cCAPACES\u201d.<\/p>\n<p style=\"text-align: justify\">La entidad, quiere de esta manera reconocer y visualizar personas, empresas, ONG, entidades y organismos de la Administraci\u00f3n P\u00fablica que luchan por mejorar los derechos y calidad de vida de las personas con discapacidad y sus familias en Castilla-La Mancha.<\/p>\n<p style=\"text-align: justify\">\n<p style=\"text-align: justify\"><strong>Para Enrique Alarc\u00f3n, Presidente de la Confederaci\u00f3n<\/strong>, \u201cse trata de poner en valor peque\u00f1os y grandes gestos que mejoran la calidad de vida de nuestro colectivo en Castilla-La Mancha, y por lo tanto, queremos agradecer y dar a conocer la labor realizada por los profesionales, asociaciones, entidades e instituciones homenajeadas por su \u00abcompromiso ejemplar y buen hacer\u00bb\u201d<\/p>\n<p style=\"text-align: justify\">\n<p style=\"text-align: justify\">La gala contar\u00e1 con 7 reconocimientos por categor\u00edas, que ser\u00e1n presentados d\u00edas antes de la celebraci\u00f3n, como son:<\/p>\n<ul style=\"text-align: justify\">\n<li>Reconocimiento a la entidad social comprometida<\/li>\n<li>Reconocimiento al voluntariado<\/li>\n<li>Reconocimiento socio\/a de honor<\/li>\n<li>Reconocimiento al medio de comunicaci\u00f3n<\/li>\n<li>Reconocimiento a la empresa inclusiva<\/li>\n<li>Reconocimiento a la instituci\u00f3n p\u00fablica<\/li>\n<li>Reconocimiento a la trayectoria vital<\/li>\n<\/ul>\n<p style=\"text-align: justify\">La Gala se celebrar\u00e1 el 16 de marzo en la Sala Thal\u00eda del Centro Social de Santa Mar\u00eda de Benquerencia de Toledo, dando comienzo a las 18.30h.<\/p>\n","protected":false},"excerpt":{"rendered":"<p>Con el objetivo de reconocer a personas, entidades, empresas y administraciones p\u00fablicas que trabajan y luchan en el d\u00eda a d\u00eda para mejorar la vida de las personas con discapacidad f\u00edsica y org\u00e1nica, y de sus familias. Tendr\u00e1 lugar el 16 de marzo en la Sala Thal\u00eda del Centro Social de Santa Mar\u00eda de Benquerencia. [&hellip;]<\/p>\n","protected":false},"author":1,"featured_media":4547,"comment_status":"open","ping_status":"open","sticky":false,"template":"","format":"standard","meta":{"_et_pb_use_builder":"","_et_pb_old_content":"","_et_gb_content_width":"","footnotes":""},"categories":[1],"tags":[],"yoast_head":"<!-- This site is optimized with the Yoast SEO plugin v21.3 - https:\/\/yoast.com\/wordpress\/plugins\/seo\/ -->\n<title>CLM Inclusiva COCEMFE celebrar\u00e1 la I GALA RegionaL de Reconocimientos Sociales \u201cCAPACES\u201d \u00a0 - Clm-Inclusiva<\/title>\n<meta name=\"robots\" content=\"index, follow, max-snippet:-1, max-image-preview:large, max-video-preview:-1\" \/>\n<link rel=\"canonical\" href=\"https:\/\/clm-inclusiva.org\/?p=4546\" \/>\n<meta property=\"og:locale\" content=\"es_ES\" \/>\n<meta property=\"og:type\" content=\"article\" \/>\n<meta property=\"og:title\" content=\"CLM Inclusiva COCEMFE celebrar\u00e1 la I GALA RegionaL de Reconocimientos Sociales \u201cCAPACES\u201d \u00a0 - Clm-Inclusiva\" \/>\n<meta property=\"og:description\" content=\"Con el objetivo de reconocer a personas, entidades, empresas y administraciones p\u00fablicas que trabajan y luchan en el d\u00eda a d\u00eda para mejorar la vida de las personas con discapacidad f\u00edsica y org\u00e1nica, y de sus familias. Tendr\u00e1 lugar el 16 de marzo en la Sala Thal\u00eda del Centro Social de Santa Mar\u00eda de Benquerencia. [&hellip;]\" \/>\n<meta property=\"og:url\" content=\"https:\/\/clm-inclusiva.org\/?p=4546\" \/>\n<meta property=\"og:site_name\" content=\"Clm-Inclusiva\" \/>\n<meta property=\"article:publisher\" content=\"https:\/\/www.facebook.com\/castillalamancha.inclusiva\/\" \/>\n<meta property=\"article:published_time\" content=\"2023-02-10T14:28:15+00:00\" \/>\n<meta property=\"og:image\" content=\"https:\/\/clm-inclusiva.org\/wp-content\/uploads\/2023\/02\/NOTA-DE-PRENSA_CAPACES-1024x576.png\" \/>\n\t<meta property=\"og:image:width\" content=\"1024\" \/>\n\t<meta property=\"og:image:height\" content=\"576\" \/>\n\t<meta property=\"og:image:type\" content=\"image\/png\" \/>\n<meta name=\"author\" content=\"clm-inclusiva\" \/>\n<meta name=\"twitter:card\" content=\"summary_large_image\" \/>\n<meta name=\"twitter:creator\" content=\"@ClmInclusiva\" \/>\n<meta name=\"twitter:site\" content=\"@ClmInclusiva\" \/>\n<meta name=\"twitter:label1\" content=\"Escrito por\" \/>\n\t<meta name=\"twitter:data1\" content=\"clm-inclusiva\" \/>\n\t<meta name=\"twitter:label2\" content=\"Tiempo de lectura\" \/>\n\t<meta name=\"twitter:data2\" content=\"1 minuto\" \/>\n<script type=\"application\/ld+json\" class=\"yoast-schema-graph\">{\"@context\":\"https:\/\/schema.org\",\"@graph\":[{\"@type\":\"Article\",\"@id\":\"https:\/\/clm-inclusiva.org\/?p=4546#article\",\"isPartOf\":{\"@id\":\"https:\/\/clm-inclusiva.org\/?p=4546\"},\"author\":{\"name\":\"clm-inclusiva\",\"@id\":\"https:\/\/clm-inclusiva.org\/#\/schema\/person\/0cff84aaa5bb8fd3521c55d1578d902b\"},\"headline\":\"CLM Inclusiva COCEMFE celebrar\u00e1 la I GALA RegionaL de Reconocimientos Sociales \u201cCAPACES\u201d \u00a0\",\"datePublished\":\"2023-02-10T14:28:15+00:00\",\"dateModified\":\"2023-02-10T14:28:15+00:00\",\"mainEntityOfPage\":{\"@id\":\"https:\/\/clm-inclusiva.org\/?p=4546\"},\"wordCount\":293,\"commentCount\":0,\"publisher\":{\"@id\":\"https:\/\/clm-inclusiva.org\/#organization\"},\"inLanguage\":\"es\",\"potentialAction\":[{\"@type\":\"CommentAction\",\"name\":\"Comment\",\"target\":[\"https:\/\/clm-inclusiva.org\/?p=4546#respond\"]}]},{\"@type\":\"WebPage\",\"@id\":\"https:\/\/clm-inclusiva.org\/?p=4546\",\"url\":\"https:\/\/clm-inclusiva.org\/?p=4546\",\"name\":\"CLM Inclusiva COCEMFE celebrar\u00e1 la I GALA RegionaL de Reconocimientos Sociales \u201cCAPACES\u201d \u00a0 - Clm-Inclusiva\",\"isPartOf\":{\"@id\":\"https:\/\/clm-inclusiva.org\/#website\"},\"datePublished\":\"2023-02-10T14:28:15+00:00\",\"dateModified\":\"2023-02-10T14:28:15+00:00\",\"breadcrumb\":{\"@id\":\"https:\/\/clm-inclusiva.org\/?p=4546#breadcrumb\"},\"inLanguage\":\"es\",\"potentialAction\":[{\"@type\":\"ReadAction\",\"target\":[\"https:\/\/clm-inclusiva.org\/?p=4546\"]}]},{\"@type\":\"BreadcrumbList\",\"@id\":\"https:\/\/clm-inclusiva.org\/?p=4546#breadcrumb\",\"itemListElement\":[{\"@type\":\"ListItem\",\"position\":1,\"name\":\"Portada\",\"item\":\"https:\/\/clm-inclusiva.org\/\"},{\"@type\":\"ListItem\",\"position\":2,\"name\":\"CLM Inclusiva COCEMFE celebrar\u00e1 la I GALA RegionaL de Reconocimientos Sociales \u201cCAPACES\u201d \u00a0\"}]},{\"@type\":\"WebSite\",\"@id\":\"https:\/\/clm-inclusiva.org\/#website\",\"url\":\"https:\/\/clm-inclusiva.org\/\",\"name\":\"Clm-Inclusiva\",\"description\":\"Confederaci\u00f3n de entidades de personas con discapacidad f\u00edsica y org\u00e1nica CLM\",\"publisher\":{\"@id\":\"https:\/\/clm-inclusiva.org\/#organization\"},\"potentialAction\":[{\"@type\":\"SearchAction\",\"target\":{\"@type\":\"EntryPoint\",\"urlTemplate\":\"https:\/\/clm-inclusiva.org\/?s={search_term_string}\"},\"query-input\":\"required name=search_term_string\"}],\"inLanguage\":\"es\"},{\"@type\":\"Organization\",\"@id\":\"https:\/\/clm-inclusiva.org\/#organization\",\"name\":\"Clm-Inclusiva\",\"url\":\"https:\/\/clm-inclusiva.org\/\",\"logo\":{\"@type\":\"ImageObject\",\"inLanguage\":\"es\",\"@id\":\"https:\/\/clm-inclusiva.org\/#\/schema\/logo\/image\/\",\"url\":\"http:\/\/clm-inclusiva.org\/wp-content\/uploads\/2019\/04\/banner-e1533720812836.jpg\",\"contentUrl\":\"http:\/\/clm-inclusiva.org\/wp-content\/uploads\/2019\/04\/banner-e1533720812836.jpg\",\"width\":600,\"height\":332,\"caption\":\"Clm-Inclusiva\"},\"image\":{\"@id\":\"https:\/\/clm-inclusiva.org\/#\/schema\/logo\/image\/\"},\"sameAs\":[\"https:\/\/www.facebook.com\/castillalamancha.inclusiva\/\",\"https:\/\/twitter.com\/ClmInclusiva\"]},{\"@type\":\"Person\",\"@id\":\"https:\/\/clm-inclusiva.org\/#\/schema\/person\/0cff84aaa5bb8fd3521c55d1578d902b\",\"name\":\"clm-inclusiva\",\"image\":{\"@type\":\"ImageObject\",\"inLanguage\":\"es\",\"@id\":\"https:\/\/clm-inclusiva.org\/#\/schema\/person\/image\/\",\"url\":\"https:\/\/secure.gravatar.com\/avatar\/88948567af770dc9cd5597b329011884?s=96&d=blank&r=g\",\"contentUrl\":\"https:\/\/secure.gravatar.com\/avatar\/88948567af770dc9cd5597b329011884?s=96&d=blank&r=g\",\"caption\":\"clm-inclusiva\"},\"sameAs\":[\"http:\/\/clm-inclusiva.org\"],\"url\":\"https:\/\/clm-inclusiva.org\/?author=1\"}]}<\/script>\n<!-- \/ Yoast SEO plugin. -->","yoast_head_json":{"title":"CLM Inclusiva COCEMFE celebrar\u00e1 la I GALA RegionaL de Reconocimientos Sociales \u201cCAPACES\u201d \u00a0 - Clm-Inclusiva","robots":{"index":"index","follow":"follow","max-snippet":"max-snippet:-1","max-image-preview":"max-image-preview:large","max-video-preview":"max-video-preview:-1"},"canonical":"https:\/\/clm-inclusiva.org\/?p=4546","og_locale":"es_ES","og_type":"article","og_title":"CLM Inclusiva COCEMFE celebrar\u00e1 la I GALA RegionaL de Reconocimientos Sociales \u201cCAPACES\u201d \u00a0 - Clm-Inclusiva","og_description":"Con el objetivo de reconocer a personas, entidades, empresas y administraciones p\u00fablicas que trabajan y luchan en el d\u00eda a d\u00eda para mejorar la vida de las personas con discapacidad f\u00edsica y org\u00e1nica, y de sus familias. Tendr\u00e1 lugar el 16 de marzo en la Sala Thal\u00eda del Centro Social de Santa Mar\u00eda de Benquerencia. [&hellip;]","og_url":"https:\/\/clm-inclusiva.org\/?p=4546","og_site_name":"Clm-Inclusiva","article_publisher":"https:\/\/www.facebook.com\/castillalamancha.inclusiva\/","article_published_time":"2023-02-10T14:28:15+00:00","og_image":[{"width":1024,"height":576,"url":"https:\/\/clm-inclusiva.org\/wp-content\/uploads\/2023\/02\/NOTA-DE-PRENSA_CAPACES-1024x576.png","type":"image\/png"}],"author":"clm-inclusiva","twitter_card":"summary_large_image","twitter_creator":"@ClmInclusiva","twitter_site":"@ClmInclusiva","twitter_misc":{"Escrito por":"clm-inclusiva","Tiempo de lectura":"1 minuto"},"schema":{"@context":"https:\/\/schema.org","@graph":[{"@type":"Article","@id":"https:\/\/clm-inclusiva.org\/?p=4546#article","isPartOf":{"@id":"https:\/\/clm-inclusiva.org\/?p=4546"},"author":{"name":"clm-inclusiva","@id":"https:\/\/clm-inclusiva.org\/#\/schema\/person\/0cff84aaa5bb8fd3521c55d1578d902b"},"headline":"CLM Inclusiva COCEMFE celebrar\u00e1 la I GALA RegionaL de Reconocimientos Sociales \u201cCAPACES\u201d \u00a0","datePublished":"2023-02-10T14:28:15+00:00","dateModified":"2023-02-10T14:28:15+00:00","mainEntityOfPage":{"@id":"https:\/\/clm-inclusiva.org\/?p=4546"},"wordCount":293,"commentCount":0,"publisher":{"@id":"https:\/\/clm-inclusiva.org\/#organization"},"inLanguage":"es","potentialAction":[{"@type":"CommentAction","name":"Comment","target":["https:\/\/clm-inclusiva.org\/?p=4546#respond"]}]},{"@type":"WebPage","@id":"https:\/\/clm-inclusiva.org\/?p=4546","url":"https:\/\/clm-inclusiva.org\/?p=4546","name":"CLM Inclusiva COCEMFE celebrar\u00e1 la I GALA RegionaL de Reconocimientos Sociales \u201cCAPACES\u201d \u00a0 - Clm-Inclusiva","isPartOf":{"@id":"https:\/\/clm-inclusiva.org\/#website"},"datePublished":"2023-02-10T14:28:15+00:00","dateModified":"2023-02-10T14:28:15+00:00","breadcrumb":{"@id":"https:\/\/clm-inclusiva.org\/?p=4546#breadcrumb"},"inLanguage":"es","potentialAction":[{"@type":"ReadAction","target":["https:\/\/clm-inclusiva.org\/?p=4546"]}]},{"@type":"BreadcrumbList","@id":"https:\/\/clm-inclusiva.org\/?p=4546#breadcrumb","itemListElement":[{"@type":"ListItem","position":1,"name":"Portada","item":"https:\/\/clm-inclusiva.org\/"},{"@type":"ListItem","position":2,"name":"CLM Inclusiva COCEMFE celebrar\u00e1 la I GALA RegionaL de Reconocimientos Sociales \u201cCAPACES\u201d \u00a0"}]},{"@type":"WebSite","@id":"https:\/\/clm-inclusiva.org\/#website","url":"https:\/\/clm-inclusiva.org\/","name":"Clm-Inclusiva","description":"Confederaci\u00f3n de entidades de personas con discapacidad f\u00edsica y org\u00e1nica CLM","publisher":{"@id":"https:\/\/clm-inclusiva.org\/#organization"},"potentialAction":[{"@type":"SearchAction","target":{"@type":"EntryPoint","urlTemplate":"https:\/\/clm-inclusiva.org\/?s={search_term_string}"},"query-input":"required name=search_term_string"}],"inLanguage":"es"},{"@type":"Organization","@id":"https:\/\/clm-inclusiva.org\/#organization","name":"Clm-Inclusiva","url":"https:\/\/clm-inclusiva.org\/","logo":{"@type":"ImageObject","inLanguage":"es","@id":"https:\/\/clm-inclusiva.org\/#\/schema\/logo\/image\/","url":"http:\/\/clm-inclusiva.org\/wp-content\/uploads\/2019\/04\/banner-e1533720812836.jpg","contentUrl":"http:\/\/clm-inclusiva.org\/wp-content\/uploads\/2019\/04\/banner-e1533720812836.jpg","width":600,"height":332,"caption":"Clm-Inclusiva"},"image":{"@id":"https:\/\/clm-inclusiva.org\/#\/schema\/logo\/image\/"},"sameAs":["https:\/\/www.facebook.com\/castillalamancha.inclusiva\/","https:\/\/twitter.com\/ClmInclusiva"]},{"@type":"Person","@id":"https:\/\/clm-inclusiva.org\/#\/schema\/person\/0cff84aaa5bb8fd3521c55d1578d902b","name":"clm-inclusiva","image":{"@type":"ImageObject","inLanguage":"es","@id":"https:\/\/clm-inclusiva.org\/#\/schema\/person\/image\/","url":"https:\/\/secure.gravatar.com\/avatar\/88948567af770dc9cd5597b329011884?s=96&d=blank&r=g","contentUrl":"https:\/\/secure.gravatar.com\/avatar\/88948567af770dc9cd5597b329011884?s=96&d=blank&r=g","caption":"clm-inclusiva"},"sameAs":["http:\/\/clm-inclusiva.org"],"url":"https:\/\/clm-inclusiva.org\/?author=1"}]}},"_links":{"self":[{"href":"https:\/\/clm-inclusiva.org\/index.php?rest_route=\/wp\/v2\/posts\/4546"}],"collection":[{"href":"https:\/\/clm-inclusiva.org\/index.php?rest_route=\/wp\/v2\/posts"}],"about":[{"href":"https:\/\/clm-inclusiva.org\/index.php?rest_route=\/wp\/v2\/types\/post"}],"author":[{"embeddable":true,"href":"https:\/\/clm-inclusiva.org\/index.php?rest_route=\/wp\/v2\/users\/1"}],"replies":[{"embeddable":true,"href":"https:\/\/clm-inclusiva.org\/index.php?rest_route=%2Fwp%2Fv2%2Fcomments&post=4546"}],"version-history":[{"count":1,"href":"https:\/\/clm-inclusiva.org\/index.php?rest_route=\/wp\/v2\/posts\/4546\/revisions"}],"predecessor-version":[{"id":4548,"href":"https:\/\/clm-inclusiva.org\/index.php?rest_route=\/wp\/v2\/posts\/4546\/revisions\/4548"}],"wp:featuredmedia":[{"embeddable":true,"href":"https:\/\/clm-inclusiva.org\/index.php?rest_route=\/wp\/v2\/media\/4547"}],"wp:attachment":[{"href":"https:\/\/clm-inclusiva.org\/index.php?rest_route=%2Fwp%2Fv2%2Fmedia&parent=4546"}],"wp:term":[{"taxonomy":"category","embeddable":true,"href":"https:\/\/clm-inclusiva.org\/index.php?rest_route=%2Fwp%2Fv2%2Fcategories&post=4546"},{"taxonomy":"post_tag","embeddable":true,"href":"https:\/\/clm-inclusiva.org\/index.php?rest_route=%2Fwp%2Fv2%2Ftags&post=4546"}],"curies":[{"name":"wp","href":"https:\/\/api.w.org\/{rel}","templated":true}]}}