{"id":4539,"date":"2023-01-18T12:34:08","date_gmt":"2023-01-18T10:34:08","guid":{"rendered":"http:\/\/clm-inclusiva.org\/?p=4539"},"modified":"2023-01-18T12:36:30","modified_gmt":"2023-01-18T10:36:30","slug":"10-jovenes-con-discapacidad-se-forman-en-mantenimiento-de-espacios-recreativos-con-clm-inclusiva-cocemfe","status":"publish","type":"post","link":"https:\/\/clm-inclusiva.org\/?p=4539","title":{"rendered":"10 j\u00f3venes con discapacidad se forman en \u201cMantenimiento de espacios recreativos\u201d con CLM Inclusiva COCEMFE"},"content":{"rendered":"<p>&nbsp;<\/p>\n<ul>\n<li style=\"text-align: justify\">Enmarcado en la Convocatoria de ayudas econ\u00f3micas para la selecci\u00f3n de operaciones para el refuerzo de la empleabilidad de personas j\u00f3venes con discapacidad \u201cUNO A UNO\u201d \u2013 A\u00f1o 2022-2023. Cofinanciado por el Fondo Social Europeo (FSE)<\/li>\n<\/ul>\n<ul>\n<li style=\"text-align: justify\">El proyecto propuesto pretende fomentar las competencias laborales a la hora de acceder al mercado laboral de un grupo de 10 personas de entre 16 y 30 a\u00f1os con discapacidad, as\u00ed como otorgarles las herramientas concretas como \u201cMantenimiento de espacios recreativos\u201d.<\/li>\n<\/ul>\n<p><strong>\u00a0<\/strong><\/p>\n<p><strong>Toledo, 18 de Enero de 2023.-<\/strong><\/p>\n<p style=\"text-align: justify\"><strong>La Confederaci\u00f3n de entidades de personas con discapacidad f\u00edsica y org\u00e1nica de Castilla-La Mancha, CLM INCLUSIVA COCEMFE<\/strong>, ha inaugurado en Toledo el itinerario formativo correspondiente al curso de \u201cMantenimiento de espacios recreativos\u201d. Se ha dado la bienvenida a los 10 alumnos\/as j\u00f3venes en desempleo de entre 16 y 30 a\u00f1os con discapacidad, en un curso que tendr\u00e1 una duraci\u00f3n de 300 horas repartidas en 180 de teor\u00edas y 120 de formaci\u00f3n en el puesto de trabajo.<\/p>\n<p style=\"text-align: justify\"><strong>La acci\u00f3n formativa se enmarca en la operaci\u00f3n POEJ \u201cUNO A UNO\u201d A\u00d1O 2022-2023 CLM INCLUSI\u00d3N Y EMPLEO<\/strong> que incluye itinerarios personalizados de activaci\u00f3n hacia el empleo, mejorando de forma directa la empleabilidad y sus posibilidades de inserci\u00f3n social y laboral. Estos itinerarios, basados en la formaci\u00f3n por competencia, incluyen formaci\u00f3n te\u00f3rica, formaci\u00f3n en el puesto de trabajo, lo que atra\u00eda especialmente la atenci\u00f3n e inter\u00e9s del alumnado.<\/p>\n<p style=\"text-align: justify\">El alumnado tambi\u00e9n recibir\u00e1 formaci\u00f3n para mejorar el proceso de b\u00fasqueda de empleo, as\u00ed como para potenciar su marca personal de cara a una mayor inserci\u00f3n en el mercado actual. Cada participante contar\u00e1 con atenci\u00f3n personalizada e individualizada con nuestro equipo t\u00e9cnico, a trav\u00e9s de las cuales recibir\u00e1 apoyo para la elaboraci\u00f3n de su itinerario, as\u00ed como el refuerzo de todos aquellos aspectos que necesiten para el \u00f3ptimo aprovechamiento de la formaci\u00f3n.<\/p>\n<p style=\"text-align: justify\"><strong>El Presidente de CLM INCLUSIVA COCEMFE, Enrique Alarc\u00f3n Garc\u00eda<\/strong>, asegura que <em>\u201c<\/em><em>formarse es un proceso de vital importancia cuando se trata de formar una <strong>sociedad que<\/strong> sea <strong>accesible<\/strong> y que facilite la<strong> verdadera inclusi\u00f3n <\/strong>de los j\u00f3venes que poseen discapacidad en el \u00e1mbito laboral.\u201d<\/em> <em>\u201cPara ello, continuaremos impulsando acciones formativas que mejoren las habilidades sociales, la autonom\u00eda y la autoconfianza de los j\u00f3venes con discapacidad de Castilla-La Mancha\u201d.<\/em><\/p>\n<p style=\"text-align: justify\">Esta operaci\u00f3n est\u00e1 subvencionada por el Fondo Social Europeo a trav\u00e9s del Programa Operativo de Empleo Juvenil (POEJ) 2014-2020.Objetivo tem\u00e1tico 8: Promover la sostenibilidad y la calidad en el empleo y favorecer la movilidad laboral. Objetivo espec\u00edfico 8.2.2 dirigido a reforzar la empleabilidad y las competencias profesionales de las personas j\u00f3venes no ocupadas y no integradas en los sistemas de educaci\u00f3n o formaci\u00f3n.<\/p>\n<p>&nbsp;<\/p>\n<p>&nbsp;<\/p>\n","protected":false},"excerpt":{"rendered":"<p>&nbsp; Enmarcado en la Convocatoria de ayudas econ\u00f3micas para la selecci\u00f3n de operaciones para el refuerzo de la empleabilidad de personas j\u00f3venes con discapacidad \u201cUNO A UNO\u201d \u2013 A\u00f1o 2022-2023. Cofinanciado por el Fondo Social Europeo (FSE) El proyecto propuesto pretende fomentar las competencias laborales a la hora de acceder al mercado laboral de un [&hellip;]<\/p>\n","protected":false},"author":1,"featured_media":4540,"comment_status":"open","ping_status":"open","sticky":false,"template":"","format":"standard","meta":{"_et_pb_use_builder":"","_et_pb_old_content":"","_et_gb_content_width":"","footnotes":""},"categories":[1],"tags":[],"yoast_head":"<!-- This site is optimized with the Yoast SEO plugin v21.3 - https:\/\/yoast.com\/wordpress\/plugins\/seo\/ -->\n<title>10 j\u00f3venes con discapacidad se forman en \u201cMantenimiento de espacios recreativos\u201d con CLM Inclusiva COCEMFE - Clm-Inclusiva<\/title>\n<meta name=\"robots\" content=\"index, follow, max-snippet:-1, max-image-preview:large, max-video-preview:-1\" \/>\n<link rel=\"canonical\" href=\"https:\/\/clm-inclusiva.org\/?p=4539\" \/>\n<meta property=\"og:locale\" content=\"es_ES\" \/>\n<meta property=\"og:type\" content=\"article\" \/>\n<meta property=\"og:title\" content=\"10 j\u00f3venes con discapacidad se forman en \u201cMantenimiento de espacios recreativos\u201d con CLM Inclusiva COCEMFE - Clm-Inclusiva\" \/>\n<meta property=\"og:description\" content=\"&nbsp; Enmarcado en la Convocatoria de ayudas econ\u00f3micas para la selecci\u00f3n de operaciones para el refuerzo de la empleabilidad de personas j\u00f3venes con discapacidad \u201cUNO A UNO\u201d \u2013 A\u00f1o 2022-2023. Cofinanciado por el Fondo Social Europeo (FSE) El proyecto propuesto pretende fomentar las competencias laborales a la hora de acceder al mercado laboral de un [&hellip;]\" \/>\n<meta property=\"og:url\" content=\"https:\/\/clm-inclusiva.org\/?p=4539\" \/>\n<meta property=\"og:site_name\" content=\"Clm-Inclusiva\" \/>\n<meta property=\"article:publisher\" content=\"https:\/\/www.facebook.com\/castillalamancha.inclusiva\/\" \/>\n<meta property=\"article:published_time\" content=\"2023-01-18T10:34:08+00:00\" \/>\n<meta property=\"article:modified_time\" content=\"2023-01-18T10:36:30+00:00\" \/>\n<meta property=\"og:image\" content=\"https:\/\/clm-inclusiva.org\/wp-content\/uploads\/2023\/01\/FOTOGRAFIA-INAUGURACION-POEJ-TOLEDO-scaled.jpg\" \/>\n\t<meta property=\"og:image:width\" content=\"2560\" \/>\n\t<meta property=\"og:image:height\" content=\"1707\" \/>\n\t<meta property=\"og:image:type\" content=\"image\/jpeg\" \/>\n<meta name=\"author\" content=\"clm-inclusiva\" \/>\n<meta name=\"twitter:card\" content=\"summary_large_image\" \/>\n<meta name=\"twitter:creator\" content=\"@ClmInclusiva\" \/>\n<meta name=\"twitter:site\" content=\"@ClmInclusiva\" \/>\n<meta name=\"twitter:label1\" content=\"Escrito por\" \/>\n\t<meta name=\"twitter:data1\" content=\"clm-inclusiva\" \/>\n\t<meta name=\"twitter:label2\" content=\"Tiempo de lectura\" \/>\n\t<meta name=\"twitter:data2\" content=\"2 minutos\" \/>\n<script type=\"application\/ld+json\" class=\"yoast-schema-graph\">{\"@context\":\"https:\/\/schema.org\",\"@graph\":[{\"@type\":\"Article\",\"@id\":\"https:\/\/clm-inclusiva.org\/?p=4539#article\",\"isPartOf\":{\"@id\":\"https:\/\/clm-inclusiva.org\/?p=4539\"},\"author\":{\"name\":\"clm-inclusiva\",\"@id\":\"https:\/\/clm-inclusiva.org\/#\/schema\/person\/0cff84aaa5bb8fd3521c55d1578d902b\"},\"headline\":\"10 j\u00f3venes con discapacidad se forman en \u201cMantenimiento de espacios recreativos\u201d con CLM Inclusiva COCEMFE\",\"datePublished\":\"2023-01-18T10:34:08+00:00\",\"dateModified\":\"2023-01-18T10:36:30+00:00\",\"mainEntityOfPage\":{\"@id\":\"https:\/\/clm-inclusiva.org\/?p=4539\"},\"wordCount\":485,\"commentCount\":0,\"publisher\":{\"@id\":\"https:\/\/clm-inclusiva.org\/#organization\"},\"inLanguage\":\"es\",\"potentialAction\":[{\"@type\":\"CommentAction\",\"name\":\"Comment\",\"target\":[\"https:\/\/clm-inclusiva.org\/?p=4539#respond\"]}]},{\"@type\":\"WebPage\",\"@id\":\"https:\/\/clm-inclusiva.org\/?p=4539\",\"url\":\"https:\/\/clm-inclusiva.org\/?p=4539\",\"name\":\"10 j\u00f3venes con discapacidad se forman en \u201cMantenimiento de espacios recreativos\u201d con CLM Inclusiva COCEMFE - Clm-Inclusiva\",\"isPartOf\":{\"@id\":\"https:\/\/clm-inclusiva.org\/#website\"},\"datePublished\":\"2023-01-18T10:34:08+00:00\",\"dateModified\":\"2023-01-18T10:36:30+00:00\",\"breadcrumb\":{\"@id\":\"https:\/\/clm-inclusiva.org\/?p=4539#breadcrumb\"},\"inLanguage\":\"es\",\"potentialAction\":[{\"@type\":\"ReadAction\",\"target\":[\"https:\/\/clm-inclusiva.org\/?p=4539\"]}]},{\"@type\":\"BreadcrumbList\",\"@id\":\"https:\/\/clm-inclusiva.org\/?p=4539#breadcrumb\",\"itemListElement\":[{\"@type\":\"ListItem\",\"position\":1,\"name\":\"Portada\",\"item\":\"https:\/\/clm-inclusiva.org\/\"},{\"@type\":\"ListItem\",\"position\":2,\"name\":\"10 j\u00f3venes con discapacidad se forman en \u201cMantenimiento de espacios recreativos\u201d con CLM Inclusiva COCEMFE\"}]},{\"@type\":\"WebSite\",\"@id\":\"https:\/\/clm-inclusiva.org\/#website\",\"url\":\"https:\/\/clm-inclusiva.org\/\",\"name\":\"Clm-Inclusiva\",\"description\":\"Confederaci\u00f3n de entidades de personas con discapacidad f\u00edsica y org\u00e1nica CLM\",\"publisher\":{\"@id\":\"https:\/\/clm-inclusiva.org\/#organization\"},\"potentialAction\":[{\"@type\":\"SearchAction\",\"target\":{\"@type\":\"EntryPoint\",\"urlTemplate\":\"https:\/\/clm-inclusiva.org\/?s={search_term_string}\"},\"query-input\":\"required name=search_term_string\"}],\"inLanguage\":\"es\"},{\"@type\":\"Organization\",\"@id\":\"https:\/\/clm-inclusiva.org\/#organization\",\"name\":\"Clm-Inclusiva\",\"url\":\"https:\/\/clm-inclusiva.org\/\",\"logo\":{\"@type\":\"ImageObject\",\"inLanguage\":\"es\",\"@id\":\"https:\/\/clm-inclusiva.org\/#\/schema\/logo\/image\/\",\"url\":\"http:\/\/clm-inclusiva.org\/wp-content\/uploads\/2019\/04\/banner-e1533720812836.jpg\",\"contentUrl\":\"http:\/\/clm-inclusiva.org\/wp-content\/uploads\/2019\/04\/banner-e1533720812836.jpg\",\"width\":600,\"height\":332,\"caption\":\"Clm-Inclusiva\"},\"image\":{\"@id\":\"https:\/\/clm-inclusiva.org\/#\/schema\/logo\/image\/\"},\"sameAs\":[\"https:\/\/www.facebook.com\/castillalamancha.inclusiva\/\",\"https:\/\/twitter.com\/ClmInclusiva\"]},{\"@type\":\"Person\",\"@id\":\"https:\/\/clm-inclusiva.org\/#\/schema\/person\/0cff84aaa5bb8fd3521c55d1578d902b\",\"name\":\"clm-inclusiva\",\"image\":{\"@type\":\"ImageObject\",\"inLanguage\":\"es\",\"@id\":\"https:\/\/clm-inclusiva.org\/#\/schema\/person\/image\/\",\"url\":\"https:\/\/secure.gravatar.com\/avatar\/88948567af770dc9cd5597b329011884?s=96&d=blank&r=g\",\"contentUrl\":\"https:\/\/secure.gravatar.com\/avatar\/88948567af770dc9cd5597b329011884?s=96&d=blank&r=g\",\"caption\":\"clm-inclusiva\"},\"sameAs\":[\"http:\/\/clm-inclusiva.org\"],\"url\":\"https:\/\/clm-inclusiva.org\/?author=1\"}]}<\/script>\n<!-- \/ Yoast SEO plugin. -->","yoast_head_json":{"title":"10 j\u00f3venes con discapacidad se forman en \u201cMantenimiento de espacios recreativos\u201d con CLM Inclusiva COCEMFE - Clm-Inclusiva","robots":{"index":"index","follow":"follow","max-snippet":"max-snippet:-1","max-image-preview":"max-image-preview:large","max-video-preview":"max-video-preview:-1"},"canonical":"https:\/\/clm-inclusiva.org\/?p=4539","og_locale":"es_ES","og_type":"article","og_title":"10 j\u00f3venes con discapacidad se forman en \u201cMantenimiento de espacios recreativos\u201d con CLM Inclusiva COCEMFE - Clm-Inclusiva","og_description":"&nbsp; Enmarcado en la Convocatoria de ayudas econ\u00f3micas para la selecci\u00f3n de operaciones para el refuerzo de la empleabilidad de personas j\u00f3venes con discapacidad \u201cUNO A UNO\u201d \u2013 A\u00f1o 2022-2023. Cofinanciado por el Fondo Social Europeo (FSE) El proyecto propuesto pretende fomentar las competencias laborales a la hora de acceder al mercado laboral de un [&hellip;]","og_url":"https:\/\/clm-inclusiva.org\/?p=4539","og_site_name":"Clm-Inclusiva","article_publisher":"https:\/\/www.facebook.com\/castillalamancha.inclusiva\/","article_published_time":"2023-01-18T10:34:08+00:00","article_modified_time":"2023-01-18T10:36:30+00:00","og_image":[{"width":2560,"height":1707,"url":"https:\/\/clm-inclusiva.org\/wp-content\/uploads\/2023\/01\/FOTOGRAFIA-INAUGURACION-POEJ-TOLEDO-scaled.jpg","type":"image\/jpeg"}],"author":"clm-inclusiva","twitter_card":"summary_large_image","twitter_creator":"@ClmInclusiva","twitter_site":"@ClmInclusiva","twitter_misc":{"Escrito por":"clm-inclusiva","Tiempo de lectura":"2 minutos"},"schema":{"@context":"https:\/\/schema.org","@graph":[{"@type":"Article","@id":"https:\/\/clm-inclusiva.org\/?p=4539#article","isPartOf":{"@id":"https:\/\/clm-inclusiva.org\/?p=4539"},"author":{"name":"clm-inclusiva","@id":"https:\/\/clm-inclusiva.org\/#\/schema\/person\/0cff84aaa5bb8fd3521c55d1578d902b"},"headline":"10 j\u00f3venes con discapacidad se forman en \u201cMantenimiento de espacios recreativos\u201d con CLM Inclusiva COCEMFE","datePublished":"2023-01-18T10:34:08+00:00","dateModified":"2023-01-18T10:36:30+00:00","mainEntityOfPage":{"@id":"https:\/\/clm-inclusiva.org\/?p=4539"},"wordCount":485,"commentCount":0,"publisher":{"@id":"https:\/\/clm-inclusiva.org\/#organization"},"inLanguage":"es","potentialAction":[{"@type":"CommentAction","name":"Comment","target":["https:\/\/clm-inclusiva.org\/?p=4539#respond"]}]},{"@type":"WebPage","@id":"https:\/\/clm-inclusiva.org\/?p=4539","url":"https:\/\/clm-inclusiva.org\/?p=4539","name":"10 j\u00f3venes con discapacidad se forman en \u201cMantenimiento de espacios recreativos\u201d con CLM Inclusiva COCEMFE - Clm-Inclusiva","isPartOf":{"@id":"https:\/\/clm-inclusiva.org\/#website"},"datePublished":"2023-01-18T10:34:08+00:00","dateModified":"2023-01-18T10:36:30+00:00","breadcrumb":{"@id":"https:\/\/clm-inclusiva.org\/?p=4539#breadcrumb"},"inLanguage":"es","potentialAction":[{"@type":"ReadAction","target":["https:\/\/clm-inclusiva.org\/?p=4539"]}]},{"@type":"BreadcrumbList","@id":"https:\/\/clm-inclusiva.org\/?p=4539#breadcrumb","itemListElement":[{"@type":"ListItem","position":1,"name":"Portada","item":"https:\/\/clm-inclusiva.org\/"},{"@type":"ListItem","position":2,"name":"10 j\u00f3venes con discapacidad se forman en \u201cMantenimiento de espacios recreativos\u201d con CLM Inclusiva COCEMFE"}]},{"@type":"WebSite","@id":"https:\/\/clm-inclusiva.org\/#website","url":"https:\/\/clm-inclusiva.org\/","name":"Clm-Inclusiva","description":"Confederaci\u00f3n de entidades de personas con discapacidad f\u00edsica y org\u00e1nica CLM","publisher":{"@id":"https:\/\/clm-inclusiva.org\/#organization"},"potentialAction":[{"@type":"SearchAction","target":{"@type":"EntryPoint","urlTemplate":"https:\/\/clm-inclusiva.org\/?s={search_term_string}"},"query-input":"required name=search_term_string"}],"inLanguage":"es"},{"@type":"Organization","@id":"https:\/\/clm-inclusiva.org\/#organization","name":"Clm-Inclusiva","url":"https:\/\/clm-inclusiva.org\/","logo":{"@type":"ImageObject","inLanguage":"es","@id":"https:\/\/clm-inclusiva.org\/#\/schema\/logo\/image\/","url":"http:\/\/clm-inclusiva.org\/wp-content\/uploads\/2019\/04\/banner-e1533720812836.jpg","contentUrl":"http:\/\/clm-inclusiva.org\/wp-content\/uploads\/2019\/04\/banner-e1533720812836.jpg","width":600,"height":332,"caption":"Clm-Inclusiva"},"image":{"@id":"https:\/\/clm-inclusiva.org\/#\/schema\/logo\/image\/"},"sameAs":["https:\/\/www.facebook.com\/castillalamancha.inclusiva\/","https:\/\/twitter.com\/ClmInclusiva"]},{"@type":"Person","@id":"https:\/\/clm-inclusiva.org\/#\/schema\/person\/0cff84aaa5bb8fd3521c55d1578d902b","name":"clm-inclusiva","image":{"@type":"ImageObject","inLanguage":"es","@id":"https:\/\/clm-inclusiva.org\/#\/schema\/person\/image\/","url":"https:\/\/secure.gravatar.com\/avatar\/88948567af770dc9cd5597b329011884?s=96&d=blank&r=g","contentUrl":"https:\/\/secure.gravatar.com\/avatar\/88948567af770dc9cd5597b329011884?s=96&d=blank&r=g","caption":"clm-inclusiva"},"sameAs":["http:\/\/clm-inclusiva.org"],"url":"https:\/\/clm-inclusiva.org\/?author=1"}]}},"_links":{"self":[{"href":"https:\/\/clm-inclusiva.org\/index.php?rest_route=\/wp\/v2\/posts\/4539"}],"collection":[{"href":"https:\/\/clm-inclusiva.org\/index.php?rest_route=\/wp\/v2\/posts"}],"about":[{"href":"https:\/\/clm-inclusiva.org\/index.php?rest_route=\/wp\/v2\/types\/post"}],"author":[{"embeddable":true,"href":"https:\/\/clm-inclusiva.org\/index.php?rest_route=\/wp\/v2\/users\/1"}],"replies":[{"embeddable":true,"href":"https:\/\/clm-inclusiva.org\/index.php?rest_route=%2Fwp%2Fv2%2Fcomments&post=4539"}],"version-history":[{"count":2,"href":"https:\/\/clm-inclusiva.org\/index.php?rest_route=\/wp\/v2\/posts\/4539\/revisions"}],"predecessor-version":[{"id":4542,"href":"https:\/\/clm-inclusiva.org\/index.php?rest_route=\/wp\/v2\/posts\/4539\/revisions\/4542"}],"wp:featuredmedia":[{"embeddable":true,"href":"https:\/\/clm-inclusiva.org\/index.php?rest_route=\/wp\/v2\/media\/4540"}],"wp:attachment":[{"href":"https:\/\/clm-inclusiva.org\/index.php?rest_route=%2Fwp%2Fv2%2Fmedia&parent=4539"}],"wp:term":[{"taxonomy":"category","embeddable":true,"href":"https:\/\/clm-inclusiva.org\/index.php?rest_route=%2Fwp%2Fv2%2Fcategories&post=4539"},{"taxonomy":"post_tag","embeddable":true,"href":"https:\/\/clm-inclusiva.org\/index.php?rest_route=%2Fwp%2Fv2%2Ftags&post=4539"}],"curies":[{"name":"wp","href":"https:\/\/api.w.org\/{rel}","templated":true}]}}