{"id":4515,"date":"2022-10-24T09:15:08","date_gmt":"2022-10-24T07:15:08","guid":{"rendered":"http:\/\/clm-inclusiva.org\/?p=4515"},"modified":"2022-10-24T09:15:08","modified_gmt":"2022-10-24T07:15:08","slug":"clm-inclusiva-cocemfe-y-cocemfe-albacete-promueven-la-actividad-fisica-y-el-deporte-adaptado-en-personas-con-discapacidad-creando-un-habito-de-vida-saludable-y-activo-en-los-as-usuarios-as-de-cocemfe","status":"publish","type":"post","link":"https:\/\/clm-inclusiva.org\/?p=4515","title":{"rendered":"CLM Inclusiva COCEMFE y COCEMFE Albacete promueven la actividad f\u00edsica y el deporte adaptado en personas con discapacidad creando un h\u00e1bito de vida saludable y activo en los\/as usuarios\/as de COCEMFE Albacete"},"content":{"rendered":"<ul>\n<li style=\"text-align: justify\"><strong>A trav\u00e9s del Programa de Apoyo a Entidades la Confederaci\u00f3n Regional financia el programa que se desarrollar\u00e1 en el Centro de Infanta Leonor de COCEMFE ALBACETE<\/strong><\/li>\n<\/ul>\n<p style=\"text-align: justify\"><strong>\u00a0<\/strong><\/p>\n<p style=\"text-align: justify\"><strong>CLM INCLUSIVA COCEMFE<\/strong> continua con su programa de Apoyo a sus Entidades financiando y colaborando con proyectos destinados a la mejora de la calidad de vida de las personas con discapacidad y sus familias.<\/p>\n<p style=\"text-align: justify\">Hoy, Enrique Alarc\u00f3n, Presidente de CLM Inclusiva COCEMFE, acompa\u00f1ado de Marcelino Escobar, Presidente de COCEMFE Albacete, visitaban las instalaciones del Centro Infanta Leonor, donde se desarrolla el programa de Actividades F\u00edsicas Adaptadas para usuarios y usuarias del centro.<\/p>\n<p style=\"text-align: justify\"><strong>Para Marcelino Escobar, Presidente de COCEMFE Albacete<\/strong>, \u201c<em>estos programas suponen una mejora en la autonom\u00eda y movilidad de las personas con discapacidad, adem\u00e1s de fortalecer la autoestima y el aumento de la confianza en sus capacidades.\u201d<\/em><\/p>\n<p style=\"text-align: justify\">Las actividades propuestas van orientadas a la realizaci\u00f3n de actividad f\u00edsica, con el fin de que los\/as usuarios\/as conozcan y practiquen distintas formas de realizar ejercicio f\u00edsico. Algunas de las actividades que se est\u00e1n desarrollando son:<\/p>\n<p style=\"text-align: justify\"><strong>\u201cPercugym\u201d.<\/strong> Esta actividad colectiva se realiza con acompa\u00f1amiento musical. Consiste en realizar diferentes movimientos que combinan la actividad f\u00edsica con la percusi\u00f3n.<\/p>\n<p style=\"text-align: justify\"><strong>Multideporte<\/strong>. Diferentes deportes adaptados a personas con discapacidad.<\/p>\n<ul>\n<li style=\"text-align: justify\">Slalom. Deporte que consiste en recorrer un circuito compuesto por un conjunto de obst\u00e1culos, en el menor tiempo posible y con el menor n\u00famero de penalizaciones. A trav\u00e9s de la pr\u00e1ctica de este deporte se puede mejorar el manejo de la silla por parte de los usuarios\/as y con ello aumentar su autonom\u00eda.<\/li>\n<\/ul>\n<p style=\"text-align: justify\">\n<ul style=\"text-align: justify\">\n<li>Boccia. Deporte paral\u00edmpico para personas con movilidad muy reducida. Consiste en intentar colocar lo m\u00e1s cerca posible de una bola diana el mayor n\u00famero posible de bolas de un color.<\/li>\n<\/ul>\n<p style=\"text-align: justify\">\n<ul style=\"text-align: justify\">\n<li>Curling en silla. Este deporte, incluido en el programa paral\u00edmpico de los juegos de invierno, consiste en acercar al m\u00e1ximo la piedra (elemento que se desliza por el hielo) al centro de una diana. En este caso, y para adaptarnos a una superficie pavimentada, se utiliza un equipamiento especial para poder practicarlo.<\/li>\n<\/ul>\n<p style=\"text-align: justify\">\n<ul style=\"text-align: justify\">\n<li>Tenis de mesa adaptado. Este deporte tan conocido difiere del tenis de mesa para personas sin discapacidad en el sistema de puntuaci\u00f3n, por lo dem\u00e1s, es pr\u00e1cticamente igual. Est\u00e1 incluido en el programa paral\u00edmpico y es uno de los deportes m\u00e1s practicados a nivel mundial.<\/li>\n<\/ul>\n<p style=\"text-align: justify\">La duraci\u00f3n del proyecto son cuatros meses y se enmarca dentro del programa de Apoyo a Entidades que CLM Inclusiva COCEMFE est\u00e1 desarrollando para fortalecer y apoyar al movimiento asociativo de personas con discapacidad f\u00edsica y org\u00e1nica de Castilla-La Mancha.<\/p>\n<p style=\"text-align: justify\"><strong>Enrique Alarc\u00f3n, Presidente de CLM Inclusiva COCEMFE<\/strong>, declaraba que <em>\u201cestas acciones facilitan entornos seguros y socializadores en los que realizar actividad f\u00edsica y deportiva, ofreciendo a los usuarios y usuarias actividades recreativas complementarias a los servicios que ya se ofrecen en el centro.\u201d<\/em><\/p>\n","protected":false},"excerpt":{"rendered":"<p>A trav\u00e9s del Programa de Apoyo a Entidades la Confederaci\u00f3n Regional financia el programa que se desarrollar\u00e1 en el Centro de Infanta Leonor de COCEMFE ALBACETE \u00a0 CLM INCLUSIVA COCEMFE continua con su programa de Apoyo a sus Entidades financiando y colaborando con proyectos destinados a la mejora de la calidad de vida de las [&hellip;]<\/p>\n","protected":false},"author":1,"featured_media":4516,"comment_status":"open","ping_status":"open","sticky":false,"template":"","format":"standard","meta":{"_et_pb_use_builder":"","_et_pb_old_content":"","_et_gb_content_width":"","footnotes":""},"categories":[1],"tags":[],"yoast_head":"<!-- This site is optimized with the Yoast SEO plugin v21.3 - https:\/\/yoast.com\/wordpress\/plugins\/seo\/ -->\n<title>CLM Inclusiva COCEMFE y COCEMFE Albacete promueven la actividad f\u00edsica y el deporte adaptado en personas con discapacidad creando un h\u00e1bito de vida saludable y activo en los\/as usuarios\/as de COCEMFE Albacete - Clm-Inclusiva<\/title>\n<meta name=\"robots\" content=\"index, follow, max-snippet:-1, max-image-preview:large, max-video-preview:-1\" \/>\n<link rel=\"canonical\" href=\"https:\/\/clm-inclusiva.org\/?p=4515\" \/>\n<meta property=\"og:locale\" content=\"es_ES\" \/>\n<meta property=\"og:type\" content=\"article\" \/>\n<meta property=\"og:title\" content=\"CLM Inclusiva COCEMFE y COCEMFE Albacete promueven la actividad f\u00edsica y el deporte adaptado en personas con discapacidad creando un h\u00e1bito de vida saludable y activo en los\/as usuarios\/as de COCEMFE Albacete - Clm-Inclusiva\" \/>\n<meta property=\"og:description\" content=\"A trav\u00e9s del Programa de Apoyo a Entidades la Confederaci\u00f3n Regional financia el programa que se desarrollar\u00e1 en el Centro de Infanta Leonor de COCEMFE ALBACETE \u00a0 CLM INCLUSIVA COCEMFE continua con su programa de Apoyo a sus Entidades financiando y colaborando con proyectos destinados a la mejora de la calidad de vida de las [&hellip;]\" \/>\n<meta property=\"og:url\" content=\"https:\/\/clm-inclusiva.org\/?p=4515\" \/>\n<meta property=\"og:site_name\" content=\"Clm-Inclusiva\" \/>\n<meta property=\"article:publisher\" content=\"https:\/\/www.facebook.com\/castillalamancha.inclusiva\/\" \/>\n<meta property=\"article:published_time\" content=\"2022-10-24T07:15:08+00:00\" \/>\n<meta property=\"og:image\" content=\"https:\/\/clm-inclusiva.org\/wp-content\/uploads\/2022\/10\/WhatsApp-Image-2022-10-24-at-08.36.40-1.jpeg\" \/>\n\t<meta property=\"og:image:width\" content=\"1728\" \/>\n\t<meta property=\"og:image:height\" content=\"1728\" \/>\n\t<meta property=\"og:image:type\" content=\"image\/jpeg\" \/>\n<meta name=\"author\" content=\"clm-inclusiva\" \/>\n<meta name=\"twitter:card\" content=\"summary_large_image\" \/>\n<meta name=\"twitter:creator\" content=\"@ClmInclusiva\" \/>\n<meta name=\"twitter:site\" content=\"@ClmInclusiva\" \/>\n<meta name=\"twitter:label1\" content=\"Escrito por\" \/>\n\t<meta name=\"twitter:data1\" content=\"clm-inclusiva\" \/>\n\t<meta name=\"twitter:label2\" content=\"Tiempo de lectura\" \/>\n\t<meta name=\"twitter:data2\" content=\"3 minutos\" \/>\n<script type=\"application\/ld+json\" class=\"yoast-schema-graph\">{\"@context\":\"https:\/\/schema.org\",\"@graph\":[{\"@type\":\"Article\",\"@id\":\"https:\/\/clm-inclusiva.org\/?p=4515#article\",\"isPartOf\":{\"@id\":\"https:\/\/clm-inclusiva.org\/?p=4515\"},\"author\":{\"name\":\"clm-inclusiva\",\"@id\":\"https:\/\/clm-inclusiva.org\/#\/schema\/person\/0cff84aaa5bb8fd3521c55d1578d902b\"},\"headline\":\"CLM Inclusiva COCEMFE y COCEMFE Albacete promueven la actividad f\u00edsica y el deporte adaptado en personas con discapacidad creando un h\u00e1bito de vida saludable y activo en los\/as usuarios\/as de COCEMFE Albacete\",\"datePublished\":\"2022-10-24T07:15:08+00:00\",\"dateModified\":\"2022-10-24T07:15:08+00:00\",\"mainEntityOfPage\":{\"@id\":\"https:\/\/clm-inclusiva.org\/?p=4515\"},\"wordCount\":536,\"commentCount\":0,\"publisher\":{\"@id\":\"https:\/\/clm-inclusiva.org\/#organization\"},\"inLanguage\":\"es\",\"potentialAction\":[{\"@type\":\"CommentAction\",\"name\":\"Comment\",\"target\":[\"https:\/\/clm-inclusiva.org\/?p=4515#respond\"]}]},{\"@type\":\"WebPage\",\"@id\":\"https:\/\/clm-inclusiva.org\/?p=4515\",\"url\":\"https:\/\/clm-inclusiva.org\/?p=4515\",\"name\":\"CLM Inclusiva COCEMFE y COCEMFE Albacete promueven la actividad f\u00edsica y el deporte adaptado en personas con discapacidad creando un h\u00e1bito de vida saludable y activo en los\/as usuarios\/as de COCEMFE Albacete - Clm-Inclusiva\",\"isPartOf\":{\"@id\":\"https:\/\/clm-inclusiva.org\/#website\"},\"datePublished\":\"2022-10-24T07:15:08+00:00\",\"dateModified\":\"2022-10-24T07:15:08+00:00\",\"breadcrumb\":{\"@id\":\"https:\/\/clm-inclusiva.org\/?p=4515#breadcrumb\"},\"inLanguage\":\"es\",\"potentialAction\":[{\"@type\":\"ReadAction\",\"target\":[\"https:\/\/clm-inclusiva.org\/?p=4515\"]}]},{\"@type\":\"BreadcrumbList\",\"@id\":\"https:\/\/clm-inclusiva.org\/?p=4515#breadcrumb\",\"itemListElement\":[{\"@type\":\"ListItem\",\"position\":1,\"name\":\"Portada\",\"item\":\"https:\/\/clm-inclusiva.org\/\"},{\"@type\":\"ListItem\",\"position\":2,\"name\":\"CLM Inclusiva COCEMFE y COCEMFE Albacete promueven la actividad f\u00edsica y el deporte adaptado en personas con discapacidad creando un h\u00e1bito de vida saludable y activo en los\/as usuarios\/as de COCEMFE Albacete\"}]},{\"@type\":\"WebSite\",\"@id\":\"https:\/\/clm-inclusiva.org\/#website\",\"url\":\"https:\/\/clm-inclusiva.org\/\",\"name\":\"Clm-Inclusiva\",\"description\":\"Confederaci\u00f3n de entidades de personas con discapacidad f\u00edsica y org\u00e1nica CLM\",\"publisher\":{\"@id\":\"https:\/\/clm-inclusiva.org\/#organization\"},\"potentialAction\":[{\"@type\":\"SearchAction\",\"target\":{\"@type\":\"EntryPoint\",\"urlTemplate\":\"https:\/\/clm-inclusiva.org\/?s={search_term_string}\"},\"query-input\":\"required name=search_term_string\"}],\"inLanguage\":\"es\"},{\"@type\":\"Organization\",\"@id\":\"https:\/\/clm-inclusiva.org\/#organization\",\"name\":\"Clm-Inclusiva\",\"url\":\"https:\/\/clm-inclusiva.org\/\",\"logo\":{\"@type\":\"ImageObject\",\"inLanguage\":\"es\",\"@id\":\"https:\/\/clm-inclusiva.org\/#\/schema\/logo\/image\/\",\"url\":\"http:\/\/clm-inclusiva.org\/wp-content\/uploads\/2019\/04\/banner-e1533720812836.jpg\",\"contentUrl\":\"http:\/\/clm-inclusiva.org\/wp-content\/uploads\/2019\/04\/banner-e1533720812836.jpg\",\"width\":600,\"height\":332,\"caption\":\"Clm-Inclusiva\"},\"image\":{\"@id\":\"https:\/\/clm-inclusiva.org\/#\/schema\/logo\/image\/\"},\"sameAs\":[\"https:\/\/www.facebook.com\/castillalamancha.inclusiva\/\",\"https:\/\/twitter.com\/ClmInclusiva\"]},{\"@type\":\"Person\",\"@id\":\"https:\/\/clm-inclusiva.org\/#\/schema\/person\/0cff84aaa5bb8fd3521c55d1578d902b\",\"name\":\"clm-inclusiva\",\"image\":{\"@type\":\"ImageObject\",\"inLanguage\":\"es\",\"@id\":\"https:\/\/clm-inclusiva.org\/#\/schema\/person\/image\/\",\"url\":\"https:\/\/secure.gravatar.com\/avatar\/88948567af770dc9cd5597b329011884?s=96&d=blank&r=g\",\"contentUrl\":\"https:\/\/secure.gravatar.com\/avatar\/88948567af770dc9cd5597b329011884?s=96&d=blank&r=g\",\"caption\":\"clm-inclusiva\"},\"sameAs\":[\"http:\/\/clm-inclusiva.org\"],\"url\":\"https:\/\/clm-inclusiva.org\/?author=1\"}]}<\/script>\n<!-- \/ Yoast SEO plugin. -->","yoast_head_json":{"title":"CLM Inclusiva COCEMFE y COCEMFE Albacete promueven la actividad f\u00edsica y el deporte adaptado en personas con discapacidad creando un h\u00e1bito de vida saludable y activo en los\/as usuarios\/as de COCEMFE Albacete - Clm-Inclusiva","robots":{"index":"index","follow":"follow","max-snippet":"max-snippet:-1","max-image-preview":"max-image-preview:large","max-video-preview":"max-video-preview:-1"},"canonical":"https:\/\/clm-inclusiva.org\/?p=4515","og_locale":"es_ES","og_type":"article","og_title":"CLM Inclusiva COCEMFE y COCEMFE Albacete promueven la actividad f\u00edsica y el deporte adaptado en personas con discapacidad creando un h\u00e1bito de vida saludable y activo en los\/as usuarios\/as de COCEMFE Albacete - Clm-Inclusiva","og_description":"A trav\u00e9s del Programa de Apoyo a Entidades la Confederaci\u00f3n Regional financia el programa que se desarrollar\u00e1 en el Centro de Infanta Leonor de COCEMFE ALBACETE \u00a0 CLM INCLUSIVA COCEMFE continua con su programa de Apoyo a sus Entidades financiando y colaborando con proyectos destinados a la mejora de la calidad de vida de las [&hellip;]","og_url":"https:\/\/clm-inclusiva.org\/?p=4515","og_site_name":"Clm-Inclusiva","article_publisher":"https:\/\/www.facebook.com\/castillalamancha.inclusiva\/","article_published_time":"2022-10-24T07:15:08+00:00","og_image":[{"width":1728,"height":1728,"url":"https:\/\/clm-inclusiva.org\/wp-content\/uploads\/2022\/10\/WhatsApp-Image-2022-10-24-at-08.36.40-1.jpeg","type":"image\/jpeg"}],"author":"clm-inclusiva","twitter_card":"summary_large_image","twitter_creator":"@ClmInclusiva","twitter_site":"@ClmInclusiva","twitter_misc":{"Escrito por":"clm-inclusiva","Tiempo de lectura":"3 minutos"},"schema":{"@context":"https:\/\/schema.org","@graph":[{"@type":"Article","@id":"https:\/\/clm-inclusiva.org\/?p=4515#article","isPartOf":{"@id":"https:\/\/clm-inclusiva.org\/?p=4515"},"author":{"name":"clm-inclusiva","@id":"https:\/\/clm-inclusiva.org\/#\/schema\/person\/0cff84aaa5bb8fd3521c55d1578d902b"},"headline":"CLM Inclusiva COCEMFE y COCEMFE Albacete promueven la actividad f\u00edsica y el deporte adaptado en personas con discapacidad creando un h\u00e1bito de vida saludable y activo en los\/as usuarios\/as de COCEMFE Albacete","datePublished":"2022-10-24T07:15:08+00:00","dateModified":"2022-10-24T07:15:08+00:00","mainEntityOfPage":{"@id":"https:\/\/clm-inclusiva.org\/?p=4515"},"wordCount":536,"commentCount":0,"publisher":{"@id":"https:\/\/clm-inclusiva.org\/#organization"},"inLanguage":"es","potentialAction":[{"@type":"CommentAction","name":"Comment","target":["https:\/\/clm-inclusiva.org\/?p=4515#respond"]}]},{"@type":"WebPage","@id":"https:\/\/clm-inclusiva.org\/?p=4515","url":"https:\/\/clm-inclusiva.org\/?p=4515","name":"CLM Inclusiva COCEMFE y COCEMFE Albacete promueven la actividad f\u00edsica y el deporte adaptado en personas con discapacidad creando un h\u00e1bito de vida saludable y activo en los\/as usuarios\/as de COCEMFE Albacete - Clm-Inclusiva","isPartOf":{"@id":"https:\/\/clm-inclusiva.org\/#website"},"datePublished":"2022-10-24T07:15:08+00:00","dateModified":"2022-10-24T07:15:08+00:00","breadcrumb":{"@id":"https:\/\/clm-inclusiva.org\/?p=4515#breadcrumb"},"inLanguage":"es","potentialAction":[{"@type":"ReadAction","target":["https:\/\/clm-inclusiva.org\/?p=4515"]}]},{"@type":"BreadcrumbList","@id":"https:\/\/clm-inclusiva.org\/?p=4515#breadcrumb","itemListElement":[{"@type":"ListItem","position":1,"name":"Portada","item":"https:\/\/clm-inclusiva.org\/"},{"@type":"ListItem","position":2,"name":"CLM Inclusiva COCEMFE y COCEMFE Albacete promueven la actividad f\u00edsica y el deporte adaptado en personas con discapacidad creando un h\u00e1bito de vida saludable y activo en los\/as usuarios\/as de COCEMFE Albacete"}]},{"@type":"WebSite","@id":"https:\/\/clm-inclusiva.org\/#website","url":"https:\/\/clm-inclusiva.org\/","name":"Clm-Inclusiva","description":"Confederaci\u00f3n de entidades de personas con discapacidad f\u00edsica y org\u00e1nica CLM","publisher":{"@id":"https:\/\/clm-inclusiva.org\/#organization"},"potentialAction":[{"@type":"SearchAction","target":{"@type":"EntryPoint","urlTemplate":"https:\/\/clm-inclusiva.org\/?s={search_term_string}"},"query-input":"required name=search_term_string"}],"inLanguage":"es"},{"@type":"Organization","@id":"https:\/\/clm-inclusiva.org\/#organization","name":"Clm-Inclusiva","url":"https:\/\/clm-inclusiva.org\/","logo":{"@type":"ImageObject","inLanguage":"es","@id":"https:\/\/clm-inclusiva.org\/#\/schema\/logo\/image\/","url":"http:\/\/clm-inclusiva.org\/wp-content\/uploads\/2019\/04\/banner-e1533720812836.jpg","contentUrl":"http:\/\/clm-inclusiva.org\/wp-content\/uploads\/2019\/04\/banner-e1533720812836.jpg","width":600,"height":332,"caption":"Clm-Inclusiva"},"image":{"@id":"https:\/\/clm-inclusiva.org\/#\/schema\/logo\/image\/"},"sameAs":["https:\/\/www.facebook.com\/castillalamancha.inclusiva\/","https:\/\/twitter.com\/ClmInclusiva"]},{"@type":"Person","@id":"https:\/\/clm-inclusiva.org\/#\/schema\/person\/0cff84aaa5bb8fd3521c55d1578d902b","name":"clm-inclusiva","image":{"@type":"ImageObject","inLanguage":"es","@id":"https:\/\/clm-inclusiva.org\/#\/schema\/person\/image\/","url":"https:\/\/secure.gravatar.com\/avatar\/88948567af770dc9cd5597b329011884?s=96&d=blank&r=g","contentUrl":"https:\/\/secure.gravatar.com\/avatar\/88948567af770dc9cd5597b329011884?s=96&d=blank&r=g","caption":"clm-inclusiva"},"sameAs":["http:\/\/clm-inclusiva.org"],"url":"https:\/\/clm-inclusiva.org\/?author=1"}]}},"_links":{"self":[{"href":"https:\/\/clm-inclusiva.org\/index.php?rest_route=\/wp\/v2\/posts\/4515"}],"collection":[{"href":"https:\/\/clm-inclusiva.org\/index.php?rest_route=\/wp\/v2\/posts"}],"about":[{"href":"https:\/\/clm-inclusiva.org\/index.php?rest_route=\/wp\/v2\/types\/post"}],"author":[{"embeddable":true,"href":"https:\/\/clm-inclusiva.org\/index.php?rest_route=\/wp\/v2\/users\/1"}],"replies":[{"embeddable":true,"href":"https:\/\/clm-inclusiva.org\/index.php?rest_route=%2Fwp%2Fv2%2Fcomments&post=4515"}],"version-history":[{"count":1,"href":"https:\/\/clm-inclusiva.org\/index.php?rest_route=\/wp\/v2\/posts\/4515\/revisions"}],"predecessor-version":[{"id":4517,"href":"https:\/\/clm-inclusiva.org\/index.php?rest_route=\/wp\/v2\/posts\/4515\/revisions\/4517"}],"wp:featuredmedia":[{"embeddable":true,"href":"https:\/\/clm-inclusiva.org\/index.php?rest_route=\/wp\/v2\/media\/4516"}],"wp:attachment":[{"href":"https:\/\/clm-inclusiva.org\/index.php?rest_route=%2Fwp%2Fv2%2Fmedia&parent=4515"}],"wp:term":[{"taxonomy":"category","embeddable":true,"href":"https:\/\/clm-inclusiva.org\/index.php?rest_route=%2Fwp%2Fv2%2Fcategories&post=4515"},{"taxonomy":"post_tag","embeddable":true,"href":"https:\/\/clm-inclusiva.org\/index.php?rest_route=%2Fwp%2Fv2%2Ftags&post=4515"}],"curies":[{"name":"wp","href":"https:\/\/api.w.org\/{rel}","templated":true}]}}