{"id":4513,"date":"2022-10-21T13:25:16","date_gmt":"2022-10-21T11:25:16","guid":{"rendered":"http:\/\/clm-inclusiva.org\/?p=4513"},"modified":"2022-10-21T13:25:16","modified_gmt":"2022-10-21T11:25:16","slug":"clm-inclusiva-cocemfe-reclama-al-gobierno-que-no-aplique-recortes-a-las-ong-de-discapacidad-en-2023","status":"publish","type":"post","link":"https:\/\/clm-inclusiva.org\/?p=4513","title":{"rendered":"CLM Inclusiva COCEMFE reclama al Gobierno que no aplique recortes a las ONG de discapacidad en 2023"},"content":{"rendered":"<ul>\n<li style=\"text-align: justify\"><strong>CLM Inclusiva COCEMFE<\/strong> manifiesta su malestar ante el recorte que prev\u00e9 aplicar el Gobierno en 2023 en la financiaci\u00f3n de los proyectos de las ONG estatales de discapacidad y alerta de su desaparici\u00f3n.<\/li>\n<\/ul>\n<p style=\"text-align: justify\">\n<ul style=\"text-align: justify\">\n<li>\u201cNuestro trabajo no puede parar y la apuesta por la inclusi\u00f3n de las personas con discapacidad no es aplazable ni discutible, tenemos que ser una prioridad para todos los gobiernos y administraciones\u201d, indica Enrique Alarc\u00f3n.<\/li>\n<\/ul>\n<p style=\"text-align: justify\">\n<ul>\n<li style=\"text-align: justify\"><strong>CLM Inclusiva COCEMFE<\/strong> solicita una soluci\u00f3n que reduzca o evite dicho recorte y que permita impulsar la acci\u00f3n social imprescindible que desempe\u00f1an las organizaciones de personas con discapacidad.<\/li>\n<\/ul>\n<p>(Albacete, 21 de octubre de 2022)<\/p>\n<p style=\"text-align: justify\"><strong>CLM Inclusiva COCEMFE<\/strong>, como parte del Movimiento Asociativo de COCEMFE, se une al malestar manifestado por esta Confederaci\u00f3n ante el recorte que aplicar\u00e1 el Gobierno en la financiaci\u00f3n de los proyectos de 2023 de las ONG de discapacidad previsto en la resoluci\u00f3n de la convocatoria de subvenciones del tramo estatal del 0,7.<\/p>\n<p style=\"text-align: justify\"><strong>Enrique Alarc\u00f3n Garc\u00eda, Presidente de CLM Inclusiva COCEMFE<\/strong>, \u201c<em>considera intolerable que sean las entidades sociales y del \u00e1mbito de la discapacidad las grandes perjudicadas de nuevo cuando se trata de recortar. Nuestras entidades han estado en primera l\u00ednea cuando nos han necesitado, siempre al pie del ca\u00f1\u00f3n, dando un servicio \u00fatil y siendo v\u00e1lidos para la sociedad en su conjunto. No merecemos este trato\u201d<\/em><\/p>\n<p style=\"text-align: justify\">El presidente de COCEMFE nacional, Anxo Queiruga, ha explicado que \u201cante la reducci\u00f3n que se ha producido en la recaudaci\u00f3n de la que provienen los fondos para estas subvenciones, desde COCEMFE y nuestro Movimiento Asociativo <strong>entendemos la imposibilidad de mantener las cifras de otros a\u00f1os, pero no que el recorte no sea equitativo y que solo afecte a las organizaciones de personas con discapacidad por segundo a\u00f1o consecutivo<\/strong>\u201d.<\/p>\n<p style=\"text-align: justify\">\u201cLos recortes en financiaci\u00f3n que el Gobierno aplicar\u00e1 en 2023 a las entidades de discapacidad pondr\u00e1n en grave riesgo los proyectos desarrollados por las diferentes entidades y ONG\u201d, ha destacado Queiruga, alertando de \u201c<strong>la desaparici\u00f3n de las organizaciones de discapacidad f\u00edsica y org\u00e1nica de \u00e1mbito estatal si estos recortes se llevan a cabo y no se adoptan medidas para garantizar una financiaci\u00f3n estable<\/strong>\u201d.<\/p>\n<p style=\"text-align: justify\">A juicio de COCEMFE y <strong>CLM Inclusiva COCEMFE<\/strong> los problemas que dichos recortes pueden generar en la poblaci\u00f3n m\u00e1s vulnerable y, en concreto en las personas con discapacidad f\u00edsica y org\u00e1nica, se ver\u00e1n acentuados ante la situaci\u00f3n econ\u00f3mica actual que est\u00e1 impactando de forma m\u00e1s severa sobre las personas con discapacidad, a lo que se a\u00f1adir\u00e1 la destrucci\u00f3n de puestos de trabajo en COCEMFE y su Movimiento Asociativo.<\/p>\n<p style=\"text-align: justify\">\u201cLos proyectos y servicios que desarrollamos las entidades son la \u00fanica herramienta que tienen muchas personas para impedir que impacte de lleno sobre ellas la <strong>crisis econ\u00f3mica y social que arrastramos de la pandemia de la COVID-19, que se est\u00e1 acentuando desde hace m\u00e1s de un a\u00f1o con la inflaci\u00f3n y ante un futuro incierto de posible recesi\u00f3n<\/strong> que por experiencia sabemos que siempre afecta en mayor medida a nuestro grupo social\u201d, ha recordado el presidente de COCEMFE nacional.<\/p>\n<p style=\"text-align: justify\">Desde <strong>CLM Inclusiva COCEMFE<\/strong> y COCEMFE nacional tampoco se entiende esta decisi\u00f3n sin una alternativa que atienda las necesidades de las personas con discapacidad f\u00edsica y org\u00e1nica que son \u00fanicamente prestadas por las organizaciones y, adem\u00e1s, que se adopte el mismo a\u00f1o en que se ha publicado la \u00faltima Encuesta de Discapacidad, Autonom\u00eda personal y Situaciones de Dependencia en la que se refleja un <strong>aumento del n\u00famero de personas con discapacidad en Espa\u00f1a de 530.000 personas<\/strong>, hasta alcanzar a 4,3 millones de personas en Espa\u00f1a en edad de trabajar.<\/p>\n<p style=\"text-align: justify\">\u201cGracias a nuestro trabajo m\u00e1s de 2,5 millones de personas con discapacidad f\u00edsica y org\u00e1nica y sus familias en Espa\u00f1a ahora tambi\u00e9n cuentan y tienen oportunidades y, <strong>aunque se han logrado muchos hitos, a\u00fan queda mucho para vivir en una sociedad plenamente inclusiva<\/strong>\u201d, ha afirmado Queiruga.<\/p>\n<p style=\"text-align: justify\">M\u00e1s de <strong>1.430.500 personas se beneficiaron de las actividades realizadas el a\u00f1o pasado por COCEMFE y sus 92 entidades<\/strong>, dirigidas a la promoci\u00f3n del desarrollo educativo y profesional, la cohesi\u00f3n social, la coordinaci\u00f3n sociosanitaria, la accesibilidad y vida independiente, la innovaci\u00f3n social, la investigaci\u00f3n en discapacidad, el voluntariado, el fortalecimiento asociativo, la comunicaci\u00f3n e incidencia social, la igualdad de las mujeres con discapacidad, y la cooperaci\u00f3n para el desarrollo.<\/p>\n<p style=\"text-align: justify\">\u201c<strong>Nuestra labor no puede parar y la apuesta por la inclusi\u00f3n de las personas con discapacidad no es aplazable<\/strong>, tenemos que ser una prioridad para el Gobierno y apoyarnos para seguir construyendo una sociedad en la que nadie se queda atr\u00e1s y cumple con sus compromisos internacionales, como son los Objetivos de Desarrollo Sostenible de la Agenda 2030 o la Convenci\u00f3n sobre los Derechos de las Personas con Discapacidad de Naciones Unidas\u201d, ha incidido Queiruga.<\/p>\n<p style=\"text-align: justify\">En este sentido, <strong>CLM Inclusiva COCEMFE<\/strong> y COCEMFE solicitan al Gobierno que encuentre una <strong>soluci\u00f3n que reduzca o evite dicho recorte y que permita impulsar la acci\u00f3n social imprescindible que desempe\u00f1an las organizaciones<\/strong> de personas con discapacidad f\u00edsica y org\u00e1nica a trav\u00e9s de iniciativas dirigidas al fortalecimiento de sus entidades como organismos de representaci\u00f3n de las personas con discapacidad, la mejora de la calidad de vida de este grupo social y la defensa del ejercicio de todos sus derechos.<\/p>\n","protected":false},"excerpt":{"rendered":"<p>CLM Inclusiva COCEMFE manifiesta su malestar ante el recorte que prev\u00e9 aplicar el Gobierno en 2023 en la financiaci\u00f3n de los proyectos de las ONG estatales de discapacidad y alerta de su desaparici\u00f3n. \u201cNuestro trabajo no puede parar y la apuesta por la inclusi\u00f3n de las personas con discapacidad no es aplazable ni discutible, tenemos [&hellip;]<\/p>\n","protected":false},"author":1,"featured_media":0,"comment_status":"open","ping_status":"open","sticky":false,"template":"","format":"standard","meta":{"_et_pb_use_builder":"","_et_pb_old_content":"","_et_gb_content_width":"","footnotes":""},"categories":[1],"tags":[],"yoast_head":"<!-- This site is optimized with the Yoast SEO plugin v21.3 - https:\/\/yoast.com\/wordpress\/plugins\/seo\/ -->\n<title>CLM Inclusiva COCEMFE reclama al Gobierno que no aplique recortes a las ONG de discapacidad en 2023 - Clm-Inclusiva<\/title>\n<meta name=\"robots\" content=\"index, follow, max-snippet:-1, max-image-preview:large, max-video-preview:-1\" \/>\n<link rel=\"canonical\" href=\"https:\/\/clm-inclusiva.org\/?p=4513\" \/>\n<meta property=\"og:locale\" content=\"es_ES\" \/>\n<meta property=\"og:type\" content=\"article\" \/>\n<meta property=\"og:title\" content=\"CLM Inclusiva COCEMFE reclama al Gobierno que no aplique recortes a las ONG de discapacidad en 2023 - Clm-Inclusiva\" \/>\n<meta property=\"og:description\" content=\"CLM Inclusiva COCEMFE manifiesta su malestar ante el recorte que prev\u00e9 aplicar el Gobierno en 2023 en la financiaci\u00f3n de los proyectos de las ONG estatales de discapacidad y alerta de su desaparici\u00f3n. \u201cNuestro trabajo no puede parar y la apuesta por la inclusi\u00f3n de las personas con discapacidad no es aplazable ni discutible, tenemos [&hellip;]\" \/>\n<meta property=\"og:url\" content=\"https:\/\/clm-inclusiva.org\/?p=4513\" \/>\n<meta property=\"og:site_name\" content=\"Clm-Inclusiva\" \/>\n<meta property=\"article:publisher\" content=\"https:\/\/www.facebook.com\/castillalamancha.inclusiva\/\" \/>\n<meta property=\"article:published_time\" content=\"2022-10-21T11:25:16+00:00\" \/>\n<meta name=\"author\" content=\"clm-inclusiva\" \/>\n<meta name=\"twitter:card\" content=\"summary_large_image\" \/>\n<meta name=\"twitter:creator\" content=\"@ClmInclusiva\" \/>\n<meta name=\"twitter:site\" content=\"@ClmInclusiva\" \/>\n<meta name=\"twitter:label1\" content=\"Escrito por\" \/>\n\t<meta name=\"twitter:data1\" content=\"clm-inclusiva\" \/>\n\t<meta name=\"twitter:label2\" content=\"Tiempo de lectura\" \/>\n\t<meta name=\"twitter:data2\" content=\"5 minutos\" \/>\n<script type=\"application\/ld+json\" class=\"yoast-schema-graph\">{\"@context\":\"https:\/\/schema.org\",\"@graph\":[{\"@type\":\"Article\",\"@id\":\"https:\/\/clm-inclusiva.org\/?p=4513#article\",\"isPartOf\":{\"@id\":\"https:\/\/clm-inclusiva.org\/?p=4513\"},\"author\":{\"name\":\"clm-inclusiva\",\"@id\":\"https:\/\/clm-inclusiva.org\/#\/schema\/person\/0cff84aaa5bb8fd3521c55d1578d902b\"},\"headline\":\"CLM Inclusiva COCEMFE reclama al Gobierno que no aplique recortes a las ONG de discapacidad en 2023\",\"datePublished\":\"2022-10-21T11:25:16+00:00\",\"dateModified\":\"2022-10-21T11:25:16+00:00\",\"mainEntityOfPage\":{\"@id\":\"https:\/\/clm-inclusiva.org\/?p=4513\"},\"wordCount\":932,\"commentCount\":0,\"publisher\":{\"@id\":\"https:\/\/clm-inclusiva.org\/#organization\"},\"inLanguage\":\"es\",\"potentialAction\":[{\"@type\":\"CommentAction\",\"name\":\"Comment\",\"target\":[\"https:\/\/clm-inclusiva.org\/?p=4513#respond\"]}]},{\"@type\":\"WebPage\",\"@id\":\"https:\/\/clm-inclusiva.org\/?p=4513\",\"url\":\"https:\/\/clm-inclusiva.org\/?p=4513\",\"name\":\"CLM Inclusiva COCEMFE reclama al Gobierno que no aplique recortes a las ONG de discapacidad en 2023 - Clm-Inclusiva\",\"isPartOf\":{\"@id\":\"https:\/\/clm-inclusiva.org\/#website\"},\"datePublished\":\"2022-10-21T11:25:16+00:00\",\"dateModified\":\"2022-10-21T11:25:16+00:00\",\"breadcrumb\":{\"@id\":\"https:\/\/clm-inclusiva.org\/?p=4513#breadcrumb\"},\"inLanguage\":\"es\",\"potentialAction\":[{\"@type\":\"ReadAction\",\"target\":[\"https:\/\/clm-inclusiva.org\/?p=4513\"]}]},{\"@type\":\"BreadcrumbList\",\"@id\":\"https:\/\/clm-inclusiva.org\/?p=4513#breadcrumb\",\"itemListElement\":[{\"@type\":\"ListItem\",\"position\":1,\"name\":\"Portada\",\"item\":\"https:\/\/clm-inclusiva.org\/\"},{\"@type\":\"ListItem\",\"position\":2,\"name\":\"CLM Inclusiva COCEMFE reclama al Gobierno que no aplique recortes a las ONG de discapacidad en 2023\"}]},{\"@type\":\"WebSite\",\"@id\":\"https:\/\/clm-inclusiva.org\/#website\",\"url\":\"https:\/\/clm-inclusiva.org\/\",\"name\":\"Clm-Inclusiva\",\"description\":\"Confederaci\u00f3n de entidades de personas con discapacidad f\u00edsica y org\u00e1nica CLM\",\"publisher\":{\"@id\":\"https:\/\/clm-inclusiva.org\/#organization\"},\"potentialAction\":[{\"@type\":\"SearchAction\",\"target\":{\"@type\":\"EntryPoint\",\"urlTemplate\":\"https:\/\/clm-inclusiva.org\/?s={search_term_string}\"},\"query-input\":\"required name=search_term_string\"}],\"inLanguage\":\"es\"},{\"@type\":\"Organization\",\"@id\":\"https:\/\/clm-inclusiva.org\/#organization\",\"name\":\"Clm-Inclusiva\",\"url\":\"https:\/\/clm-inclusiva.org\/\",\"logo\":{\"@type\":\"ImageObject\",\"inLanguage\":\"es\",\"@id\":\"https:\/\/clm-inclusiva.org\/#\/schema\/logo\/image\/\",\"url\":\"http:\/\/clm-inclusiva.org\/wp-content\/uploads\/2019\/04\/banner-e1533720812836.jpg\",\"contentUrl\":\"http:\/\/clm-inclusiva.org\/wp-content\/uploads\/2019\/04\/banner-e1533720812836.jpg\",\"width\":600,\"height\":332,\"caption\":\"Clm-Inclusiva\"},\"image\":{\"@id\":\"https:\/\/clm-inclusiva.org\/#\/schema\/logo\/image\/\"},\"sameAs\":[\"https:\/\/www.facebook.com\/castillalamancha.inclusiva\/\",\"https:\/\/twitter.com\/ClmInclusiva\"]},{\"@type\":\"Person\",\"@id\":\"https:\/\/clm-inclusiva.org\/#\/schema\/person\/0cff84aaa5bb8fd3521c55d1578d902b\",\"name\":\"clm-inclusiva\",\"image\":{\"@type\":\"ImageObject\",\"inLanguage\":\"es\",\"@id\":\"https:\/\/clm-inclusiva.org\/#\/schema\/person\/image\/\",\"url\":\"https:\/\/secure.gravatar.com\/avatar\/88948567af770dc9cd5597b329011884?s=96&d=blank&r=g\",\"contentUrl\":\"https:\/\/secure.gravatar.com\/avatar\/88948567af770dc9cd5597b329011884?s=96&d=blank&r=g\",\"caption\":\"clm-inclusiva\"},\"sameAs\":[\"http:\/\/clm-inclusiva.org\"],\"url\":\"https:\/\/clm-inclusiva.org\/?author=1\"}]}<\/script>\n<!-- \/ Yoast SEO plugin. -->","yoast_head_json":{"title":"CLM Inclusiva COCEMFE reclama al Gobierno que no aplique recortes a las ONG de discapacidad en 2023 - Clm-Inclusiva","robots":{"index":"index","follow":"follow","max-snippet":"max-snippet:-1","max-image-preview":"max-image-preview:large","max-video-preview":"max-video-preview:-1"},"canonical":"https:\/\/clm-inclusiva.org\/?p=4513","og_locale":"es_ES","og_type":"article","og_title":"CLM Inclusiva COCEMFE reclama al Gobierno que no aplique recortes a las ONG de discapacidad en 2023 - Clm-Inclusiva","og_description":"CLM Inclusiva COCEMFE manifiesta su malestar ante el recorte que prev\u00e9 aplicar el Gobierno en 2023 en la financiaci\u00f3n de los proyectos de las ONG estatales de discapacidad y alerta de su desaparici\u00f3n. \u201cNuestro trabajo no puede parar y la apuesta por la inclusi\u00f3n de las personas con discapacidad no es aplazable ni discutible, tenemos [&hellip;]","og_url":"https:\/\/clm-inclusiva.org\/?p=4513","og_site_name":"Clm-Inclusiva","article_publisher":"https:\/\/www.facebook.com\/castillalamancha.inclusiva\/","article_published_time":"2022-10-21T11:25:16+00:00","author":"clm-inclusiva","twitter_card":"summary_large_image","twitter_creator":"@ClmInclusiva","twitter_site":"@ClmInclusiva","twitter_misc":{"Escrito por":"clm-inclusiva","Tiempo de lectura":"5 minutos"},"schema":{"@context":"https:\/\/schema.org","@graph":[{"@type":"Article","@id":"https:\/\/clm-inclusiva.org\/?p=4513#article","isPartOf":{"@id":"https:\/\/clm-inclusiva.org\/?p=4513"},"author":{"name":"clm-inclusiva","@id":"https:\/\/clm-inclusiva.org\/#\/schema\/person\/0cff84aaa5bb8fd3521c55d1578d902b"},"headline":"CLM Inclusiva COCEMFE reclama al Gobierno que no aplique recortes a las ONG de discapacidad en 2023","datePublished":"2022-10-21T11:25:16+00:00","dateModified":"2022-10-21T11:25:16+00:00","mainEntityOfPage":{"@id":"https:\/\/clm-inclusiva.org\/?p=4513"},"wordCount":932,"commentCount":0,"publisher":{"@id":"https:\/\/clm-inclusiva.org\/#organization"},"inLanguage":"es","potentialAction":[{"@type":"CommentAction","name":"Comment","target":["https:\/\/clm-inclusiva.org\/?p=4513#respond"]}]},{"@type":"WebPage","@id":"https:\/\/clm-inclusiva.org\/?p=4513","url":"https:\/\/clm-inclusiva.org\/?p=4513","name":"CLM Inclusiva COCEMFE reclama al Gobierno que no aplique recortes a las ONG de discapacidad en 2023 - Clm-Inclusiva","isPartOf":{"@id":"https:\/\/clm-inclusiva.org\/#website"},"datePublished":"2022-10-21T11:25:16+00:00","dateModified":"2022-10-21T11:25:16+00:00","breadcrumb":{"@id":"https:\/\/clm-inclusiva.org\/?p=4513#breadcrumb"},"inLanguage":"es","potentialAction":[{"@type":"ReadAction","target":["https:\/\/clm-inclusiva.org\/?p=4513"]}]},{"@type":"BreadcrumbList","@id":"https:\/\/clm-inclusiva.org\/?p=4513#breadcrumb","itemListElement":[{"@type":"ListItem","position":1,"name":"Portada","item":"https:\/\/clm-inclusiva.org\/"},{"@type":"ListItem","position":2,"name":"CLM Inclusiva COCEMFE reclama al Gobierno que no aplique recortes a las ONG de discapacidad en 2023"}]},{"@type":"WebSite","@id":"https:\/\/clm-inclusiva.org\/#website","url":"https:\/\/clm-inclusiva.org\/","name":"Clm-Inclusiva","description":"Confederaci\u00f3n de entidades de personas con discapacidad f\u00edsica y org\u00e1nica CLM","publisher":{"@id":"https:\/\/clm-inclusiva.org\/#organization"},"potentialAction":[{"@type":"SearchAction","target":{"@type":"EntryPoint","urlTemplate":"https:\/\/clm-inclusiva.org\/?s={search_term_string}"},"query-input":"required name=search_term_string"}],"inLanguage":"es"},{"@type":"Organization","@id":"https:\/\/clm-inclusiva.org\/#organization","name":"Clm-Inclusiva","url":"https:\/\/clm-inclusiva.org\/","logo":{"@type":"ImageObject","inLanguage":"es","@id":"https:\/\/clm-inclusiva.org\/#\/schema\/logo\/image\/","url":"http:\/\/clm-inclusiva.org\/wp-content\/uploads\/2019\/04\/banner-e1533720812836.jpg","contentUrl":"http:\/\/clm-inclusiva.org\/wp-content\/uploads\/2019\/04\/banner-e1533720812836.jpg","width":600,"height":332,"caption":"Clm-Inclusiva"},"image":{"@id":"https:\/\/clm-inclusiva.org\/#\/schema\/logo\/image\/"},"sameAs":["https:\/\/www.facebook.com\/castillalamancha.inclusiva\/","https:\/\/twitter.com\/ClmInclusiva"]},{"@type":"Person","@id":"https:\/\/clm-inclusiva.org\/#\/schema\/person\/0cff84aaa5bb8fd3521c55d1578d902b","name":"clm-inclusiva","image":{"@type":"ImageObject","inLanguage":"es","@id":"https:\/\/clm-inclusiva.org\/#\/schema\/person\/image\/","url":"https:\/\/secure.gravatar.com\/avatar\/88948567af770dc9cd5597b329011884?s=96&d=blank&r=g","contentUrl":"https:\/\/secure.gravatar.com\/avatar\/88948567af770dc9cd5597b329011884?s=96&d=blank&r=g","caption":"clm-inclusiva"},"sameAs":["http:\/\/clm-inclusiva.org"],"url":"https:\/\/clm-inclusiva.org\/?author=1"}]}},"_links":{"self":[{"href":"https:\/\/clm-inclusiva.org\/index.php?rest_route=\/wp\/v2\/posts\/4513"}],"collection":[{"href":"https:\/\/clm-inclusiva.org\/index.php?rest_route=\/wp\/v2\/posts"}],"about":[{"href":"https:\/\/clm-inclusiva.org\/index.php?rest_route=\/wp\/v2\/types\/post"}],"author":[{"embeddable":true,"href":"https:\/\/clm-inclusiva.org\/index.php?rest_route=\/wp\/v2\/users\/1"}],"replies":[{"embeddable":true,"href":"https:\/\/clm-inclusiva.org\/index.php?rest_route=%2Fwp%2Fv2%2Fcomments&post=4513"}],"version-history":[{"count":1,"href":"https:\/\/clm-inclusiva.org\/index.php?rest_route=\/wp\/v2\/posts\/4513\/revisions"}],"predecessor-version":[{"id":4514,"href":"https:\/\/clm-inclusiva.org\/index.php?rest_route=\/wp\/v2\/posts\/4513\/revisions\/4514"}],"wp:attachment":[{"href":"https:\/\/clm-inclusiva.org\/index.php?rest_route=%2Fwp%2Fv2%2Fmedia&parent=4513"}],"wp:term":[{"taxonomy":"category","embeddable":true,"href":"https:\/\/clm-inclusiva.org\/index.php?rest_route=%2Fwp%2Fv2%2Fcategories&post=4513"},{"taxonomy":"post_tag","embeddable":true,"href":"https:\/\/clm-inclusiva.org\/index.php?rest_route=%2Fwp%2Fv2%2Ftags&post=4513"}],"curies":[{"name":"wp","href":"https:\/\/api.w.org\/{rel}","templated":true}]}}