{"id":4495,"date":"2022-08-10T08:58:18","date_gmt":"2022-08-10T06:58:18","guid":{"rendered":"http:\/\/clm-inclusiva.org\/?p=4495"},"modified":"2022-08-10T10:58:01","modified_gmt":"2022-08-10T08:58:01","slug":"clm-inclusiva-cocemfe-clausura-en-cuenca-el-curso-formativo-de-asistente-tics","status":"publish","type":"post","link":"https:\/\/clm-inclusiva.org\/?p=4495","title":{"rendered":"CLM INCLUSIVA COCEMFE clausura en Cuenca el curso formativo de \u201cAsistente TICs\u201d"},"content":{"rendered":"<p>&nbsp;<\/p>\n<ul>\n<li style=\"text-align: justify\"><strong>Enmarcado en la Convocatoria de Ayudas Econ\u00f3micas para la selecci\u00f3n de operaciones para el refuerzo de la empleabilidad de personas con discapacidad \u201cUno a Uno\u201d &#8211; a\u00f1o 2021-2022 y est\u00e1 financiado por el Fondo Social Europeo (FSE). Programa Operativo de Inclusi\u00f3n Social y Econom\u00eda Social (POISES) 2014-2020. Objetivo Tem\u00e1tico 9, Prioridad de Inversi\u00f3n 9.1. Objetivo Espec\u00edfico 9.1.2. relativo a aumentar la contrataci\u00f3n de personas con discapacidad en situaci\u00f3n o riesgo de exclusi\u00f3n social.<\/strong><\/li>\n<\/ul>\n<p style=\"text-align: justify\"><strong>\u00a0<\/strong><\/p>\n<ul>\n<li style=\"text-align: justify\"><strong>El proyecto propuesto ha fomentado las capacidades y competencias laborales de un grupo de 10 personas con discapacidad, as\u00ed como prepararlos espec\u00edficamente para el desempe\u00f1o de una actividad profesional que responde a las demandas del actual mercado laboral.<\/strong><\/li>\n<\/ul>\n<p><strong>Cuenca, 10 de Agosto de 2022.-<\/strong><\/p>\n<p style=\"text-align: justify\">CLM Inclusiva COCEMFE, la Confederaci\u00f3n de entidades de personas con discapacidad f\u00edsica y org\u00e1nica de Castilla-La Mancha celebr\u00f3 en la ma\u00f1ana del martes 9 de Agosto, el evento de entrega de diplomas y clausura del curso de \u201cAsistente TICs\u201d en la ciudad de Cuenca, lugar donde se ha desarrollado tanto la parte te\u00f3rica como la pr\u00e1ctica del curso.<\/p>\n<p style=\"text-align: justify\">Se trata de una propuesta dirigida a mejorar la empleabilidad de 10 j\u00f3venes con discapacidad y lograr su inclusi\u00f3n en el mercado de trabajo que ha incluido itinerarios personalizados de activaci\u00f3n hacia el empleo. Estos itinerarios, basados en la formaci\u00f3n por competencia, han incluido una formaci\u00f3n te\u00f3rica, formaci\u00f3n en el puesto de trabajo y actividades de apoyo.<\/p>\n<p style=\"text-align: justify\">En representaci\u00f3n del Ayuntamiento de Cuenca, ha estado presente la <strong>Concejala de Servicios Sociales, Esther Barrios<\/strong>, que hac\u00eda especial hincapi\u00e9 en el importante lugar que ocupa la formaci\u00f3n a la hora de emprender la b\u00fasqueda de empleo en el mercado laboral, y las aportaciones que este curso tendr\u00e1n para el futuro de nuestros alumnos y alumnas.<\/p>\n<p style=\"text-align: justify\">Con una duraci\u00f3n de 300 horas, esta acci\u00f3n formativa daba comienzo en marzo de 2022. \u00c9sta, ha contado con 180 horas te\u00f3ricas y 120 correspondientes a la formaci\u00f3n en el puesto de trabajo. Esta implicaci\u00f3n ha permitido que este grupo de j\u00f3venes consolide los conocimientos adquiridos en el aula y adquiera las competencias y destrezas necesarias para desarrollar la ocupaci\u00f3n con la profesionalidad requerida.<\/p>\n<p style=\"text-align: justify\"><strong>Por parte de CLM Inclusiva COCEMFE<\/strong>, intervino su Vicepresidenta y Presidenta de COCEMFE Cuenca, Marta Montero, la cual destacaba el buen funcionamiento del grupo a lo largo del curso y la importancia de seguir generando espacios de trabajo y convivencia con las personas con discapacidad.<\/p>\n<p style=\"text-align: justify\">Por Parte del Coordinador Regional, Carlos Mora, se puso en valor la apuesta por la formaci\u00f3n y capacitaci\u00f3n que desde la Confederaci\u00f3n se viene llevando a cabo los \u00faltimos a\u00f1os con el apoyo de iniciativas privadas y entidades p\u00fablicas. As\u00ed como la apuesta que desde la entidad regional se viene desarrollando para que las personas con discapacidad encuentren las herramientas digitales adecuadas para facilitarles el acceso al empleo.<\/p>\n<p style=\"text-align: justify\">Silvia Montero, t\u00e9cnica de empleo de la Confederaci\u00f3n, valoraba positivamente el esfuerzo que los alumnos y alumnas han llevado a cabo, y les emplazaba a nuevas acciones formativas que ya est\u00e1n programadas para la provincia de Cuenca.<\/p>\n","protected":false},"excerpt":{"rendered":"<p>&nbsp; Enmarcado en la Convocatoria de Ayudas Econ\u00f3micas para la selecci\u00f3n de operaciones para el refuerzo de la empleabilidad de personas con discapacidad \u201cUno a Uno\u201d &#8211; a\u00f1o 2021-2022 y est\u00e1 financiado por el Fondo Social Europeo (FSE). Programa Operativo de Inclusi\u00f3n Social y Econom\u00eda Social (POISES) 2014-2020. Objetivo Tem\u00e1tico 9, Prioridad de Inversi\u00f3n 9.1. [&hellip;]<\/p>\n","protected":false},"author":1,"featured_media":4500,"comment_status":"open","ping_status":"open","sticky":false,"template":"","format":"standard","meta":{"_et_pb_use_builder":"","_et_pb_old_content":"","_et_gb_content_width":"","footnotes":""},"categories":[2,39,49,4,50,6],"tags":[11,80,79,81],"yoast_head":"<!-- This site is optimized with the Yoast SEO plugin v21.3 - https:\/\/yoast.com\/wordpress\/plugins\/seo\/ -->\n<title>CLM INCLUSIVA COCEMFE clausura en Cuenca el curso formativo de \u201cAsistente TICs\u201d - Clm-Inclusiva<\/title>\n<meta name=\"description\" content=\"CLM Inclusiva COCEMFE, la Confederaci\u00f3n de entidades de personas con discapacidad f\u00edsica y org\u00e1nica de Castilla-La Mancha celebr\u00f3 en la ma\u00f1ana del martes 9 de Agosto, el evento de entrega de diplomas y clausura del curso de \u201cAsistente TICs\u201d en la ciudad de Cuenca, lugar donde se ha desarrollado tanto la parte te\u00f3rica como la pr\u00e1ctica del curso.\" \/>\n<meta name=\"robots\" content=\"index, follow, max-snippet:-1, max-image-preview:large, max-video-preview:-1\" \/>\n<link rel=\"canonical\" href=\"https:\/\/clm-inclusiva.org\/?p=4495\" \/>\n<meta property=\"og:locale\" content=\"es_ES\" \/>\n<meta property=\"og:type\" content=\"article\" \/>\n<meta property=\"og:title\" content=\"CLM INCLUSIVA COCEMFE clausura en Cuenca el curso formativo de \u201cAsistente TICs\u201d - Clm-Inclusiva\" \/>\n<meta property=\"og:description\" content=\"CLM Inclusiva COCEMFE, la Confederaci\u00f3n de entidades de personas con discapacidad f\u00edsica y org\u00e1nica de Castilla-La Mancha celebr\u00f3 en la ma\u00f1ana del martes 9 de Agosto, el evento de entrega de diplomas y clausura del curso de \u201cAsistente TICs\u201d en la ciudad de Cuenca, lugar donde se ha desarrollado tanto la parte te\u00f3rica como la pr\u00e1ctica del curso.\" \/>\n<meta property=\"og:url\" content=\"https:\/\/clm-inclusiva.org\/?p=4495\" \/>\n<meta property=\"og:site_name\" content=\"Clm-Inclusiva\" \/>\n<meta property=\"article:publisher\" content=\"https:\/\/www.facebook.com\/castillalamancha.inclusiva\/\" \/>\n<meta property=\"article:published_time\" content=\"2022-08-10T06:58:18+00:00\" \/>\n<meta property=\"article:modified_time\" content=\"2022-08-10T08:58:01+00:00\" \/>\n<meta property=\"og:image\" content=\"https:\/\/clm-inclusiva.org\/wp-content\/uploads\/2022\/08\/clausura-scaled-e1660121073321.jpg\" \/>\n\t<meta property=\"og:image:width\" content=\"2227\" \/>\n\t<meta property=\"og:image:height\" content=\"1472\" \/>\n\t<meta property=\"og:image:type\" content=\"image\/jpeg\" \/>\n<meta name=\"author\" content=\"clm-inclusiva\" \/>\n<meta name=\"twitter:card\" content=\"summary_large_image\" \/>\n<meta name=\"twitter:creator\" content=\"@ClmInclusiva\" \/>\n<meta name=\"twitter:site\" content=\"@ClmInclusiva\" \/>\n<meta name=\"twitter:label1\" content=\"Escrito por\" \/>\n\t<meta name=\"twitter:data1\" content=\"clm-inclusiva\" \/>\n\t<meta name=\"twitter:label2\" content=\"Tiempo de lectura\" \/>\n\t<meta name=\"twitter:data2\" content=\"3 minutos\" \/>\n<script type=\"application\/ld+json\" class=\"yoast-schema-graph\">{\"@context\":\"https:\/\/schema.org\",\"@graph\":[{\"@type\":\"Article\",\"@id\":\"https:\/\/clm-inclusiva.org\/?p=4495#article\",\"isPartOf\":{\"@id\":\"https:\/\/clm-inclusiva.org\/?p=4495\"},\"author\":{\"name\":\"clm-inclusiva\",\"@id\":\"https:\/\/clm-inclusiva.org\/#\/schema\/person\/0cff84aaa5bb8fd3521c55d1578d902b\"},\"headline\":\"CLM INCLUSIVA COCEMFE clausura en Cuenca el curso formativo de \u201cAsistente TICs\u201d\",\"datePublished\":\"2022-08-10T06:58:18+00:00\",\"dateModified\":\"2022-08-10T08:58:01+00:00\",\"mainEntityOfPage\":{\"@id\":\"https:\/\/clm-inclusiva.org\/?p=4495\"},\"wordCount\":550,\"commentCount\":0,\"publisher\":{\"@id\":\"https:\/\/clm-inclusiva.org\/#organization\"},\"keywords\":[\"clm inclusiva\",\"Discapacidad\",\"formaci\u00f3n\",\"Poises\"],\"articleSection\":[\"Accesibilidad\",\"Bienestar social\",\"castilla-la mancha\",\"Clm inclusiva\",\"Cuenca\",\"Empleo\"],\"inLanguage\":\"es\",\"potentialAction\":[{\"@type\":\"CommentAction\",\"name\":\"Comment\",\"target\":[\"https:\/\/clm-inclusiva.org\/?p=4495#respond\"]}]},{\"@type\":\"WebPage\",\"@id\":\"https:\/\/clm-inclusiva.org\/?p=4495\",\"url\":\"https:\/\/clm-inclusiva.org\/?p=4495\",\"name\":\"CLM INCLUSIVA COCEMFE clausura en Cuenca el curso formativo de \u201cAsistente TICs\u201d - Clm-Inclusiva\",\"isPartOf\":{\"@id\":\"https:\/\/clm-inclusiva.org\/#website\"},\"datePublished\":\"2022-08-10T06:58:18+00:00\",\"dateModified\":\"2022-08-10T08:58:01+00:00\",\"description\":\"CLM Inclusiva COCEMFE, la Confederaci\u00f3n de entidades de personas con discapacidad f\u00edsica y org\u00e1nica de Castilla-La Mancha celebr\u00f3 en la ma\u00f1ana del martes 9 de Agosto, el evento de entrega de diplomas y clausura del curso de \u201cAsistente TICs\u201d en la ciudad de Cuenca, lugar donde se ha desarrollado tanto la parte te\u00f3rica como la pr\u00e1ctica del curso.\",\"breadcrumb\":{\"@id\":\"https:\/\/clm-inclusiva.org\/?p=4495#breadcrumb\"},\"inLanguage\":\"es\",\"potentialAction\":[{\"@type\":\"ReadAction\",\"target\":[\"https:\/\/clm-inclusiva.org\/?p=4495\"]}]},{\"@type\":\"BreadcrumbList\",\"@id\":\"https:\/\/clm-inclusiva.org\/?p=4495#breadcrumb\",\"itemListElement\":[{\"@type\":\"ListItem\",\"position\":1,\"name\":\"Portada\",\"item\":\"https:\/\/clm-inclusiva.org\/\"},{\"@type\":\"ListItem\",\"position\":2,\"name\":\"CLM INCLUSIVA COCEMFE clausura en Cuenca el curso formativo de \u201cAsistente TICs\u201d\"}]},{\"@type\":\"WebSite\",\"@id\":\"https:\/\/clm-inclusiva.org\/#website\",\"url\":\"https:\/\/clm-inclusiva.org\/\",\"name\":\"Clm-Inclusiva\",\"description\":\"Confederaci\u00f3n de entidades de personas con discapacidad f\u00edsica y org\u00e1nica CLM\",\"publisher\":{\"@id\":\"https:\/\/clm-inclusiva.org\/#organization\"},\"potentialAction\":[{\"@type\":\"SearchAction\",\"target\":{\"@type\":\"EntryPoint\",\"urlTemplate\":\"https:\/\/clm-inclusiva.org\/?s={search_term_string}\"},\"query-input\":\"required name=search_term_string\"}],\"inLanguage\":\"es\"},{\"@type\":\"Organization\",\"@id\":\"https:\/\/clm-inclusiva.org\/#organization\",\"name\":\"Clm-Inclusiva\",\"url\":\"https:\/\/clm-inclusiva.org\/\",\"logo\":{\"@type\":\"ImageObject\",\"inLanguage\":\"es\",\"@id\":\"https:\/\/clm-inclusiva.org\/#\/schema\/logo\/image\/\",\"url\":\"http:\/\/clm-inclusiva.org\/wp-content\/uploads\/2019\/04\/banner-e1533720812836.jpg\",\"contentUrl\":\"http:\/\/clm-inclusiva.org\/wp-content\/uploads\/2019\/04\/banner-e1533720812836.jpg\",\"width\":600,\"height\":332,\"caption\":\"Clm-Inclusiva\"},\"image\":{\"@id\":\"https:\/\/clm-inclusiva.org\/#\/schema\/logo\/image\/\"},\"sameAs\":[\"https:\/\/www.facebook.com\/castillalamancha.inclusiva\/\",\"https:\/\/twitter.com\/ClmInclusiva\"]},{\"@type\":\"Person\",\"@id\":\"https:\/\/clm-inclusiva.org\/#\/schema\/person\/0cff84aaa5bb8fd3521c55d1578d902b\",\"name\":\"clm-inclusiva\",\"image\":{\"@type\":\"ImageObject\",\"inLanguage\":\"es\",\"@id\":\"https:\/\/clm-inclusiva.org\/#\/schema\/person\/image\/\",\"url\":\"https:\/\/secure.gravatar.com\/avatar\/88948567af770dc9cd5597b329011884?s=96&d=blank&r=g\",\"contentUrl\":\"https:\/\/secure.gravatar.com\/avatar\/88948567af770dc9cd5597b329011884?s=96&d=blank&r=g\",\"caption\":\"clm-inclusiva\"},\"sameAs\":[\"http:\/\/clm-inclusiva.org\"],\"url\":\"https:\/\/clm-inclusiva.org\/?author=1\"}]}<\/script>\n<!-- \/ Yoast SEO plugin. -->","yoast_head_json":{"title":"CLM INCLUSIVA COCEMFE clausura en Cuenca el curso formativo de \u201cAsistente TICs\u201d - Clm-Inclusiva","description":"CLM Inclusiva COCEMFE, la Confederaci\u00f3n de entidades de personas con discapacidad f\u00edsica y org\u00e1nica de Castilla-La Mancha celebr\u00f3 en la ma\u00f1ana del martes 9 de Agosto, el evento de entrega de diplomas y clausura del curso de \u201cAsistente TICs\u201d en la ciudad de Cuenca, lugar donde se ha desarrollado tanto la parte te\u00f3rica como la pr\u00e1ctica del curso.","robots":{"index":"index","follow":"follow","max-snippet":"max-snippet:-1","max-image-preview":"max-image-preview:large","max-video-preview":"max-video-preview:-1"},"canonical":"https:\/\/clm-inclusiva.org\/?p=4495","og_locale":"es_ES","og_type":"article","og_title":"CLM INCLUSIVA COCEMFE clausura en Cuenca el curso formativo de \u201cAsistente TICs\u201d - Clm-Inclusiva","og_description":"CLM Inclusiva COCEMFE, la Confederaci\u00f3n de entidades de personas con discapacidad f\u00edsica y org\u00e1nica de Castilla-La Mancha celebr\u00f3 en la ma\u00f1ana del martes 9 de Agosto, el evento de entrega de diplomas y clausura del curso de \u201cAsistente TICs\u201d en la ciudad de Cuenca, lugar donde se ha desarrollado tanto la parte te\u00f3rica como la pr\u00e1ctica del curso.","og_url":"https:\/\/clm-inclusiva.org\/?p=4495","og_site_name":"Clm-Inclusiva","article_publisher":"https:\/\/www.facebook.com\/castillalamancha.inclusiva\/","article_published_time":"2022-08-10T06:58:18+00:00","article_modified_time":"2022-08-10T08:58:01+00:00","og_image":[{"width":2227,"height":1472,"url":"https:\/\/clm-inclusiva.org\/wp-content\/uploads\/2022\/08\/clausura-scaled-e1660121073321.jpg","type":"image\/jpeg"}],"author":"clm-inclusiva","twitter_card":"summary_large_image","twitter_creator":"@ClmInclusiva","twitter_site":"@ClmInclusiva","twitter_misc":{"Escrito por":"clm-inclusiva","Tiempo de lectura":"3 minutos"},"schema":{"@context":"https:\/\/schema.org","@graph":[{"@type":"Article","@id":"https:\/\/clm-inclusiva.org\/?p=4495#article","isPartOf":{"@id":"https:\/\/clm-inclusiva.org\/?p=4495"},"author":{"name":"clm-inclusiva","@id":"https:\/\/clm-inclusiva.org\/#\/schema\/person\/0cff84aaa5bb8fd3521c55d1578d902b"},"headline":"CLM INCLUSIVA COCEMFE clausura en Cuenca el curso formativo de \u201cAsistente TICs\u201d","datePublished":"2022-08-10T06:58:18+00:00","dateModified":"2022-08-10T08:58:01+00:00","mainEntityOfPage":{"@id":"https:\/\/clm-inclusiva.org\/?p=4495"},"wordCount":550,"commentCount":0,"publisher":{"@id":"https:\/\/clm-inclusiva.org\/#organization"},"keywords":["clm inclusiva","Discapacidad","formaci\u00f3n","Poises"],"articleSection":["Accesibilidad","Bienestar social","castilla-la mancha","Clm inclusiva","Cuenca","Empleo"],"inLanguage":"es","potentialAction":[{"@type":"CommentAction","name":"Comment","target":["https:\/\/clm-inclusiva.org\/?p=4495#respond"]}]},{"@type":"WebPage","@id":"https:\/\/clm-inclusiva.org\/?p=4495","url":"https:\/\/clm-inclusiva.org\/?p=4495","name":"CLM INCLUSIVA COCEMFE clausura en Cuenca el curso formativo de \u201cAsistente TICs\u201d - Clm-Inclusiva","isPartOf":{"@id":"https:\/\/clm-inclusiva.org\/#website"},"datePublished":"2022-08-10T06:58:18+00:00","dateModified":"2022-08-10T08:58:01+00:00","description":"CLM Inclusiva COCEMFE, la Confederaci\u00f3n de entidades de personas con discapacidad f\u00edsica y org\u00e1nica de Castilla-La Mancha celebr\u00f3 en la ma\u00f1ana del martes 9 de Agosto, el evento de entrega de diplomas y clausura del curso de \u201cAsistente TICs\u201d en la ciudad de Cuenca, lugar donde se ha desarrollado tanto la parte te\u00f3rica como la pr\u00e1ctica del curso.","breadcrumb":{"@id":"https:\/\/clm-inclusiva.org\/?p=4495#breadcrumb"},"inLanguage":"es","potentialAction":[{"@type":"ReadAction","target":["https:\/\/clm-inclusiva.org\/?p=4495"]}]},{"@type":"BreadcrumbList","@id":"https:\/\/clm-inclusiva.org\/?p=4495#breadcrumb","itemListElement":[{"@type":"ListItem","position":1,"name":"Portada","item":"https:\/\/clm-inclusiva.org\/"},{"@type":"ListItem","position":2,"name":"CLM INCLUSIVA COCEMFE clausura en Cuenca el curso formativo de \u201cAsistente TICs\u201d"}]},{"@type":"WebSite","@id":"https:\/\/clm-inclusiva.org\/#website","url":"https:\/\/clm-inclusiva.org\/","name":"Clm-Inclusiva","description":"Confederaci\u00f3n de entidades de personas con discapacidad f\u00edsica y org\u00e1nica CLM","publisher":{"@id":"https:\/\/clm-inclusiva.org\/#organization"},"potentialAction":[{"@type":"SearchAction","target":{"@type":"EntryPoint","urlTemplate":"https:\/\/clm-inclusiva.org\/?s={search_term_string}"},"query-input":"required name=search_term_string"}],"inLanguage":"es"},{"@type":"Organization","@id":"https:\/\/clm-inclusiva.org\/#organization","name":"Clm-Inclusiva","url":"https:\/\/clm-inclusiva.org\/","logo":{"@type":"ImageObject","inLanguage":"es","@id":"https:\/\/clm-inclusiva.org\/#\/schema\/logo\/image\/","url":"http:\/\/clm-inclusiva.org\/wp-content\/uploads\/2019\/04\/banner-e1533720812836.jpg","contentUrl":"http:\/\/clm-inclusiva.org\/wp-content\/uploads\/2019\/04\/banner-e1533720812836.jpg","width":600,"height":332,"caption":"Clm-Inclusiva"},"image":{"@id":"https:\/\/clm-inclusiva.org\/#\/schema\/logo\/image\/"},"sameAs":["https:\/\/www.facebook.com\/castillalamancha.inclusiva\/","https:\/\/twitter.com\/ClmInclusiva"]},{"@type":"Person","@id":"https:\/\/clm-inclusiva.org\/#\/schema\/person\/0cff84aaa5bb8fd3521c55d1578d902b","name":"clm-inclusiva","image":{"@type":"ImageObject","inLanguage":"es","@id":"https:\/\/clm-inclusiva.org\/#\/schema\/person\/image\/","url":"https:\/\/secure.gravatar.com\/avatar\/88948567af770dc9cd5597b329011884?s=96&d=blank&r=g","contentUrl":"https:\/\/secure.gravatar.com\/avatar\/88948567af770dc9cd5597b329011884?s=96&d=blank&r=g","caption":"clm-inclusiva"},"sameAs":["http:\/\/clm-inclusiva.org"],"url":"https:\/\/clm-inclusiva.org\/?author=1"}]}},"_links":{"self":[{"href":"https:\/\/clm-inclusiva.org\/index.php?rest_route=\/wp\/v2\/posts\/4495"}],"collection":[{"href":"https:\/\/clm-inclusiva.org\/index.php?rest_route=\/wp\/v2\/posts"}],"about":[{"href":"https:\/\/clm-inclusiva.org\/index.php?rest_route=\/wp\/v2\/types\/post"}],"author":[{"embeddable":true,"href":"https:\/\/clm-inclusiva.org\/index.php?rest_route=\/wp\/v2\/users\/1"}],"replies":[{"embeddable":true,"href":"https:\/\/clm-inclusiva.org\/index.php?rest_route=%2Fwp%2Fv2%2Fcomments&post=4495"}],"version-history":[{"count":3,"href":"https:\/\/clm-inclusiva.org\/index.php?rest_route=\/wp\/v2\/posts\/4495\/revisions"}],"predecessor-version":[{"id":4502,"href":"https:\/\/clm-inclusiva.org\/index.php?rest_route=\/wp\/v2\/posts\/4495\/revisions\/4502"}],"wp:featuredmedia":[{"embeddable":true,"href":"https:\/\/clm-inclusiva.org\/index.php?rest_route=\/wp\/v2\/media\/4500"}],"wp:attachment":[{"href":"https:\/\/clm-inclusiva.org\/index.php?rest_route=%2Fwp%2Fv2%2Fmedia&parent=4495"}],"wp:term":[{"taxonomy":"category","embeddable":true,"href":"https:\/\/clm-inclusiva.org\/index.php?rest_route=%2Fwp%2Fv2%2Fcategories&post=4495"},{"taxonomy":"post_tag","embeddable":true,"href":"https:\/\/clm-inclusiva.org\/index.php?rest_route=%2Fwp%2Fv2%2Ftags&post=4495"}],"curies":[{"name":"wp","href":"https:\/\/api.w.org\/{rel}","templated":true}]}}