{"id":4491,"date":"2022-07-22T11:19:06","date_gmt":"2022-07-22T09:19:06","guid":{"rendered":"http:\/\/clm-inclusiva.org\/?p=4491"},"modified":"2022-07-22T11:19:06","modified_gmt":"2022-07-22T09:19:06","slug":"ciudad-real-inclusiva-cocemfe-celebra-su-asamblea-general-anual-con-sus-entidades-miembro","status":"publish","type":"post","link":"https:\/\/clm-inclusiva.org\/?p=4491","title":{"rendered":"Ciudad Real Inclusiva COCEMFE celebra su Asamblea General Anual con sus entidades miembro"},"content":{"rendered":"<p>&nbsp;<\/p>\n<p><strong>Ciudad Real, 22 de Julio de 2022.-<\/strong><\/p>\n<p style=\"text-align: justify\">Ciudad Real Inclusiva COCEMFE, la Federaci\u00f3n provincial de entidades de personas con discapacidad f\u00edsica y\/u org\u00e1nica de Ciudad Real, celebraba en la ma\u00f1ana de ayer su Asamblea General anual, donde fue aprobada la gesti\u00f3n y cuentas del ejercicio 2021, como se dio su aprobaci\u00f3n al plan de actividades y presupuesto para el a\u00f1o pr\u00f3ximo.<\/p>\n<p style=\"text-align: justify\">El encuentro tuvo lugar tanto presencial como de manera telem\u00e1tica, y entre los asistentes estuvieron presentes \u00c1ngel Pablo Sendarrubias S\u00e1nchez, presidente de CR Inclusiva COCEMFE, Encarnaci\u00f3n Rodr\u00edguez C\u00e1ceres, secretaria de CR Inclusiva COCEMFE y presidenta de AMIAB, Ana Utrilla Torres, tesorera de CR Inclusiva COCEMFE y presidenta de AISDI, Pedro Jes\u00fas S\u00e1ez Cruz, director General del Grupo AMIAB, Carmen Lozano Moya, presidenta de SFC-SQM Castilla-La Mancha, Andr\u00e9s Rom\u00e1n Bujald\u00f3n, tesorero de la Asociaci\u00f3n de personas con discapacidad, familiares y amigos de Calzada de Calatrava.<\/p>\n<p style=\"text-align: justify\">Se pone as\u00ed en marcha una hoja de ruta donde se deber\u00e1 \u201cdar visibilidad a las realidades de nuestra provincia y acoplar las necesidades de cada entidad al plan estrat\u00e9gico\u201d, tal y como argumentaba <strong>Encarnaci\u00f3n Rodr\u00edguez C\u00e1ceres, secretaria de CR Inclusiva COCEMFE y presidenta de AMIAB. <\/strong><\/p>\n<p style=\"text-align: justify\">Desde la experiencia adquirida en los casi 4 a\u00f1os de funcionamiento, CR Inclusiva COCEMFE afronta el reto de convertirse en referencia y pilar de las asociaciones que representa, emprendiendo un proceso de transformaci\u00f3n organizacional adaptado a la nueva realidad, que repercutir\u00e1 en la calidad de la prestaci\u00f3n de los servicios de la federaci\u00f3n.<\/p>\n<p style=\"text-align: justify\">Durante 2021 se llevaron a cabo las siguientes acciones:<\/p>\n<ul style=\"text-align: justify\">\n<li>Promoci\u00f3n del asociacionismo de las personas con discapacidad f\u00edsica y org\u00e1nica y apoyo y dinamizaci\u00f3n de sus asociaciones y federaciones.<\/li>\n<li>Asesoramiento a las personas con discapacidad y a sus familias.<\/li>\n<li>Sensibilizaci\u00f3n, informaci\u00f3n y asesoramiento a empresas en materia de responsabilidad social e inserci\u00f3n laboral de las personas con discapacidad.<\/li>\n<li>Asesoramiento y orientaci\u00f3n en la b\u00fasqueda activa de empleo de las personas con discapacidad, a trav\u00e9s del Servicio de Integraci\u00f3n Sociolaboral (S.I.L.).<\/li>\n<\/ul>\n<p style=\"text-align: justify\">Entre las cuestiones propuestas por los asistentes, destacaron la necesidad de seguir luchando contra las barreras arquitect\u00f3nicas en pueblos y ciudades de nuestra regi\u00f3n. As\u00ed como la defensa de la reducci\u00f3n de tiempos de espera para la resoluci\u00f3n de discapacidad para aquellas personas a las que se declara una incapacidad.<\/p>\n","protected":false},"excerpt":{"rendered":"<p>&nbsp; Ciudad Real, 22 de Julio de 2022.- Ciudad Real Inclusiva COCEMFE, la Federaci\u00f3n provincial de entidades de personas con discapacidad f\u00edsica y\/u org\u00e1nica de Ciudad Real, celebraba en la ma\u00f1ana de ayer su Asamblea General anual, donde fue aprobada la gesti\u00f3n y cuentas del ejercicio 2021, como se dio su aprobaci\u00f3n al plan de [&hellip;]<\/p>\n","protected":false},"author":1,"featured_media":4492,"comment_status":"open","ping_status":"open","sticky":false,"template":"","format":"standard","meta":{"_et_pb_use_builder":"","_et_pb_old_content":"","_et_gb_content_width":"","footnotes":""},"categories":[1],"tags":[],"yoast_head":"<!-- This site is optimized with the Yoast SEO plugin v21.3 - https:\/\/yoast.com\/wordpress\/plugins\/seo\/ -->\n<title>Ciudad Real Inclusiva COCEMFE celebra su Asamblea General Anual con sus entidades miembro - Clm-Inclusiva<\/title>\n<meta name=\"robots\" content=\"index, follow, max-snippet:-1, max-image-preview:large, max-video-preview:-1\" \/>\n<link rel=\"canonical\" href=\"https:\/\/clm-inclusiva.org\/?p=4491\" \/>\n<meta property=\"og:locale\" content=\"es_ES\" \/>\n<meta property=\"og:type\" content=\"article\" \/>\n<meta property=\"og:title\" content=\"Ciudad Real Inclusiva COCEMFE celebra su Asamblea General Anual con sus entidades miembro - Clm-Inclusiva\" \/>\n<meta property=\"og:description\" content=\"&nbsp; Ciudad Real, 22 de Julio de 2022.- Ciudad Real Inclusiva COCEMFE, la Federaci\u00f3n provincial de entidades de personas con discapacidad f\u00edsica y\/u org\u00e1nica de Ciudad Real, celebraba en la ma\u00f1ana de ayer su Asamblea General anual, donde fue aprobada la gesti\u00f3n y cuentas del ejercicio 2021, como se dio su aprobaci\u00f3n al plan de [&hellip;]\" \/>\n<meta property=\"og:url\" content=\"https:\/\/clm-inclusiva.org\/?p=4491\" \/>\n<meta property=\"og:site_name\" content=\"Clm-Inclusiva\" \/>\n<meta property=\"article:publisher\" content=\"https:\/\/www.facebook.com\/castillalamancha.inclusiva\/\" \/>\n<meta property=\"article:published_time\" content=\"2022-07-22T09:19:06+00:00\" \/>\n<meta property=\"og:image\" content=\"https:\/\/clm-inclusiva.org\/wp-content\/uploads\/2022\/07\/ASAMBLEA-GENERAL-CR-scaled.jpg\" \/>\n\t<meta property=\"og:image:width\" content=\"2560\" \/>\n\t<meta property=\"og:image:height\" content=\"1920\" \/>\n\t<meta property=\"og:image:type\" content=\"image\/jpeg\" \/>\n<meta name=\"author\" content=\"clm-inclusiva\" \/>\n<meta name=\"twitter:card\" content=\"summary_large_image\" \/>\n<meta name=\"twitter:creator\" content=\"@ClmInclusiva\" \/>\n<meta name=\"twitter:site\" content=\"@ClmInclusiva\" \/>\n<meta name=\"twitter:label1\" content=\"Escrito por\" \/>\n\t<meta name=\"twitter:data1\" content=\"clm-inclusiva\" \/>\n\t<meta name=\"twitter:label2\" content=\"Tiempo de lectura\" \/>\n\t<meta name=\"twitter:data2\" content=\"2 minutos\" \/>\n<script type=\"application\/ld+json\" class=\"yoast-schema-graph\">{\"@context\":\"https:\/\/schema.org\",\"@graph\":[{\"@type\":\"Article\",\"@id\":\"https:\/\/clm-inclusiva.org\/?p=4491#article\",\"isPartOf\":{\"@id\":\"https:\/\/clm-inclusiva.org\/?p=4491\"},\"author\":{\"name\":\"clm-inclusiva\",\"@id\":\"https:\/\/clm-inclusiva.org\/#\/schema\/person\/0cff84aaa5bb8fd3521c55d1578d902b\"},\"headline\":\"Ciudad Real Inclusiva COCEMFE celebra su Asamblea General Anual con sus entidades miembro\",\"datePublished\":\"2022-07-22T09:19:06+00:00\",\"dateModified\":\"2022-07-22T09:19:06+00:00\",\"mainEntityOfPage\":{\"@id\":\"https:\/\/clm-inclusiva.org\/?p=4491\"},\"wordCount\":429,\"commentCount\":0,\"publisher\":{\"@id\":\"https:\/\/clm-inclusiva.org\/#organization\"},\"inLanguage\":\"es\",\"potentialAction\":[{\"@type\":\"CommentAction\",\"name\":\"Comment\",\"target\":[\"https:\/\/clm-inclusiva.org\/?p=4491#respond\"]}]},{\"@type\":\"WebPage\",\"@id\":\"https:\/\/clm-inclusiva.org\/?p=4491\",\"url\":\"https:\/\/clm-inclusiva.org\/?p=4491\",\"name\":\"Ciudad Real Inclusiva COCEMFE celebra su Asamblea General Anual con sus entidades miembro - Clm-Inclusiva\",\"isPartOf\":{\"@id\":\"https:\/\/clm-inclusiva.org\/#website\"},\"datePublished\":\"2022-07-22T09:19:06+00:00\",\"dateModified\":\"2022-07-22T09:19:06+00:00\",\"breadcrumb\":{\"@id\":\"https:\/\/clm-inclusiva.org\/?p=4491#breadcrumb\"},\"inLanguage\":\"es\",\"potentialAction\":[{\"@type\":\"ReadAction\",\"target\":[\"https:\/\/clm-inclusiva.org\/?p=4491\"]}]},{\"@type\":\"BreadcrumbList\",\"@id\":\"https:\/\/clm-inclusiva.org\/?p=4491#breadcrumb\",\"itemListElement\":[{\"@type\":\"ListItem\",\"position\":1,\"name\":\"Portada\",\"item\":\"https:\/\/clm-inclusiva.org\/\"},{\"@type\":\"ListItem\",\"position\":2,\"name\":\"Ciudad Real Inclusiva COCEMFE celebra su Asamblea General Anual con sus entidades miembro\"}]},{\"@type\":\"WebSite\",\"@id\":\"https:\/\/clm-inclusiva.org\/#website\",\"url\":\"https:\/\/clm-inclusiva.org\/\",\"name\":\"Clm-Inclusiva\",\"description\":\"Confederaci\u00f3n de entidades de personas con discapacidad f\u00edsica y org\u00e1nica CLM\",\"publisher\":{\"@id\":\"https:\/\/clm-inclusiva.org\/#organization\"},\"potentialAction\":[{\"@type\":\"SearchAction\",\"target\":{\"@type\":\"EntryPoint\",\"urlTemplate\":\"https:\/\/clm-inclusiva.org\/?s={search_term_string}\"},\"query-input\":\"required name=search_term_string\"}],\"inLanguage\":\"es\"},{\"@type\":\"Organization\",\"@id\":\"https:\/\/clm-inclusiva.org\/#organization\",\"name\":\"Clm-Inclusiva\",\"url\":\"https:\/\/clm-inclusiva.org\/\",\"logo\":{\"@type\":\"ImageObject\",\"inLanguage\":\"es\",\"@id\":\"https:\/\/clm-inclusiva.org\/#\/schema\/logo\/image\/\",\"url\":\"http:\/\/clm-inclusiva.org\/wp-content\/uploads\/2019\/04\/banner-e1533720812836.jpg\",\"contentUrl\":\"http:\/\/clm-inclusiva.org\/wp-content\/uploads\/2019\/04\/banner-e1533720812836.jpg\",\"width\":600,\"height\":332,\"caption\":\"Clm-Inclusiva\"},\"image\":{\"@id\":\"https:\/\/clm-inclusiva.org\/#\/schema\/logo\/image\/\"},\"sameAs\":[\"https:\/\/www.facebook.com\/castillalamancha.inclusiva\/\",\"https:\/\/twitter.com\/ClmInclusiva\"]},{\"@type\":\"Person\",\"@id\":\"https:\/\/clm-inclusiva.org\/#\/schema\/person\/0cff84aaa5bb8fd3521c55d1578d902b\",\"name\":\"clm-inclusiva\",\"image\":{\"@type\":\"ImageObject\",\"inLanguage\":\"es\",\"@id\":\"https:\/\/clm-inclusiva.org\/#\/schema\/person\/image\/\",\"url\":\"https:\/\/secure.gravatar.com\/avatar\/88948567af770dc9cd5597b329011884?s=96&d=blank&r=g\",\"contentUrl\":\"https:\/\/secure.gravatar.com\/avatar\/88948567af770dc9cd5597b329011884?s=96&d=blank&r=g\",\"caption\":\"clm-inclusiva\"},\"sameAs\":[\"http:\/\/clm-inclusiva.org\"],\"url\":\"https:\/\/clm-inclusiva.org\/?author=1\"}]}<\/script>\n<!-- \/ Yoast SEO plugin. -->","yoast_head_json":{"title":"Ciudad Real Inclusiva COCEMFE celebra su Asamblea General Anual con sus entidades miembro - Clm-Inclusiva","robots":{"index":"index","follow":"follow","max-snippet":"max-snippet:-1","max-image-preview":"max-image-preview:large","max-video-preview":"max-video-preview:-1"},"canonical":"https:\/\/clm-inclusiva.org\/?p=4491","og_locale":"es_ES","og_type":"article","og_title":"Ciudad Real Inclusiva COCEMFE celebra su Asamblea General Anual con sus entidades miembro - Clm-Inclusiva","og_description":"&nbsp; Ciudad Real, 22 de Julio de 2022.- Ciudad Real Inclusiva COCEMFE, la Federaci\u00f3n provincial de entidades de personas con discapacidad f\u00edsica y\/u org\u00e1nica de Ciudad Real, celebraba en la ma\u00f1ana de ayer su Asamblea General anual, donde fue aprobada la gesti\u00f3n y cuentas del ejercicio 2021, como se dio su aprobaci\u00f3n al plan de [&hellip;]","og_url":"https:\/\/clm-inclusiva.org\/?p=4491","og_site_name":"Clm-Inclusiva","article_publisher":"https:\/\/www.facebook.com\/castillalamancha.inclusiva\/","article_published_time":"2022-07-22T09:19:06+00:00","og_image":[{"width":2560,"height":1920,"url":"https:\/\/clm-inclusiva.org\/wp-content\/uploads\/2022\/07\/ASAMBLEA-GENERAL-CR-scaled.jpg","type":"image\/jpeg"}],"author":"clm-inclusiva","twitter_card":"summary_large_image","twitter_creator":"@ClmInclusiva","twitter_site":"@ClmInclusiva","twitter_misc":{"Escrito por":"clm-inclusiva","Tiempo de lectura":"2 minutos"},"schema":{"@context":"https:\/\/schema.org","@graph":[{"@type":"Article","@id":"https:\/\/clm-inclusiva.org\/?p=4491#article","isPartOf":{"@id":"https:\/\/clm-inclusiva.org\/?p=4491"},"author":{"name":"clm-inclusiva","@id":"https:\/\/clm-inclusiva.org\/#\/schema\/person\/0cff84aaa5bb8fd3521c55d1578d902b"},"headline":"Ciudad Real Inclusiva COCEMFE celebra su Asamblea General Anual con sus entidades miembro","datePublished":"2022-07-22T09:19:06+00:00","dateModified":"2022-07-22T09:19:06+00:00","mainEntityOfPage":{"@id":"https:\/\/clm-inclusiva.org\/?p=4491"},"wordCount":429,"commentCount":0,"publisher":{"@id":"https:\/\/clm-inclusiva.org\/#organization"},"inLanguage":"es","potentialAction":[{"@type":"CommentAction","name":"Comment","target":["https:\/\/clm-inclusiva.org\/?p=4491#respond"]}]},{"@type":"WebPage","@id":"https:\/\/clm-inclusiva.org\/?p=4491","url":"https:\/\/clm-inclusiva.org\/?p=4491","name":"Ciudad Real Inclusiva COCEMFE celebra su Asamblea General Anual con sus entidades miembro - Clm-Inclusiva","isPartOf":{"@id":"https:\/\/clm-inclusiva.org\/#website"},"datePublished":"2022-07-22T09:19:06+00:00","dateModified":"2022-07-22T09:19:06+00:00","breadcrumb":{"@id":"https:\/\/clm-inclusiva.org\/?p=4491#breadcrumb"},"inLanguage":"es","potentialAction":[{"@type":"ReadAction","target":["https:\/\/clm-inclusiva.org\/?p=4491"]}]},{"@type":"BreadcrumbList","@id":"https:\/\/clm-inclusiva.org\/?p=4491#breadcrumb","itemListElement":[{"@type":"ListItem","position":1,"name":"Portada","item":"https:\/\/clm-inclusiva.org\/"},{"@type":"ListItem","position":2,"name":"Ciudad Real Inclusiva COCEMFE celebra su Asamblea General Anual con sus entidades miembro"}]},{"@type":"WebSite","@id":"https:\/\/clm-inclusiva.org\/#website","url":"https:\/\/clm-inclusiva.org\/","name":"Clm-Inclusiva","description":"Confederaci\u00f3n de entidades de personas con discapacidad f\u00edsica y org\u00e1nica CLM","publisher":{"@id":"https:\/\/clm-inclusiva.org\/#organization"},"potentialAction":[{"@type":"SearchAction","target":{"@type":"EntryPoint","urlTemplate":"https:\/\/clm-inclusiva.org\/?s={search_term_string}"},"query-input":"required name=search_term_string"}],"inLanguage":"es"},{"@type":"Organization","@id":"https:\/\/clm-inclusiva.org\/#organization","name":"Clm-Inclusiva","url":"https:\/\/clm-inclusiva.org\/","logo":{"@type":"ImageObject","inLanguage":"es","@id":"https:\/\/clm-inclusiva.org\/#\/schema\/logo\/image\/","url":"http:\/\/clm-inclusiva.org\/wp-content\/uploads\/2019\/04\/banner-e1533720812836.jpg","contentUrl":"http:\/\/clm-inclusiva.org\/wp-content\/uploads\/2019\/04\/banner-e1533720812836.jpg","width":600,"height":332,"caption":"Clm-Inclusiva"},"image":{"@id":"https:\/\/clm-inclusiva.org\/#\/schema\/logo\/image\/"},"sameAs":["https:\/\/www.facebook.com\/castillalamancha.inclusiva\/","https:\/\/twitter.com\/ClmInclusiva"]},{"@type":"Person","@id":"https:\/\/clm-inclusiva.org\/#\/schema\/person\/0cff84aaa5bb8fd3521c55d1578d902b","name":"clm-inclusiva","image":{"@type":"ImageObject","inLanguage":"es","@id":"https:\/\/clm-inclusiva.org\/#\/schema\/person\/image\/","url":"https:\/\/secure.gravatar.com\/avatar\/88948567af770dc9cd5597b329011884?s=96&d=blank&r=g","contentUrl":"https:\/\/secure.gravatar.com\/avatar\/88948567af770dc9cd5597b329011884?s=96&d=blank&r=g","caption":"clm-inclusiva"},"sameAs":["http:\/\/clm-inclusiva.org"],"url":"https:\/\/clm-inclusiva.org\/?author=1"}]}},"_links":{"self":[{"href":"https:\/\/clm-inclusiva.org\/index.php?rest_route=\/wp\/v2\/posts\/4491"}],"collection":[{"href":"https:\/\/clm-inclusiva.org\/index.php?rest_route=\/wp\/v2\/posts"}],"about":[{"href":"https:\/\/clm-inclusiva.org\/index.php?rest_route=\/wp\/v2\/types\/post"}],"author":[{"embeddable":true,"href":"https:\/\/clm-inclusiva.org\/index.php?rest_route=\/wp\/v2\/users\/1"}],"replies":[{"embeddable":true,"href":"https:\/\/clm-inclusiva.org\/index.php?rest_route=%2Fwp%2Fv2%2Fcomments&post=4491"}],"version-history":[{"count":1,"href":"https:\/\/clm-inclusiva.org\/index.php?rest_route=\/wp\/v2\/posts\/4491\/revisions"}],"predecessor-version":[{"id":4493,"href":"https:\/\/clm-inclusiva.org\/index.php?rest_route=\/wp\/v2\/posts\/4491\/revisions\/4493"}],"wp:featuredmedia":[{"embeddable":true,"href":"https:\/\/clm-inclusiva.org\/index.php?rest_route=\/wp\/v2\/media\/4492"}],"wp:attachment":[{"href":"https:\/\/clm-inclusiva.org\/index.php?rest_route=%2Fwp%2Fv2%2Fmedia&parent=4491"}],"wp:term":[{"taxonomy":"category","embeddable":true,"href":"https:\/\/clm-inclusiva.org\/index.php?rest_route=%2Fwp%2Fv2%2Fcategories&post=4491"},{"taxonomy":"post_tag","embeddable":true,"href":"https:\/\/clm-inclusiva.org\/index.php?rest_route=%2Fwp%2Fv2%2Ftags&post=4491"}],"curies":[{"name":"wp","href":"https:\/\/api.w.org\/{rel}","templated":true}]}}