{"id":4477,"date":"2022-06-13T14:56:41","date_gmt":"2022-06-13T12:56:41","guid":{"rendered":"http:\/\/clm-inclusiva.org\/?p=4477"},"modified":"2022-06-14T08:44:58","modified_gmt":"2022-06-14T06:44:58","slug":"clm-inclusiva-cocemfe-celebra-su-5o-aniversario-con-el-lanzamiento-de-la-campana-si-somos-ong","status":"publish","type":"post","link":"https:\/\/clm-inclusiva.org\/?p=4477","title":{"rendered":"CLM INCLUSIVA COCEMFE CELEBRA SU 5\u00ba ANIVERSARIO CON EL LANZAMIENTO DE LA CAMPA\u00d1A \u201cS\u00cd, SOMOS ONG\u201d"},"content":{"rendered":"<ul>\n<li style=\"text-align: justify\"><strong>La Confederaci\u00f3n Regional de entidades de personas con discapacidad f\u00edsica y org\u00e1nica, celebr\u00f3 este viernes su Asamblea General Ordinaria, en la que se conmemoraba el 5\u00ba Aniversario de la Confederaci\u00f3n.<\/strong><\/li>\n<\/ul>\n<p style=\"text-align: justify\"><strong>\u00a0<\/strong><\/p>\n<ul style=\"text-align: justify\">\n<li><strong>A trav\u00e9s de la Campa\u00f1a titulada \u201cS\u00ed, somos ONG\u201d, la entidad regional dar\u00e1 a conocer el trabajo que viene desarrollando desde 2017 en Castilla-La Mancha para mejorar la vida de las personas con discapacidad f\u00edsica y\/u org\u00e1nica y sus familias.<\/strong><\/li>\n<\/ul>\n<p style=\"text-align: justify\"><strong>\u00a0<\/strong><\/p>\n<p style=\"text-align: justify\"><strong>Toledo, 13 de junio de 2022.-<\/strong><\/p>\n<p style=\"text-align: justify\"><strong>CLM Inclusiva COCEMFE<\/strong>, celebr\u00f3 el pasado viernes su Asamblea General Ordinaria, donde se somet\u00eda a votaci\u00f3n la memoria de actividades de 2021 as\u00ed como las cuentas de ese mismo a\u00f1o. Adem\u00e1s, por parte del Coordinador Regional, se presentaba el plan de actividades de 2022, y el presupuesto de 2022. Los delegados y delegadas asistentes a la asamblea dieron su voto confianza y aprobaci\u00f3n por unanimidad de los diferentes asuntos antes mencionados.<\/p>\n<p style=\"text-align: justify\">La Asamblea fue inaugurada por la Concejala del Ayto. de Albacete y Diputada Provincial de Albacete, Juani Garc\u00eda, la cual destac\u00f3 la labor que desde hace 5 a\u00f1os la entidad viene realizando en el conjunto de la regi\u00f3n y en concreto en la provincia de Albacete. Tambi\u00e9n intervino Javier P\u00e9rez, Director General de Discapacidad en JCCM, clausurando la Asamblea, y mostrando el compromiso que desde el gobierno regional se tiene con el movimiento asociativo de personas con discapacidad f\u00edsica y\/u org\u00e1nica. Los delegados y delegadas de la Asamblea pudieron intercambiar opiniones con el Director General desde la perspectiva de nuestras entidades y las principales demandas del colectivo.<\/p>\n<p style=\"text-align: justify\"><strong>Enrique Alarc\u00f3n, Presidente de CLM Inclusiva COCEMFE<\/strong>, destacaba que \u201cla entidad ha estado al nivel que se le exig\u00eda, mostrando su apoyo y ayuda al movimiento asociativo de Castilla-La Mancha, luchando por los derechos de las personas con discapacidad y sus familias, y llevando las reivindicaciones del colectivo a los \u00f3rganos de toma de decisi\u00f3n regional.\u201d<\/p>\n<p style=\"text-align: justify\"><strong>CLM Inclusiva COCEMFE,<\/strong> durante 2021, desarroll\u00f3 programas de Intermediaci\u00f3n laboral, formaci\u00f3n para personas con discapacidad, E-Inclusiva (digitalizaci\u00f3n del servicio de empleo), Apoyo a entidades a trav\u00e9s de una cartera de servicios\u2026entre otros.<\/p>\n<p style=\"text-align: justify\">Adem\u00e1s, la Confederaci\u00f3n lanzaba la campa\u00f1a \u201cS\u00ed, somos ONG\u201d, que conmemora su quinto aniversario dando a conocer el trabajo diario que esta Confederaci\u00f3n desarrolla en el conjunto de Castilla-La Mancha, teniendo ya sede f\u00edsica en las 5 capitales de la regi\u00f3n m\u00e1s Talavera y Puertollano.<\/p>\n<p style=\"text-align: justify\">En el primer v\u00eddeo que se ha lanzado a redes sociales, es la cantante Rozal\u00e9n, la que felicita a la entidad por su 5\u00ba Aniversario, y ya se muestra en las redes sociales de la entidad.<\/p>\n<p style=\"text-align: justify\">Enlace a video Canal Youtube:<\/p>\n<p style=\"text-align: justify\"><a href=\"https:\/\/youtu.be\/FdSgH4GF7XY\">https:\/\/youtu.be\/FdSgH4GF7XY<\/a><\/p>\n<p style=\"text-align: justify\"><strong>Enrique Alarc\u00f3n<\/strong>, agradec\u00eda a la artista su implicaci\u00f3n siempre con los colectivos m\u00e1s vulnerables, y tambi\u00e9n agradec\u00eda a todos los agentes sociales que d\u00eda a d\u00eda luchan con nosotros y nosotras por una sociedad m\u00e1s inclusiva.<\/p>\n","protected":false},"excerpt":{"rendered":"<p>La Confederaci\u00f3n Regional de entidades de personas con discapacidad f\u00edsica y org\u00e1nica, celebr\u00f3 este viernes su Asamblea General Ordinaria, en la que se conmemoraba el 5\u00ba Aniversario de la Confederaci\u00f3n. \u00a0 A trav\u00e9s de la Campa\u00f1a titulada \u201cS\u00ed, somos ONG\u201d, la entidad regional dar\u00e1 a conocer el trabajo que viene desarrollando desde 2017 en Castilla-La [&hellip;]<\/p>\n","protected":false},"author":1,"featured_media":4480,"comment_status":"open","ping_status":"open","sticky":false,"template":"","format":"standard","meta":{"_et_pb_use_builder":"","_et_pb_old_content":"","_et_gb_content_width":"","footnotes":""},"categories":[1],"tags":[],"yoast_head":"<!-- This site is optimized with the Yoast SEO plugin v21.3 - https:\/\/yoast.com\/wordpress\/plugins\/seo\/ -->\n<title>CLM INCLUSIVA COCEMFE CELEBRA SU 5\u00ba ANIVERSARIO CON EL LANZAMIENTO DE LA CAMPA\u00d1A \u201cS\u00cd, SOMOS ONG\u201d - Clm-Inclusiva<\/title>\n<meta name=\"robots\" content=\"index, follow, max-snippet:-1, max-image-preview:large, max-video-preview:-1\" \/>\n<link rel=\"canonical\" href=\"https:\/\/clm-inclusiva.org\/?p=4477\" \/>\n<meta property=\"og:locale\" content=\"es_ES\" \/>\n<meta property=\"og:type\" content=\"article\" \/>\n<meta property=\"og:title\" content=\"CLM INCLUSIVA COCEMFE CELEBRA SU 5\u00ba ANIVERSARIO CON EL LANZAMIENTO DE LA CAMPA\u00d1A \u201cS\u00cd, SOMOS ONG\u201d - Clm-Inclusiva\" \/>\n<meta property=\"og:description\" content=\"La Confederaci\u00f3n Regional de entidades de personas con discapacidad f\u00edsica y org\u00e1nica, celebr\u00f3 este viernes su Asamblea General Ordinaria, en la que se conmemoraba el 5\u00ba Aniversario de la Confederaci\u00f3n. \u00a0 A trav\u00e9s de la Campa\u00f1a titulada \u201cS\u00ed, somos ONG\u201d, la entidad regional dar\u00e1 a conocer el trabajo que viene desarrollando desde 2017 en Castilla-La [&hellip;]\" \/>\n<meta property=\"og:url\" content=\"https:\/\/clm-inclusiva.org\/?p=4477\" \/>\n<meta property=\"og:site_name\" content=\"Clm-Inclusiva\" \/>\n<meta property=\"article:publisher\" content=\"https:\/\/www.facebook.com\/castillalamancha.inclusiva\/\" \/>\n<meta property=\"article:published_time\" content=\"2022-06-13T12:56:41+00:00\" \/>\n<meta property=\"article:modified_time\" content=\"2022-06-14T06:44:58+00:00\" \/>\n<meta property=\"og:image\" content=\"https:\/\/clm-inclusiva.org\/wp-content\/uploads\/2022\/06\/Asamblea_Juani_Garc\u00eda.jpg\" \/>\n\t<meta property=\"og:image:width\" content=\"644\" \/>\n\t<meta property=\"og:image:height\" content=\"409\" \/>\n\t<meta property=\"og:image:type\" content=\"image\/jpeg\" \/>\n<meta name=\"author\" content=\"clm-inclusiva\" \/>\n<meta name=\"twitter:card\" content=\"summary_large_image\" \/>\n<meta name=\"twitter:creator\" content=\"@ClmInclusiva\" \/>\n<meta name=\"twitter:site\" content=\"@ClmInclusiva\" \/>\n<meta name=\"twitter:label1\" content=\"Escrito por\" \/>\n\t<meta name=\"twitter:data1\" content=\"clm-inclusiva\" \/>\n\t<meta name=\"twitter:label2\" content=\"Tiempo de lectura\" \/>\n\t<meta name=\"twitter:data2\" content=\"3 minutos\" \/>\n<script type=\"application\/ld+json\" class=\"yoast-schema-graph\">{\"@context\":\"https:\/\/schema.org\",\"@graph\":[{\"@type\":\"Article\",\"@id\":\"https:\/\/clm-inclusiva.org\/?p=4477#article\",\"isPartOf\":{\"@id\":\"https:\/\/clm-inclusiva.org\/?p=4477\"},\"author\":{\"name\":\"clm-inclusiva\",\"@id\":\"https:\/\/clm-inclusiva.org\/#\/schema\/person\/0cff84aaa5bb8fd3521c55d1578d902b\"},\"headline\":\"CLM INCLUSIVA COCEMFE CELEBRA SU 5\u00ba ANIVERSARIO CON EL LANZAMIENTO DE LA CAMPA\u00d1A \u201cS\u00cd, SOMOS ONG\u201d\",\"datePublished\":\"2022-06-13T12:56:41+00:00\",\"dateModified\":\"2022-06-14T06:44:58+00:00\",\"mainEntityOfPage\":{\"@id\":\"https:\/\/clm-inclusiva.org\/?p=4477\"},\"wordCount\":524,\"commentCount\":0,\"publisher\":{\"@id\":\"https:\/\/clm-inclusiva.org\/#organization\"},\"inLanguage\":\"es\",\"potentialAction\":[{\"@type\":\"CommentAction\",\"name\":\"Comment\",\"target\":[\"https:\/\/clm-inclusiva.org\/?p=4477#respond\"]}]},{\"@type\":\"WebPage\",\"@id\":\"https:\/\/clm-inclusiva.org\/?p=4477\",\"url\":\"https:\/\/clm-inclusiva.org\/?p=4477\",\"name\":\"CLM INCLUSIVA COCEMFE CELEBRA SU 5\u00ba ANIVERSARIO CON EL LANZAMIENTO DE LA CAMPA\u00d1A \u201cS\u00cd, SOMOS ONG\u201d - Clm-Inclusiva\",\"isPartOf\":{\"@id\":\"https:\/\/clm-inclusiva.org\/#website\"},\"datePublished\":\"2022-06-13T12:56:41+00:00\",\"dateModified\":\"2022-06-14T06:44:58+00:00\",\"breadcrumb\":{\"@id\":\"https:\/\/clm-inclusiva.org\/?p=4477#breadcrumb\"},\"inLanguage\":\"es\",\"potentialAction\":[{\"@type\":\"ReadAction\",\"target\":[\"https:\/\/clm-inclusiva.org\/?p=4477\"]}]},{\"@type\":\"BreadcrumbList\",\"@id\":\"https:\/\/clm-inclusiva.org\/?p=4477#breadcrumb\",\"itemListElement\":[{\"@type\":\"ListItem\",\"position\":1,\"name\":\"Portada\",\"item\":\"https:\/\/clm-inclusiva.org\/\"},{\"@type\":\"ListItem\",\"position\":2,\"name\":\"CLM INCLUSIVA COCEMFE CELEBRA SU 5\u00ba ANIVERSARIO CON EL LANZAMIENTO DE LA CAMPA\u00d1A \u201cS\u00cd, SOMOS ONG\u201d\"}]},{\"@type\":\"WebSite\",\"@id\":\"https:\/\/clm-inclusiva.org\/#website\",\"url\":\"https:\/\/clm-inclusiva.org\/\",\"name\":\"Clm-Inclusiva\",\"description\":\"Confederaci\u00f3n de entidades de personas con discapacidad f\u00edsica y org\u00e1nica CLM\",\"publisher\":{\"@id\":\"https:\/\/clm-inclusiva.org\/#organization\"},\"potentialAction\":[{\"@type\":\"SearchAction\",\"target\":{\"@type\":\"EntryPoint\",\"urlTemplate\":\"https:\/\/clm-inclusiva.org\/?s={search_term_string}\"},\"query-input\":\"required name=search_term_string\"}],\"inLanguage\":\"es\"},{\"@type\":\"Organization\",\"@id\":\"https:\/\/clm-inclusiva.org\/#organization\",\"name\":\"Clm-Inclusiva\",\"url\":\"https:\/\/clm-inclusiva.org\/\",\"logo\":{\"@type\":\"ImageObject\",\"inLanguage\":\"es\",\"@id\":\"https:\/\/clm-inclusiva.org\/#\/schema\/logo\/image\/\",\"url\":\"http:\/\/clm-inclusiva.org\/wp-content\/uploads\/2019\/04\/banner-e1533720812836.jpg\",\"contentUrl\":\"http:\/\/clm-inclusiva.org\/wp-content\/uploads\/2019\/04\/banner-e1533720812836.jpg\",\"width\":600,\"height\":332,\"caption\":\"Clm-Inclusiva\"},\"image\":{\"@id\":\"https:\/\/clm-inclusiva.org\/#\/schema\/logo\/image\/\"},\"sameAs\":[\"https:\/\/www.facebook.com\/castillalamancha.inclusiva\/\",\"https:\/\/twitter.com\/ClmInclusiva\"]},{\"@type\":\"Person\",\"@id\":\"https:\/\/clm-inclusiva.org\/#\/schema\/person\/0cff84aaa5bb8fd3521c55d1578d902b\",\"name\":\"clm-inclusiva\",\"image\":{\"@type\":\"ImageObject\",\"inLanguage\":\"es\",\"@id\":\"https:\/\/clm-inclusiva.org\/#\/schema\/person\/image\/\",\"url\":\"https:\/\/secure.gravatar.com\/avatar\/88948567af770dc9cd5597b329011884?s=96&d=blank&r=g\",\"contentUrl\":\"https:\/\/secure.gravatar.com\/avatar\/88948567af770dc9cd5597b329011884?s=96&d=blank&r=g\",\"caption\":\"clm-inclusiva\"},\"sameAs\":[\"http:\/\/clm-inclusiva.org\"],\"url\":\"https:\/\/clm-inclusiva.org\/?author=1\"}]}<\/script>\n<!-- \/ Yoast SEO plugin. -->","yoast_head_json":{"title":"CLM INCLUSIVA COCEMFE CELEBRA SU 5\u00ba ANIVERSARIO CON EL LANZAMIENTO DE LA CAMPA\u00d1A \u201cS\u00cd, SOMOS ONG\u201d - Clm-Inclusiva","robots":{"index":"index","follow":"follow","max-snippet":"max-snippet:-1","max-image-preview":"max-image-preview:large","max-video-preview":"max-video-preview:-1"},"canonical":"https:\/\/clm-inclusiva.org\/?p=4477","og_locale":"es_ES","og_type":"article","og_title":"CLM INCLUSIVA COCEMFE CELEBRA SU 5\u00ba ANIVERSARIO CON EL LANZAMIENTO DE LA CAMPA\u00d1A \u201cS\u00cd, SOMOS ONG\u201d - Clm-Inclusiva","og_description":"La Confederaci\u00f3n Regional de entidades de personas con discapacidad f\u00edsica y org\u00e1nica, celebr\u00f3 este viernes su Asamblea General Ordinaria, en la que se conmemoraba el 5\u00ba Aniversario de la Confederaci\u00f3n. \u00a0 A trav\u00e9s de la Campa\u00f1a titulada \u201cS\u00ed, somos ONG\u201d, la entidad regional dar\u00e1 a conocer el trabajo que viene desarrollando desde 2017 en Castilla-La [&hellip;]","og_url":"https:\/\/clm-inclusiva.org\/?p=4477","og_site_name":"Clm-Inclusiva","article_publisher":"https:\/\/www.facebook.com\/castillalamancha.inclusiva\/","article_published_time":"2022-06-13T12:56:41+00:00","article_modified_time":"2022-06-14T06:44:58+00:00","og_image":[{"width":644,"height":409,"url":"https:\/\/clm-inclusiva.org\/wp-content\/uploads\/2022\/06\/Asamblea_Juani_Garc\u00eda.jpg","type":"image\/jpeg"}],"author":"clm-inclusiva","twitter_card":"summary_large_image","twitter_creator":"@ClmInclusiva","twitter_site":"@ClmInclusiva","twitter_misc":{"Escrito por":"clm-inclusiva","Tiempo de lectura":"3 minutos"},"schema":{"@context":"https:\/\/schema.org","@graph":[{"@type":"Article","@id":"https:\/\/clm-inclusiva.org\/?p=4477#article","isPartOf":{"@id":"https:\/\/clm-inclusiva.org\/?p=4477"},"author":{"name":"clm-inclusiva","@id":"https:\/\/clm-inclusiva.org\/#\/schema\/person\/0cff84aaa5bb8fd3521c55d1578d902b"},"headline":"CLM INCLUSIVA COCEMFE CELEBRA SU 5\u00ba ANIVERSARIO CON EL LANZAMIENTO DE LA CAMPA\u00d1A \u201cS\u00cd, SOMOS ONG\u201d","datePublished":"2022-06-13T12:56:41+00:00","dateModified":"2022-06-14T06:44:58+00:00","mainEntityOfPage":{"@id":"https:\/\/clm-inclusiva.org\/?p=4477"},"wordCount":524,"commentCount":0,"publisher":{"@id":"https:\/\/clm-inclusiva.org\/#organization"},"inLanguage":"es","potentialAction":[{"@type":"CommentAction","name":"Comment","target":["https:\/\/clm-inclusiva.org\/?p=4477#respond"]}]},{"@type":"WebPage","@id":"https:\/\/clm-inclusiva.org\/?p=4477","url":"https:\/\/clm-inclusiva.org\/?p=4477","name":"CLM INCLUSIVA COCEMFE CELEBRA SU 5\u00ba ANIVERSARIO CON EL LANZAMIENTO DE LA CAMPA\u00d1A \u201cS\u00cd, SOMOS ONG\u201d - Clm-Inclusiva","isPartOf":{"@id":"https:\/\/clm-inclusiva.org\/#website"},"datePublished":"2022-06-13T12:56:41+00:00","dateModified":"2022-06-14T06:44:58+00:00","breadcrumb":{"@id":"https:\/\/clm-inclusiva.org\/?p=4477#breadcrumb"},"inLanguage":"es","potentialAction":[{"@type":"ReadAction","target":["https:\/\/clm-inclusiva.org\/?p=4477"]}]},{"@type":"BreadcrumbList","@id":"https:\/\/clm-inclusiva.org\/?p=4477#breadcrumb","itemListElement":[{"@type":"ListItem","position":1,"name":"Portada","item":"https:\/\/clm-inclusiva.org\/"},{"@type":"ListItem","position":2,"name":"CLM INCLUSIVA COCEMFE CELEBRA SU 5\u00ba ANIVERSARIO CON EL LANZAMIENTO DE LA CAMPA\u00d1A \u201cS\u00cd, SOMOS ONG\u201d"}]},{"@type":"WebSite","@id":"https:\/\/clm-inclusiva.org\/#website","url":"https:\/\/clm-inclusiva.org\/","name":"Clm-Inclusiva","description":"Confederaci\u00f3n de entidades de personas con discapacidad f\u00edsica y org\u00e1nica CLM","publisher":{"@id":"https:\/\/clm-inclusiva.org\/#organization"},"potentialAction":[{"@type":"SearchAction","target":{"@type":"EntryPoint","urlTemplate":"https:\/\/clm-inclusiva.org\/?s={search_term_string}"},"query-input":"required name=search_term_string"}],"inLanguage":"es"},{"@type":"Organization","@id":"https:\/\/clm-inclusiva.org\/#organization","name":"Clm-Inclusiva","url":"https:\/\/clm-inclusiva.org\/","logo":{"@type":"ImageObject","inLanguage":"es","@id":"https:\/\/clm-inclusiva.org\/#\/schema\/logo\/image\/","url":"http:\/\/clm-inclusiva.org\/wp-content\/uploads\/2019\/04\/banner-e1533720812836.jpg","contentUrl":"http:\/\/clm-inclusiva.org\/wp-content\/uploads\/2019\/04\/banner-e1533720812836.jpg","width":600,"height":332,"caption":"Clm-Inclusiva"},"image":{"@id":"https:\/\/clm-inclusiva.org\/#\/schema\/logo\/image\/"},"sameAs":["https:\/\/www.facebook.com\/castillalamancha.inclusiva\/","https:\/\/twitter.com\/ClmInclusiva"]},{"@type":"Person","@id":"https:\/\/clm-inclusiva.org\/#\/schema\/person\/0cff84aaa5bb8fd3521c55d1578d902b","name":"clm-inclusiva","image":{"@type":"ImageObject","inLanguage":"es","@id":"https:\/\/clm-inclusiva.org\/#\/schema\/person\/image\/","url":"https:\/\/secure.gravatar.com\/avatar\/88948567af770dc9cd5597b329011884?s=96&d=blank&r=g","contentUrl":"https:\/\/secure.gravatar.com\/avatar\/88948567af770dc9cd5597b329011884?s=96&d=blank&r=g","caption":"clm-inclusiva"},"sameAs":["http:\/\/clm-inclusiva.org"],"url":"https:\/\/clm-inclusiva.org\/?author=1"}]}},"_links":{"self":[{"href":"https:\/\/clm-inclusiva.org\/index.php?rest_route=\/wp\/v2\/posts\/4477"}],"collection":[{"href":"https:\/\/clm-inclusiva.org\/index.php?rest_route=\/wp\/v2\/posts"}],"about":[{"href":"https:\/\/clm-inclusiva.org\/index.php?rest_route=\/wp\/v2\/types\/post"}],"author":[{"embeddable":true,"href":"https:\/\/clm-inclusiva.org\/index.php?rest_route=\/wp\/v2\/users\/1"}],"replies":[{"embeddable":true,"href":"https:\/\/clm-inclusiva.org\/index.php?rest_route=%2Fwp%2Fv2%2Fcomments&post=4477"}],"version-history":[{"count":1,"href":"https:\/\/clm-inclusiva.org\/index.php?rest_route=\/wp\/v2\/posts\/4477\/revisions"}],"predecessor-version":[{"id":4479,"href":"https:\/\/clm-inclusiva.org\/index.php?rest_route=\/wp\/v2\/posts\/4477\/revisions\/4479"}],"wp:featuredmedia":[{"embeddable":true,"href":"https:\/\/clm-inclusiva.org\/index.php?rest_route=\/wp\/v2\/media\/4480"}],"wp:attachment":[{"href":"https:\/\/clm-inclusiva.org\/index.php?rest_route=%2Fwp%2Fv2%2Fmedia&parent=4477"}],"wp:term":[{"taxonomy":"category","embeddable":true,"href":"https:\/\/clm-inclusiva.org\/index.php?rest_route=%2Fwp%2Fv2%2Fcategories&post=4477"},{"taxonomy":"post_tag","embeddable":true,"href":"https:\/\/clm-inclusiva.org\/index.php?rest_route=%2Fwp%2Fv2%2Ftags&post=4477"}],"curies":[{"name":"wp","href":"https:\/\/api.w.org\/{rel}","templated":true}]}}