{"id":4472,"date":"2022-05-25T14:56:50","date_gmt":"2022-05-25T12:56:50","guid":{"rendered":"http:\/\/clm-inclusiva.org\/?p=4472"},"modified":"2022-05-25T14:58:29","modified_gmt":"2022-05-25T12:58:29","slug":"clm-inclusiva-cocemfe-condena-la-falta-de-respeto-hacia-las-personas-con-discapacidad-en-las-cortes-de-castilla-y-leon","status":"publish","type":"post","link":"https:\/\/clm-inclusiva.org\/?p=4472","title":{"rendered":"CLM Inclusiva COCEMFE condena la falta de respeto hacia las personas con discapacidad en las Cortes de Castilla y Le\u00f3n"},"content":{"rendered":"<ul>\n<li style=\"text-align: justify\"><strong>CLM Inclusiva COCEMFE<\/strong> rechaza frontalmente el trato discriminatorio e irrespetuoso del vicepresidente de la Junta de Castilla y Le\u00f3n, Juan Garc\u00eda-Gallardo, a la procuradora Noelia de Frutos al decir que la responder\u00eda \u201ccomo si fuera una persona como todas las dem\u00e1s\u201d<\/li>\n<\/ul>\n<p style=\"text-align: justify\">\n<ul style=\"text-align: justify\">\n<li>El presidente de COCEMFE nacional, Anxo Queiruga, rechaza la condescendencia y considera que es intolerable la falta de respeto, el trato vejatorio y la discriminaci\u00f3n de un representante p\u00fablico hacia este grupo social<\/li>\n<\/ul>\n<p style=\"text-align: justify\">\n<ul>\n<li style=\"text-align: justify\"><strong>CLM Inclusiva COCEMFE<\/strong> exige una rectificaci\u00f3n y medidas adecuadas para que este ataque contra la dignidad no vuelva a ocurrir en ning\u00fan sector de la sociedad, pero especialmente en los\/as representantes pol\u00edticos<\/li>\n<\/ul>\n<p>(Toledo, 25 de mayo de 2022)<\/p>\n<p style=\"text-align: justify\"><strong>CLM Inclusiva COCEMFE<\/strong> junto a COCEMFE Nacional y su Movimiento Asociativo, muestra su <strong>rechazo frontal al trato discriminatorio e irrespetuoso hacia las personas con discapacidad en general, y las mujeres con discapacidad en particular<\/strong>, ocurrido ayer en las Cortes de Castilla y Le\u00f3n durante la intervenci\u00f3n del vicepresidente de la Junta, Juan Garc\u00eda-Gallardo.<\/p>\n<p style=\"text-align: justify\"><strong>CLM Inclusiva COCEMFE<\/strong> denuncia as\u00ed las palabras de Garc\u00eda-Gallardo, quien refiri\u00e9ndose a la procuradora socialista Noelia Frutos, usuaria de silla de ruedas, le dijo \u201cno voy a tratar con ninguna condescendencia sus faltas de respeto y <strong>le voy a responder como si fuera una persona como todas las dem\u00e1s<\/strong>&#8220;.<\/p>\n<p style=\"text-align: justify\">Para Enrique Alarc\u00f3n Garc\u00eda, Presidente de CLM Inclusiva COCEMFE, \u201cEsta respuesta demuestra el <strong>profundo desconocimiento de un representante p\u00fablico sobre la discapacidad y el largo camino que queda por recorrer<\/strong> en t\u00e9rminos de inclusi\u00f3n y trato adecuado hacia las personas con discapacidad\u201d, a\u00f1adiendo que desde CLM Inclusiva COCEMFE \u201crechazamos la condescendencia y consideramos que <strong>es intolerable la falta de respeto, el trato vejatorio y la discriminaci\u00f3n de un representante p\u00fablico hacia nuestro grupo social<\/strong>\u201d.<\/p>\n<p style=\"text-align: justify\">En palabras de Anxo Queiruga, Presidente de COCEMFE, \u201c<strong>reclamamos un trato en igualdad de condiciones, sobre todo viniendo de personas que tienen un cargo p\u00fablico de responsabilidad <\/strong>como es la vicepresidencia de una comunidad aut\u00f3noma de quien se espera tener la suficiente formaci\u00f3n y educaci\u00f3n como para que estas situaciones, de ninguna manera, vuelvan a producirse\u201d, reivindica Queiruga, al tiempo que exige \u201cuna <strong>rectificaci\u00f3n y medidas adecuadas para que este ataque contra la dignidad no vuelva a ocurrir<\/strong> en ning\u00fan sector de la sociedad, pero especialmente en los representantes pol\u00edticos\u201d.<\/p>\n<p style=\"text-align: justify\">Asimismo, Queiruga argumenta que \u201c<strong>un trato adecuado y una conducta inclusiva implican una relaci\u00f3n entre iguales<\/strong>, dejando en segundo plano las circunstancias personales relacionadas con la discapacidad y, sobre todo, no poner en duda el valor de nuestra vida ni la dignidad como personas, como parte de la ciudadan\u00eda y con los mismos derechos y libertades\u201d.<\/p>\n<p style=\"text-align: justify\">La pregunta de la procuradora ten\u00eda su origen en unas afirmaciones de <strong>Garc\u00eda-Gallardo hace unas semanas, cuando argument\u00f3 que las mujeres no necesitan que se las trate &#8220;como discapacitadas&#8221; <\/strong>aplicando cuotas en el \u00e1mbito laboral, por lo que ahora la representante socialista le ha preguntado por &#8220;c\u00f3mo cree que hay que tratar a las mujeres con discapacidad&#8221;.<\/p>\n<p style=\"text-align: justify\">A esta pregunta, el vicepresidente de la Junta ha respondido \u201cigual de bien que a los hombres con discapacidad\u201d, <strong>mostrando un profundo desconocimiento sobre la realidad y especificidades de las mujeres con discapacidad<\/strong> y la situaci\u00f3n de mayor vulneraci\u00f3n de derechos a la que se enfrentan a diario.<\/p>\n<p style=\"text-align: justify\">\u201c<strong>Las medidas de discriminaci\u00f3n positiva<\/strong>, todav\u00eda necesarias en una sociedad donde las barreras impiden la participaci\u00f3n de nuestro colectivo en igualdad de condiciones,<strong> siguen siendo imprescindibles para favorecer la equidad<\/strong>\u201d, se\u00f1ala el presidente de COCEMFE nacional, que incide en que \u201cy si son necesarias para las personas con discapacidad, <strong>a\u00fan lo son m\u00e1s cuando son dirigidas a mujeres y ni\u00f1as con discapacidad, por todos los factores de discriminaci\u00f3n interseccional a los que se enfrentan,<\/strong> tanto en cuestiones relacionadas con violencia, como de acceso al empleo, educaci\u00f3n, sanidad, servicios sociales, ayudas y prestaciones p\u00fablicas, vivienda y autonom\u00eda personal\u201d.<\/p>\n<p style=\"text-align: justify\">En este sentido, <strong>CLM Inclusiva COCEMFE<\/strong>, junto a COCEMFE Nacional y su Movimiento Asociativo, anima a toda la ciudadan\u00eda, y especialmente a los\/as representantes pol\u00edticos, a <strong>consultar el <\/strong><a href=\"https:\/\/www.cocemfe.es\/wp-content\/uploads\/2019\/02\/20181010_COCEMFE_Lenguaje_inclusivo.pdf\"><strong>Manual de Lenguaje Inclusivo<\/strong><\/a><strong> de COCEMFE nacional para saber c\u00f3mo utilizar un lenguaje correcto, respetuoso y consensuado<\/strong> para referirse a las personas con discapacidad f\u00edsica y org\u00e1nica, as\u00ed como sus <a href=\"https:\/\/www.cocemfe.es\/informate\/noticias\/category\/publicaciones\/mujer-e-igualdad\/\">publicaciones sobre mujer e igualdad<\/a>, que permiten profundizar en la realidad de las mujeres con discapacidad y conocer las propuestas de la organizaci\u00f3n para promover su inclusi\u00f3n social y participaci\u00f3n activa.<\/p>\n<p style=\"text-align: justify\">De igual modo, <strong>CLM Inclusiva COCEMFE<\/strong>, COCEMFE Nacional y su Movimiento Asociativo recuerdan que est\u00e1n a disposici\u00f3n de todas las administraciones, instituciones, empresas, agentes sociales y cualquier persona que necesite apoyo a la hora de incorporar a las personas con discapacidad en cualquier l\u00ednea de acci\u00f3n.<\/p>\n","protected":false},"excerpt":{"rendered":"<p>CLM Inclusiva COCEMFE rechaza frontalmente el trato discriminatorio e irrespetuoso del vicepresidente de la Junta de Castilla y Le\u00f3n, Juan Garc\u00eda-Gallardo, a la procuradora Noelia de Frutos al decir que la responder\u00eda \u201ccomo si fuera una persona como todas las dem\u00e1s\u201d El presidente de COCEMFE nacional, Anxo Queiruga, rechaza la condescendencia y considera que es [&hellip;]<\/p>\n","protected":false},"author":1,"featured_media":0,"comment_status":"open","ping_status":"open","sticky":false,"template":"","format":"standard","meta":{"_et_pb_use_builder":"","_et_pb_old_content":"","_et_gb_content_width":"","footnotes":""},"categories":[1],"tags":[],"yoast_head":"<!-- This site is optimized with the Yoast SEO plugin v21.3 - https:\/\/yoast.com\/wordpress\/plugins\/seo\/ -->\n<title>CLM Inclusiva COCEMFE condena la falta de respeto hacia las personas con discapacidad en las Cortes de Castilla y Le\u00f3n - Clm-Inclusiva<\/title>\n<meta name=\"robots\" content=\"index, follow, max-snippet:-1, max-image-preview:large, max-video-preview:-1\" \/>\n<link rel=\"canonical\" href=\"https:\/\/clm-inclusiva.org\/?p=4472\" \/>\n<meta property=\"og:locale\" content=\"es_ES\" \/>\n<meta property=\"og:type\" content=\"article\" \/>\n<meta property=\"og:title\" content=\"CLM Inclusiva COCEMFE condena la falta de respeto hacia las personas con discapacidad en las Cortes de Castilla y Le\u00f3n - Clm-Inclusiva\" \/>\n<meta property=\"og:description\" content=\"CLM Inclusiva COCEMFE rechaza frontalmente el trato discriminatorio e irrespetuoso del vicepresidente de la Junta de Castilla y Le\u00f3n, Juan Garc\u00eda-Gallardo, a la procuradora Noelia de Frutos al decir que la responder\u00eda \u201ccomo si fuera una persona como todas las dem\u00e1s\u201d El presidente de COCEMFE nacional, Anxo Queiruga, rechaza la condescendencia y considera que es [&hellip;]\" \/>\n<meta property=\"og:url\" content=\"https:\/\/clm-inclusiva.org\/?p=4472\" \/>\n<meta property=\"og:site_name\" content=\"Clm-Inclusiva\" \/>\n<meta property=\"article:publisher\" content=\"https:\/\/www.facebook.com\/castillalamancha.inclusiva\/\" \/>\n<meta property=\"article:published_time\" content=\"2022-05-25T12:56:50+00:00\" \/>\n<meta property=\"article:modified_time\" content=\"2022-05-25T12:58:29+00:00\" \/>\n<meta name=\"author\" content=\"clm-inclusiva\" \/>\n<meta name=\"twitter:card\" content=\"summary_large_image\" \/>\n<meta name=\"twitter:creator\" content=\"@ClmInclusiva\" \/>\n<meta name=\"twitter:site\" content=\"@ClmInclusiva\" \/>\n<meta name=\"twitter:label1\" content=\"Escrito por\" \/>\n\t<meta name=\"twitter:data1\" content=\"clm-inclusiva\" \/>\n\t<meta name=\"twitter:label2\" content=\"Tiempo de lectura\" \/>\n\t<meta name=\"twitter:data2\" content=\"4 minutos\" \/>\n<script type=\"application\/ld+json\" class=\"yoast-schema-graph\">{\"@context\":\"https:\/\/schema.org\",\"@graph\":[{\"@type\":\"Article\",\"@id\":\"https:\/\/clm-inclusiva.org\/?p=4472#article\",\"isPartOf\":{\"@id\":\"https:\/\/clm-inclusiva.org\/?p=4472\"},\"author\":{\"name\":\"clm-inclusiva\",\"@id\":\"https:\/\/clm-inclusiva.org\/#\/schema\/person\/0cff84aaa5bb8fd3521c55d1578d902b\"},\"headline\":\"CLM Inclusiva COCEMFE condena la falta de respeto hacia las personas con discapacidad en las Cortes de Castilla y Le\u00f3n\",\"datePublished\":\"2022-05-25T12:56:50+00:00\",\"dateModified\":\"2022-05-25T12:58:29+00:00\",\"mainEntityOfPage\":{\"@id\":\"https:\/\/clm-inclusiva.org\/?p=4472\"},\"wordCount\":852,\"commentCount\":0,\"publisher\":{\"@id\":\"https:\/\/clm-inclusiva.org\/#organization\"},\"inLanguage\":\"es\",\"potentialAction\":[{\"@type\":\"CommentAction\",\"name\":\"Comment\",\"target\":[\"https:\/\/clm-inclusiva.org\/?p=4472#respond\"]}]},{\"@type\":\"WebPage\",\"@id\":\"https:\/\/clm-inclusiva.org\/?p=4472\",\"url\":\"https:\/\/clm-inclusiva.org\/?p=4472\",\"name\":\"CLM Inclusiva COCEMFE condena la falta de respeto hacia las personas con discapacidad en las Cortes de Castilla y Le\u00f3n - Clm-Inclusiva\",\"isPartOf\":{\"@id\":\"https:\/\/clm-inclusiva.org\/#website\"},\"datePublished\":\"2022-05-25T12:56:50+00:00\",\"dateModified\":\"2022-05-25T12:58:29+00:00\",\"breadcrumb\":{\"@id\":\"https:\/\/clm-inclusiva.org\/?p=4472#breadcrumb\"},\"inLanguage\":\"es\",\"potentialAction\":[{\"@type\":\"ReadAction\",\"target\":[\"https:\/\/clm-inclusiva.org\/?p=4472\"]}]},{\"@type\":\"BreadcrumbList\",\"@id\":\"https:\/\/clm-inclusiva.org\/?p=4472#breadcrumb\",\"itemListElement\":[{\"@type\":\"ListItem\",\"position\":1,\"name\":\"Portada\",\"item\":\"https:\/\/clm-inclusiva.org\/\"},{\"@type\":\"ListItem\",\"position\":2,\"name\":\"CLM Inclusiva COCEMFE condena la falta de respeto hacia las personas con discapacidad en las Cortes de Castilla y Le\u00f3n\"}]},{\"@type\":\"WebSite\",\"@id\":\"https:\/\/clm-inclusiva.org\/#website\",\"url\":\"https:\/\/clm-inclusiva.org\/\",\"name\":\"Clm-Inclusiva\",\"description\":\"Confederaci\u00f3n de entidades de personas con discapacidad f\u00edsica y org\u00e1nica CLM\",\"publisher\":{\"@id\":\"https:\/\/clm-inclusiva.org\/#organization\"},\"potentialAction\":[{\"@type\":\"SearchAction\",\"target\":{\"@type\":\"EntryPoint\",\"urlTemplate\":\"https:\/\/clm-inclusiva.org\/?s={search_term_string}\"},\"query-input\":\"required name=search_term_string\"}],\"inLanguage\":\"es\"},{\"@type\":\"Organization\",\"@id\":\"https:\/\/clm-inclusiva.org\/#organization\",\"name\":\"Clm-Inclusiva\",\"url\":\"https:\/\/clm-inclusiva.org\/\",\"logo\":{\"@type\":\"ImageObject\",\"inLanguage\":\"es\",\"@id\":\"https:\/\/clm-inclusiva.org\/#\/schema\/logo\/image\/\",\"url\":\"http:\/\/clm-inclusiva.org\/wp-content\/uploads\/2019\/04\/banner-e1533720812836.jpg\",\"contentUrl\":\"http:\/\/clm-inclusiva.org\/wp-content\/uploads\/2019\/04\/banner-e1533720812836.jpg\",\"width\":600,\"height\":332,\"caption\":\"Clm-Inclusiva\"},\"image\":{\"@id\":\"https:\/\/clm-inclusiva.org\/#\/schema\/logo\/image\/\"},\"sameAs\":[\"https:\/\/www.facebook.com\/castillalamancha.inclusiva\/\",\"https:\/\/twitter.com\/ClmInclusiva\"]},{\"@type\":\"Person\",\"@id\":\"https:\/\/clm-inclusiva.org\/#\/schema\/person\/0cff84aaa5bb8fd3521c55d1578d902b\",\"name\":\"clm-inclusiva\",\"image\":{\"@type\":\"ImageObject\",\"inLanguage\":\"es\",\"@id\":\"https:\/\/clm-inclusiva.org\/#\/schema\/person\/image\/\",\"url\":\"https:\/\/secure.gravatar.com\/avatar\/88948567af770dc9cd5597b329011884?s=96&d=blank&r=g\",\"contentUrl\":\"https:\/\/secure.gravatar.com\/avatar\/88948567af770dc9cd5597b329011884?s=96&d=blank&r=g\",\"caption\":\"clm-inclusiva\"},\"sameAs\":[\"http:\/\/clm-inclusiva.org\"],\"url\":\"https:\/\/clm-inclusiva.org\/?author=1\"}]}<\/script>\n<!-- \/ Yoast SEO plugin. -->","yoast_head_json":{"title":"CLM Inclusiva COCEMFE condena la falta de respeto hacia las personas con discapacidad en las Cortes de Castilla y Le\u00f3n - Clm-Inclusiva","robots":{"index":"index","follow":"follow","max-snippet":"max-snippet:-1","max-image-preview":"max-image-preview:large","max-video-preview":"max-video-preview:-1"},"canonical":"https:\/\/clm-inclusiva.org\/?p=4472","og_locale":"es_ES","og_type":"article","og_title":"CLM Inclusiva COCEMFE condena la falta de respeto hacia las personas con discapacidad en las Cortes de Castilla y Le\u00f3n - Clm-Inclusiva","og_description":"CLM Inclusiva COCEMFE rechaza frontalmente el trato discriminatorio e irrespetuoso del vicepresidente de la Junta de Castilla y Le\u00f3n, Juan Garc\u00eda-Gallardo, a la procuradora Noelia de Frutos al decir que la responder\u00eda \u201ccomo si fuera una persona como todas las dem\u00e1s\u201d El presidente de COCEMFE nacional, Anxo Queiruga, rechaza la condescendencia y considera que es [&hellip;]","og_url":"https:\/\/clm-inclusiva.org\/?p=4472","og_site_name":"Clm-Inclusiva","article_publisher":"https:\/\/www.facebook.com\/castillalamancha.inclusiva\/","article_published_time":"2022-05-25T12:56:50+00:00","article_modified_time":"2022-05-25T12:58:29+00:00","author":"clm-inclusiva","twitter_card":"summary_large_image","twitter_creator":"@ClmInclusiva","twitter_site":"@ClmInclusiva","twitter_misc":{"Escrito por":"clm-inclusiva","Tiempo de lectura":"4 minutos"},"schema":{"@context":"https:\/\/schema.org","@graph":[{"@type":"Article","@id":"https:\/\/clm-inclusiva.org\/?p=4472#article","isPartOf":{"@id":"https:\/\/clm-inclusiva.org\/?p=4472"},"author":{"name":"clm-inclusiva","@id":"https:\/\/clm-inclusiva.org\/#\/schema\/person\/0cff84aaa5bb8fd3521c55d1578d902b"},"headline":"CLM Inclusiva COCEMFE condena la falta de respeto hacia las personas con discapacidad en las Cortes de Castilla y Le\u00f3n","datePublished":"2022-05-25T12:56:50+00:00","dateModified":"2022-05-25T12:58:29+00:00","mainEntityOfPage":{"@id":"https:\/\/clm-inclusiva.org\/?p=4472"},"wordCount":852,"commentCount":0,"publisher":{"@id":"https:\/\/clm-inclusiva.org\/#organization"},"inLanguage":"es","potentialAction":[{"@type":"CommentAction","name":"Comment","target":["https:\/\/clm-inclusiva.org\/?p=4472#respond"]}]},{"@type":"WebPage","@id":"https:\/\/clm-inclusiva.org\/?p=4472","url":"https:\/\/clm-inclusiva.org\/?p=4472","name":"CLM Inclusiva COCEMFE condena la falta de respeto hacia las personas con discapacidad en las Cortes de Castilla y Le\u00f3n - Clm-Inclusiva","isPartOf":{"@id":"https:\/\/clm-inclusiva.org\/#website"},"datePublished":"2022-05-25T12:56:50+00:00","dateModified":"2022-05-25T12:58:29+00:00","breadcrumb":{"@id":"https:\/\/clm-inclusiva.org\/?p=4472#breadcrumb"},"inLanguage":"es","potentialAction":[{"@type":"ReadAction","target":["https:\/\/clm-inclusiva.org\/?p=4472"]}]},{"@type":"BreadcrumbList","@id":"https:\/\/clm-inclusiva.org\/?p=4472#breadcrumb","itemListElement":[{"@type":"ListItem","position":1,"name":"Portada","item":"https:\/\/clm-inclusiva.org\/"},{"@type":"ListItem","position":2,"name":"CLM Inclusiva COCEMFE condena la falta de respeto hacia las personas con discapacidad en las Cortes de Castilla y Le\u00f3n"}]},{"@type":"WebSite","@id":"https:\/\/clm-inclusiva.org\/#website","url":"https:\/\/clm-inclusiva.org\/","name":"Clm-Inclusiva","description":"Confederaci\u00f3n de entidades de personas con discapacidad f\u00edsica y org\u00e1nica CLM","publisher":{"@id":"https:\/\/clm-inclusiva.org\/#organization"},"potentialAction":[{"@type":"SearchAction","target":{"@type":"EntryPoint","urlTemplate":"https:\/\/clm-inclusiva.org\/?s={search_term_string}"},"query-input":"required name=search_term_string"}],"inLanguage":"es"},{"@type":"Organization","@id":"https:\/\/clm-inclusiva.org\/#organization","name":"Clm-Inclusiva","url":"https:\/\/clm-inclusiva.org\/","logo":{"@type":"ImageObject","inLanguage":"es","@id":"https:\/\/clm-inclusiva.org\/#\/schema\/logo\/image\/","url":"http:\/\/clm-inclusiva.org\/wp-content\/uploads\/2019\/04\/banner-e1533720812836.jpg","contentUrl":"http:\/\/clm-inclusiva.org\/wp-content\/uploads\/2019\/04\/banner-e1533720812836.jpg","width":600,"height":332,"caption":"Clm-Inclusiva"},"image":{"@id":"https:\/\/clm-inclusiva.org\/#\/schema\/logo\/image\/"},"sameAs":["https:\/\/www.facebook.com\/castillalamancha.inclusiva\/","https:\/\/twitter.com\/ClmInclusiva"]},{"@type":"Person","@id":"https:\/\/clm-inclusiva.org\/#\/schema\/person\/0cff84aaa5bb8fd3521c55d1578d902b","name":"clm-inclusiva","image":{"@type":"ImageObject","inLanguage":"es","@id":"https:\/\/clm-inclusiva.org\/#\/schema\/person\/image\/","url":"https:\/\/secure.gravatar.com\/avatar\/88948567af770dc9cd5597b329011884?s=96&d=blank&r=g","contentUrl":"https:\/\/secure.gravatar.com\/avatar\/88948567af770dc9cd5597b329011884?s=96&d=blank&r=g","caption":"clm-inclusiva"},"sameAs":["http:\/\/clm-inclusiva.org"],"url":"https:\/\/clm-inclusiva.org\/?author=1"}]}},"_links":{"self":[{"href":"https:\/\/clm-inclusiva.org\/index.php?rest_route=\/wp\/v2\/posts\/4472"}],"collection":[{"href":"https:\/\/clm-inclusiva.org\/index.php?rest_route=\/wp\/v2\/posts"}],"about":[{"href":"https:\/\/clm-inclusiva.org\/index.php?rest_route=\/wp\/v2\/types\/post"}],"author":[{"embeddable":true,"href":"https:\/\/clm-inclusiva.org\/index.php?rest_route=\/wp\/v2\/users\/1"}],"replies":[{"embeddable":true,"href":"https:\/\/clm-inclusiva.org\/index.php?rest_route=%2Fwp%2Fv2%2Fcomments&post=4472"}],"version-history":[{"count":3,"href":"https:\/\/clm-inclusiva.org\/index.php?rest_route=\/wp\/v2\/posts\/4472\/revisions"}],"predecessor-version":[{"id":4475,"href":"https:\/\/clm-inclusiva.org\/index.php?rest_route=\/wp\/v2\/posts\/4472\/revisions\/4475"}],"wp:attachment":[{"href":"https:\/\/clm-inclusiva.org\/index.php?rest_route=%2Fwp%2Fv2%2Fmedia&parent=4472"}],"wp:term":[{"taxonomy":"category","embeddable":true,"href":"https:\/\/clm-inclusiva.org\/index.php?rest_route=%2Fwp%2Fv2%2Fcategories&post=4472"},{"taxonomy":"post_tag","embeddable":true,"href":"https:\/\/clm-inclusiva.org\/index.php?rest_route=%2Fwp%2Fv2%2Ftags&post=4472"}],"curies":[{"name":"wp","href":"https:\/\/api.w.org\/{rel}","templated":true}]}}