{"id":4450,"date":"2022-05-03T14:04:20","date_gmt":"2022-05-03T12:04:20","guid":{"rendered":"http:\/\/clm-inclusiva.org\/?p=4450"},"modified":"2022-05-03T14:08:19","modified_gmt":"2022-05-03T12:08:19","slug":"clm-inclusiva-cocemfe-denuncia-la-desesperante-espera-de-las-personas-con-discapacidad-para-tener-una-valoracion-adecuada","status":"publish","type":"post","link":"https:\/\/clm-inclusiva.org\/?p=4450","title":{"rendered":"CLM INCLUSIVA COCEMFE denuncia la desesperante espera de las personas con discapacidad para tener una valoraci\u00f3n adecuada"},"content":{"rendered":"<ul>\n<li style=\"text-align: justify\">CLM INCLUSIVA COCEMFE y su Movimiento Asociativo exigen terminar con las esperas de hasta 30 meses, dependiendo de la provincia en Castilla-La Mancha, de la solicitud hasta su resoluci\u00f3n.<\/li>\n<\/ul>\n<ul style=\"text-align: justify\">\n<li>La Confederaci\u00f3n Regional se une as\u00ed a la campa\u00f1a que desde COCEMFE Nacional denuncia la desesperante espera que miles de personas con discapacidad llevan viviendo desde hace a\u00f1os por una valoraci\u00f3n a tiempo y una baremaci\u00f3n actualizada.<\/li>\n<\/ul>\n<p style=\"text-align: justify\">(Albacete, 03 de mayo de 2022)<\/p>\n<p style=\"text-align: justify\">CLM Inclusiva COCEMFE se une a la campa\u00f1a que desde COCEMFE Nacional se denuncia la desesperante espera que miles de personas con discapacidad llevan viviendo desde hace a\u00f1os por una valoraci\u00f3n a tiempo y una baremaci\u00f3n actualizada.<\/p>\n<p style=\"text-align: justify\">Para ello, en un acto este martes frente a los ministerios de Sanidad y de Derechos Sociales y Agenda 2030, se ha formado una fila de personas para simbolizar y <strong>denunciar las intolerables esperas que deben asumir las personas con discapacidad para poder acceder a sus derechos<\/strong> debido a los retrasos existentes, tanto en la valoraci\u00f3n del grado de discapacidad, como en la implantaci\u00f3n del nuevo baremo de discapacidad.<\/p>\n<p style=\"text-align: justify\">Este acto, organizado con motivo del <strong>D\u00eda Nacional de la Convenci\u00f3n Internacional sobre los Derechos de las Personas con Discapacidad de Naciones Unidas<\/strong>, ha contado con la participaci\u00f3n de representantes de COCEMFE y su Movimiento Asociativo, quienes junto a las personas que actualmente permanecen a la espera de su valoraci\u00f3n o de que se renueve el baremo actual, han exigido terminar con esta situaci\u00f3n.<\/p>\n<p style=\"text-align: justify\">Durante sus intervenciones se ha denunciado que no recibir una valoraci\u00f3n o una revisi\u00f3n del grado de discapacidad a tiempo<strong> perjudica a las personas con discapacidad en el empleo, la educaci\u00f3n, la accesibilidad, la salud<\/strong> y tambi\u00e9n les impide acceder a prestaciones que compensan la desigualdad de oportunidades.<\/p>\n<p style=\"text-align: justify\">En concreto, COCEMFE y sus organizaciones han explicado que el tiempo de espera es variable dependiendo de la comunidad aut\u00f3noma en la que nos encontremos, pero incluso dentro de un mismo territorio o una misma provincia encontramos diferencias notables al respecto. <strong>En la misma ciudad puedes encontrar un tiempo de espera medio de 11 meses y personas que tardan hasta 36 meses en conseguir tener la valoraci\u00f3n<\/strong>.<\/p>\n<p style=\"text-align: justify\">En los casos m\u00e1s graves, <strong>hay personas que han fallecido antes de tener la resoluci\u00f3n<\/strong> y han tenido que estar durante todo ese tiempo de espera sin recibir apoyos en el momento en que m\u00e1s los necesitaban.<\/p>\n<p style=\"text-align: justify\">El Movimiento Asociativo de COCEMFE hace hincapi\u00e9 en la importancia de <strong>concreci\u00f3n y rapidez en estos tr\u00e1mites <\/strong>para saber si las personas con discapacidad van a tener acceso o no a ciertas prestaciones o medidas de apoyo.<\/p>\n<p style=\"text-align: justify\">A todo esto, se suma el nuevo baremo de discapacidad, cuya espera asciende a m\u00e1s de 20 a\u00f1os. En este sentido, han destacado la urgencia <strong>de poner en marcha el nuevo baremo del grado de discapacidad<\/strong>, el cual ha sido consensuado entre organizaciones, como COCEMFE, con el Gobierno y las comunidades aut\u00f3nomas.<\/p>\n<p style=\"text-align: justify\">Aunque <strong>el nuevo baremo no es ideal<\/strong>, porque no aporta certezas sobre su despliegue y no indica qu\u00e9 elementos va a incorporar frente a los grandes retrasos en la valoraci\u00f3n y revisi\u00f3n del grado de discapacidad y frente a la infradotaci\u00f3n de recursos en los servicios, que dificulta y condiciona la implantaci\u00f3n, <strong>es necesario que se ponga en marcha porque incorpora mejoras<\/strong> para el reconocimiento de situaciones vinculadas a la discapacidad org\u00e1nica, como la fatiga o el dolor, enfermedades reumatol\u00f3gicas o enfermedades que cursan con brote.<\/p>\n","protected":false},"excerpt":{"rendered":"<p>CLM INCLUSIVA COCEMFE y su Movimiento Asociativo exigen terminar con las esperas de hasta 30 meses, dependiendo de la provincia en Castilla-La Mancha, de la solicitud hasta su resoluci\u00f3n. La Confederaci\u00f3n Regional se une as\u00ed a la campa\u00f1a que desde COCEMFE Nacional denuncia la desesperante espera que miles de personas con discapacidad llevan viviendo desde [&hellip;]<\/p>\n","protected":false},"author":1,"featured_media":4452,"comment_status":"open","ping_status":"open","sticky":false,"template":"","format":"standard","meta":{"_et_pb_use_builder":"","_et_pb_old_content":"","_et_gb_content_width":"","footnotes":""},"categories":[1],"tags":[],"yoast_head":"<!-- This site is optimized with the Yoast SEO plugin v21.3 - https:\/\/yoast.com\/wordpress\/plugins\/seo\/ -->\n<title>CLM INCLUSIVA COCEMFE denuncia la desesperante espera de las personas con discapacidad para tener una valoraci\u00f3n adecuada - Clm-Inclusiva<\/title>\n<meta name=\"robots\" content=\"index, follow, max-snippet:-1, max-image-preview:large, max-video-preview:-1\" \/>\n<link rel=\"canonical\" href=\"https:\/\/clm-inclusiva.org\/?p=4450\" \/>\n<meta property=\"og:locale\" content=\"es_ES\" \/>\n<meta property=\"og:type\" content=\"article\" \/>\n<meta property=\"og:title\" content=\"CLM INCLUSIVA COCEMFE denuncia la desesperante espera de las personas con discapacidad para tener una valoraci\u00f3n adecuada - Clm-Inclusiva\" \/>\n<meta property=\"og:description\" content=\"CLM INCLUSIVA COCEMFE y su Movimiento Asociativo exigen terminar con las esperas de hasta 30 meses, dependiendo de la provincia en Castilla-La Mancha, de la solicitud hasta su resoluci\u00f3n. La Confederaci\u00f3n Regional se une as\u00ed a la campa\u00f1a que desde COCEMFE Nacional denuncia la desesperante espera que miles de personas con discapacidad llevan viviendo desde [&hellip;]\" \/>\n<meta property=\"og:url\" content=\"https:\/\/clm-inclusiva.org\/?p=4450\" \/>\n<meta property=\"og:site_name\" content=\"Clm-Inclusiva\" \/>\n<meta property=\"article:publisher\" content=\"https:\/\/www.facebook.com\/castillalamancha.inclusiva\/\" \/>\n<meta property=\"article:published_time\" content=\"2022-05-03T12:04:20+00:00\" \/>\n<meta property=\"article:modified_time\" content=\"2022-05-03T12:08:19+00:00\" \/>\n<meta property=\"og:image\" content=\"https:\/\/clm-inclusiva.org\/wp-content\/uploads\/2022\/05\/EsperaYDesespera-3-scaled.jpg\" \/>\n\t<meta property=\"og:image:width\" content=\"1920\" \/>\n\t<meta property=\"og:image:height\" content=\"2560\" \/>\n\t<meta property=\"og:image:type\" content=\"image\/jpeg\" \/>\n<meta name=\"author\" content=\"clm-inclusiva\" \/>\n<meta name=\"twitter:card\" content=\"summary_large_image\" \/>\n<meta name=\"twitter:creator\" content=\"@ClmInclusiva\" \/>\n<meta name=\"twitter:site\" content=\"@ClmInclusiva\" \/>\n<meta name=\"twitter:label1\" content=\"Escrito por\" \/>\n\t<meta name=\"twitter:data1\" content=\"clm-inclusiva\" \/>\n\t<meta name=\"twitter:label2\" content=\"Tiempo de lectura\" \/>\n\t<meta name=\"twitter:data2\" content=\"3 minutos\" \/>\n<script type=\"application\/ld+json\" class=\"yoast-schema-graph\">{\"@context\":\"https:\/\/schema.org\",\"@graph\":[{\"@type\":\"Article\",\"@id\":\"https:\/\/clm-inclusiva.org\/?p=4450#article\",\"isPartOf\":{\"@id\":\"https:\/\/clm-inclusiva.org\/?p=4450\"},\"author\":{\"name\":\"clm-inclusiva\",\"@id\":\"https:\/\/clm-inclusiva.org\/#\/schema\/person\/0cff84aaa5bb8fd3521c55d1578d902b\"},\"headline\":\"CLM INCLUSIVA COCEMFE denuncia la desesperante espera de las personas con discapacidad para tener una valoraci\u00f3n adecuada\",\"datePublished\":\"2022-05-03T12:04:20+00:00\",\"dateModified\":\"2022-05-03T12:08:19+00:00\",\"mainEntityOfPage\":{\"@id\":\"https:\/\/clm-inclusiva.org\/?p=4450\"},\"wordCount\":617,\"commentCount\":0,\"publisher\":{\"@id\":\"https:\/\/clm-inclusiva.org\/#organization\"},\"inLanguage\":\"es\",\"potentialAction\":[{\"@type\":\"CommentAction\",\"name\":\"Comment\",\"target\":[\"https:\/\/clm-inclusiva.org\/?p=4450#respond\"]}]},{\"@type\":\"WebPage\",\"@id\":\"https:\/\/clm-inclusiva.org\/?p=4450\",\"url\":\"https:\/\/clm-inclusiva.org\/?p=4450\",\"name\":\"CLM INCLUSIVA COCEMFE denuncia la desesperante espera de las personas con discapacidad para tener una valoraci\u00f3n adecuada - Clm-Inclusiva\",\"isPartOf\":{\"@id\":\"https:\/\/clm-inclusiva.org\/#website\"},\"datePublished\":\"2022-05-03T12:04:20+00:00\",\"dateModified\":\"2022-05-03T12:08:19+00:00\",\"breadcrumb\":{\"@id\":\"https:\/\/clm-inclusiva.org\/?p=4450#breadcrumb\"},\"inLanguage\":\"es\",\"potentialAction\":[{\"@type\":\"ReadAction\",\"target\":[\"https:\/\/clm-inclusiva.org\/?p=4450\"]}]},{\"@type\":\"BreadcrumbList\",\"@id\":\"https:\/\/clm-inclusiva.org\/?p=4450#breadcrumb\",\"itemListElement\":[{\"@type\":\"ListItem\",\"position\":1,\"name\":\"Portada\",\"item\":\"https:\/\/clm-inclusiva.org\/\"},{\"@type\":\"ListItem\",\"position\":2,\"name\":\"CLM INCLUSIVA COCEMFE denuncia la desesperante espera de las personas con discapacidad para tener una valoraci\u00f3n adecuada\"}]},{\"@type\":\"WebSite\",\"@id\":\"https:\/\/clm-inclusiva.org\/#website\",\"url\":\"https:\/\/clm-inclusiva.org\/\",\"name\":\"Clm-Inclusiva\",\"description\":\"Confederaci\u00f3n de entidades de personas con discapacidad f\u00edsica y org\u00e1nica CLM\",\"publisher\":{\"@id\":\"https:\/\/clm-inclusiva.org\/#organization\"},\"potentialAction\":[{\"@type\":\"SearchAction\",\"target\":{\"@type\":\"EntryPoint\",\"urlTemplate\":\"https:\/\/clm-inclusiva.org\/?s={search_term_string}\"},\"query-input\":\"required name=search_term_string\"}],\"inLanguage\":\"es\"},{\"@type\":\"Organization\",\"@id\":\"https:\/\/clm-inclusiva.org\/#organization\",\"name\":\"Clm-Inclusiva\",\"url\":\"https:\/\/clm-inclusiva.org\/\",\"logo\":{\"@type\":\"ImageObject\",\"inLanguage\":\"es\",\"@id\":\"https:\/\/clm-inclusiva.org\/#\/schema\/logo\/image\/\",\"url\":\"http:\/\/clm-inclusiva.org\/wp-content\/uploads\/2019\/04\/banner-e1533720812836.jpg\",\"contentUrl\":\"http:\/\/clm-inclusiva.org\/wp-content\/uploads\/2019\/04\/banner-e1533720812836.jpg\",\"width\":600,\"height\":332,\"caption\":\"Clm-Inclusiva\"},\"image\":{\"@id\":\"https:\/\/clm-inclusiva.org\/#\/schema\/logo\/image\/\"},\"sameAs\":[\"https:\/\/www.facebook.com\/castillalamancha.inclusiva\/\",\"https:\/\/twitter.com\/ClmInclusiva\"]},{\"@type\":\"Person\",\"@id\":\"https:\/\/clm-inclusiva.org\/#\/schema\/person\/0cff84aaa5bb8fd3521c55d1578d902b\",\"name\":\"clm-inclusiva\",\"image\":{\"@type\":\"ImageObject\",\"inLanguage\":\"es\",\"@id\":\"https:\/\/clm-inclusiva.org\/#\/schema\/person\/image\/\",\"url\":\"https:\/\/secure.gravatar.com\/avatar\/88948567af770dc9cd5597b329011884?s=96&d=blank&r=g\",\"contentUrl\":\"https:\/\/secure.gravatar.com\/avatar\/88948567af770dc9cd5597b329011884?s=96&d=blank&r=g\",\"caption\":\"clm-inclusiva\"},\"sameAs\":[\"http:\/\/clm-inclusiva.org\"],\"url\":\"https:\/\/clm-inclusiva.org\/?author=1\"}]}<\/script>\n<!-- \/ Yoast SEO plugin. -->","yoast_head_json":{"title":"CLM INCLUSIVA COCEMFE denuncia la desesperante espera de las personas con discapacidad para tener una valoraci\u00f3n adecuada - Clm-Inclusiva","robots":{"index":"index","follow":"follow","max-snippet":"max-snippet:-1","max-image-preview":"max-image-preview:large","max-video-preview":"max-video-preview:-1"},"canonical":"https:\/\/clm-inclusiva.org\/?p=4450","og_locale":"es_ES","og_type":"article","og_title":"CLM INCLUSIVA COCEMFE denuncia la desesperante espera de las personas con discapacidad para tener una valoraci\u00f3n adecuada - Clm-Inclusiva","og_description":"CLM INCLUSIVA COCEMFE y su Movimiento Asociativo exigen terminar con las esperas de hasta 30 meses, dependiendo de la provincia en Castilla-La Mancha, de la solicitud hasta su resoluci\u00f3n. La Confederaci\u00f3n Regional se une as\u00ed a la campa\u00f1a que desde COCEMFE Nacional denuncia la desesperante espera que miles de personas con discapacidad llevan viviendo desde [&hellip;]","og_url":"https:\/\/clm-inclusiva.org\/?p=4450","og_site_name":"Clm-Inclusiva","article_publisher":"https:\/\/www.facebook.com\/castillalamancha.inclusiva\/","article_published_time":"2022-05-03T12:04:20+00:00","article_modified_time":"2022-05-03T12:08:19+00:00","og_image":[{"width":1920,"height":2560,"url":"https:\/\/clm-inclusiva.org\/wp-content\/uploads\/2022\/05\/EsperaYDesespera-3-scaled.jpg","type":"image\/jpeg"}],"author":"clm-inclusiva","twitter_card":"summary_large_image","twitter_creator":"@ClmInclusiva","twitter_site":"@ClmInclusiva","twitter_misc":{"Escrito por":"clm-inclusiva","Tiempo de lectura":"3 minutos"},"schema":{"@context":"https:\/\/schema.org","@graph":[{"@type":"Article","@id":"https:\/\/clm-inclusiva.org\/?p=4450#article","isPartOf":{"@id":"https:\/\/clm-inclusiva.org\/?p=4450"},"author":{"name":"clm-inclusiva","@id":"https:\/\/clm-inclusiva.org\/#\/schema\/person\/0cff84aaa5bb8fd3521c55d1578d902b"},"headline":"CLM INCLUSIVA COCEMFE denuncia la desesperante espera de las personas con discapacidad para tener una valoraci\u00f3n adecuada","datePublished":"2022-05-03T12:04:20+00:00","dateModified":"2022-05-03T12:08:19+00:00","mainEntityOfPage":{"@id":"https:\/\/clm-inclusiva.org\/?p=4450"},"wordCount":617,"commentCount":0,"publisher":{"@id":"https:\/\/clm-inclusiva.org\/#organization"},"inLanguage":"es","potentialAction":[{"@type":"CommentAction","name":"Comment","target":["https:\/\/clm-inclusiva.org\/?p=4450#respond"]}]},{"@type":"WebPage","@id":"https:\/\/clm-inclusiva.org\/?p=4450","url":"https:\/\/clm-inclusiva.org\/?p=4450","name":"CLM INCLUSIVA COCEMFE denuncia la desesperante espera de las personas con discapacidad para tener una valoraci\u00f3n adecuada - Clm-Inclusiva","isPartOf":{"@id":"https:\/\/clm-inclusiva.org\/#website"},"datePublished":"2022-05-03T12:04:20+00:00","dateModified":"2022-05-03T12:08:19+00:00","breadcrumb":{"@id":"https:\/\/clm-inclusiva.org\/?p=4450#breadcrumb"},"inLanguage":"es","potentialAction":[{"@type":"ReadAction","target":["https:\/\/clm-inclusiva.org\/?p=4450"]}]},{"@type":"BreadcrumbList","@id":"https:\/\/clm-inclusiva.org\/?p=4450#breadcrumb","itemListElement":[{"@type":"ListItem","position":1,"name":"Portada","item":"https:\/\/clm-inclusiva.org\/"},{"@type":"ListItem","position":2,"name":"CLM INCLUSIVA COCEMFE denuncia la desesperante espera de las personas con discapacidad para tener una valoraci\u00f3n adecuada"}]},{"@type":"WebSite","@id":"https:\/\/clm-inclusiva.org\/#website","url":"https:\/\/clm-inclusiva.org\/","name":"Clm-Inclusiva","description":"Confederaci\u00f3n de entidades de personas con discapacidad f\u00edsica y org\u00e1nica CLM","publisher":{"@id":"https:\/\/clm-inclusiva.org\/#organization"},"potentialAction":[{"@type":"SearchAction","target":{"@type":"EntryPoint","urlTemplate":"https:\/\/clm-inclusiva.org\/?s={search_term_string}"},"query-input":"required name=search_term_string"}],"inLanguage":"es"},{"@type":"Organization","@id":"https:\/\/clm-inclusiva.org\/#organization","name":"Clm-Inclusiva","url":"https:\/\/clm-inclusiva.org\/","logo":{"@type":"ImageObject","inLanguage":"es","@id":"https:\/\/clm-inclusiva.org\/#\/schema\/logo\/image\/","url":"http:\/\/clm-inclusiva.org\/wp-content\/uploads\/2019\/04\/banner-e1533720812836.jpg","contentUrl":"http:\/\/clm-inclusiva.org\/wp-content\/uploads\/2019\/04\/banner-e1533720812836.jpg","width":600,"height":332,"caption":"Clm-Inclusiva"},"image":{"@id":"https:\/\/clm-inclusiva.org\/#\/schema\/logo\/image\/"},"sameAs":["https:\/\/www.facebook.com\/castillalamancha.inclusiva\/","https:\/\/twitter.com\/ClmInclusiva"]},{"@type":"Person","@id":"https:\/\/clm-inclusiva.org\/#\/schema\/person\/0cff84aaa5bb8fd3521c55d1578d902b","name":"clm-inclusiva","image":{"@type":"ImageObject","inLanguage":"es","@id":"https:\/\/clm-inclusiva.org\/#\/schema\/person\/image\/","url":"https:\/\/secure.gravatar.com\/avatar\/88948567af770dc9cd5597b329011884?s=96&d=blank&r=g","contentUrl":"https:\/\/secure.gravatar.com\/avatar\/88948567af770dc9cd5597b329011884?s=96&d=blank&r=g","caption":"clm-inclusiva"},"sameAs":["http:\/\/clm-inclusiva.org"],"url":"https:\/\/clm-inclusiva.org\/?author=1"}]}},"_links":{"self":[{"href":"https:\/\/clm-inclusiva.org\/index.php?rest_route=\/wp\/v2\/posts\/4450"}],"collection":[{"href":"https:\/\/clm-inclusiva.org\/index.php?rest_route=\/wp\/v2\/posts"}],"about":[{"href":"https:\/\/clm-inclusiva.org\/index.php?rest_route=\/wp\/v2\/types\/post"}],"author":[{"embeddable":true,"href":"https:\/\/clm-inclusiva.org\/index.php?rest_route=\/wp\/v2\/users\/1"}],"replies":[{"embeddable":true,"href":"https:\/\/clm-inclusiva.org\/index.php?rest_route=%2Fwp%2Fv2%2Fcomments&post=4450"}],"version-history":[{"count":2,"href":"https:\/\/clm-inclusiva.org\/index.php?rest_route=\/wp\/v2\/posts\/4450\/revisions"}],"predecessor-version":[{"id":4453,"href":"https:\/\/clm-inclusiva.org\/index.php?rest_route=\/wp\/v2\/posts\/4450\/revisions\/4453"}],"wp:featuredmedia":[{"embeddable":true,"href":"https:\/\/clm-inclusiva.org\/index.php?rest_route=\/wp\/v2\/media\/4452"}],"wp:attachment":[{"href":"https:\/\/clm-inclusiva.org\/index.php?rest_route=%2Fwp%2Fv2%2Fmedia&parent=4450"}],"wp:term":[{"taxonomy":"category","embeddable":true,"href":"https:\/\/clm-inclusiva.org\/index.php?rest_route=%2Fwp%2Fv2%2Fcategories&post=4450"},{"taxonomy":"post_tag","embeddable":true,"href":"https:\/\/clm-inclusiva.org\/index.php?rest_route=%2Fwp%2Fv2%2Ftags&post=4450"}],"curies":[{"name":"wp","href":"https:\/\/api.w.org\/{rel}","templated":true}]}}