{"id":4443,"date":"2022-03-17T17:17:30","date_gmt":"2022-03-17T15:17:30","guid":{"rendered":"http:\/\/clm-inclusiva.org\/?p=4443"},"modified":"2022-03-17T17:17:30","modified_gmt":"2022-03-17T15:17:30","slug":"clm-inclusiva-cocemfe-seguira-apostando-por-fortalecer-los-servicios-de-intermediacion-laboral-a-traves-de-los-programas-de-la-jccm-para-la-mejora-de-la-empleabilidad-y-la-insercion-de-colectivos-vuln","status":"publish","type":"post","link":"https:\/\/clm-inclusiva.org\/?p=4443","title":{"rendered":"CLM INCLUSIVA COCEMFE seguir\u00e1 apostando por fortalecer los Servicios de Intermediaci\u00f3n Laboral a trav\u00e9s de los programas de la JCCM para la mejora de la empleabilidad y la inserci\u00f3n de colectivos vulnerables"},"content":{"rendered":"<p style=\"text-align: justify\">La Confederaci\u00f3n de entidades de personas con discapacidad f\u00edsica y org\u00e1nica este a\u00f1o ha implantado dos nuevos centros de atenci\u00f3n presencial en Ciudad Real y Talavera.<\/p>\n<p style=\"text-align: justify\">\n<ul style=\"text-align: justify\">\n<li>La Confederaci\u00f3n aspira a que el proyecto madure y se mantenga, pero es imprescindible que haya un aumento de fondos por parte de la administraci\u00f3n.<\/li>\n<\/ul>\n<p style=\"text-align: justify\">\n<p style=\"text-align: justify\"><strong>Albacete, 15 de Marzo de 2022.-<\/strong><\/p>\n<p style=\"text-align: justify\">\n<p style=\"text-align: justify\">En la ma\u00f1ana de ayer, parte de la Junta Directiva de CLM Inclusiva COCEMFE, representada por su Presidente, Enrique Alarc\u00f3n, Pedro S\u00e1ez, Secretario de Finanzas de la entidad, y los Vicepresidentes, Marcelino Escobar, y Encarnaci\u00f3n Rodr\u00edguez, mantuvieron una reuni\u00f3n con la Consejera de Econom\u00eda, Empresas, y Empleo, Patricia Franco.<\/p>\n<p style=\"text-align: justify\">\n<p style=\"text-align: justify\">Una vez reunidos, Enrique Alarc\u00f3n le presentaba a la Consejera el balance de la gesti\u00f3n de la entidad durante estos a\u00f1os, siendo CLM Inclusiva COCEMFE reconocida como una organizaci\u00f3n de referencia y de interlocuci\u00f3n, por su capacidad de representaci\u00f3n y reivindicaci\u00f3n de los derechos de las Personas con Discapacidad F\u00edsica y Org\u00e1nica.<\/p>\n<p style=\"text-align: justify\">\n<p style=\"text-align: justify\">Destacando los Servicios de Intermediaci\u00f3n Laboral que la Confederaci\u00f3n ha implantado en las 5 provincias de la Regi\u00f3n, prestando atenci\u00f3n directa en las 5 capitales m\u00e1s Talavera y Puertollano.<\/p>\n<p style=\"text-align: justify\">\n<p style=\"text-align: justify\">La red de Empleo de la Confederaci\u00f3n tiene como objetivo principal, mejorar las condiciones de empleabilidad de personas desempleadas en especial a aquellas que pertenecen a colectivos con especiales dificultades, con el objetivo de lograr su inserci\u00f3n laboral en el mercado ordinario de trabajo, mediante la realizaci\u00f3n de acciones de orientaci\u00f3n, informaci\u00f3n e intermediaci\u00f3n laboral.<\/p>\n<p style=\"text-align: justify\">\n<p style=\"text-align: justify\">A trav\u00e9s del equipo t\u00e9cnico desplegado en toda la regi\u00f3n se llevan a cabo una serie de objetivos espec\u00edficos como son:<\/p>\n<p style=\"text-align: justify\">\n<ul style=\"text-align: justify\">\n<li>Apoyar y empoderar a las personas desempleadas, en la definici\u00f3n, planificaci\u00f3n y desarrollo de su itinerario de inserci\u00f3n laboral.<\/li>\n<li>Desarrollar las competencias personales y laborales de las personas desempleadas para acceder al mercado de trabajo mediante acciones individuales y grupales.<\/li>\n<li>Mantener un sistema \u00e1gil de an\u00e1lisis del mercado de trabajo y de la evoluci\u00f3n de las ocupaciones.<\/li>\n<li>Implicar a las empresas en los procesos de inserci\u00f3n laboral mediante intermediaci\u00f3n laboral, y apoyo en la implementaci\u00f3n de medidas de responsabilidad social.<\/li>\n<\/ul>\n<p style=\"text-align: justify\">\n<p style=\"text-align: justify\">Para <strong>Enrique Alarc\u00f3n Garc\u00eda, Presidente de CLM Inclusiva COCEMFE<\/strong><em>, \u201cdurante estos a\u00f1os hemos implementado una red de servicios de empleo que pone a la persona en el centro, se adapta a su punto de partida y la implica en todos los momentos del itinerario.\u201d<\/em><\/p>\n<p style=\"text-align: justify\">\n<p style=\"text-align: justify\">Adem\u00e1s, a\u00f1ade el Presidente <em>\u201cnuestro sistema es flexible, y no finaliza en el momento de la consecuci\u00f3n del empleo. El apoyo continuo durante la fase de adaptaci\u00f3n al puesto de trabajo y para el desarrollo de la carrera profesional.\u201d \u201cLos resultados est\u00e1n optimizados por el trabajo conjunto con otros actores que influyen en la consecuci\u00f3n de un empleo, como son la empresa, familia, sociedad.\u201d<\/em><\/p>\n<p style=\"text-align: justify\">\n<p style=\"text-align: justify\">As\u00ed mismo, Enrique Alarc\u00f3n a\u00f1ad\u00eda que <em>\u201cvaloramos el esfuerzo que desde la Consejer\u00eda se est\u00e1 haciendo, somos conscientes que Castilla-La Mancha lidera en el conjunto del pa\u00eds la tasa de actividad de personas con discapacidad, pero necesitamos el compromiso del Ejecutivo auton\u00f3mico para continuar afianzando este liderazgo.\u201d<\/em><\/p>\n<p style=\"text-align: justify\"><em>\u00a0<\/em><\/p>\n<p style=\"text-align: justify\"><strong>\u00a0<\/strong><\/p>\n<p style=\"text-align: justify\"><strong>La Confederaci\u00f3n de entidades de personas con discapacidad f\u00edsica y org\u00e1nica Castilla-La Mancha INCLUSIVA COCEMFE se constituy\u00f3 en el a\u00f1o 2017. Agrupa a casi un centenar de entidades que representan casi a 10.000 personas con discapacidad. Se encuentra compuesta por las federaciones provinciales, COCEMFE Albacete, COCEMFE Guadalajara, COCEMFE Toledo, COCEMFE Cuenca y Ciudad Real INCLUSIVA, as\u00ed como las entidades de car\u00e1cter regional AFANION, LUNA, AIDISCAM CLM y la asociaci\u00f3n nacional AMIAB. El objetivo fundamental de la confederaci\u00f3n es articular y vertebrar en nuestra regi\u00f3n el asociacionismo de la discapacidad f\u00edsica y org\u00e1nica, desde la unidad y respeto al pluralismo, para desarrollar una acci\u00f3n representativa efectiva en defensas de los derechos e intereses de las personas con discapacidad y sus familias.<\/strong><\/p>\n","protected":false},"excerpt":{"rendered":"<p>La Confederaci\u00f3n de entidades de personas con discapacidad f\u00edsica y org\u00e1nica este a\u00f1o ha implantado dos nuevos centros de atenci\u00f3n presencial en Ciudad Real y Talavera. La Confederaci\u00f3n aspira a que el proyecto madure y se mantenga, pero es imprescindible que haya un aumento de fondos por parte de la administraci\u00f3n. Albacete, 15 de Marzo [&hellip;]<\/p>\n","protected":false},"author":1,"featured_media":4444,"comment_status":"open","ping_status":"open","sticky":false,"template":"","format":"standard","meta":{"_et_pb_use_builder":"","_et_pb_old_content":"","_et_gb_content_width":"","footnotes":""},"categories":[1],"tags":[],"yoast_head":"<!-- This site is optimized with the Yoast SEO plugin v21.3 - https:\/\/yoast.com\/wordpress\/plugins\/seo\/ -->\n<title>CLM INCLUSIVA COCEMFE seguir\u00e1 apostando por fortalecer los Servicios de Intermediaci\u00f3n Laboral a trav\u00e9s de los programas de la JCCM para la mejora de la empleabilidad y la inserci\u00f3n de colectivos vulnerables - Clm-Inclusiva<\/title>\n<meta name=\"robots\" content=\"index, follow, max-snippet:-1, max-image-preview:large, max-video-preview:-1\" \/>\n<link rel=\"canonical\" href=\"https:\/\/clm-inclusiva.org\/?p=4443\" \/>\n<meta property=\"og:locale\" content=\"es_ES\" \/>\n<meta property=\"og:type\" content=\"article\" \/>\n<meta property=\"og:title\" content=\"CLM INCLUSIVA COCEMFE seguir\u00e1 apostando por fortalecer los Servicios de Intermediaci\u00f3n Laboral a trav\u00e9s de los programas de la JCCM para la mejora de la empleabilidad y la inserci\u00f3n de colectivos vulnerables - Clm-Inclusiva\" \/>\n<meta property=\"og:description\" content=\"La Confederaci\u00f3n de entidades de personas con discapacidad f\u00edsica y org\u00e1nica este a\u00f1o ha implantado dos nuevos centros de atenci\u00f3n presencial en Ciudad Real y Talavera. La Confederaci\u00f3n aspira a que el proyecto madure y se mantenga, pero es imprescindible que haya un aumento de fondos por parte de la administraci\u00f3n. Albacete, 15 de Marzo [&hellip;]\" \/>\n<meta property=\"og:url\" content=\"https:\/\/clm-inclusiva.org\/?p=4443\" \/>\n<meta property=\"og:site_name\" content=\"Clm-Inclusiva\" \/>\n<meta property=\"article:publisher\" content=\"https:\/\/www.facebook.com\/castillalamancha.inclusiva\/\" \/>\n<meta property=\"article:published_time\" content=\"2022-03-17T15:17:30+00:00\" \/>\n<meta property=\"og:image\" content=\"https:\/\/clm-inclusiva.org\/wp-content\/uploads\/2022\/03\/WhatsApp-Image-2022-03-15-at-16.31.56-1.jpeg\" \/>\n\t<meta property=\"og:image:width\" content=\"1600\" \/>\n\t<meta property=\"og:image:height\" content=\"1066\" \/>\n\t<meta property=\"og:image:type\" content=\"image\/jpeg\" \/>\n<meta name=\"author\" content=\"clm-inclusiva\" \/>\n<meta name=\"twitter:card\" content=\"summary_large_image\" \/>\n<meta name=\"twitter:creator\" content=\"@ClmInclusiva\" \/>\n<meta name=\"twitter:site\" content=\"@ClmInclusiva\" \/>\n<meta name=\"twitter:label1\" content=\"Escrito por\" \/>\n\t<meta name=\"twitter:data1\" content=\"clm-inclusiva\" \/>\n\t<meta name=\"twitter:label2\" content=\"Tiempo de lectura\" \/>\n\t<meta name=\"twitter:data2\" content=\"3 minutos\" \/>\n<script type=\"application\/ld+json\" class=\"yoast-schema-graph\">{\"@context\":\"https:\/\/schema.org\",\"@graph\":[{\"@type\":\"Article\",\"@id\":\"https:\/\/clm-inclusiva.org\/?p=4443#article\",\"isPartOf\":{\"@id\":\"https:\/\/clm-inclusiva.org\/?p=4443\"},\"author\":{\"name\":\"clm-inclusiva\",\"@id\":\"https:\/\/clm-inclusiva.org\/#\/schema\/person\/0cff84aaa5bb8fd3521c55d1578d902b\"},\"headline\":\"CLM INCLUSIVA COCEMFE seguir\u00e1 apostando por fortalecer los Servicios de Intermediaci\u00f3n Laboral a trav\u00e9s de los programas de la JCCM para la mejora de la empleabilidad y la inserci\u00f3n de colectivos vulnerables\",\"datePublished\":\"2022-03-17T15:17:30+00:00\",\"dateModified\":\"2022-03-17T15:17:30+00:00\",\"mainEntityOfPage\":{\"@id\":\"https:\/\/clm-inclusiva.org\/?p=4443\"},\"wordCount\":720,\"commentCount\":0,\"publisher\":{\"@id\":\"https:\/\/clm-inclusiva.org\/#organization\"},\"inLanguage\":\"es\",\"potentialAction\":[{\"@type\":\"CommentAction\",\"name\":\"Comment\",\"target\":[\"https:\/\/clm-inclusiva.org\/?p=4443#respond\"]}]},{\"@type\":\"WebPage\",\"@id\":\"https:\/\/clm-inclusiva.org\/?p=4443\",\"url\":\"https:\/\/clm-inclusiva.org\/?p=4443\",\"name\":\"CLM INCLUSIVA COCEMFE seguir\u00e1 apostando por fortalecer los Servicios de Intermediaci\u00f3n Laboral a trav\u00e9s de los programas de la JCCM para la mejora de la empleabilidad y la inserci\u00f3n de colectivos vulnerables - Clm-Inclusiva\",\"isPartOf\":{\"@id\":\"https:\/\/clm-inclusiva.org\/#website\"},\"datePublished\":\"2022-03-17T15:17:30+00:00\",\"dateModified\":\"2022-03-17T15:17:30+00:00\",\"breadcrumb\":{\"@id\":\"https:\/\/clm-inclusiva.org\/?p=4443#breadcrumb\"},\"inLanguage\":\"es\",\"potentialAction\":[{\"@type\":\"ReadAction\",\"target\":[\"https:\/\/clm-inclusiva.org\/?p=4443\"]}]},{\"@type\":\"BreadcrumbList\",\"@id\":\"https:\/\/clm-inclusiva.org\/?p=4443#breadcrumb\",\"itemListElement\":[{\"@type\":\"ListItem\",\"position\":1,\"name\":\"Portada\",\"item\":\"https:\/\/clm-inclusiva.org\/\"},{\"@type\":\"ListItem\",\"position\":2,\"name\":\"CLM INCLUSIVA COCEMFE seguir\u00e1 apostando por fortalecer los Servicios de Intermediaci\u00f3n Laboral a trav\u00e9s de los programas de la JCCM para la mejora de la empleabilidad y la inserci\u00f3n de colectivos vulnerables\"}]},{\"@type\":\"WebSite\",\"@id\":\"https:\/\/clm-inclusiva.org\/#website\",\"url\":\"https:\/\/clm-inclusiva.org\/\",\"name\":\"Clm-Inclusiva\",\"description\":\"Confederaci\u00f3n de entidades de personas con discapacidad f\u00edsica y org\u00e1nica CLM\",\"publisher\":{\"@id\":\"https:\/\/clm-inclusiva.org\/#organization\"},\"potentialAction\":[{\"@type\":\"SearchAction\",\"target\":{\"@type\":\"EntryPoint\",\"urlTemplate\":\"https:\/\/clm-inclusiva.org\/?s={search_term_string}\"},\"query-input\":\"required name=search_term_string\"}],\"inLanguage\":\"es\"},{\"@type\":\"Organization\",\"@id\":\"https:\/\/clm-inclusiva.org\/#organization\",\"name\":\"Clm-Inclusiva\",\"url\":\"https:\/\/clm-inclusiva.org\/\",\"logo\":{\"@type\":\"ImageObject\",\"inLanguage\":\"es\",\"@id\":\"https:\/\/clm-inclusiva.org\/#\/schema\/logo\/image\/\",\"url\":\"http:\/\/clm-inclusiva.org\/wp-content\/uploads\/2019\/04\/banner-e1533720812836.jpg\",\"contentUrl\":\"http:\/\/clm-inclusiva.org\/wp-content\/uploads\/2019\/04\/banner-e1533720812836.jpg\",\"width\":600,\"height\":332,\"caption\":\"Clm-Inclusiva\"},\"image\":{\"@id\":\"https:\/\/clm-inclusiva.org\/#\/schema\/logo\/image\/\"},\"sameAs\":[\"https:\/\/www.facebook.com\/castillalamancha.inclusiva\/\",\"https:\/\/twitter.com\/ClmInclusiva\"]},{\"@type\":\"Person\",\"@id\":\"https:\/\/clm-inclusiva.org\/#\/schema\/person\/0cff84aaa5bb8fd3521c55d1578d902b\",\"name\":\"clm-inclusiva\",\"image\":{\"@type\":\"ImageObject\",\"inLanguage\":\"es\",\"@id\":\"https:\/\/clm-inclusiva.org\/#\/schema\/person\/image\/\",\"url\":\"https:\/\/secure.gravatar.com\/avatar\/88948567af770dc9cd5597b329011884?s=96&d=blank&r=g\",\"contentUrl\":\"https:\/\/secure.gravatar.com\/avatar\/88948567af770dc9cd5597b329011884?s=96&d=blank&r=g\",\"caption\":\"clm-inclusiva\"},\"sameAs\":[\"http:\/\/clm-inclusiva.org\"],\"url\":\"https:\/\/clm-inclusiva.org\/?author=1\"}]}<\/script>\n<!-- \/ Yoast SEO plugin. -->","yoast_head_json":{"title":"CLM INCLUSIVA COCEMFE seguir\u00e1 apostando por fortalecer los Servicios de Intermediaci\u00f3n Laboral a trav\u00e9s de los programas de la JCCM para la mejora de la empleabilidad y la inserci\u00f3n de colectivos vulnerables - Clm-Inclusiva","robots":{"index":"index","follow":"follow","max-snippet":"max-snippet:-1","max-image-preview":"max-image-preview:large","max-video-preview":"max-video-preview:-1"},"canonical":"https:\/\/clm-inclusiva.org\/?p=4443","og_locale":"es_ES","og_type":"article","og_title":"CLM INCLUSIVA COCEMFE seguir\u00e1 apostando por fortalecer los Servicios de Intermediaci\u00f3n Laboral a trav\u00e9s de los programas de la JCCM para la mejora de la empleabilidad y la inserci\u00f3n de colectivos vulnerables - Clm-Inclusiva","og_description":"La Confederaci\u00f3n de entidades de personas con discapacidad f\u00edsica y org\u00e1nica este a\u00f1o ha implantado dos nuevos centros de atenci\u00f3n presencial en Ciudad Real y Talavera. La Confederaci\u00f3n aspira a que el proyecto madure y se mantenga, pero es imprescindible que haya un aumento de fondos por parte de la administraci\u00f3n. Albacete, 15 de Marzo [&hellip;]","og_url":"https:\/\/clm-inclusiva.org\/?p=4443","og_site_name":"Clm-Inclusiva","article_publisher":"https:\/\/www.facebook.com\/castillalamancha.inclusiva\/","article_published_time":"2022-03-17T15:17:30+00:00","og_image":[{"width":1600,"height":1066,"url":"https:\/\/clm-inclusiva.org\/wp-content\/uploads\/2022\/03\/WhatsApp-Image-2022-03-15-at-16.31.56-1.jpeg","type":"image\/jpeg"}],"author":"clm-inclusiva","twitter_card":"summary_large_image","twitter_creator":"@ClmInclusiva","twitter_site":"@ClmInclusiva","twitter_misc":{"Escrito por":"clm-inclusiva","Tiempo de lectura":"3 minutos"},"schema":{"@context":"https:\/\/schema.org","@graph":[{"@type":"Article","@id":"https:\/\/clm-inclusiva.org\/?p=4443#article","isPartOf":{"@id":"https:\/\/clm-inclusiva.org\/?p=4443"},"author":{"name":"clm-inclusiva","@id":"https:\/\/clm-inclusiva.org\/#\/schema\/person\/0cff84aaa5bb8fd3521c55d1578d902b"},"headline":"CLM INCLUSIVA COCEMFE seguir\u00e1 apostando por fortalecer los Servicios de Intermediaci\u00f3n Laboral a trav\u00e9s de los programas de la JCCM para la mejora de la empleabilidad y la inserci\u00f3n de colectivos vulnerables","datePublished":"2022-03-17T15:17:30+00:00","dateModified":"2022-03-17T15:17:30+00:00","mainEntityOfPage":{"@id":"https:\/\/clm-inclusiva.org\/?p=4443"},"wordCount":720,"commentCount":0,"publisher":{"@id":"https:\/\/clm-inclusiva.org\/#organization"},"inLanguage":"es","potentialAction":[{"@type":"CommentAction","name":"Comment","target":["https:\/\/clm-inclusiva.org\/?p=4443#respond"]}]},{"@type":"WebPage","@id":"https:\/\/clm-inclusiva.org\/?p=4443","url":"https:\/\/clm-inclusiva.org\/?p=4443","name":"CLM INCLUSIVA COCEMFE seguir\u00e1 apostando por fortalecer los Servicios de Intermediaci\u00f3n Laboral a trav\u00e9s de los programas de la JCCM para la mejora de la empleabilidad y la inserci\u00f3n de colectivos vulnerables - Clm-Inclusiva","isPartOf":{"@id":"https:\/\/clm-inclusiva.org\/#website"},"datePublished":"2022-03-17T15:17:30+00:00","dateModified":"2022-03-17T15:17:30+00:00","breadcrumb":{"@id":"https:\/\/clm-inclusiva.org\/?p=4443#breadcrumb"},"inLanguage":"es","potentialAction":[{"@type":"ReadAction","target":["https:\/\/clm-inclusiva.org\/?p=4443"]}]},{"@type":"BreadcrumbList","@id":"https:\/\/clm-inclusiva.org\/?p=4443#breadcrumb","itemListElement":[{"@type":"ListItem","position":1,"name":"Portada","item":"https:\/\/clm-inclusiva.org\/"},{"@type":"ListItem","position":2,"name":"CLM INCLUSIVA COCEMFE seguir\u00e1 apostando por fortalecer los Servicios de Intermediaci\u00f3n Laboral a trav\u00e9s de los programas de la JCCM para la mejora de la empleabilidad y la inserci\u00f3n de colectivos vulnerables"}]},{"@type":"WebSite","@id":"https:\/\/clm-inclusiva.org\/#website","url":"https:\/\/clm-inclusiva.org\/","name":"Clm-Inclusiva","description":"Confederaci\u00f3n de entidades de personas con discapacidad f\u00edsica y org\u00e1nica CLM","publisher":{"@id":"https:\/\/clm-inclusiva.org\/#organization"},"potentialAction":[{"@type":"SearchAction","target":{"@type":"EntryPoint","urlTemplate":"https:\/\/clm-inclusiva.org\/?s={search_term_string}"},"query-input":"required name=search_term_string"}],"inLanguage":"es"},{"@type":"Organization","@id":"https:\/\/clm-inclusiva.org\/#organization","name":"Clm-Inclusiva","url":"https:\/\/clm-inclusiva.org\/","logo":{"@type":"ImageObject","inLanguage":"es","@id":"https:\/\/clm-inclusiva.org\/#\/schema\/logo\/image\/","url":"http:\/\/clm-inclusiva.org\/wp-content\/uploads\/2019\/04\/banner-e1533720812836.jpg","contentUrl":"http:\/\/clm-inclusiva.org\/wp-content\/uploads\/2019\/04\/banner-e1533720812836.jpg","width":600,"height":332,"caption":"Clm-Inclusiva"},"image":{"@id":"https:\/\/clm-inclusiva.org\/#\/schema\/logo\/image\/"},"sameAs":["https:\/\/www.facebook.com\/castillalamancha.inclusiva\/","https:\/\/twitter.com\/ClmInclusiva"]},{"@type":"Person","@id":"https:\/\/clm-inclusiva.org\/#\/schema\/person\/0cff84aaa5bb8fd3521c55d1578d902b","name":"clm-inclusiva","image":{"@type":"ImageObject","inLanguage":"es","@id":"https:\/\/clm-inclusiva.org\/#\/schema\/person\/image\/","url":"https:\/\/secure.gravatar.com\/avatar\/88948567af770dc9cd5597b329011884?s=96&d=blank&r=g","contentUrl":"https:\/\/secure.gravatar.com\/avatar\/88948567af770dc9cd5597b329011884?s=96&d=blank&r=g","caption":"clm-inclusiva"},"sameAs":["http:\/\/clm-inclusiva.org"],"url":"https:\/\/clm-inclusiva.org\/?author=1"}]}},"_links":{"self":[{"href":"https:\/\/clm-inclusiva.org\/index.php?rest_route=\/wp\/v2\/posts\/4443"}],"collection":[{"href":"https:\/\/clm-inclusiva.org\/index.php?rest_route=\/wp\/v2\/posts"}],"about":[{"href":"https:\/\/clm-inclusiva.org\/index.php?rest_route=\/wp\/v2\/types\/post"}],"author":[{"embeddable":true,"href":"https:\/\/clm-inclusiva.org\/index.php?rest_route=\/wp\/v2\/users\/1"}],"replies":[{"embeddable":true,"href":"https:\/\/clm-inclusiva.org\/index.php?rest_route=%2Fwp%2Fv2%2Fcomments&post=4443"}],"version-history":[{"count":1,"href":"https:\/\/clm-inclusiva.org\/index.php?rest_route=\/wp\/v2\/posts\/4443\/revisions"}],"predecessor-version":[{"id":4445,"href":"https:\/\/clm-inclusiva.org\/index.php?rest_route=\/wp\/v2\/posts\/4443\/revisions\/4445"}],"wp:featuredmedia":[{"embeddable":true,"href":"https:\/\/clm-inclusiva.org\/index.php?rest_route=\/wp\/v2\/media\/4444"}],"wp:attachment":[{"href":"https:\/\/clm-inclusiva.org\/index.php?rest_route=%2Fwp%2Fv2%2Fmedia&parent=4443"}],"wp:term":[{"taxonomy":"category","embeddable":true,"href":"https:\/\/clm-inclusiva.org\/index.php?rest_route=%2Fwp%2Fv2%2Fcategories&post=4443"},{"taxonomy":"post_tag","embeddable":true,"href":"https:\/\/clm-inclusiva.org\/index.php?rest_route=%2Fwp%2Fv2%2Ftags&post=4443"}],"curies":[{"name":"wp","href":"https:\/\/api.w.org\/{rel}","templated":true}]}}