{"id":4424,"date":"2022-02-09T14:12:59","date_gmt":"2022-02-09T12:12:59","guid":{"rendered":"http:\/\/clm-inclusiva.org\/?p=4424"},"modified":"2022-02-09T14:12:59","modified_gmt":"2022-02-09T12:12:59","slug":"clm-inclusiva-cocemfe-patrocina-el-iv-trofeo-de-karate-y-parakarate-aidis-nisheshi-en-illescas-toledo","status":"publish","type":"post","link":"https:\/\/clm-inclusiva.org\/?p=4424","title":{"rendered":"CLM INCLUSIVA COCEMFE patrocina el IV Trofeo de karate y parakarate AIDIS-NISHESHI en Illescas (Toledo)"},"content":{"rendered":"<ul>\n<li style=\"text-align: justify\"><strong>El evento, que tendr\u00e1 lugar el pr\u00f3ximo s\u00e1bado d\u00eda 12 de febrero en el Pabell\u00f3n \u201cEl Parque\u201d de Illescas, reunir\u00e1 alrededor de 550 participantes, en un torneo donde la discapacidad y el deporte ir\u00e1n de la mano.<\/strong><\/li>\n<\/ul>\n<p>&nbsp;<\/p>\n<ul>\n<li style=\"text-align: justify\"><strong>Este proyecto, cuyo objetivo es potenciar el acceso al deporte de las personas con discapacidad, ya cuenta con la confirmaci\u00f3n de m\u00faltiples campeones de karate a nivel europeo y mundial, como Isabel Fern\u00e1ndez.<\/strong><\/li>\n<\/ul>\n<p>&nbsp;<\/p>\n<p>Castilla-la Mancha, 09 de febrero de 2022.<\/p>\n<p>Este lunes d\u00eda 6 de febrero se presentaba en el sal\u00f3n de plenos del Ayuntamiento del Illescas, el IV trofeo de karate y parakarate que organizaba Aidiscam con la ayuda de la Confederaci\u00f3n de entidades de personas con discapacidad f\u00edsica y org\u00e1nica de Castilla-La Mancha, CLM INCLUSIVA COCEMFE.<\/p>\n<p>La delegada de Aidiscam en Illescas y directora de la Escuela de Deporte Inclusivo\u00a0\u00a0 Alicia Fern\u00e1ndez, junto a la coordinadora de eventos deportivos de Aidiscam Marta Mart\u00ednez, presidieron el acto. Entre los intervinientes, destac\u00f3 la presencia de Javier Pine\u00f1o, presidente de la Federaci\u00f3n castellano manchega de karate y Vicepresidente de la Federaci\u00f3n espa\u00f1ola de Karate. As\u00ed como el seleccionador de parakarate de Castilla-La Mancha, Santi S\u00e1nchez, que recalcaba el gran inter\u00e9s suscitado por un trofeo cuyo \u00e1mbito pasa a ser internacional.<\/p>\n<p>Adem\u00e1s la concejala de deportes Bel\u00e9n Beamud ha mostrado el gran inter\u00e9s que tiene para el Ayuntamiento de Illescas\u00a0 el deporte Inclusivo, y femenino, y un compromiso por continuar colaborando con proyectos como \u00e9ste.<\/p>\n<p><strong>El Presidente de CLM INCLUSIVA COCEMFE, Enrique Alarc\u00f3n Garc\u00eda<\/strong>, consideraba este proyecto como un <em>\u201ctrofeo que simboliza lo que es la superaci\u00f3n personal de las personas con discapacidad. Cuando se habla de deporte en la discapacidad, el \u201cdis\u201d siempre sobra. Hablamos de capacidades y siempre es una muestra de que, por encima de limitaciones, por encima de dificultades, las personas son capaces de demostrar que existen muchas m\u00e1s capacidades que limitaciones\u201d.<\/em><\/p>\n<p><strong>Desde CLM Inclusiva COCEMFE<\/strong>, seguiremos apostando por la integraci\u00f3n de las personas con discapacidad en todos los \u00e1mbitos. Viendo en el deporte, una herramienta m\u00e1s para la normalizaci\u00f3n dentro del conjunto de la sociedad, ya que, como expresaba el Presidente,<em>\u201cm\u00e1s que inclusi\u00f3n, es necesario tomar conciencia de que todos somos ciudadanos\u201d.<\/em><\/p>\n<p>&nbsp;<\/p>\n<p>&nbsp;<\/p>\n","protected":false},"excerpt":{"rendered":"<p>El evento, que tendr\u00e1 lugar el pr\u00f3ximo s\u00e1bado d\u00eda 12 de febrero en el Pabell\u00f3n \u201cEl Parque\u201d de Illescas, reunir\u00e1 alrededor de 550 participantes, en un torneo donde la discapacidad y el deporte ir\u00e1n de la mano. &nbsp; Este proyecto, cuyo objetivo es potenciar el acceso al deporte de las personas con discapacidad, ya cuenta [&hellip;]<\/p>\n","protected":false},"author":1,"featured_media":4425,"comment_status":"open","ping_status":"open","sticky":false,"template":"","format":"standard","meta":{"_et_pb_use_builder":"","_et_pb_old_content":"","_et_gb_content_width":"","footnotes":""},"categories":[1],"tags":[],"yoast_head":"<!-- This site is optimized with the Yoast SEO plugin v21.3 - https:\/\/yoast.com\/wordpress\/plugins\/seo\/ -->\n<title>CLM INCLUSIVA COCEMFE patrocina el IV Trofeo de karate y parakarate AIDIS-NISHESHI en Illescas (Toledo) - Clm-Inclusiva<\/title>\n<meta name=\"description\" content=\"El evento, que tendr\u00e1 lugar el pr\u00f3ximo s\u00e1bado d\u00eda 12 de febrero en el Pabell\u00f3n \u201cEl Parque\u201d de Illescas, reunir\u00e1 alrededor de 550 participantes, en un torneo donde la discapacidad y el deporte ir\u00e1n de la mano.\" \/>\n<meta name=\"robots\" content=\"index, follow, max-snippet:-1, max-image-preview:large, max-video-preview:-1\" \/>\n<link rel=\"canonical\" href=\"https:\/\/clm-inclusiva.org\/?p=4424\" \/>\n<meta property=\"og:locale\" content=\"es_ES\" \/>\n<meta property=\"og:type\" content=\"article\" \/>\n<meta property=\"og:title\" content=\"CLM INCLUSIVA COCEMFE patrocina el IV Trofeo de karate y parakarate AIDIS-NISHESHI en Illescas (Toledo) - Clm-Inclusiva\" \/>\n<meta property=\"og:description\" content=\"El evento, que tendr\u00e1 lugar el pr\u00f3ximo s\u00e1bado d\u00eda 12 de febrero en el Pabell\u00f3n \u201cEl Parque\u201d de Illescas, reunir\u00e1 alrededor de 550 participantes, en un torneo donde la discapacidad y el deporte ir\u00e1n de la mano.\" \/>\n<meta property=\"og:url\" content=\"https:\/\/clm-inclusiva.org\/?p=4424\" \/>\n<meta property=\"og:site_name\" content=\"Clm-Inclusiva\" \/>\n<meta property=\"article:publisher\" content=\"https:\/\/www.facebook.com\/castillalamancha.inclusiva\/\" \/>\n<meta property=\"article:published_time\" content=\"2022-02-09T12:12:59+00:00\" \/>\n<meta property=\"og:image\" content=\"https:\/\/clm-inclusiva.org\/wp-content\/uploads\/2022\/02\/PRESENTACI\u00d3N-TROFEO-PARAKARATE.jpeg\" \/>\n\t<meta property=\"og:image:width\" content=\"1600\" \/>\n\t<meta property=\"og:image:height\" content=\"757\" \/>\n\t<meta property=\"og:image:type\" content=\"image\/jpeg\" \/>\n<meta name=\"author\" content=\"clm-inclusiva\" \/>\n<meta name=\"twitter:card\" content=\"summary_large_image\" \/>\n<meta name=\"twitter:creator\" content=\"@ClmInclusiva\" \/>\n<meta name=\"twitter:site\" content=\"@ClmInclusiva\" \/>\n<meta name=\"twitter:label1\" content=\"Escrito por\" \/>\n\t<meta name=\"twitter:data1\" content=\"clm-inclusiva\" \/>\n\t<meta name=\"twitter:label2\" content=\"Tiempo de lectura\" \/>\n\t<meta name=\"twitter:data2\" content=\"2 minutos\" \/>\n<script type=\"application\/ld+json\" class=\"yoast-schema-graph\">{\"@context\":\"https:\/\/schema.org\",\"@graph\":[{\"@type\":\"Article\",\"@id\":\"https:\/\/clm-inclusiva.org\/?p=4424#article\",\"isPartOf\":{\"@id\":\"https:\/\/clm-inclusiva.org\/?p=4424\"},\"author\":{\"name\":\"clm-inclusiva\",\"@id\":\"https:\/\/clm-inclusiva.org\/#\/schema\/person\/0cff84aaa5bb8fd3521c55d1578d902b\"},\"headline\":\"CLM INCLUSIVA COCEMFE patrocina el IV Trofeo de karate y parakarate AIDIS-NISHESHI en Illescas (Toledo)\",\"datePublished\":\"2022-02-09T12:12:59+00:00\",\"dateModified\":\"2022-02-09T12:12:59+00:00\",\"mainEntityOfPage\":{\"@id\":\"https:\/\/clm-inclusiva.org\/?p=4424\"},\"wordCount\":410,\"commentCount\":0,\"publisher\":{\"@id\":\"https:\/\/clm-inclusiva.org\/#organization\"},\"inLanguage\":\"es\",\"potentialAction\":[{\"@type\":\"CommentAction\",\"name\":\"Comment\",\"target\":[\"https:\/\/clm-inclusiva.org\/?p=4424#respond\"]}]},{\"@type\":\"WebPage\",\"@id\":\"https:\/\/clm-inclusiva.org\/?p=4424\",\"url\":\"https:\/\/clm-inclusiva.org\/?p=4424\",\"name\":\"CLM INCLUSIVA COCEMFE patrocina el IV Trofeo de karate y parakarate AIDIS-NISHESHI en Illescas (Toledo) - Clm-Inclusiva\",\"isPartOf\":{\"@id\":\"https:\/\/clm-inclusiva.org\/#website\"},\"datePublished\":\"2022-02-09T12:12:59+00:00\",\"dateModified\":\"2022-02-09T12:12:59+00:00\",\"description\":\"El evento, que tendr\u00e1 lugar el pr\u00f3ximo s\u00e1bado d\u00eda 12 de febrero en el Pabell\u00f3n \u201cEl Parque\u201d de Illescas, reunir\u00e1 alrededor de 550 participantes, en un torneo donde la discapacidad y el deporte ir\u00e1n de la mano.\",\"breadcrumb\":{\"@id\":\"https:\/\/clm-inclusiva.org\/?p=4424#breadcrumb\"},\"inLanguage\":\"es\",\"potentialAction\":[{\"@type\":\"ReadAction\",\"target\":[\"https:\/\/clm-inclusiva.org\/?p=4424\"]}]},{\"@type\":\"BreadcrumbList\",\"@id\":\"https:\/\/clm-inclusiva.org\/?p=4424#breadcrumb\",\"itemListElement\":[{\"@type\":\"ListItem\",\"position\":1,\"name\":\"Portada\",\"item\":\"https:\/\/clm-inclusiva.org\/\"},{\"@type\":\"ListItem\",\"position\":2,\"name\":\"CLM INCLUSIVA COCEMFE patrocina el IV Trofeo de karate y parakarate AIDIS-NISHESHI en Illescas (Toledo)\"}]},{\"@type\":\"WebSite\",\"@id\":\"https:\/\/clm-inclusiva.org\/#website\",\"url\":\"https:\/\/clm-inclusiva.org\/\",\"name\":\"Clm-Inclusiva\",\"description\":\"Confederaci\u00f3n de entidades de personas con discapacidad f\u00edsica y org\u00e1nica CLM\",\"publisher\":{\"@id\":\"https:\/\/clm-inclusiva.org\/#organization\"},\"potentialAction\":[{\"@type\":\"SearchAction\",\"target\":{\"@type\":\"EntryPoint\",\"urlTemplate\":\"https:\/\/clm-inclusiva.org\/?s={search_term_string}\"},\"query-input\":\"required name=search_term_string\"}],\"inLanguage\":\"es\"},{\"@type\":\"Organization\",\"@id\":\"https:\/\/clm-inclusiva.org\/#organization\",\"name\":\"Clm-Inclusiva\",\"url\":\"https:\/\/clm-inclusiva.org\/\",\"logo\":{\"@type\":\"ImageObject\",\"inLanguage\":\"es\",\"@id\":\"https:\/\/clm-inclusiva.org\/#\/schema\/logo\/image\/\",\"url\":\"http:\/\/clm-inclusiva.org\/wp-content\/uploads\/2019\/04\/banner-e1533720812836.jpg\",\"contentUrl\":\"http:\/\/clm-inclusiva.org\/wp-content\/uploads\/2019\/04\/banner-e1533720812836.jpg\",\"width\":600,\"height\":332,\"caption\":\"Clm-Inclusiva\"},\"image\":{\"@id\":\"https:\/\/clm-inclusiva.org\/#\/schema\/logo\/image\/\"},\"sameAs\":[\"https:\/\/www.facebook.com\/castillalamancha.inclusiva\/\",\"https:\/\/twitter.com\/ClmInclusiva\"]},{\"@type\":\"Person\",\"@id\":\"https:\/\/clm-inclusiva.org\/#\/schema\/person\/0cff84aaa5bb8fd3521c55d1578d902b\",\"name\":\"clm-inclusiva\",\"image\":{\"@type\":\"ImageObject\",\"inLanguage\":\"es\",\"@id\":\"https:\/\/clm-inclusiva.org\/#\/schema\/person\/image\/\",\"url\":\"https:\/\/secure.gravatar.com\/avatar\/88948567af770dc9cd5597b329011884?s=96&d=blank&r=g\",\"contentUrl\":\"https:\/\/secure.gravatar.com\/avatar\/88948567af770dc9cd5597b329011884?s=96&d=blank&r=g\",\"caption\":\"clm-inclusiva\"},\"sameAs\":[\"http:\/\/clm-inclusiva.org\"],\"url\":\"https:\/\/clm-inclusiva.org\/?author=1\"}]}<\/script>\n<!-- \/ Yoast SEO plugin. -->","yoast_head_json":{"title":"CLM INCLUSIVA COCEMFE patrocina el IV Trofeo de karate y parakarate AIDIS-NISHESHI en Illescas (Toledo) - Clm-Inclusiva","description":"El evento, que tendr\u00e1 lugar el pr\u00f3ximo s\u00e1bado d\u00eda 12 de febrero en el Pabell\u00f3n \u201cEl Parque\u201d de Illescas, reunir\u00e1 alrededor de 550 participantes, en un torneo donde la discapacidad y el deporte ir\u00e1n de la mano.","robots":{"index":"index","follow":"follow","max-snippet":"max-snippet:-1","max-image-preview":"max-image-preview:large","max-video-preview":"max-video-preview:-1"},"canonical":"https:\/\/clm-inclusiva.org\/?p=4424","og_locale":"es_ES","og_type":"article","og_title":"CLM INCLUSIVA COCEMFE patrocina el IV Trofeo de karate y parakarate AIDIS-NISHESHI en Illescas (Toledo) - Clm-Inclusiva","og_description":"El evento, que tendr\u00e1 lugar el pr\u00f3ximo s\u00e1bado d\u00eda 12 de febrero en el Pabell\u00f3n \u201cEl Parque\u201d de Illescas, reunir\u00e1 alrededor de 550 participantes, en un torneo donde la discapacidad y el deporte ir\u00e1n de la mano.","og_url":"https:\/\/clm-inclusiva.org\/?p=4424","og_site_name":"Clm-Inclusiva","article_publisher":"https:\/\/www.facebook.com\/castillalamancha.inclusiva\/","article_published_time":"2022-02-09T12:12:59+00:00","og_image":[{"width":1600,"height":757,"url":"https:\/\/clm-inclusiva.org\/wp-content\/uploads\/2022\/02\/PRESENTACI\u00d3N-TROFEO-PARAKARATE.jpeg","type":"image\/jpeg"}],"author":"clm-inclusiva","twitter_card":"summary_large_image","twitter_creator":"@ClmInclusiva","twitter_site":"@ClmInclusiva","twitter_misc":{"Escrito por":"clm-inclusiva","Tiempo de lectura":"2 minutos"},"schema":{"@context":"https:\/\/schema.org","@graph":[{"@type":"Article","@id":"https:\/\/clm-inclusiva.org\/?p=4424#article","isPartOf":{"@id":"https:\/\/clm-inclusiva.org\/?p=4424"},"author":{"name":"clm-inclusiva","@id":"https:\/\/clm-inclusiva.org\/#\/schema\/person\/0cff84aaa5bb8fd3521c55d1578d902b"},"headline":"CLM INCLUSIVA COCEMFE patrocina el IV Trofeo de karate y parakarate AIDIS-NISHESHI en Illescas (Toledo)","datePublished":"2022-02-09T12:12:59+00:00","dateModified":"2022-02-09T12:12:59+00:00","mainEntityOfPage":{"@id":"https:\/\/clm-inclusiva.org\/?p=4424"},"wordCount":410,"commentCount":0,"publisher":{"@id":"https:\/\/clm-inclusiva.org\/#organization"},"inLanguage":"es","potentialAction":[{"@type":"CommentAction","name":"Comment","target":["https:\/\/clm-inclusiva.org\/?p=4424#respond"]}]},{"@type":"WebPage","@id":"https:\/\/clm-inclusiva.org\/?p=4424","url":"https:\/\/clm-inclusiva.org\/?p=4424","name":"CLM INCLUSIVA COCEMFE patrocina el IV Trofeo de karate y parakarate AIDIS-NISHESHI en Illescas (Toledo) - Clm-Inclusiva","isPartOf":{"@id":"https:\/\/clm-inclusiva.org\/#website"},"datePublished":"2022-02-09T12:12:59+00:00","dateModified":"2022-02-09T12:12:59+00:00","description":"El evento, que tendr\u00e1 lugar el pr\u00f3ximo s\u00e1bado d\u00eda 12 de febrero en el Pabell\u00f3n \u201cEl Parque\u201d de Illescas, reunir\u00e1 alrededor de 550 participantes, en un torneo donde la discapacidad y el deporte ir\u00e1n de la mano.","breadcrumb":{"@id":"https:\/\/clm-inclusiva.org\/?p=4424#breadcrumb"},"inLanguage":"es","potentialAction":[{"@type":"ReadAction","target":["https:\/\/clm-inclusiva.org\/?p=4424"]}]},{"@type":"BreadcrumbList","@id":"https:\/\/clm-inclusiva.org\/?p=4424#breadcrumb","itemListElement":[{"@type":"ListItem","position":1,"name":"Portada","item":"https:\/\/clm-inclusiva.org\/"},{"@type":"ListItem","position":2,"name":"CLM INCLUSIVA COCEMFE patrocina el IV Trofeo de karate y parakarate AIDIS-NISHESHI en Illescas (Toledo)"}]},{"@type":"WebSite","@id":"https:\/\/clm-inclusiva.org\/#website","url":"https:\/\/clm-inclusiva.org\/","name":"Clm-Inclusiva","description":"Confederaci\u00f3n de entidades de personas con discapacidad f\u00edsica y org\u00e1nica CLM","publisher":{"@id":"https:\/\/clm-inclusiva.org\/#organization"},"potentialAction":[{"@type":"SearchAction","target":{"@type":"EntryPoint","urlTemplate":"https:\/\/clm-inclusiva.org\/?s={search_term_string}"},"query-input":"required name=search_term_string"}],"inLanguage":"es"},{"@type":"Organization","@id":"https:\/\/clm-inclusiva.org\/#organization","name":"Clm-Inclusiva","url":"https:\/\/clm-inclusiva.org\/","logo":{"@type":"ImageObject","inLanguage":"es","@id":"https:\/\/clm-inclusiva.org\/#\/schema\/logo\/image\/","url":"http:\/\/clm-inclusiva.org\/wp-content\/uploads\/2019\/04\/banner-e1533720812836.jpg","contentUrl":"http:\/\/clm-inclusiva.org\/wp-content\/uploads\/2019\/04\/banner-e1533720812836.jpg","width":600,"height":332,"caption":"Clm-Inclusiva"},"image":{"@id":"https:\/\/clm-inclusiva.org\/#\/schema\/logo\/image\/"},"sameAs":["https:\/\/www.facebook.com\/castillalamancha.inclusiva\/","https:\/\/twitter.com\/ClmInclusiva"]},{"@type":"Person","@id":"https:\/\/clm-inclusiva.org\/#\/schema\/person\/0cff84aaa5bb8fd3521c55d1578d902b","name":"clm-inclusiva","image":{"@type":"ImageObject","inLanguage":"es","@id":"https:\/\/clm-inclusiva.org\/#\/schema\/person\/image\/","url":"https:\/\/secure.gravatar.com\/avatar\/88948567af770dc9cd5597b329011884?s=96&d=blank&r=g","contentUrl":"https:\/\/secure.gravatar.com\/avatar\/88948567af770dc9cd5597b329011884?s=96&d=blank&r=g","caption":"clm-inclusiva"},"sameAs":["http:\/\/clm-inclusiva.org"],"url":"https:\/\/clm-inclusiva.org\/?author=1"}]}},"_links":{"self":[{"href":"https:\/\/clm-inclusiva.org\/index.php?rest_route=\/wp\/v2\/posts\/4424"}],"collection":[{"href":"https:\/\/clm-inclusiva.org\/index.php?rest_route=\/wp\/v2\/posts"}],"about":[{"href":"https:\/\/clm-inclusiva.org\/index.php?rest_route=\/wp\/v2\/types\/post"}],"author":[{"embeddable":true,"href":"https:\/\/clm-inclusiva.org\/index.php?rest_route=\/wp\/v2\/users\/1"}],"replies":[{"embeddable":true,"href":"https:\/\/clm-inclusiva.org\/index.php?rest_route=%2Fwp%2Fv2%2Fcomments&post=4424"}],"version-history":[{"count":1,"href":"https:\/\/clm-inclusiva.org\/index.php?rest_route=\/wp\/v2\/posts\/4424\/revisions"}],"predecessor-version":[{"id":4426,"href":"https:\/\/clm-inclusiva.org\/index.php?rest_route=\/wp\/v2\/posts\/4424\/revisions\/4426"}],"wp:featuredmedia":[{"embeddable":true,"href":"https:\/\/clm-inclusiva.org\/index.php?rest_route=\/wp\/v2\/media\/4425"}],"wp:attachment":[{"href":"https:\/\/clm-inclusiva.org\/index.php?rest_route=%2Fwp%2Fv2%2Fmedia&parent=4424"}],"wp:term":[{"taxonomy":"category","embeddable":true,"href":"https:\/\/clm-inclusiva.org\/index.php?rest_route=%2Fwp%2Fv2%2Fcategories&post=4424"},{"taxonomy":"post_tag","embeddable":true,"href":"https:\/\/clm-inclusiva.org\/index.php?rest_route=%2Fwp%2Fv2%2Ftags&post=4424"}],"curies":[{"name":"wp","href":"https:\/\/api.w.org\/{rel}","templated":true}]}}