{"id":4405,"date":"2022-01-26T13:17:53","date_gmt":"2022-01-26T11:17:53","guid":{"rendered":"http:\/\/clm-inclusiva.org\/?p=4405"},"modified":"2022-01-26T13:18:30","modified_gmt":"2022-01-26T11:18:30","slug":"clm-inclusiva-cocemfe-desarrollara-en-cuenca-una-accion-formativa-de-asistente-tics","status":"publish","type":"post","link":"https:\/\/clm-inclusiva.org\/?p=4405","title":{"rendered":"CLM INCLUSIVA COCEMFE desarrollar\u00e1 en Cuenca una acci\u00f3n formativa de \u201cASISTENTE TICs\u201d"},"content":{"rendered":"<p>&nbsp;<\/p>\n<ul>\n<li><strong>Enmarcado en la Convocatoria de Ayudas Econ\u00f3micas para la selecci\u00f3n de operaciones para el refuerzo de la empleabilidad de personas con discapacidad \u201cUno a Uno\u201d &#8211; a\u00f1o 2021-2022 y est\u00e1 financiado por el Fondo Social Europeo (FSE). Programa Operativo de Inclusi\u00f3n Social y Econom\u00eda Social (POISES) 2014-2020. Objetivo Tem\u00e1tico 9, Prioridad de Inversi\u00f3n 9.1. Objetivo Espec\u00edfico 9.1.2. relativo a aumentar la contrataci\u00f3n de personas con discapacidad en situaci\u00f3n o riesgo de exclusi\u00f3n social.<\/strong><\/li>\n<\/ul>\n<p><strong>\u00a0<\/strong><\/p>\n<ul>\n<li><strong>El proyecto en cuesti\u00f3n tiene como objetivo potenciar las habilidades y competencias laborales de un grupo de 10 personas con discapacidad que se encuentren en situaci\u00f3n de desempleo o inactividad, as\u00ed como prepararlos para el desempe\u00f1o de una actividad profesional con gran demanda en el mercado laboral actual. <\/strong><\/li>\n<\/ul>\n<p>&nbsp;<\/p>\n<p>Cuenca, 25 de Enero de 2022.<\/p>\n<p>La Confederaci\u00f3n de entidades de personas con discapacidad f\u00edsica y org\u00e1nica de Castilla-La Mancha, CLM INCLUSIVA COCEMFE, pondr\u00e1 en marcha el 1 de marzo de 2022 el itinerario formativo correspondiente al curso de \u201cAsistente TICs\u201d en Cuenca. El curso tiene una duraci\u00f3n de 300 horas repartidas en 180 de teor\u00edas y 120 de formaci\u00f3n en el puesto de trabajo y est\u00e1 planteado para 10 alumnos\/as en situaci\u00f3n de desempleo con discapacidad igual o superior al 33 %.<\/p>\n<p>La acci\u00f3n formativa se enmarca en el proyecto \u201cUno a Uno CLM INCLUSI\u00d3N Y EMPLEO\u201d donde vienen incluidos itinerarios personalizados de activaci\u00f3n hacia el empleo, en aras de mejorar de forma directa le empleabilidad del participante en el futuro del mercado laboral. Estos itinerarios, basados en la formaci\u00f3n por competencia, comprenden una parte de formaci\u00f3n te\u00f3rica, formaci\u00f3n en el contexto laboral, y actividades de apoyo en el \u00e1mbito personal y familiar.<\/p>\n<p>De esta forma, adem\u00e1s de las materias que son propias de la ocupaci\u00f3n, el alumnado recibe formaci\u00f3n para la adquisici\u00f3n y desarrollo de habilidades para la b\u00fasqueda de empleo. As\u00ed mismo, cada participante cuenta con sesiones individuales, a trav\u00e9s de las que recibe apoyo individual para la elaboraci\u00f3n de su itinerario personalizado de inserci\u00f3n, y para el refuerzo en todas aquellos aspectos personales y profesionales que precise para le optimo aprovechamiento de esta formaci\u00f3n.<\/p>\n<p><strong>El Presidente de CLM INCLUSIVA COCEMFE, Enrique Alarc\u00f3n Garc\u00eda<\/strong>, a\u00f1ade que <em>\u201c<\/em><em>desde la Confederaci\u00f3n siempre tuvimos como prioritario que la capacitaci\u00f3n y la mejora de la empleabilidad de las personas con discapacidad f\u00edsica y org\u00e1nica deb\u00edan ser uno de los retos y objetivos que deb\u00edamos afrontar\u201d.<\/em><\/p>\n<p><strong>Desde CLM Inclusiva COCEMFE<\/strong>, apostamos por la promoci\u00f3n de un tejido favorable a la diversidad e integraci\u00f3n de personas con discapacidad. De esta manera, y para que la experiencia de nuestro alumnado sea lo m\u00e1s prol\u00edfica y enriquecedora posible, la formaci\u00f3n en el puesto de trabajo se llevar\u00e1 a cabo en empresas y\/o entidades relacionadas con las aptitudes del curso. Una oportunidad que favorecer\u00e1 el aprendizaje en un contexto real de trabajo.<\/p>\n<p>&nbsp;<\/p>\n","protected":false},"excerpt":{"rendered":"<p>&nbsp; Enmarcado en la Convocatoria de Ayudas Econ\u00f3micas para la selecci\u00f3n de operaciones para el refuerzo de la empleabilidad de personas con discapacidad \u201cUno a Uno\u201d &#8211; a\u00f1o 2021-2022 y est\u00e1 financiado por el Fondo Social Europeo (FSE). Programa Operativo de Inclusi\u00f3n Social y Econom\u00eda Social (POISES) 2014-2020. Objetivo Tem\u00e1tico 9, Prioridad de Inversi\u00f3n 9.1. [&hellip;]<\/p>\n","protected":false},"author":1,"featured_media":4406,"comment_status":"open","ping_status":"open","sticky":false,"template":"","format":"standard","meta":{"_et_pb_use_builder":"","_et_pb_old_content":"","_et_gb_content_width":"","footnotes":""},"categories":[2,49,4,47,50],"tags":[],"yoast_head":"<!-- This site is optimized with the Yoast SEO plugin v21.3 - https:\/\/yoast.com\/wordpress\/plugins\/seo\/ -->\n<title>CLM INCLUSIVA COCEMFE desarrollar\u00e1 en Cuenca una acci\u00f3n formativa de \u201cASISTENTE TICs\u201d - Clm-Inclusiva<\/title>\n<meta name=\"robots\" content=\"index, follow, max-snippet:-1, max-image-preview:large, max-video-preview:-1\" \/>\n<link rel=\"canonical\" href=\"https:\/\/clm-inclusiva.org\/?p=4405\" \/>\n<meta property=\"og:locale\" content=\"es_ES\" \/>\n<meta property=\"og:type\" content=\"article\" \/>\n<meta property=\"og:title\" content=\"CLM INCLUSIVA COCEMFE desarrollar\u00e1 en Cuenca una acci\u00f3n formativa de \u201cASISTENTE TICs\u201d - Clm-Inclusiva\" \/>\n<meta property=\"og:description\" content=\"&nbsp; Enmarcado en la Convocatoria de Ayudas Econ\u00f3micas para la selecci\u00f3n de operaciones para el refuerzo de la empleabilidad de personas con discapacidad \u201cUno a Uno\u201d &#8211; a\u00f1o 2021-2022 y est\u00e1 financiado por el Fondo Social Europeo (FSE). Programa Operativo de Inclusi\u00f3n Social y Econom\u00eda Social (POISES) 2014-2020. Objetivo Tem\u00e1tico 9, Prioridad de Inversi\u00f3n 9.1. [&hellip;]\" \/>\n<meta property=\"og:url\" content=\"https:\/\/clm-inclusiva.org\/?p=4405\" \/>\n<meta property=\"og:site_name\" content=\"Clm-Inclusiva\" \/>\n<meta property=\"article:publisher\" content=\"https:\/\/www.facebook.com\/castillalamancha.inclusiva\/\" \/>\n<meta property=\"article:published_time\" content=\"2022-01-26T11:17:53+00:00\" \/>\n<meta property=\"article:modified_time\" content=\"2022-01-26T11:18:30+00:00\" \/>\n<meta property=\"og:image\" content=\"https:\/\/clm-inclusiva.org\/wp-content\/uploads\/2022\/01\/POSTER_CURSO_CUENCA.png\" \/>\n\t<meta property=\"og:image:width\" content=\"1587\" \/>\n\t<meta property=\"og:image:height\" content=\"2245\" \/>\n\t<meta property=\"og:image:type\" content=\"image\/png\" \/>\n<meta name=\"author\" content=\"clm-inclusiva\" \/>\n<meta name=\"twitter:card\" content=\"summary_large_image\" \/>\n<meta name=\"twitter:creator\" content=\"@ClmInclusiva\" \/>\n<meta name=\"twitter:site\" content=\"@ClmInclusiva\" \/>\n<meta name=\"twitter:label1\" content=\"Escrito por\" \/>\n\t<meta name=\"twitter:data1\" content=\"clm-inclusiva\" \/>\n\t<meta name=\"twitter:label2\" content=\"Tiempo de lectura\" \/>\n\t<meta name=\"twitter:data2\" content=\"3 minutos\" \/>\n<script type=\"application\/ld+json\" class=\"yoast-schema-graph\">{\"@context\":\"https:\/\/schema.org\",\"@graph\":[{\"@type\":\"Article\",\"@id\":\"https:\/\/clm-inclusiva.org\/?p=4405#article\",\"isPartOf\":{\"@id\":\"https:\/\/clm-inclusiva.org\/?p=4405\"},\"author\":{\"name\":\"clm-inclusiva\",\"@id\":\"https:\/\/clm-inclusiva.org\/#\/schema\/person\/0cff84aaa5bb8fd3521c55d1578d902b\"},\"headline\":\"CLM INCLUSIVA COCEMFE desarrollar\u00e1 en Cuenca una acci\u00f3n formativa de \u201cASISTENTE TICs\u201d\",\"datePublished\":\"2022-01-26T11:17:53+00:00\",\"dateModified\":\"2022-01-26T11:18:30+00:00\",\"mainEntityOfPage\":{\"@id\":\"https:\/\/clm-inclusiva.org\/?p=4405\"},\"wordCount\":522,\"commentCount\":0,\"publisher\":{\"@id\":\"https:\/\/clm-inclusiva.org\/#organization\"},\"articleSection\":[\"Accesibilidad\",\"castilla-la mancha\",\"Clm inclusiva\",\"cocemfe\",\"Cuenca\"],\"inLanguage\":\"es\",\"potentialAction\":[{\"@type\":\"CommentAction\",\"name\":\"Comment\",\"target\":[\"https:\/\/clm-inclusiva.org\/?p=4405#respond\"]}]},{\"@type\":\"WebPage\",\"@id\":\"https:\/\/clm-inclusiva.org\/?p=4405\",\"url\":\"https:\/\/clm-inclusiva.org\/?p=4405\",\"name\":\"CLM INCLUSIVA COCEMFE desarrollar\u00e1 en Cuenca una acci\u00f3n formativa de \u201cASISTENTE TICs\u201d - Clm-Inclusiva\",\"isPartOf\":{\"@id\":\"https:\/\/clm-inclusiva.org\/#website\"},\"datePublished\":\"2022-01-26T11:17:53+00:00\",\"dateModified\":\"2022-01-26T11:18:30+00:00\",\"breadcrumb\":{\"@id\":\"https:\/\/clm-inclusiva.org\/?p=4405#breadcrumb\"},\"inLanguage\":\"es\",\"potentialAction\":[{\"@type\":\"ReadAction\",\"target\":[\"https:\/\/clm-inclusiva.org\/?p=4405\"]}]},{\"@type\":\"BreadcrumbList\",\"@id\":\"https:\/\/clm-inclusiva.org\/?p=4405#breadcrumb\",\"itemListElement\":[{\"@type\":\"ListItem\",\"position\":1,\"name\":\"Portada\",\"item\":\"https:\/\/clm-inclusiva.org\/\"},{\"@type\":\"ListItem\",\"position\":2,\"name\":\"CLM INCLUSIVA COCEMFE desarrollar\u00e1 en Cuenca una acci\u00f3n formativa de \u201cASISTENTE TICs\u201d\"}]},{\"@type\":\"WebSite\",\"@id\":\"https:\/\/clm-inclusiva.org\/#website\",\"url\":\"https:\/\/clm-inclusiva.org\/\",\"name\":\"Clm-Inclusiva\",\"description\":\"Confederaci\u00f3n de entidades de personas con discapacidad f\u00edsica y org\u00e1nica CLM\",\"publisher\":{\"@id\":\"https:\/\/clm-inclusiva.org\/#organization\"},\"potentialAction\":[{\"@type\":\"SearchAction\",\"target\":{\"@type\":\"EntryPoint\",\"urlTemplate\":\"https:\/\/clm-inclusiva.org\/?s={search_term_string}\"},\"query-input\":\"required name=search_term_string\"}],\"inLanguage\":\"es\"},{\"@type\":\"Organization\",\"@id\":\"https:\/\/clm-inclusiva.org\/#organization\",\"name\":\"Clm-Inclusiva\",\"url\":\"https:\/\/clm-inclusiva.org\/\",\"logo\":{\"@type\":\"ImageObject\",\"inLanguage\":\"es\",\"@id\":\"https:\/\/clm-inclusiva.org\/#\/schema\/logo\/image\/\",\"url\":\"http:\/\/clm-inclusiva.org\/wp-content\/uploads\/2019\/04\/banner-e1533720812836.jpg\",\"contentUrl\":\"http:\/\/clm-inclusiva.org\/wp-content\/uploads\/2019\/04\/banner-e1533720812836.jpg\",\"width\":600,\"height\":332,\"caption\":\"Clm-Inclusiva\"},\"image\":{\"@id\":\"https:\/\/clm-inclusiva.org\/#\/schema\/logo\/image\/\"},\"sameAs\":[\"https:\/\/www.facebook.com\/castillalamancha.inclusiva\/\",\"https:\/\/twitter.com\/ClmInclusiva\"]},{\"@type\":\"Person\",\"@id\":\"https:\/\/clm-inclusiva.org\/#\/schema\/person\/0cff84aaa5bb8fd3521c55d1578d902b\",\"name\":\"clm-inclusiva\",\"image\":{\"@type\":\"ImageObject\",\"inLanguage\":\"es\",\"@id\":\"https:\/\/clm-inclusiva.org\/#\/schema\/person\/image\/\",\"url\":\"https:\/\/secure.gravatar.com\/avatar\/88948567af770dc9cd5597b329011884?s=96&d=blank&r=g\",\"contentUrl\":\"https:\/\/secure.gravatar.com\/avatar\/88948567af770dc9cd5597b329011884?s=96&d=blank&r=g\",\"caption\":\"clm-inclusiva\"},\"sameAs\":[\"http:\/\/clm-inclusiva.org\"],\"url\":\"https:\/\/clm-inclusiva.org\/?author=1\"}]}<\/script>\n<!-- \/ Yoast SEO plugin. -->","yoast_head_json":{"title":"CLM INCLUSIVA COCEMFE desarrollar\u00e1 en Cuenca una acci\u00f3n formativa de \u201cASISTENTE TICs\u201d - Clm-Inclusiva","robots":{"index":"index","follow":"follow","max-snippet":"max-snippet:-1","max-image-preview":"max-image-preview:large","max-video-preview":"max-video-preview:-1"},"canonical":"https:\/\/clm-inclusiva.org\/?p=4405","og_locale":"es_ES","og_type":"article","og_title":"CLM INCLUSIVA COCEMFE desarrollar\u00e1 en Cuenca una acci\u00f3n formativa de \u201cASISTENTE TICs\u201d - Clm-Inclusiva","og_description":"&nbsp; Enmarcado en la Convocatoria de Ayudas Econ\u00f3micas para la selecci\u00f3n de operaciones para el refuerzo de la empleabilidad de personas con discapacidad \u201cUno a Uno\u201d &#8211; a\u00f1o 2021-2022 y est\u00e1 financiado por el Fondo Social Europeo (FSE). Programa Operativo de Inclusi\u00f3n Social y Econom\u00eda Social (POISES) 2014-2020. Objetivo Tem\u00e1tico 9, Prioridad de Inversi\u00f3n 9.1. [&hellip;]","og_url":"https:\/\/clm-inclusiva.org\/?p=4405","og_site_name":"Clm-Inclusiva","article_publisher":"https:\/\/www.facebook.com\/castillalamancha.inclusiva\/","article_published_time":"2022-01-26T11:17:53+00:00","article_modified_time":"2022-01-26T11:18:30+00:00","og_image":[{"width":1587,"height":2245,"url":"https:\/\/clm-inclusiva.org\/wp-content\/uploads\/2022\/01\/POSTER_CURSO_CUENCA.png","type":"image\/png"}],"author":"clm-inclusiva","twitter_card":"summary_large_image","twitter_creator":"@ClmInclusiva","twitter_site":"@ClmInclusiva","twitter_misc":{"Escrito por":"clm-inclusiva","Tiempo de lectura":"3 minutos"},"schema":{"@context":"https:\/\/schema.org","@graph":[{"@type":"Article","@id":"https:\/\/clm-inclusiva.org\/?p=4405#article","isPartOf":{"@id":"https:\/\/clm-inclusiva.org\/?p=4405"},"author":{"name":"clm-inclusiva","@id":"https:\/\/clm-inclusiva.org\/#\/schema\/person\/0cff84aaa5bb8fd3521c55d1578d902b"},"headline":"CLM INCLUSIVA COCEMFE desarrollar\u00e1 en Cuenca una acci\u00f3n formativa de \u201cASISTENTE TICs\u201d","datePublished":"2022-01-26T11:17:53+00:00","dateModified":"2022-01-26T11:18:30+00:00","mainEntityOfPage":{"@id":"https:\/\/clm-inclusiva.org\/?p=4405"},"wordCount":522,"commentCount":0,"publisher":{"@id":"https:\/\/clm-inclusiva.org\/#organization"},"articleSection":["Accesibilidad","castilla-la mancha","Clm inclusiva","cocemfe","Cuenca"],"inLanguage":"es","potentialAction":[{"@type":"CommentAction","name":"Comment","target":["https:\/\/clm-inclusiva.org\/?p=4405#respond"]}]},{"@type":"WebPage","@id":"https:\/\/clm-inclusiva.org\/?p=4405","url":"https:\/\/clm-inclusiva.org\/?p=4405","name":"CLM INCLUSIVA COCEMFE desarrollar\u00e1 en Cuenca una acci\u00f3n formativa de \u201cASISTENTE TICs\u201d - Clm-Inclusiva","isPartOf":{"@id":"https:\/\/clm-inclusiva.org\/#website"},"datePublished":"2022-01-26T11:17:53+00:00","dateModified":"2022-01-26T11:18:30+00:00","breadcrumb":{"@id":"https:\/\/clm-inclusiva.org\/?p=4405#breadcrumb"},"inLanguage":"es","potentialAction":[{"@type":"ReadAction","target":["https:\/\/clm-inclusiva.org\/?p=4405"]}]},{"@type":"BreadcrumbList","@id":"https:\/\/clm-inclusiva.org\/?p=4405#breadcrumb","itemListElement":[{"@type":"ListItem","position":1,"name":"Portada","item":"https:\/\/clm-inclusiva.org\/"},{"@type":"ListItem","position":2,"name":"CLM INCLUSIVA COCEMFE desarrollar\u00e1 en Cuenca una acci\u00f3n formativa de \u201cASISTENTE TICs\u201d"}]},{"@type":"WebSite","@id":"https:\/\/clm-inclusiva.org\/#website","url":"https:\/\/clm-inclusiva.org\/","name":"Clm-Inclusiva","description":"Confederaci\u00f3n de entidades de personas con discapacidad f\u00edsica y org\u00e1nica CLM","publisher":{"@id":"https:\/\/clm-inclusiva.org\/#organization"},"potentialAction":[{"@type":"SearchAction","target":{"@type":"EntryPoint","urlTemplate":"https:\/\/clm-inclusiva.org\/?s={search_term_string}"},"query-input":"required name=search_term_string"}],"inLanguage":"es"},{"@type":"Organization","@id":"https:\/\/clm-inclusiva.org\/#organization","name":"Clm-Inclusiva","url":"https:\/\/clm-inclusiva.org\/","logo":{"@type":"ImageObject","inLanguage":"es","@id":"https:\/\/clm-inclusiva.org\/#\/schema\/logo\/image\/","url":"http:\/\/clm-inclusiva.org\/wp-content\/uploads\/2019\/04\/banner-e1533720812836.jpg","contentUrl":"http:\/\/clm-inclusiva.org\/wp-content\/uploads\/2019\/04\/banner-e1533720812836.jpg","width":600,"height":332,"caption":"Clm-Inclusiva"},"image":{"@id":"https:\/\/clm-inclusiva.org\/#\/schema\/logo\/image\/"},"sameAs":["https:\/\/www.facebook.com\/castillalamancha.inclusiva\/","https:\/\/twitter.com\/ClmInclusiva"]},{"@type":"Person","@id":"https:\/\/clm-inclusiva.org\/#\/schema\/person\/0cff84aaa5bb8fd3521c55d1578d902b","name":"clm-inclusiva","image":{"@type":"ImageObject","inLanguage":"es","@id":"https:\/\/clm-inclusiva.org\/#\/schema\/person\/image\/","url":"https:\/\/secure.gravatar.com\/avatar\/88948567af770dc9cd5597b329011884?s=96&d=blank&r=g","contentUrl":"https:\/\/secure.gravatar.com\/avatar\/88948567af770dc9cd5597b329011884?s=96&d=blank&r=g","caption":"clm-inclusiva"},"sameAs":["http:\/\/clm-inclusiva.org"],"url":"https:\/\/clm-inclusiva.org\/?author=1"}]}},"_links":{"self":[{"href":"https:\/\/clm-inclusiva.org\/index.php?rest_route=\/wp\/v2\/posts\/4405"}],"collection":[{"href":"https:\/\/clm-inclusiva.org\/index.php?rest_route=\/wp\/v2\/posts"}],"about":[{"href":"https:\/\/clm-inclusiva.org\/index.php?rest_route=\/wp\/v2\/types\/post"}],"author":[{"embeddable":true,"href":"https:\/\/clm-inclusiva.org\/index.php?rest_route=\/wp\/v2\/users\/1"}],"replies":[{"embeddable":true,"href":"https:\/\/clm-inclusiva.org\/index.php?rest_route=%2Fwp%2Fv2%2Fcomments&post=4405"}],"version-history":[{"count":2,"href":"https:\/\/clm-inclusiva.org\/index.php?rest_route=\/wp\/v2\/posts\/4405\/revisions"}],"predecessor-version":[{"id":4408,"href":"https:\/\/clm-inclusiva.org\/index.php?rest_route=\/wp\/v2\/posts\/4405\/revisions\/4408"}],"wp:featuredmedia":[{"embeddable":true,"href":"https:\/\/clm-inclusiva.org\/index.php?rest_route=\/wp\/v2\/media\/4406"}],"wp:attachment":[{"href":"https:\/\/clm-inclusiva.org\/index.php?rest_route=%2Fwp%2Fv2%2Fmedia&parent=4405"}],"wp:term":[{"taxonomy":"category","embeddable":true,"href":"https:\/\/clm-inclusiva.org\/index.php?rest_route=%2Fwp%2Fv2%2Fcategories&post=4405"},{"taxonomy":"post_tag","embeddable":true,"href":"https:\/\/clm-inclusiva.org\/index.php?rest_route=%2Fwp%2Fv2%2Ftags&post=4405"}],"curies":[{"name":"wp","href":"https:\/\/api.w.org\/{rel}","templated":true}]}}