{"id":4355,"date":"2021-12-10T15:36:22","date_gmt":"2021-12-10T13:36:22","guid":{"rendered":"http:\/\/clm-inclusiva.org\/?p=4355"},"modified":"2021-12-10T15:36:22","modified_gmt":"2021-12-10T13:36:22","slug":"clm-inclusiva-cocemfe-acuerda-poner-en-marcha-un-plan-de-reactivacion-del-movimiento-asociativo-de-personas-con-discapacidad-fisica-y-organica-en-castilla-la-mancha","status":"publish","type":"post","link":"https:\/\/clm-inclusiva.org\/?p=4355","title":{"rendered":"CLM INCLUSIVA COCEMFE acuerda poner en marcha un Plan de Reactivaci\u00f3n del Movimiento Asociativo de personas con discapacidad f\u00edsica y org\u00e1nica en Castilla-La Mancha."},"content":{"rendered":"<p>(Toledo, 10 de diciembre de 2021)<\/p>\n<p>&nbsp;<\/p>\n<p>La Confederaci\u00f3n de entidades de personas con discapacidad de Castilla-La Mancha, <strong>CLM Inclusiva COCEMFE<\/strong>, celebr\u00f3 ayer la \u00faltima Junta Directiva del a\u00f1o. Representantes de las entidades que la conforman analizaron y pusieron en valor el funcionamiento de la actividad y los programas que la Confederaci\u00f3n viene desarrollando durante 2021.<\/p>\n<p>&nbsp;<\/p>\n<p>Entre otras cuestiones, se acord\u00f3 continuar con el Proyecto de Apoyo a Entidades, financiado por JCCM y Fundaci\u00f3n ONCE, reforzando y ampliando la cartera de servicios que desde la entidad se pone a disposici\u00f3n del colectivo asociativo de personas con discapacidad de Castilla-La Mancha.<\/p>\n<p>&nbsp;<\/p>\n<p>En este sentido, las entidades, mostraron una profunda preocupaci\u00f3n por la situaci\u00f3n de desamparo org\u00e1nico y funcional de muchas de las asociaciones que componen el tejido asociativo de la Regi\u00f3n. En palabras de <strong>Enrique Alarc\u00f3n, Presidente de CLM Inclusiva COCEMFE<\/strong>, <em>\u201csi ya arrastr\u00e1bamos un estado preocupante de actividad en nuestras peque\u00f1as y medianas entidades y asociaciones, la crisis econ\u00f3mica y sanitaria provocada por la Covid19 ha arrasado como un tsunami a decenas de asociaciones de personas con discapacidad f\u00edsica y\/u org\u00e1nica de Castilla-La Mancha\u201d. <\/em><\/p>\n<p><em>\u00a0<\/em><\/p>\n<p>Y a\u00f1ad\u00eda, <em>\u201cpor ello, es urgente que desde la entidad regional se comiencen a tomar las medidas necesarias que aseguren que las asociaciones puedan continuar con la labor a favor de las personas con discapacidad, afrontar los retos del mantenimiento y sostenibilidad de las asociaciones en el contexto de la nueva realidad social, la direcci\u00f3n estrat\u00e9gica de estas, as\u00ed como la implicaci\u00f3n de la juventud en los proyectos que faciliten el recambio generacional.\u201d<\/em><\/p>\n<p>&nbsp;<\/p>\n<p>Por ello, desde la Junta Directiva, se acord\u00f3, dise\u00f1ar e implementar un Plan de Reactivaci\u00f3n del Movimiento Asociativo de Personas con discapacidad f\u00edsica u org\u00e1nica en Castilla-La Mancha, haciendo hincapi\u00e9 en una primera fase en las Provincias de Toledo y Ciudad Real, con el fin \u00faltimo de extenderlo a toda la Comunidad Aut\u00f3noma.<\/p>\n","protected":false},"excerpt":{"rendered":"<p>(Toledo, 10 de diciembre de 2021) &nbsp; La Confederaci\u00f3n de entidades de personas con discapacidad de Castilla-La Mancha, CLM Inclusiva COCEMFE, celebr\u00f3 ayer la \u00faltima Junta Directiva del a\u00f1o. Representantes de las entidades que la conforman analizaron y pusieron en valor el funcionamiento de la actividad y los programas que la Confederaci\u00f3n viene desarrollando durante [&hellip;]<\/p>\n","protected":false},"author":1,"featured_media":4356,"comment_status":"open","ping_status":"open","sticky":false,"template":"","format":"standard","meta":{"_et_pb_use_builder":"","_et_pb_old_content":"","_et_gb_content_width":"","footnotes":""},"categories":[39,49,4,47,5,44,41],"tags":[11,80],"yoast_head":"<!-- This site is optimized with the Yoast SEO plugin v21.3 - https:\/\/yoast.com\/wordpress\/plugins\/seo\/ -->\n<title>CLM INCLUSIVA COCEMFE acuerda poner en marcha un Plan de Reactivaci\u00f3n del Movimiento Asociativo de personas con discapacidad f\u00edsica y org\u00e1nica en Castilla-La Mancha. - Clm-Inclusiva<\/title>\n<meta name=\"description\" content=\"La Confederaci\u00f3n de entidades de personas con discapacidad de Castilla-La Mancha, CLM Inclusiva COCEMFE, celebr\u00f3 ayer la \u00faltima Junta Directiva del a\u00f1o. Representantes de las entidades que la conforman analizaron y pusieron en valor el funcionamiento de la actividad y los programas que la Confederaci\u00f3n viene desarrollando durante 2021.\" \/>\n<meta name=\"robots\" content=\"index, follow, max-snippet:-1, max-image-preview:large, max-video-preview:-1\" \/>\n<link rel=\"canonical\" href=\"https:\/\/clm-inclusiva.org\/?p=4355\" \/>\n<meta property=\"og:locale\" content=\"es_ES\" \/>\n<meta property=\"og:type\" content=\"article\" \/>\n<meta property=\"og:title\" content=\"CLM INCLUSIVA COCEMFE acuerda poner en marcha un Plan de Reactivaci\u00f3n del Movimiento Asociativo de personas con discapacidad f\u00edsica y org\u00e1nica en Castilla-La Mancha. - Clm-Inclusiva\" \/>\n<meta property=\"og:description\" content=\"La Confederaci\u00f3n de entidades de personas con discapacidad de Castilla-La Mancha, CLM Inclusiva COCEMFE, celebr\u00f3 ayer la \u00faltima Junta Directiva del a\u00f1o. Representantes de las entidades que la conforman analizaron y pusieron en valor el funcionamiento de la actividad y los programas que la Confederaci\u00f3n viene desarrollando durante 2021.\" \/>\n<meta property=\"og:url\" content=\"https:\/\/clm-inclusiva.org\/?p=4355\" \/>\n<meta property=\"og:site_name\" content=\"Clm-Inclusiva\" \/>\n<meta property=\"article:publisher\" content=\"https:\/\/www.facebook.com\/castillalamancha.inclusiva\/\" \/>\n<meta property=\"article:published_time\" content=\"2021-12-10T13:36:22+00:00\" \/>\n<meta property=\"og:image\" content=\"https:\/\/clm-inclusiva.org\/wp-content\/uploads\/2021\/12\/Junta-Directiva-09_12_21.jpeg\" \/>\n\t<meta property=\"og:image:width\" content=\"1599\" \/>\n\t<meta property=\"og:image:height\" content=\"758\" \/>\n\t<meta property=\"og:image:type\" content=\"image\/jpeg\" \/>\n<meta name=\"author\" content=\"clm-inclusiva\" \/>\n<meta name=\"twitter:card\" content=\"summary_large_image\" \/>\n<meta name=\"twitter:creator\" content=\"@ClmInclusiva\" \/>\n<meta name=\"twitter:site\" content=\"@ClmInclusiva\" \/>\n<meta name=\"twitter:label1\" content=\"Escrito por\" \/>\n\t<meta name=\"twitter:data1\" content=\"clm-inclusiva\" \/>\n\t<meta name=\"twitter:label2\" content=\"Tiempo de lectura\" \/>\n\t<meta name=\"twitter:data2\" content=\"2 minutos\" \/>\n<script type=\"application\/ld+json\" class=\"yoast-schema-graph\">{\"@context\":\"https:\/\/schema.org\",\"@graph\":[{\"@type\":\"Article\",\"@id\":\"https:\/\/clm-inclusiva.org\/?p=4355#article\",\"isPartOf\":{\"@id\":\"https:\/\/clm-inclusiva.org\/?p=4355\"},\"author\":{\"name\":\"clm-inclusiva\",\"@id\":\"https:\/\/clm-inclusiva.org\/#\/schema\/person\/0cff84aaa5bb8fd3521c55d1578d902b\"},\"headline\":\"CLM INCLUSIVA COCEMFE acuerda poner en marcha un Plan de Reactivaci\u00f3n del Movimiento Asociativo de personas con discapacidad f\u00edsica y org\u00e1nica en Castilla-La Mancha.\",\"datePublished\":\"2021-12-10T13:36:22+00:00\",\"dateModified\":\"2021-12-10T13:36:22+00:00\",\"mainEntityOfPage\":{\"@id\":\"https:\/\/clm-inclusiva.org\/?p=4355\"},\"wordCount\":363,\"commentCount\":0,\"publisher\":{\"@id\":\"https:\/\/clm-inclusiva.org\/#organization\"},\"keywords\":[\"clm inclusiva\",\"Discapacidad\"],\"articleSection\":[\"Bienestar social\",\"castilla-la mancha\",\"Clm inclusiva\",\"cocemfe\",\"Discapacidad\",\"Politica social\",\"Tercer sector\"],\"inLanguage\":\"es\",\"potentialAction\":[{\"@type\":\"CommentAction\",\"name\":\"Comment\",\"target\":[\"https:\/\/clm-inclusiva.org\/?p=4355#respond\"]}]},{\"@type\":\"WebPage\",\"@id\":\"https:\/\/clm-inclusiva.org\/?p=4355\",\"url\":\"https:\/\/clm-inclusiva.org\/?p=4355\",\"name\":\"CLM INCLUSIVA COCEMFE acuerda poner en marcha un Plan de Reactivaci\u00f3n del Movimiento Asociativo de personas con discapacidad f\u00edsica y org\u00e1nica en Castilla-La Mancha. - Clm-Inclusiva\",\"isPartOf\":{\"@id\":\"https:\/\/clm-inclusiva.org\/#website\"},\"datePublished\":\"2021-12-10T13:36:22+00:00\",\"dateModified\":\"2021-12-10T13:36:22+00:00\",\"description\":\"La Confederaci\u00f3n de entidades de personas con discapacidad de Castilla-La Mancha, CLM Inclusiva COCEMFE, celebr\u00f3 ayer la \u00faltima Junta Directiva del a\u00f1o. Representantes de las entidades que la conforman analizaron y pusieron en valor el funcionamiento de la actividad y los programas que la Confederaci\u00f3n viene desarrollando durante 2021.\",\"breadcrumb\":{\"@id\":\"https:\/\/clm-inclusiva.org\/?p=4355#breadcrumb\"},\"inLanguage\":\"es\",\"potentialAction\":[{\"@type\":\"ReadAction\",\"target\":[\"https:\/\/clm-inclusiva.org\/?p=4355\"]}]},{\"@type\":\"BreadcrumbList\",\"@id\":\"https:\/\/clm-inclusiva.org\/?p=4355#breadcrumb\",\"itemListElement\":[{\"@type\":\"ListItem\",\"position\":1,\"name\":\"Portada\",\"item\":\"https:\/\/clm-inclusiva.org\/\"},{\"@type\":\"ListItem\",\"position\":2,\"name\":\"CLM INCLUSIVA COCEMFE acuerda poner en marcha un Plan de Reactivaci\u00f3n del Movimiento Asociativo de personas con discapacidad f\u00edsica y org\u00e1nica en Castilla-La Mancha.\"}]},{\"@type\":\"WebSite\",\"@id\":\"https:\/\/clm-inclusiva.org\/#website\",\"url\":\"https:\/\/clm-inclusiva.org\/\",\"name\":\"Clm-Inclusiva\",\"description\":\"Confederaci\u00f3n de entidades de personas con discapacidad f\u00edsica y org\u00e1nica CLM\",\"publisher\":{\"@id\":\"https:\/\/clm-inclusiva.org\/#organization\"},\"potentialAction\":[{\"@type\":\"SearchAction\",\"target\":{\"@type\":\"EntryPoint\",\"urlTemplate\":\"https:\/\/clm-inclusiva.org\/?s={search_term_string}\"},\"query-input\":\"required name=search_term_string\"}],\"inLanguage\":\"es\"},{\"@type\":\"Organization\",\"@id\":\"https:\/\/clm-inclusiva.org\/#organization\",\"name\":\"Clm-Inclusiva\",\"url\":\"https:\/\/clm-inclusiva.org\/\",\"logo\":{\"@type\":\"ImageObject\",\"inLanguage\":\"es\",\"@id\":\"https:\/\/clm-inclusiva.org\/#\/schema\/logo\/image\/\",\"url\":\"http:\/\/clm-inclusiva.org\/wp-content\/uploads\/2019\/04\/banner-e1533720812836.jpg\",\"contentUrl\":\"http:\/\/clm-inclusiva.org\/wp-content\/uploads\/2019\/04\/banner-e1533720812836.jpg\",\"width\":600,\"height\":332,\"caption\":\"Clm-Inclusiva\"},\"image\":{\"@id\":\"https:\/\/clm-inclusiva.org\/#\/schema\/logo\/image\/\"},\"sameAs\":[\"https:\/\/www.facebook.com\/castillalamancha.inclusiva\/\",\"https:\/\/twitter.com\/ClmInclusiva\"]},{\"@type\":\"Person\",\"@id\":\"https:\/\/clm-inclusiva.org\/#\/schema\/person\/0cff84aaa5bb8fd3521c55d1578d902b\",\"name\":\"clm-inclusiva\",\"image\":{\"@type\":\"ImageObject\",\"inLanguage\":\"es\",\"@id\":\"https:\/\/clm-inclusiva.org\/#\/schema\/person\/image\/\",\"url\":\"https:\/\/secure.gravatar.com\/avatar\/88948567af770dc9cd5597b329011884?s=96&d=blank&r=g\",\"contentUrl\":\"https:\/\/secure.gravatar.com\/avatar\/88948567af770dc9cd5597b329011884?s=96&d=blank&r=g\",\"caption\":\"clm-inclusiva\"},\"sameAs\":[\"http:\/\/clm-inclusiva.org\"],\"url\":\"https:\/\/clm-inclusiva.org\/?author=1\"}]}<\/script>\n<!-- \/ Yoast SEO plugin. -->","yoast_head_json":{"title":"CLM INCLUSIVA COCEMFE acuerda poner en marcha un Plan de Reactivaci\u00f3n del Movimiento Asociativo de personas con discapacidad f\u00edsica y org\u00e1nica en Castilla-La Mancha. - Clm-Inclusiva","description":"La Confederaci\u00f3n de entidades de personas con discapacidad de Castilla-La Mancha, CLM Inclusiva COCEMFE, celebr\u00f3 ayer la \u00faltima Junta Directiva del a\u00f1o. Representantes de las entidades que la conforman analizaron y pusieron en valor el funcionamiento de la actividad y los programas que la Confederaci\u00f3n viene desarrollando durante 2021.","robots":{"index":"index","follow":"follow","max-snippet":"max-snippet:-1","max-image-preview":"max-image-preview:large","max-video-preview":"max-video-preview:-1"},"canonical":"https:\/\/clm-inclusiva.org\/?p=4355","og_locale":"es_ES","og_type":"article","og_title":"CLM INCLUSIVA COCEMFE acuerda poner en marcha un Plan de Reactivaci\u00f3n del Movimiento Asociativo de personas con discapacidad f\u00edsica y org\u00e1nica en Castilla-La Mancha. - Clm-Inclusiva","og_description":"La Confederaci\u00f3n de entidades de personas con discapacidad de Castilla-La Mancha, CLM Inclusiva COCEMFE, celebr\u00f3 ayer la \u00faltima Junta Directiva del a\u00f1o. Representantes de las entidades que la conforman analizaron y pusieron en valor el funcionamiento de la actividad y los programas que la Confederaci\u00f3n viene desarrollando durante 2021.","og_url":"https:\/\/clm-inclusiva.org\/?p=4355","og_site_name":"Clm-Inclusiva","article_publisher":"https:\/\/www.facebook.com\/castillalamancha.inclusiva\/","article_published_time":"2021-12-10T13:36:22+00:00","og_image":[{"width":1599,"height":758,"url":"https:\/\/clm-inclusiva.org\/wp-content\/uploads\/2021\/12\/Junta-Directiva-09_12_21.jpeg","type":"image\/jpeg"}],"author":"clm-inclusiva","twitter_card":"summary_large_image","twitter_creator":"@ClmInclusiva","twitter_site":"@ClmInclusiva","twitter_misc":{"Escrito por":"clm-inclusiva","Tiempo de lectura":"2 minutos"},"schema":{"@context":"https:\/\/schema.org","@graph":[{"@type":"Article","@id":"https:\/\/clm-inclusiva.org\/?p=4355#article","isPartOf":{"@id":"https:\/\/clm-inclusiva.org\/?p=4355"},"author":{"name":"clm-inclusiva","@id":"https:\/\/clm-inclusiva.org\/#\/schema\/person\/0cff84aaa5bb8fd3521c55d1578d902b"},"headline":"CLM INCLUSIVA COCEMFE acuerda poner en marcha un Plan de Reactivaci\u00f3n del Movimiento Asociativo de personas con discapacidad f\u00edsica y org\u00e1nica en Castilla-La Mancha.","datePublished":"2021-12-10T13:36:22+00:00","dateModified":"2021-12-10T13:36:22+00:00","mainEntityOfPage":{"@id":"https:\/\/clm-inclusiva.org\/?p=4355"},"wordCount":363,"commentCount":0,"publisher":{"@id":"https:\/\/clm-inclusiva.org\/#organization"},"keywords":["clm inclusiva","Discapacidad"],"articleSection":["Bienestar social","castilla-la mancha","Clm inclusiva","cocemfe","Discapacidad","Politica social","Tercer sector"],"inLanguage":"es","potentialAction":[{"@type":"CommentAction","name":"Comment","target":["https:\/\/clm-inclusiva.org\/?p=4355#respond"]}]},{"@type":"WebPage","@id":"https:\/\/clm-inclusiva.org\/?p=4355","url":"https:\/\/clm-inclusiva.org\/?p=4355","name":"CLM INCLUSIVA COCEMFE acuerda poner en marcha un Plan de Reactivaci\u00f3n del Movimiento Asociativo de personas con discapacidad f\u00edsica y org\u00e1nica en Castilla-La Mancha. - Clm-Inclusiva","isPartOf":{"@id":"https:\/\/clm-inclusiva.org\/#website"},"datePublished":"2021-12-10T13:36:22+00:00","dateModified":"2021-12-10T13:36:22+00:00","description":"La Confederaci\u00f3n de entidades de personas con discapacidad de Castilla-La Mancha, CLM Inclusiva COCEMFE, celebr\u00f3 ayer la \u00faltima Junta Directiva del a\u00f1o. Representantes de las entidades que la conforman analizaron y pusieron en valor el funcionamiento de la actividad y los programas que la Confederaci\u00f3n viene desarrollando durante 2021.","breadcrumb":{"@id":"https:\/\/clm-inclusiva.org\/?p=4355#breadcrumb"},"inLanguage":"es","potentialAction":[{"@type":"ReadAction","target":["https:\/\/clm-inclusiva.org\/?p=4355"]}]},{"@type":"BreadcrumbList","@id":"https:\/\/clm-inclusiva.org\/?p=4355#breadcrumb","itemListElement":[{"@type":"ListItem","position":1,"name":"Portada","item":"https:\/\/clm-inclusiva.org\/"},{"@type":"ListItem","position":2,"name":"CLM INCLUSIVA COCEMFE acuerda poner en marcha un Plan de Reactivaci\u00f3n del Movimiento Asociativo de personas con discapacidad f\u00edsica y org\u00e1nica en Castilla-La Mancha."}]},{"@type":"WebSite","@id":"https:\/\/clm-inclusiva.org\/#website","url":"https:\/\/clm-inclusiva.org\/","name":"Clm-Inclusiva","description":"Confederaci\u00f3n de entidades de personas con discapacidad f\u00edsica y org\u00e1nica CLM","publisher":{"@id":"https:\/\/clm-inclusiva.org\/#organization"},"potentialAction":[{"@type":"SearchAction","target":{"@type":"EntryPoint","urlTemplate":"https:\/\/clm-inclusiva.org\/?s={search_term_string}"},"query-input":"required name=search_term_string"}],"inLanguage":"es"},{"@type":"Organization","@id":"https:\/\/clm-inclusiva.org\/#organization","name":"Clm-Inclusiva","url":"https:\/\/clm-inclusiva.org\/","logo":{"@type":"ImageObject","inLanguage":"es","@id":"https:\/\/clm-inclusiva.org\/#\/schema\/logo\/image\/","url":"http:\/\/clm-inclusiva.org\/wp-content\/uploads\/2019\/04\/banner-e1533720812836.jpg","contentUrl":"http:\/\/clm-inclusiva.org\/wp-content\/uploads\/2019\/04\/banner-e1533720812836.jpg","width":600,"height":332,"caption":"Clm-Inclusiva"},"image":{"@id":"https:\/\/clm-inclusiva.org\/#\/schema\/logo\/image\/"},"sameAs":["https:\/\/www.facebook.com\/castillalamancha.inclusiva\/","https:\/\/twitter.com\/ClmInclusiva"]},{"@type":"Person","@id":"https:\/\/clm-inclusiva.org\/#\/schema\/person\/0cff84aaa5bb8fd3521c55d1578d902b","name":"clm-inclusiva","image":{"@type":"ImageObject","inLanguage":"es","@id":"https:\/\/clm-inclusiva.org\/#\/schema\/person\/image\/","url":"https:\/\/secure.gravatar.com\/avatar\/88948567af770dc9cd5597b329011884?s=96&d=blank&r=g","contentUrl":"https:\/\/secure.gravatar.com\/avatar\/88948567af770dc9cd5597b329011884?s=96&d=blank&r=g","caption":"clm-inclusiva"},"sameAs":["http:\/\/clm-inclusiva.org"],"url":"https:\/\/clm-inclusiva.org\/?author=1"}]}},"_links":{"self":[{"href":"https:\/\/clm-inclusiva.org\/index.php?rest_route=\/wp\/v2\/posts\/4355"}],"collection":[{"href":"https:\/\/clm-inclusiva.org\/index.php?rest_route=\/wp\/v2\/posts"}],"about":[{"href":"https:\/\/clm-inclusiva.org\/index.php?rest_route=\/wp\/v2\/types\/post"}],"author":[{"embeddable":true,"href":"https:\/\/clm-inclusiva.org\/index.php?rest_route=\/wp\/v2\/users\/1"}],"replies":[{"embeddable":true,"href":"https:\/\/clm-inclusiva.org\/index.php?rest_route=%2Fwp%2Fv2%2Fcomments&post=4355"}],"version-history":[{"count":1,"href":"https:\/\/clm-inclusiva.org\/index.php?rest_route=\/wp\/v2\/posts\/4355\/revisions"}],"predecessor-version":[{"id":4357,"href":"https:\/\/clm-inclusiva.org\/index.php?rest_route=\/wp\/v2\/posts\/4355\/revisions\/4357"}],"wp:featuredmedia":[{"embeddable":true,"href":"https:\/\/clm-inclusiva.org\/index.php?rest_route=\/wp\/v2\/media\/4356"}],"wp:attachment":[{"href":"https:\/\/clm-inclusiva.org\/index.php?rest_route=%2Fwp%2Fv2%2Fmedia&parent=4355"}],"wp:term":[{"taxonomy":"category","embeddable":true,"href":"https:\/\/clm-inclusiva.org\/index.php?rest_route=%2Fwp%2Fv2%2Fcategories&post=4355"},{"taxonomy":"post_tag","embeddable":true,"href":"https:\/\/clm-inclusiva.org\/index.php?rest_route=%2Fwp%2Fv2%2Ftags&post=4355"}],"curies":[{"name":"wp","href":"https:\/\/api.w.org\/{rel}","templated":true}]}}