{"id":423,"date":"2019-03-17T18:54:22","date_gmt":"2019-03-17T18:54:22","guid":{"rendered":"http:\/\/clm-inclusiva.org\/?p=423"},"modified":"2019-06-29T09:37:12","modified_gmt":"2019-06-29T07:37:12","slug":"hacer-la-compra-sera-mas-facil-para-las-personas-mayores-y-con-discapacidad-de-castilla-la-mancha","status":"publish","type":"post","link":"https:\/\/clm-inclusiva.org\/?p=423","title":{"rendered":"Hacer la compra ser\u00e1 m\u00e1s f\u00e1cil para las personas mayores y con discapacidad de Castilla-La Mancha"},"content":{"rendered":"<p>[et_pb_section fb_built=&#8221;1&#8243; _builder_version=&#8221;3.22.4&#8243; custom_padding=&#8221;0px||2px|||&#8221;][et_pb_row custom_padding=&#8221;|||||&#8221; custom_margin=&#8221;|||||&#8221; _builder_version=&#8221;3.25&#8243; background_size=&#8221;initial&#8221; background_position=&#8221;top_left&#8221; background_repeat=&#8221;repeat&#8221;][et_pb_column type=&#8221;4_4&#8243; _builder_version=&#8221;3.25&#8243; custom_padding=&#8221;|||&#8221; custom_padding__hover=&#8221;|||&#8221;][et_pb_text _builder_version=&#8221;3.22.4&#8243; text_font=&#8221;||||||||&#8221; text_orientation=&#8221;justified&#8221;]<\/p>\n<p data-wahfont=\"14\"><span data-wahfont=\"14\">La Consejer\u00eda de Sanidad, el Comit\u00e9 Espa\u00f1ol de Representantes de Personas con Discapacidad de Castilla-La Mancha (CERMI), la Asociaci\u00f3n Nacional de Grandes Empresas de Distribuci\u00f3n, (ANGED), la Asociaci\u00f3n de Supermercados de Castilla-La Mancha, (ASUCAM) y la Asociaci\u00f3n de Cadenas Espa\u00f1ola de Supermercados (ACES) han firmado un convenio de colaboraci\u00f3n para implementar un servicio de apoyo a la compra para personas consumidoras mayores y con discapacidad.<\/span><br \/> <span data-wahfont=\"14\">El objetivo del convenio es establecer las bases generales de colaboraci\u00f3n para implementar el programa de servicio especializado de apoyo en la compra para personas consumidoras con discapacidad en los establecimientos en r\u00e9gimen de autoservicio (grandes superficies, hipermercados y supermercados) adheridos al programa en Castilla-La Mancha.<\/span><br \/> <span data-wahfont=\"14\">Se podr\u00e1n acoger a este servicio las personas con discapacidad reconocida con al menos el 33 por ciento de grado de discapacidad, que presenten limitaciones para poder realizar una compra en igualdad de condiciones que el resto de las personas independientemente de su discapacidad f\u00edsica (PMR), sensorial (visual, auditiva, sordoceguera\u2026), intelectual o del desarrollo, enfermedad mental.<\/span><\/p>\n<p data-wahfont=\"14\"><span data-wahfont=\"14\">Asimismo, personas mayores o que padezcan de enfermedad cr\u00f3nica, con limitaciones en la movilidad y de tipo cognitivo, que presenten tambi\u00e9n el grado de discapacidad antes referido.<\/span><\/p>\n<p data-wahfont=\"14\"><img decoding=\"async\" loading=\"lazy\" class=\"alignnone size-full wp-image-435686\" src=\"https:\/\/i2.wp.com\/www.eldigitaldealbacete.com\/wp-content\/uploads\/2019\/03\/AEC6C5CB-0E15-49C5-BA61-40A2D3CE8A0C.jpeg?zoom=1.5625&amp;resize=695%2C426&amp;ssl=1\" sizes=\"(max-width: 1200px) 100vw, 1200px\" alt=\"\" width=\"695\" height=\"426\" style=\"display: block; margin-left: auto; margin-right: auto;\" \/><\/p>\n<p data-wahfont=\"14\"><span data-wahfont=\"14\">As\u00ed, las empresas adheridas al convenio estar\u00e1n identificadas a trav\u00e9s de logos que expondr\u00e1n en la entrada a sus negocios, con personas dedicadas a esta tarea perfectamente identificadas a trav\u00e9s de chalecos que llevar\u00e1n el mensaje de \u2018compra asistida\u2019.<\/span><\/p>\n<p data-wahfont=\"14\"><span data-wahfont=\"14\">El personal responsable de prestar el servicio de asistencia y apoyo a\u00a0 la compra puede responder a varios perfiles seg\u00fan criterio de cada una de las empresas adheridas, siendo personal propio de la empresa que reciba una formaci\u00f3n ad hoc para desempe\u00f1ar las funciones de asistente en la compra asistida a personas con discapacidad, o bien a trav\u00e9s de personal externo. Siempre que resulte posible, se optar\u00e1 por la contrataci\u00f3n de personas con discapacidad.<\/span><\/p>\n<p data-wahfont=\"14\"><span data-wahfont=\"14\">Estas personas orientar\u00e1n, informar\u00e1n y facilitar\u00e1n a los consumidores el proceso cotidiano de la compra en una apuesta decidida por la igualdad de derechos y oportunidades.<\/span><\/p>\n<p data-wahfont=\"14\"><span data-wahfont=\"14\">A trav\u00e9s del convenio, se impulsar\u00e1 la implementaci\u00f3n de iniciativas y medidas propuestas en el desarrollo del programa, difundir y promover las iniciativas objeto del programa mediante los recursos propios de la organizaci\u00f3n y facilitar los distintivos o carteles de informaci\u00f3n que deben exhibir los establecimientos adheridos al programa, entre otras cuestiones.<\/span><\/p>\n<p data-wahfont=\"14\"><span data-wahfont=\"14\">Para el adecuado control y seguimiento del presente convenio, todas las partes constituir\u00e1n una Comisi\u00f3n de Seguimiento, integrada por un representante de cada una de ellas, siendo presidida por el Director General de Salud P\u00fablica y Consumo, Manuel Tordera.<\/span><\/p>\n<p data-wahfont=\"14\"><span data-wahfont=\"14\">Desde la entrada en vigor del presente convenio se contempla un per\u00edodo de implementaci\u00f3n, de un m\u00e1ximo de tres meses, para llevar a cabo las acciones y medidas precisas.<\/span><\/p>\n<p data-wahfont=\"14\"><span data-wahfont=\"14\">El acceso al servicio se podr\u00e1 realizar por cita previa y concertaci\u00f3n del servicio de compra asistida por parte del potencial cliente, a trav\u00e9s de los canales que establezca la empresa (correo electr\u00f3nico, p\u00e1gina web, tel\u00e9fono gratuito o con la \u2018app\u2019 que tenga disponible, si procede). En cualquier caso, el sistema deber\u00e1 ser plenamente accesible.<\/span><\/p>\n<p data-wahfont=\"14\"><span data-wahfont=\"14\">Se deber\u00e1 establecer un tiempo m\u00ednimo necesario para poder concertar como cita previa la prestaci\u00f3n de dicho servicio, o bien con arreglo a un espacio horario previamente estipulado al respecto.<\/span><\/p>\n<p data-wahfont=\"14\"><span data-wahfont=\"14\">Adem\u00e1s de forma voluntaria por parte de las empresas, podr\u00e1 optarse asimismo por la asistencia solicitada \u2018in situ\u2019 en el establecimiento por parte de cualquier persona con discapacidad que la necesite en el mismo momento.<\/span><\/p>\n<p data-wahfont=\"14\"><a href=\"https:\/\/www.eldigitaldealbacete.com\/2019\/03\/15\/hacer-la-compra-sera-mas-facil-para-las-personas-mayores-y-con-discapacidad-de-castilla-la-mancha\/\" rel=\"external\" data-wahfont=\"14\">eldigitaldealbacete.com<\/a><\/p>\n<p>[\/et_pb_text][et_pb_post_nav prev_text=&#8221;Anterior&#8221; next_text=&#8221;Siguiente&#8221; _builder_version=&#8221;3.22.4&#8243;][\/et_pb_post_nav][\/et_pb_column][\/et_pb_row][\/et_pb_section]<\/p>\n","protected":false},"excerpt":{"rendered":"<p>[et_pb_section fb_built=&#8221;1&#8243; _builder_version=&#8221;3.22.4&#8243; custom_padding=&#8221;0px||2px|||&#8221;][et_pb_row custom_padding=&#8221;|||||&#8221; custom_margin=&#8221;|||||&#8221; _builder_version=&#8221;3.25&#8243; background_size=&#8221;initial&#8221; background_position=&#8221;top_left&#8221; background_repeat=&#8221;repeat&#8221;][et_pb_column type=&#8221;4_4&#8243; _builder_version=&#8221;3.25&#8243; custom_padding=&#8221;|||&#8221; custom_padding__hover=&#8221;|||&#8221;][et_pb_text _builder_version=&#8221;3.22.4&#8243; text_font=&#8221;||||||||&#8221; text_orientation=&#8221;justified&#8221;] La Consejer\u00eda de Sanidad, el Comit\u00e9 Espa\u00f1ol de Representantes de Personas con Discapacidad de Castilla-La Mancha (CERMI), la Asociaci\u00f3n Nacional de Grandes Empresas de Distribuci\u00f3n, (ANGED), la Asociaci\u00f3n de Supermercados de Castilla-La Mancha, (ASUCAM) y la Asociaci\u00f3n de [&hellip;]<\/p>\n","protected":false},"author":1,"featured_media":424,"comment_status":"closed","ping_status":"closed","sticky":false,"template":"","format":"standard","meta":{"_et_pb_use_builder":"on","_et_pb_old_content":"\t\t\t\t<p style=\"text-align: justify;\"><a class=\"fancyboxforwp\" href=\"https:\/\/i2.wp.com\/aidiscam.org\/wp-content\/uploads\/2019\/03\/289290-600-338.jpg\" data-fancybox=\"gallery\"><img class=\"aligncenter size-full wp-image-2272\" src=\"https:\/\/i2.wp.com\/aidiscam.org\/wp-content\/uploads\/2019\/03\/289290-600-338.jpg?w=620\" sizes=\"(max-width: 620px) 100vw, 620px\" alt=\"\" width=\"620\" height=\"329\" data-attachment-id=\"2272\" data-permalink=\"http:\/\/aidiscam.org\/2019\/03\/17\/hacer-la-compra-sera-mas-facil-para-las-personas-mayores-y-con-discapacidad-de-castilla-la-mancha\/289290-600-338\/\" data-orig-file=\"https:\/\/i2.wp.com\/aidiscam.org\/wp-content\/uploads\/2019\/03\/289290-600-338.jpg?fit=620%2C329\" data-orig-size=\"620,329\" data-comments-opened=\"1\" data-image-meta=\"{\"aperture\":\"0\",\"credit\":\"\",\"camera\":\"\",\"caption\":\"\",\"created_timestamp\":\"0\",\"copyright\":\"\",\"focal_length\":\"0\",\"iso\":\"0\",\"shutter_speed\":\"0\",\"title\":\"\",\"orientation\":\"0\"}\" data-image-title=\"289290-600-338\" data-image-description=\"\" data-medium-file=\"https:\/\/i2.wp.com\/aidiscam.org\/wp-content\/uploads\/2019\/03\/289290-600-338.jpg?fit=300%2C159\" data-large-file=\"https:\/\/i2.wp.com\/aidiscam.org\/wp-content\/uploads\/2019\/03\/289290-600-338.jpg?fit=620%2C329\" \/><\/a><\/p>\r\n<p style=\"text-align: justify;\"><span>La Consejer\u00eda de Sanidad, el Comit\u00e9 Espa\u00f1ol de Representantes de Personas con Discapacidad de Castilla-La Mancha (CERMI), la Asociaci\u00f3n Nacional de Grandes Empresas de Distribuci\u00f3n, (ANGED), la Asociaci\u00f3n de Supermercados de Castilla-La Mancha, (ASUCAM) y la Asociaci\u00f3n de Cadenas Espa\u00f1ola de Supermercados (ACES) han firmado un convenio de colaboraci\u00f3n para implementar un servicio de apoyo a la compra para personas consumidoras mayores y con discapacidad.<\/span>\r\n<span> El objetivo del convenio es establecer las bases generales de colaboraci\u00f3n para implementar el programa de servicio especializado de apoyo en la compra para personas consumidoras con discapacidad en los establecimientos en r\u00e9gimen de autoservicio (grandes superficies, hipermercados y supermercados) adheridos al programa en Castilla-La Mancha.<\/span>\r\n<span> Se podr\u00e1n acoger a este servicio las personas con discapacidad reconocida con al menos el 33 por ciento de grado de discapacidad, que presenten limitaciones para poder realizar una compra en igualdad de condiciones que el resto de las personas independientemente de su discapacidad f\u00edsica (PMR), sensorial (visual, auditiva, sordoceguera\u2026), intelectual o del desarrollo, enfermedad mental.<\/span><\/p>\r\n<p style=\"text-align: justify;\"><span> Asimismo, personas mayores o que padezcan de enfermedad cr\u00f3nica, con limitaciones en la movilidad y de tipo cognitivo, que presenten tambi\u00e9n el grado de discapacidad antes referido.<\/span><\/p>\r\n<p style=\"text-align: justify;\"><img class=\"alignnone size-full wp-image-435686\" src=\"https:\/\/i2.wp.com\/www.eldigitaldealbacete.com\/wp-content\/uploads\/2019\/03\/AEC6C5CB-0E15-49C5-BA61-40A2D3CE8A0C.jpeg?zoom=1.5625&resize=695%2C426&ssl=1\" sizes=\"(max-width: 1200px) 100vw, 1200px\" alt=\"\" width=\"695\" height=\"426\" \/><\/p>\r\n<p style=\"text-align: justify;\"><span>As\u00ed, las empresas adheridas al convenio estar\u00e1n identificadas a trav\u00e9s de logos que expondr\u00e1n en la entrada a sus negocios, con personas dedicadas a esta tarea perfectamente identificadas a trav\u00e9s de chalecos que llevar\u00e1n el mensaje de \u2018compra asistida\u2019.<\/span><\/p>\r\n<p style=\"text-align: justify;\"><span>El personal responsable de prestar el servicio de asistencia y apoyo a\u00a0 la compra puede responder a varios perfiles seg\u00fan criterio de cada una de las empresas adheridas, siendo personal propio de la empresa que reciba una formaci\u00f3n ad hoc para desempe\u00f1ar las funciones de asistente en la compra asistida a personas con discapacidad, o bien a trav\u00e9s de personal externo. Siempre que resulte posible, se optar\u00e1 por la contrataci\u00f3n de personas con discapacidad.<\/span><\/p>\r\n<p style=\"text-align: justify;\"><span>Estas personas orientar\u00e1n, informar\u00e1n y facilitar\u00e1n a los consumidores el proceso cotidiano de la compra en una apuesta decidida por la igualdad de derechos y oportunidades.<\/span><\/p>\r\n<p style=\"text-align: justify;\"><span>A trav\u00e9s del convenio, se impulsar\u00e1 la implementaci\u00f3n de iniciativas y medidas propuestas en el desarrollo del programa, difundir y promover las iniciativas objeto del programa mediante los recursos propios de la organizaci\u00f3n y facilitar los distintivos o carteles de informaci\u00f3n que deben exhibir los establecimientos adheridos al programa, entre otras cuestiones.<\/span><\/p>\r\n<p style=\"text-align: justify;\"><span>Para el adecuado control y seguimiento del presente convenio, todas las partes constituir\u00e1n una Comisi\u00f3n de Seguimiento, integrada por un representante de cada una de ellas, siendo presidida por el Director General de Salud P\u00fablica y Consumo, Manuel Tordera.<\/span><\/p>\r\n<p style=\"text-align: justify;\"><span>Desde la entrada en vigor del presente convenio se contempla un per\u00edodo de implementaci\u00f3n, de un m\u00e1ximo de tres meses, para llevar a cabo las acciones y medidas precisas.<\/span><\/p>\r\n<p style=\"text-align: justify;\"><span>El acceso al servicio se podr\u00e1 realizar por cita previa y concertaci\u00f3n del servicio de compra asistida por parte del potencial cliente, a trav\u00e9s de los canales que establezca la empresa (correo electr\u00f3nico, p\u00e1gina web, tel\u00e9fono gratuito o con la \u2018app\u2019 que tenga disponible, si procede). En cualquier caso, el sistema deber\u00e1 ser plenamente accesible.<\/span><\/p>\r\n<p style=\"text-align: justify;\"><span>Se deber\u00e1 establecer un tiempo m\u00ednimo necesario para poder concertar como cita previa la prestaci\u00f3n de dicho servicio, o bien con arreglo a un espacio horario previamente estipulado al respecto.<\/span><\/p>\r\n<p style=\"text-align: justify;\"><span>Adem\u00e1s de forma voluntaria por parte de las empresas, podr\u00e1 optarse asimismo por la asistencia solicitada \u2018in situ\u2019 en el establecimiento por parte de cualquier persona con discapacidad que la necesite en el mismo momento.<\/span><\/p>\r\n<a href=\"https:\/\/www.eldigitaldealbacete.com\/2019\/03\/15\/hacer-la-compra-sera-mas-facil-para-las-personas-mayores-y-con-discapacidad-de-castilla-la-mancha\/\">eldigitaldealbacete.com<\/a>\t\t","_et_gb_content_width":"","footnotes":""},"categories":[2],"tags":[12],"yoast_head":"<!-- This site is optimized with the Yoast SEO plugin v21.3 - https:\/\/yoast.com\/wordpress\/plugins\/seo\/ -->\n<title>Hacer la compra ser\u00e1 m\u00e1s f\u00e1cil para las personas mayores y con discapacidad de Castilla-La Mancha - Clm-Inclusiva<\/title>\n<meta name=\"robots\" content=\"index, follow, max-snippet:-1, max-image-preview:large, max-video-preview:-1\" \/>\n<link rel=\"canonical\" href=\"https:\/\/clm-inclusiva.org\/?p=423\" \/>\n<meta property=\"og:locale\" content=\"es_ES\" \/>\n<meta property=\"og:type\" content=\"article\" \/>\n<meta property=\"og:title\" content=\"Hacer la compra ser\u00e1 m\u00e1s f\u00e1cil para las personas mayores y con discapacidad de Castilla-La Mancha - Clm-Inclusiva\" \/>\n<meta property=\"og:description\" content=\"[et_pb_section fb_built=&#8221;1&#8243; _builder_version=&#8221;3.22.4&#8243; custom_padding=&#8221;0px||2px|||&#8221;][et_pb_row custom_padding=&#8221;|||||&#8221; custom_margin=&#8221;|||||&#8221; _builder_version=&#8221;3.25&#8243; background_size=&#8221;initial&#8221; background_position=&#8221;top_left&#8221; background_repeat=&#8221;repeat&#8221;][et_pb_column type=&#8221;4_4&#8243; _builder_version=&#8221;3.25&#8243; custom_padding=&#8221;|||&#8221; custom_padding__hover=&#8221;|||&#8221;][et_pb_text _builder_version=&#8221;3.22.4&#8243; text_font=&#8221;||||||||&#8221; text_orientation=&#8221;justified&#8221;] La Consejer\u00eda de Sanidad, el Comit\u00e9 Espa\u00f1ol de Representantes de Personas con Discapacidad de Castilla-La Mancha (CERMI), la Asociaci\u00f3n Nacional de Grandes Empresas de Distribuci\u00f3n, (ANGED), la Asociaci\u00f3n de Supermercados de Castilla-La Mancha, (ASUCAM) y la Asociaci\u00f3n de [&hellip;]\" \/>\n<meta property=\"og:url\" content=\"https:\/\/clm-inclusiva.org\/?p=423\" \/>\n<meta property=\"og:site_name\" content=\"Clm-Inclusiva\" \/>\n<meta property=\"article:publisher\" content=\"https:\/\/www.facebook.com\/castillalamancha.inclusiva\/\" \/>\n<meta property=\"article:published_time\" content=\"2019-03-17T18:54:22+00:00\" \/>\n<meta property=\"article:modified_time\" content=\"2019-06-29T07:37:12+00:00\" \/>\n<meta property=\"og:image\" content=\"https:\/\/clm-inclusiva.org\/wp-content\/uploads\/2019\/03\/289290-600-338-1.jpg\" \/>\n\t<meta property=\"og:image:width\" content=\"620\" \/>\n\t<meta property=\"og:image:height\" content=\"329\" \/>\n\t<meta property=\"og:image:type\" content=\"image\/jpeg\" \/>\n<meta name=\"author\" content=\"clm-inclusiva\" \/>\n<meta name=\"twitter:card\" content=\"summary_large_image\" \/>\n<meta name=\"twitter:creator\" content=\"@ClmInclusiva\" \/>\n<meta name=\"twitter:site\" content=\"@ClmInclusiva\" \/>\n<meta name=\"twitter:label1\" content=\"Escrito por\" \/>\n\t<meta name=\"twitter:data1\" content=\"clm-inclusiva\" \/>\n\t<meta name=\"twitter:label2\" content=\"Tiempo de lectura\" \/>\n\t<meta name=\"twitter:data2\" content=\"3 minutos\" \/>\n<script type=\"application\/ld+json\" class=\"yoast-schema-graph\">{\"@context\":\"https:\/\/schema.org\",\"@graph\":[{\"@type\":\"Article\",\"@id\":\"https:\/\/clm-inclusiva.org\/?p=423#article\",\"isPartOf\":{\"@id\":\"https:\/\/clm-inclusiva.org\/?p=423\"},\"author\":{\"name\":\"clm-inclusiva\",\"@id\":\"https:\/\/clm-inclusiva.org\/#\/schema\/person\/0cff84aaa5bb8fd3521c55d1578d902b\"},\"headline\":\"Hacer la compra ser\u00e1 m\u00e1s f\u00e1cil para las personas mayores y con discapacidad de Castilla-La Mancha\",\"datePublished\":\"2019-03-17T18:54:22+00:00\",\"dateModified\":\"2019-06-29T07:37:12+00:00\",\"mainEntityOfPage\":{\"@id\":\"https:\/\/clm-inclusiva.org\/?p=423\"},\"wordCount\":716,\"publisher\":{\"@id\":\"https:\/\/clm-inclusiva.org\/#organization\"},\"keywords\":[\"discapacidad y mayores\"],\"articleSection\":[\"Accesibilidad\"],\"inLanguage\":\"es\"},{\"@type\":\"WebPage\",\"@id\":\"https:\/\/clm-inclusiva.org\/?p=423\",\"url\":\"https:\/\/clm-inclusiva.org\/?p=423\",\"name\":\"Hacer la compra ser\u00e1 m\u00e1s f\u00e1cil para las personas mayores y con discapacidad de Castilla-La Mancha - Clm-Inclusiva\",\"isPartOf\":{\"@id\":\"https:\/\/clm-inclusiva.org\/#website\"},\"datePublished\":\"2019-03-17T18:54:22+00:00\",\"dateModified\":\"2019-06-29T07:37:12+00:00\",\"breadcrumb\":{\"@id\":\"https:\/\/clm-inclusiva.org\/?p=423#breadcrumb\"},\"inLanguage\":\"es\",\"potentialAction\":[{\"@type\":\"ReadAction\",\"target\":[\"https:\/\/clm-inclusiva.org\/?p=423\"]}]},{\"@type\":\"BreadcrumbList\",\"@id\":\"https:\/\/clm-inclusiva.org\/?p=423#breadcrumb\",\"itemListElement\":[{\"@type\":\"ListItem\",\"position\":1,\"name\":\"Portada\",\"item\":\"https:\/\/clm-inclusiva.org\/\"},{\"@type\":\"ListItem\",\"position\":2,\"name\":\"Hacer la compra ser\u00e1 m\u00e1s f\u00e1cil para las personas mayores y con discapacidad de Castilla-La Mancha\"}]},{\"@type\":\"WebSite\",\"@id\":\"https:\/\/clm-inclusiva.org\/#website\",\"url\":\"https:\/\/clm-inclusiva.org\/\",\"name\":\"Clm-Inclusiva\",\"description\":\"Confederaci\u00f3n de entidades de personas con discapacidad f\u00edsica y org\u00e1nica CLM\",\"publisher\":{\"@id\":\"https:\/\/clm-inclusiva.org\/#organization\"},\"potentialAction\":[{\"@type\":\"SearchAction\",\"target\":{\"@type\":\"EntryPoint\",\"urlTemplate\":\"https:\/\/clm-inclusiva.org\/?s={search_term_string}\"},\"query-input\":\"required name=search_term_string\"}],\"inLanguage\":\"es\"},{\"@type\":\"Organization\",\"@id\":\"https:\/\/clm-inclusiva.org\/#organization\",\"name\":\"Clm-Inclusiva\",\"url\":\"https:\/\/clm-inclusiva.org\/\",\"logo\":{\"@type\":\"ImageObject\",\"inLanguage\":\"es\",\"@id\":\"https:\/\/clm-inclusiva.org\/#\/schema\/logo\/image\/\",\"url\":\"http:\/\/clm-inclusiva.org\/wp-content\/uploads\/2019\/04\/banner-e1533720812836.jpg\",\"contentUrl\":\"http:\/\/clm-inclusiva.org\/wp-content\/uploads\/2019\/04\/banner-e1533720812836.jpg\",\"width\":600,\"height\":332,\"caption\":\"Clm-Inclusiva\"},\"image\":{\"@id\":\"https:\/\/clm-inclusiva.org\/#\/schema\/logo\/image\/\"},\"sameAs\":[\"https:\/\/www.facebook.com\/castillalamancha.inclusiva\/\",\"https:\/\/twitter.com\/ClmInclusiva\"]},{\"@type\":\"Person\",\"@id\":\"https:\/\/clm-inclusiva.org\/#\/schema\/person\/0cff84aaa5bb8fd3521c55d1578d902b\",\"name\":\"clm-inclusiva\",\"image\":{\"@type\":\"ImageObject\",\"inLanguage\":\"es\",\"@id\":\"https:\/\/clm-inclusiva.org\/#\/schema\/person\/image\/\",\"url\":\"https:\/\/secure.gravatar.com\/avatar\/88948567af770dc9cd5597b329011884?s=96&d=blank&r=g\",\"contentUrl\":\"https:\/\/secure.gravatar.com\/avatar\/88948567af770dc9cd5597b329011884?s=96&d=blank&r=g\",\"caption\":\"clm-inclusiva\"},\"sameAs\":[\"http:\/\/clm-inclusiva.org\"],\"url\":\"https:\/\/clm-inclusiva.org\/?author=1\"}]}<\/script>\n<!-- \/ Yoast SEO plugin. -->","yoast_head_json":{"title":"Hacer la compra ser\u00e1 m\u00e1s f\u00e1cil para las personas mayores y con discapacidad de Castilla-La Mancha - Clm-Inclusiva","robots":{"index":"index","follow":"follow","max-snippet":"max-snippet:-1","max-image-preview":"max-image-preview:large","max-video-preview":"max-video-preview:-1"},"canonical":"https:\/\/clm-inclusiva.org\/?p=423","og_locale":"es_ES","og_type":"article","og_title":"Hacer la compra ser\u00e1 m\u00e1s f\u00e1cil para las personas mayores y con discapacidad de Castilla-La Mancha - Clm-Inclusiva","og_description":"[et_pb_section fb_built=&#8221;1&#8243; _builder_version=&#8221;3.22.4&#8243; custom_padding=&#8221;0px||2px|||&#8221;][et_pb_row custom_padding=&#8221;|||||&#8221; custom_margin=&#8221;|||||&#8221; _builder_version=&#8221;3.25&#8243; background_size=&#8221;initial&#8221; background_position=&#8221;top_left&#8221; background_repeat=&#8221;repeat&#8221;][et_pb_column type=&#8221;4_4&#8243; _builder_version=&#8221;3.25&#8243; custom_padding=&#8221;|||&#8221; custom_padding__hover=&#8221;|||&#8221;][et_pb_text _builder_version=&#8221;3.22.4&#8243; text_font=&#8221;||||||||&#8221; text_orientation=&#8221;justified&#8221;] La Consejer\u00eda de Sanidad, el Comit\u00e9 Espa\u00f1ol de Representantes de Personas con Discapacidad de Castilla-La Mancha (CERMI), la Asociaci\u00f3n Nacional de Grandes Empresas de Distribuci\u00f3n, (ANGED), la Asociaci\u00f3n de Supermercados de Castilla-La Mancha, (ASUCAM) y la Asociaci\u00f3n de [&hellip;]","og_url":"https:\/\/clm-inclusiva.org\/?p=423","og_site_name":"Clm-Inclusiva","article_publisher":"https:\/\/www.facebook.com\/castillalamancha.inclusiva\/","article_published_time":"2019-03-17T18:54:22+00:00","article_modified_time":"2019-06-29T07:37:12+00:00","og_image":[{"width":620,"height":329,"url":"https:\/\/clm-inclusiva.org\/wp-content\/uploads\/2019\/03\/289290-600-338-1.jpg","type":"image\/jpeg"}],"author":"clm-inclusiva","twitter_card":"summary_large_image","twitter_creator":"@ClmInclusiva","twitter_site":"@ClmInclusiva","twitter_misc":{"Escrito por":"clm-inclusiva","Tiempo de lectura":"3 minutos"},"schema":{"@context":"https:\/\/schema.org","@graph":[{"@type":"Article","@id":"https:\/\/clm-inclusiva.org\/?p=423#article","isPartOf":{"@id":"https:\/\/clm-inclusiva.org\/?p=423"},"author":{"name":"clm-inclusiva","@id":"https:\/\/clm-inclusiva.org\/#\/schema\/person\/0cff84aaa5bb8fd3521c55d1578d902b"},"headline":"Hacer la compra ser\u00e1 m\u00e1s f\u00e1cil para las personas mayores y con discapacidad de Castilla-La Mancha","datePublished":"2019-03-17T18:54:22+00:00","dateModified":"2019-06-29T07:37:12+00:00","mainEntityOfPage":{"@id":"https:\/\/clm-inclusiva.org\/?p=423"},"wordCount":716,"publisher":{"@id":"https:\/\/clm-inclusiva.org\/#organization"},"keywords":["discapacidad y mayores"],"articleSection":["Accesibilidad"],"inLanguage":"es"},{"@type":"WebPage","@id":"https:\/\/clm-inclusiva.org\/?p=423","url":"https:\/\/clm-inclusiva.org\/?p=423","name":"Hacer la compra ser\u00e1 m\u00e1s f\u00e1cil para las personas mayores y con discapacidad de Castilla-La Mancha - Clm-Inclusiva","isPartOf":{"@id":"https:\/\/clm-inclusiva.org\/#website"},"datePublished":"2019-03-17T18:54:22+00:00","dateModified":"2019-06-29T07:37:12+00:00","breadcrumb":{"@id":"https:\/\/clm-inclusiva.org\/?p=423#breadcrumb"},"inLanguage":"es","potentialAction":[{"@type":"ReadAction","target":["https:\/\/clm-inclusiva.org\/?p=423"]}]},{"@type":"BreadcrumbList","@id":"https:\/\/clm-inclusiva.org\/?p=423#breadcrumb","itemListElement":[{"@type":"ListItem","position":1,"name":"Portada","item":"https:\/\/clm-inclusiva.org\/"},{"@type":"ListItem","position":2,"name":"Hacer la compra ser\u00e1 m\u00e1s f\u00e1cil para las personas mayores y con discapacidad de Castilla-La Mancha"}]},{"@type":"WebSite","@id":"https:\/\/clm-inclusiva.org\/#website","url":"https:\/\/clm-inclusiva.org\/","name":"Clm-Inclusiva","description":"Confederaci\u00f3n de entidades de personas con discapacidad f\u00edsica y org\u00e1nica CLM","publisher":{"@id":"https:\/\/clm-inclusiva.org\/#organization"},"potentialAction":[{"@type":"SearchAction","target":{"@type":"EntryPoint","urlTemplate":"https:\/\/clm-inclusiva.org\/?s={search_term_string}"},"query-input":"required name=search_term_string"}],"inLanguage":"es"},{"@type":"Organization","@id":"https:\/\/clm-inclusiva.org\/#organization","name":"Clm-Inclusiva","url":"https:\/\/clm-inclusiva.org\/","logo":{"@type":"ImageObject","inLanguage":"es","@id":"https:\/\/clm-inclusiva.org\/#\/schema\/logo\/image\/","url":"http:\/\/clm-inclusiva.org\/wp-content\/uploads\/2019\/04\/banner-e1533720812836.jpg","contentUrl":"http:\/\/clm-inclusiva.org\/wp-content\/uploads\/2019\/04\/banner-e1533720812836.jpg","width":600,"height":332,"caption":"Clm-Inclusiva"},"image":{"@id":"https:\/\/clm-inclusiva.org\/#\/schema\/logo\/image\/"},"sameAs":["https:\/\/www.facebook.com\/castillalamancha.inclusiva\/","https:\/\/twitter.com\/ClmInclusiva"]},{"@type":"Person","@id":"https:\/\/clm-inclusiva.org\/#\/schema\/person\/0cff84aaa5bb8fd3521c55d1578d902b","name":"clm-inclusiva","image":{"@type":"ImageObject","inLanguage":"es","@id":"https:\/\/clm-inclusiva.org\/#\/schema\/person\/image\/","url":"https:\/\/secure.gravatar.com\/avatar\/88948567af770dc9cd5597b329011884?s=96&d=blank&r=g","contentUrl":"https:\/\/secure.gravatar.com\/avatar\/88948567af770dc9cd5597b329011884?s=96&d=blank&r=g","caption":"clm-inclusiva"},"sameAs":["http:\/\/clm-inclusiva.org"],"url":"https:\/\/clm-inclusiva.org\/?author=1"}]}},"_links":{"self":[{"href":"https:\/\/clm-inclusiva.org\/index.php?rest_route=\/wp\/v2\/posts\/423"}],"collection":[{"href":"https:\/\/clm-inclusiva.org\/index.php?rest_route=\/wp\/v2\/posts"}],"about":[{"href":"https:\/\/clm-inclusiva.org\/index.php?rest_route=\/wp\/v2\/types\/post"}],"author":[{"embeddable":true,"href":"https:\/\/clm-inclusiva.org\/index.php?rest_route=\/wp\/v2\/users\/1"}],"replies":[{"embeddable":true,"href":"https:\/\/clm-inclusiva.org\/index.php?rest_route=%2Fwp%2Fv2%2Fcomments&post=423"}],"version-history":[{"count":3,"href":"https:\/\/clm-inclusiva.org\/index.php?rest_route=\/wp\/v2\/posts\/423\/revisions"}],"predecessor-version":[{"id":2596,"href":"https:\/\/clm-inclusiva.org\/index.php?rest_route=\/wp\/v2\/posts\/423\/revisions\/2596"}],"wp:featuredmedia":[{"embeddable":true,"href":"https:\/\/clm-inclusiva.org\/index.php?rest_route=\/wp\/v2\/media\/424"}],"wp:attachment":[{"href":"https:\/\/clm-inclusiva.org\/index.php?rest_route=%2Fwp%2Fv2%2Fmedia&parent=423"}],"wp:term":[{"taxonomy":"category","embeddable":true,"href":"https:\/\/clm-inclusiva.org\/index.php?rest_route=%2Fwp%2Fv2%2Fcategories&post=423"},{"taxonomy":"post_tag","embeddable":true,"href":"https:\/\/clm-inclusiva.org\/index.php?rest_route=%2Fwp%2Fv2%2Ftags&post=423"}],"curies":[{"name":"wp","href":"https:\/\/api.w.org\/{rel}","templated":true}]}}