{"id":4210,"date":"2021-11-02T13:29:45","date_gmt":"2021-11-02T11:29:45","guid":{"rendered":"http:\/\/clm-inclusiva.org\/?p=4210"},"modified":"2021-11-02T13:29:58","modified_gmt":"2021-11-02T11:29:58","slug":"clm-inclusiva-cocemfe-clausura-en-hellin-el-curso-formativo-de-atencion-al-cliente-y-auxiliar-de-ventas-on-line","status":"publish","type":"post","link":"https:\/\/clm-inclusiva.org\/?p=4210","title":{"rendered":"CLM INCLUSIVA COCEMFE clausura en Hell\u00edn el curso formativo de \u201cAtenci\u00f3n al Cliente y Auxiliar de Ventas on-line\u201d"},"content":{"rendered":"<ul>\n<li>Enmarcado en la Convocatoria de proyectos de refuerzo de la empleabilidad de personas con discapacidad &#8216;Uno a Uno&#8217; &#8211; A\u00f1o 2020. Programa Operativo POISES 2014-2020 cofinanciado por FSE se destinan a proyectos de refuerzo de la empleabilidad.<\/li>\n<\/ul>\n<p>&nbsp;<\/p>\n<ul>\n<li>El proyecto ha fomentado las capacidades y competencias laborales de un grupo de 10 personas con discapacidad, as\u00ed como prepararlos espec\u00edficamente para el desempe\u00f1o de una actividad profesional con amplias salidas laborales en la comarca de Albacete.<\/li>\n<\/ul>\n<p>&nbsp;<\/p>\n<p><strong>CLM INCLUSIVA COCEMFE<\/strong>, la Confederaci\u00f3n de entidades de personas con discapacidad f\u00edsica y org\u00e1nica de Castilla \u2013 La Mancha celebr\u00f3 en la ma\u00f1ana del viernes 29 de octubre, el evento de entrega de diplomas y clausura del curso de \u201cAtenci\u00f3n al Cliente y Auxiliar de Ventas on-line\u201d en la localidad de Hell\u00edn, provincia de Albacete.<\/p>\n<p>En el acto intervinieron el Concejal de Hell\u00edn, Juan Antonio And\u00fajar, el Vicepresidente de CLM Inclusiva COCEMFE, Marcelino Escobar, y la Alcaldesa de Tobarra, Amparo Ballesteros.<\/p>\n<p><strong>El Videpresidente de CLM INCLUSIVA COCEMFE, Marcelino Escobar, <\/strong>indica que desde la Confederaci\u00f3n, <em>\u201cContaremos con las alumnas y alumnos que han participado en este curso, para que todos en un per\u00edodo de tiempo prudencial puedan obtener su puesto de trabajo que, como cualquier otro ciudadano, es lo que m\u00e1s demanda hoy en d\u00eda.\u201d<\/em><\/p>\n<p><em>\u00a0<\/em>Por su parte, <strong>el concejal del Ayuntamiento de Hell\u00edn, Juan Antonio And\u00fajar<\/strong>, expon\u00eda que <em>\u201cel mayor problema o causa de exclusi\u00f3n social es la falta de empleo, iniciativas como la de CLM INCLUSIVA con el Fondo Social Europeo, el apoyo de la JCCM, la Fundaci\u00f3n ONCE, COCEMFE y el apoyo que hemos podido dar desde el Ayuntamiento de Hell\u00edn es fundamental para que luego tengan una oportunidad de empleabilidad en las mejores condiciones en el mercado laboral.\u201d<\/em><\/p>\n<p><strong>La Alcaldesa de Tobarra, Amparo Ballesteros<\/strong>, reconoc\u00eda el empe\u00f1o de la confederaci\u00f3n <em>\u201cpor poner en manos de las entidades p\u00fablicas esta ventana de posibilidad para ayudar a este colectivo.\u201d <\/em><\/p>\n<p><em>\u00a0<\/em>Con una duraci\u00f3n de 300 horas, repartidas en 180 de teor\u00edas y 120 de pr\u00e1cticas en empresas de la zona, con las que han podido tener contacto real con el puesto de trabajo, aumentando as\u00ed las posibilidades de empleo.<\/p>\n<p>Como consecuencia de la puesta en marcha del curso se han firmado diferentes convenios de colaboraci\u00f3n con empresas y administraci\u00f3n p\u00fablica, entre ellos:<\/p>\n<p>&#8211;\u00a0\u00a0\u00a0\u00a0\u00a0\u00a0\u00a0 JCCM, Consejer\u00eda de Cultura, Deportes y Educaci\u00f3n.<\/p>\n<p>&#8211;\u00a0\u00a0\u00a0\u00a0\u00a0\u00a0\u00a0 Ayuntamiento de Hell\u00edn<\/p>\n<p>&#8211;\u00a0\u00a0\u00a0\u00a0\u00a0\u00a0\u00a0 Ayuntamiento de Tobarra<\/p>\n<p>&#8211;\u00a0\u00a0\u00a0\u00a0\u00a0\u00a0\u00a0 Te doy salud S.L.<\/p>\n<p>&#8211; \u00a0\u00a0\u00a0\u00a0\u00a0\u00a0\u00a0 Distribuciones Santos S.L<\/p>\n<p>&#8211;\u00a0\u00a0\u00a0\u00a0\u00a0\u00a0\u00a0 Centro de Estudios A+ (Hell\u00edn)<\/p>\n<p>&#8211;\u00a0\u00a0\u00a0\u00a0\u00a0\u00a0\u00a0 Centro de Estudios A+ (Tobarra)<\/p>\n<p>&#8211;\u00a0\u00a0\u00a0\u00a0\u00a0\u00a0\u00a0 Drovimar S.L.<\/p>\n<p>&#8211;\u00a0\u00a0\u00a0\u00a0\u00a0\u00a0\u00a0 Excmo Ayuntamiento de Hell\u00edn (concejal\u00eda de Deportes)<\/p>\n<p>&#8211;\u00a0\u00a0\u00a0\u00a0\u00a0\u00a0\u00a0 Excmo Ayuntamiento de Hell\u00edn (concejal\u00eda de Cultura)<\/p>\n<p>&#8211;\u00a0\u00a0\u00a0\u00a0\u00a0\u00a0\u00a0 Excmo Ayuntamiento de Tobarra<\/p>\n<p>&#8211;\u00a0\u00a0\u00a0\u00a0\u00a0\u00a0\u00a0 Panader\u00eda Boller\u00eda Mellinas<\/p>\n<p>&#8211;\u00a0\u00a0\u00a0\u00a0\u00a0\u00a0\u00a0 Textiles Tesar S.L.<\/p>\n<ul>\n<li>V\u00eddeo de la noticia en el canal de Youtube:<\/li>\n<\/ul>\n<p><a href=\"https:\/\/youtu.be\/7kx26NWRiFc\">https:\/\/youtu.be\/7kx26NWRiFc<\/a><\/p>\n<p>&nbsp;<\/p>\n<p>&nbsp;<\/p>\n<p>&nbsp;<\/p>\n","protected":false},"excerpt":{"rendered":"<p>Enmarcado en la Convocatoria de proyectos de refuerzo de la empleabilidad de personas con discapacidad &#8216;Uno a Uno&#8217; &#8211; A\u00f1o 2020. Programa Operativo POISES 2014-2020 cofinanciado por FSE se destinan a proyectos de refuerzo de la empleabilidad. &nbsp; El proyecto ha fomentado las capacidades y competencias laborales de un grupo de 10 personas con discapacidad, [&hellip;]<\/p>\n","protected":false},"author":1,"featured_media":4211,"comment_status":"open","ping_status":"open","sticky":false,"template":"","format":"standard","meta":{"_et_pb_use_builder":"","_et_pb_old_content":"","_et_gb_content_width":"","footnotes":""},"categories":[2,45,39,49,4,47,5,6,41],"tags":[82,11,80,79,83,81],"yoast_head":"<!-- This site is optimized with the Yoast SEO plugin v21.3 - https:\/\/yoast.com\/wordpress\/plugins\/seo\/ -->\n<title>CLM INCLUSIVA COCEMFE clausura en Hell\u00edn el curso formativo de \u201cAtenci\u00f3n al Cliente y Auxiliar de Ventas on-line\u201d - Clm-Inclusiva<\/title>\n<meta name=\"description\" content=\"CLM INCLUSIVA COCEMFE, la Confederaci\u00f3n de entidades de personas con discapacidad f\u00edsica y org\u00e1nica de Castilla \u2013 La Mancha celebr\u00f3 en la ma\u00f1ana del viernes 29 de octubre, el evento de entrega de diplomas y clausura del curso de \u201cAtenci\u00f3n al Cliente y Auxiliar de Ventas on-line\u201d en la localidad de Hell\u00edn, provincia de Albacete.\" \/>\n<meta name=\"robots\" content=\"index, follow, max-snippet:-1, max-image-preview:large, max-video-preview:-1\" \/>\n<link rel=\"canonical\" href=\"https:\/\/clm-inclusiva.org\/?p=4210\" \/>\n<meta property=\"og:locale\" content=\"es_ES\" \/>\n<meta property=\"og:type\" content=\"article\" \/>\n<meta property=\"og:title\" content=\"CLM INCLUSIVA COCEMFE clausura en Hell\u00edn el curso formativo de \u201cAtenci\u00f3n al Cliente y Auxiliar de Ventas on-line\u201d - Clm-Inclusiva\" \/>\n<meta property=\"og:description\" content=\"CLM INCLUSIVA COCEMFE, la Confederaci\u00f3n de entidades de personas con discapacidad f\u00edsica y org\u00e1nica de Castilla \u2013 La Mancha celebr\u00f3 en la ma\u00f1ana del viernes 29 de octubre, el evento de entrega de diplomas y clausura del curso de \u201cAtenci\u00f3n al Cliente y Auxiliar de Ventas on-line\u201d en la localidad de Hell\u00edn, provincia de Albacete.\" \/>\n<meta property=\"og:url\" content=\"https:\/\/clm-inclusiva.org\/?p=4210\" \/>\n<meta property=\"og:site_name\" content=\"Clm-Inclusiva\" \/>\n<meta property=\"article:publisher\" content=\"https:\/\/www.facebook.com\/castillalamancha.inclusiva\/\" \/>\n<meta property=\"article:published_time\" content=\"2021-11-02T11:29:45+00:00\" \/>\n<meta property=\"article:modified_time\" content=\"2021-11-02T11:29:58+00:00\" \/>\n<meta property=\"og:image\" content=\"https:\/\/clm-inclusiva.org\/wp-content\/uploads\/2021\/11\/WhatsApp-Image-2021-10-29-at-12.42.36.jpeg\" \/>\n\t<meta property=\"og:image:width\" content=\"2000\" \/>\n\t<meta property=\"og:image:height\" content=\"1500\" \/>\n\t<meta property=\"og:image:type\" content=\"image\/jpeg\" \/>\n<meta name=\"author\" content=\"clm-inclusiva\" \/>\n<meta name=\"twitter:card\" content=\"summary_large_image\" \/>\n<meta name=\"twitter:creator\" content=\"@ClmInclusiva\" \/>\n<meta name=\"twitter:site\" content=\"@ClmInclusiva\" \/>\n<meta name=\"twitter:label1\" content=\"Escrito por\" \/>\n\t<meta name=\"twitter:data1\" content=\"clm-inclusiva\" \/>\n\t<meta name=\"twitter:label2\" content=\"Tiempo de lectura\" \/>\n\t<meta name=\"twitter:data2\" content=\"3 minutos\" \/>\n<script type=\"application\/ld+json\" class=\"yoast-schema-graph\">{\"@context\":\"https:\/\/schema.org\",\"@graph\":[{\"@type\":\"Article\",\"@id\":\"https:\/\/clm-inclusiva.org\/?p=4210#article\",\"isPartOf\":{\"@id\":\"https:\/\/clm-inclusiva.org\/?p=4210\"},\"author\":{\"name\":\"clm-inclusiva\",\"@id\":\"https:\/\/clm-inclusiva.org\/#\/schema\/person\/0cff84aaa5bb8fd3521c55d1578d902b\"},\"headline\":\"CLM INCLUSIVA COCEMFE clausura en Hell\u00edn el curso formativo de \u201cAtenci\u00f3n al Cliente y Auxiliar de Ventas on-line\u201d\",\"datePublished\":\"2021-11-02T11:29:45+00:00\",\"dateModified\":\"2021-11-02T11:29:58+00:00\",\"mainEntityOfPage\":{\"@id\":\"https:\/\/clm-inclusiva.org\/?p=4210\"},\"wordCount\":523,\"commentCount\":0,\"publisher\":{\"@id\":\"https:\/\/clm-inclusiva.org\/#organization\"},\"keywords\":[\"albacete\",\"clm inclusiva\",\"Discapacidad\",\"formaci\u00f3n\",\"Fundaci\u00f3n Once\",\"Poises\"],\"articleSection\":[\"Accesibilidad\",\"Albacete\",\"Bienestar social\",\"castilla-la mancha\",\"Clm inclusiva\",\"cocemfe\",\"Discapacidad\",\"Empleo\",\"Tercer sector\"],\"inLanguage\":\"es\",\"potentialAction\":[{\"@type\":\"CommentAction\",\"name\":\"Comment\",\"target\":[\"https:\/\/clm-inclusiva.org\/?p=4210#respond\"]}]},{\"@type\":\"WebPage\",\"@id\":\"https:\/\/clm-inclusiva.org\/?p=4210\",\"url\":\"https:\/\/clm-inclusiva.org\/?p=4210\",\"name\":\"CLM INCLUSIVA COCEMFE clausura en Hell\u00edn el curso formativo de \u201cAtenci\u00f3n al Cliente y Auxiliar de Ventas on-line\u201d - Clm-Inclusiva\",\"isPartOf\":{\"@id\":\"https:\/\/clm-inclusiva.org\/#website\"},\"datePublished\":\"2021-11-02T11:29:45+00:00\",\"dateModified\":\"2021-11-02T11:29:58+00:00\",\"description\":\"CLM INCLUSIVA COCEMFE, la Confederaci\u00f3n de entidades de personas con discapacidad f\u00edsica y org\u00e1nica de Castilla \u2013 La Mancha celebr\u00f3 en la ma\u00f1ana del viernes 29 de octubre, el evento de entrega de diplomas y clausura del curso de \u201cAtenci\u00f3n al Cliente y Auxiliar de Ventas on-line\u201d en la localidad de Hell\u00edn, provincia de Albacete.\",\"breadcrumb\":{\"@id\":\"https:\/\/clm-inclusiva.org\/?p=4210#breadcrumb\"},\"inLanguage\":\"es\",\"potentialAction\":[{\"@type\":\"ReadAction\",\"target\":[\"https:\/\/clm-inclusiva.org\/?p=4210\"]}]},{\"@type\":\"BreadcrumbList\",\"@id\":\"https:\/\/clm-inclusiva.org\/?p=4210#breadcrumb\",\"itemListElement\":[{\"@type\":\"ListItem\",\"position\":1,\"name\":\"Portada\",\"item\":\"https:\/\/clm-inclusiva.org\/\"},{\"@type\":\"ListItem\",\"position\":2,\"name\":\"CLM INCLUSIVA COCEMFE clausura en Hell\u00edn el curso formativo de \u201cAtenci\u00f3n al Cliente y Auxiliar de Ventas on-line\u201d\"}]},{\"@type\":\"WebSite\",\"@id\":\"https:\/\/clm-inclusiva.org\/#website\",\"url\":\"https:\/\/clm-inclusiva.org\/\",\"name\":\"Clm-Inclusiva\",\"description\":\"Confederaci\u00f3n de entidades de personas con discapacidad f\u00edsica y org\u00e1nica CLM\",\"publisher\":{\"@id\":\"https:\/\/clm-inclusiva.org\/#organization\"},\"potentialAction\":[{\"@type\":\"SearchAction\",\"target\":{\"@type\":\"EntryPoint\",\"urlTemplate\":\"https:\/\/clm-inclusiva.org\/?s={search_term_string}\"},\"query-input\":\"required name=search_term_string\"}],\"inLanguage\":\"es\"},{\"@type\":\"Organization\",\"@id\":\"https:\/\/clm-inclusiva.org\/#organization\",\"name\":\"Clm-Inclusiva\",\"url\":\"https:\/\/clm-inclusiva.org\/\",\"logo\":{\"@type\":\"ImageObject\",\"inLanguage\":\"es\",\"@id\":\"https:\/\/clm-inclusiva.org\/#\/schema\/logo\/image\/\",\"url\":\"http:\/\/clm-inclusiva.org\/wp-content\/uploads\/2019\/04\/banner-e1533720812836.jpg\",\"contentUrl\":\"http:\/\/clm-inclusiva.org\/wp-content\/uploads\/2019\/04\/banner-e1533720812836.jpg\",\"width\":600,\"height\":332,\"caption\":\"Clm-Inclusiva\"},\"image\":{\"@id\":\"https:\/\/clm-inclusiva.org\/#\/schema\/logo\/image\/\"},\"sameAs\":[\"https:\/\/www.facebook.com\/castillalamancha.inclusiva\/\",\"https:\/\/twitter.com\/ClmInclusiva\"]},{\"@type\":\"Person\",\"@id\":\"https:\/\/clm-inclusiva.org\/#\/schema\/person\/0cff84aaa5bb8fd3521c55d1578d902b\",\"name\":\"clm-inclusiva\",\"image\":{\"@type\":\"ImageObject\",\"inLanguage\":\"es\",\"@id\":\"https:\/\/clm-inclusiva.org\/#\/schema\/person\/image\/\",\"url\":\"https:\/\/secure.gravatar.com\/avatar\/88948567af770dc9cd5597b329011884?s=96&d=blank&r=g\",\"contentUrl\":\"https:\/\/secure.gravatar.com\/avatar\/88948567af770dc9cd5597b329011884?s=96&d=blank&r=g\",\"caption\":\"clm-inclusiva\"},\"sameAs\":[\"http:\/\/clm-inclusiva.org\"],\"url\":\"https:\/\/clm-inclusiva.org\/?author=1\"}]}<\/script>\n<!-- \/ Yoast SEO plugin. -->","yoast_head_json":{"title":"CLM INCLUSIVA COCEMFE clausura en Hell\u00edn el curso formativo de \u201cAtenci\u00f3n al Cliente y Auxiliar de Ventas on-line\u201d - Clm-Inclusiva","description":"CLM INCLUSIVA COCEMFE, la Confederaci\u00f3n de entidades de personas con discapacidad f\u00edsica y org\u00e1nica de Castilla \u2013 La Mancha celebr\u00f3 en la ma\u00f1ana del viernes 29 de octubre, el evento de entrega de diplomas y clausura del curso de \u201cAtenci\u00f3n al Cliente y Auxiliar de Ventas on-line\u201d en la localidad de Hell\u00edn, provincia de Albacete.","robots":{"index":"index","follow":"follow","max-snippet":"max-snippet:-1","max-image-preview":"max-image-preview:large","max-video-preview":"max-video-preview:-1"},"canonical":"https:\/\/clm-inclusiva.org\/?p=4210","og_locale":"es_ES","og_type":"article","og_title":"CLM INCLUSIVA COCEMFE clausura en Hell\u00edn el curso formativo de \u201cAtenci\u00f3n al Cliente y Auxiliar de Ventas on-line\u201d - Clm-Inclusiva","og_description":"CLM INCLUSIVA COCEMFE, la Confederaci\u00f3n de entidades de personas con discapacidad f\u00edsica y org\u00e1nica de Castilla \u2013 La Mancha celebr\u00f3 en la ma\u00f1ana del viernes 29 de octubre, el evento de entrega de diplomas y clausura del curso de \u201cAtenci\u00f3n al Cliente y Auxiliar de Ventas on-line\u201d en la localidad de Hell\u00edn, provincia de Albacete.","og_url":"https:\/\/clm-inclusiva.org\/?p=4210","og_site_name":"Clm-Inclusiva","article_publisher":"https:\/\/www.facebook.com\/castillalamancha.inclusiva\/","article_published_time":"2021-11-02T11:29:45+00:00","article_modified_time":"2021-11-02T11:29:58+00:00","og_image":[{"width":2000,"height":1500,"url":"https:\/\/clm-inclusiva.org\/wp-content\/uploads\/2021\/11\/WhatsApp-Image-2021-10-29-at-12.42.36.jpeg","type":"image\/jpeg"}],"author":"clm-inclusiva","twitter_card":"summary_large_image","twitter_creator":"@ClmInclusiva","twitter_site":"@ClmInclusiva","twitter_misc":{"Escrito por":"clm-inclusiva","Tiempo de lectura":"3 minutos"},"schema":{"@context":"https:\/\/schema.org","@graph":[{"@type":"Article","@id":"https:\/\/clm-inclusiva.org\/?p=4210#article","isPartOf":{"@id":"https:\/\/clm-inclusiva.org\/?p=4210"},"author":{"name":"clm-inclusiva","@id":"https:\/\/clm-inclusiva.org\/#\/schema\/person\/0cff84aaa5bb8fd3521c55d1578d902b"},"headline":"CLM INCLUSIVA COCEMFE clausura en Hell\u00edn el curso formativo de \u201cAtenci\u00f3n al Cliente y Auxiliar de Ventas on-line\u201d","datePublished":"2021-11-02T11:29:45+00:00","dateModified":"2021-11-02T11:29:58+00:00","mainEntityOfPage":{"@id":"https:\/\/clm-inclusiva.org\/?p=4210"},"wordCount":523,"commentCount":0,"publisher":{"@id":"https:\/\/clm-inclusiva.org\/#organization"},"keywords":["albacete","clm inclusiva","Discapacidad","formaci\u00f3n","Fundaci\u00f3n Once","Poises"],"articleSection":["Accesibilidad","Albacete","Bienestar social","castilla-la mancha","Clm inclusiva","cocemfe","Discapacidad","Empleo","Tercer sector"],"inLanguage":"es","potentialAction":[{"@type":"CommentAction","name":"Comment","target":["https:\/\/clm-inclusiva.org\/?p=4210#respond"]}]},{"@type":"WebPage","@id":"https:\/\/clm-inclusiva.org\/?p=4210","url":"https:\/\/clm-inclusiva.org\/?p=4210","name":"CLM INCLUSIVA COCEMFE clausura en Hell\u00edn el curso formativo de \u201cAtenci\u00f3n al Cliente y Auxiliar de Ventas on-line\u201d - Clm-Inclusiva","isPartOf":{"@id":"https:\/\/clm-inclusiva.org\/#website"},"datePublished":"2021-11-02T11:29:45+00:00","dateModified":"2021-11-02T11:29:58+00:00","description":"CLM INCLUSIVA COCEMFE, la Confederaci\u00f3n de entidades de personas con discapacidad f\u00edsica y org\u00e1nica de Castilla \u2013 La Mancha celebr\u00f3 en la ma\u00f1ana del viernes 29 de octubre, el evento de entrega de diplomas y clausura del curso de \u201cAtenci\u00f3n al Cliente y Auxiliar de Ventas on-line\u201d en la localidad de Hell\u00edn, provincia de Albacete.","breadcrumb":{"@id":"https:\/\/clm-inclusiva.org\/?p=4210#breadcrumb"},"inLanguage":"es","potentialAction":[{"@type":"ReadAction","target":["https:\/\/clm-inclusiva.org\/?p=4210"]}]},{"@type":"BreadcrumbList","@id":"https:\/\/clm-inclusiva.org\/?p=4210#breadcrumb","itemListElement":[{"@type":"ListItem","position":1,"name":"Portada","item":"https:\/\/clm-inclusiva.org\/"},{"@type":"ListItem","position":2,"name":"CLM INCLUSIVA COCEMFE clausura en Hell\u00edn el curso formativo de \u201cAtenci\u00f3n al Cliente y Auxiliar de Ventas on-line\u201d"}]},{"@type":"WebSite","@id":"https:\/\/clm-inclusiva.org\/#website","url":"https:\/\/clm-inclusiva.org\/","name":"Clm-Inclusiva","description":"Confederaci\u00f3n de entidades de personas con discapacidad f\u00edsica y org\u00e1nica CLM","publisher":{"@id":"https:\/\/clm-inclusiva.org\/#organization"},"potentialAction":[{"@type":"SearchAction","target":{"@type":"EntryPoint","urlTemplate":"https:\/\/clm-inclusiva.org\/?s={search_term_string}"},"query-input":"required name=search_term_string"}],"inLanguage":"es"},{"@type":"Organization","@id":"https:\/\/clm-inclusiva.org\/#organization","name":"Clm-Inclusiva","url":"https:\/\/clm-inclusiva.org\/","logo":{"@type":"ImageObject","inLanguage":"es","@id":"https:\/\/clm-inclusiva.org\/#\/schema\/logo\/image\/","url":"http:\/\/clm-inclusiva.org\/wp-content\/uploads\/2019\/04\/banner-e1533720812836.jpg","contentUrl":"http:\/\/clm-inclusiva.org\/wp-content\/uploads\/2019\/04\/banner-e1533720812836.jpg","width":600,"height":332,"caption":"Clm-Inclusiva"},"image":{"@id":"https:\/\/clm-inclusiva.org\/#\/schema\/logo\/image\/"},"sameAs":["https:\/\/www.facebook.com\/castillalamancha.inclusiva\/","https:\/\/twitter.com\/ClmInclusiva"]},{"@type":"Person","@id":"https:\/\/clm-inclusiva.org\/#\/schema\/person\/0cff84aaa5bb8fd3521c55d1578d902b","name":"clm-inclusiva","image":{"@type":"ImageObject","inLanguage":"es","@id":"https:\/\/clm-inclusiva.org\/#\/schema\/person\/image\/","url":"https:\/\/secure.gravatar.com\/avatar\/88948567af770dc9cd5597b329011884?s=96&d=blank&r=g","contentUrl":"https:\/\/secure.gravatar.com\/avatar\/88948567af770dc9cd5597b329011884?s=96&d=blank&r=g","caption":"clm-inclusiva"},"sameAs":["http:\/\/clm-inclusiva.org"],"url":"https:\/\/clm-inclusiva.org\/?author=1"}]}},"_links":{"self":[{"href":"https:\/\/clm-inclusiva.org\/index.php?rest_route=\/wp\/v2\/posts\/4210"}],"collection":[{"href":"https:\/\/clm-inclusiva.org\/index.php?rest_route=\/wp\/v2\/posts"}],"about":[{"href":"https:\/\/clm-inclusiva.org\/index.php?rest_route=\/wp\/v2\/types\/post"}],"author":[{"embeddable":true,"href":"https:\/\/clm-inclusiva.org\/index.php?rest_route=\/wp\/v2\/users\/1"}],"replies":[{"embeddable":true,"href":"https:\/\/clm-inclusiva.org\/index.php?rest_route=%2Fwp%2Fv2%2Fcomments&post=4210"}],"version-history":[{"count":1,"href":"https:\/\/clm-inclusiva.org\/index.php?rest_route=\/wp\/v2\/posts\/4210\/revisions"}],"predecessor-version":[{"id":4212,"href":"https:\/\/clm-inclusiva.org\/index.php?rest_route=\/wp\/v2\/posts\/4210\/revisions\/4212"}],"wp:featuredmedia":[{"embeddable":true,"href":"https:\/\/clm-inclusiva.org\/index.php?rest_route=\/wp\/v2\/media\/4211"}],"wp:attachment":[{"href":"https:\/\/clm-inclusiva.org\/index.php?rest_route=%2Fwp%2Fv2%2Fmedia&parent=4210"}],"wp:term":[{"taxonomy":"category","embeddable":true,"href":"https:\/\/clm-inclusiva.org\/index.php?rest_route=%2Fwp%2Fv2%2Fcategories&post=4210"},{"taxonomy":"post_tag","embeddable":true,"href":"https:\/\/clm-inclusiva.org\/index.php?rest_route=%2Fwp%2Fv2%2Ftags&post=4210"}],"curies":[{"name":"wp","href":"https:\/\/api.w.org\/{rel}","templated":true}]}}