{"id":4206,"date":"2021-10-28T12:32:23","date_gmt":"2021-10-28T10:32:23","guid":{"rendered":"http:\/\/clm-inclusiva.org\/?p=4206"},"modified":"2021-10-28T12:37:14","modified_gmt":"2021-10-28T10:37:14","slug":"clm-inclusiva-cocemfe-clausura-en-ciudad-real-el-curso-formativo-de-auxiliar-de-sala-y-actividades-turisticas","status":"publish","type":"post","link":"https:\/\/clm-inclusiva.org\/?p=4206","title":{"rendered":"CLM INCLUSIVA COCEMFE clausura en Ciudad Real el curso formativo de \u201cAuxiliar de sala y Actividades tur\u00edsticas\u201d"},"content":{"rendered":"<p>&nbsp;<\/p>\n<ul>\n<li>Enmarcado en la Convocatoria de proyectos de refuerzo de la empleabilidad de personas con discapacidad &#8216;Uno a Uno&#8217; &#8211; A\u00f1o 2020. Programa Operativo POISES 2014-2020 cofinanciado por FSE se destinan a proyectos de refuerzo de la empleabilidad.<\/li>\n<\/ul>\n<p>&nbsp;<\/p>\n<ul>\n<li>El proyecto ha fomentado las capacidades y competencias laborales de un grupo de 10 personas con discapacidad, as\u00ed como prepararlos espec\u00edficamente para el desempe\u00f1o de una actividad profesional que responde a las demandas reales del mercado laboral actual de Ciudad Real.<\/li>\n<\/ul>\n<p>&nbsp;<\/p>\n<p style=\"text-align: justify\"><strong>CLM INCLUSIVA COCEMFE<\/strong>, la Confederaci\u00f3n de entidades de personas con discapacidad de Castilla \u2013 La Mancha celebr\u00f3 en la ma\u00f1ana del martes 26 de octubre, el evento de entrega de diplomas y clausura del curso de \u201cAuxiliar de sala y Actividades tur\u00edsticas\u201d, que desde el mes de abril se ha estado impartiendo en Ciudad Real. En el acto intervinieron la Alcaldesa de Ciudad Real, Eva Mar\u00eda Mas\u00edas, el Delegado Provincial de la Consejer\u00eda de Educaci\u00f3n, Cultura y Deportes en Ciudad Real, Jos\u00e9 Caro, y la Viceconsejera de Cultura y Deportes de JCCM, Ana Mu\u00f1oz.<\/p>\n<p style=\"text-align: justify\"><strong>El Presidente de CLM INCLUSIVA COCEMFE, Enrique Alarc\u00f3n Garc\u00eda, <\/strong>considera que <em>\u201cdesde la Confederaci\u00f3n siempre tuvimos como prioritario que la capacitaci\u00f3n y la mejora de la empleabilidad de las personas con discapacidad f\u00edsica y org\u00e1nica deb\u00edan ser uno de los retos y objetivos que deb\u00edamos afrontar\u201d. <\/em><em>Y a\u00f1ade, \u201cpoder ofertar est\u00e1s acciones formativas refuerzan la colaboraci\u00f3n entre las entidades sociales junto a las administraciones p\u00fablicas y los organismos como Fundaci\u00f3n ONCE y Fondo Social Europeo, y debido a su \u00e9xito se debe apostar no solo por su continuidad, tambi\u00e9n, por el incremento de acciones formativas que den respuesta a las demandas reales del mercado laboral\u201d. <\/em>Y adem\u00e1s, a\u00f1ad\u00eda que: \u201c<em>desde la entidad estamos preparando diversos proyectos que den continuidad a los programas formativos que desarrollamos por toda la regi\u00f3n, y en los que queremos continuar contando con Ciudad Real y su provincia.\u201d<\/em><\/p>\n<p style=\"text-align: justify\">El curso ha tenido una duraci\u00f3n de 300 horas repartidas en 180 de teor\u00edas y 120 de pr\u00e1cticas, y se han formado en total 10 alumnos\/as.<\/p>\n<p style=\"text-align: justify\">Como consecuencia de la puesta en marcha del curso se han firmado diferentes convenios de colaboraci\u00f3n con empresas y administraci\u00f3n p\u00fablica, entre ellos:<\/p>\n<p style=\"text-align: justify\">&#8211;\u00a0\u00a0\u00a0\u00a0\u00a0\u00a0\u00a0 JCCM, Consejer\u00eda de Cultura, Deportes y Educaci\u00f3n.<\/p>\n<p style=\"text-align: justify\">&#8211;\u00a0\u00a0\u00a0\u00a0\u00a0\u00a0\u00a0 Ayuntamiento de Ciudad Real.<\/p>\n<p style=\"text-align: justify\">&#8211;\u00a0\u00a0\u00a0\u00a0\u00a0\u00a0\u00a0 Ayuntamiento de Daimiel.<\/p>\n<p style=\"text-align: justify\">&#8211;\u00a0\u00a0\u00a0\u00a0\u00a0\u00a0\u00a0 Ayuntamiento de Almagro.<\/p>\n<p style=\"text-align: justify\">&#8211;\u00a0\u00a0\u00a0\u00a0\u00a0\u00a0\u00a0 Hotel NH de Ciudad Real.<\/p>\n<p style=\"text-align: justify\">&#8211;\u00a0\u00a0\u00a0\u00a0\u00a0\u00a0\u00a0 Grupo AISA &#8211; Transporte de Viajeros por Carretera<\/p>\n<p style=\"text-align: justify\">V\u00eddeo de la noticia en el canal de Youtube: <a href=\"https:\/\/www.youtube.com\/watch?v=kzZR1KZrdqg\">https:\/\/www.youtube.com\/watch?v=kzZR1KZrdqg<\/a><\/p>\n<p>&nbsp;<\/p>\n<p>&nbsp;<\/p>\n","protected":false},"excerpt":{"rendered":"<p>&nbsp; Enmarcado en la Convocatoria de proyectos de refuerzo de la empleabilidad de personas con discapacidad &#8216;Uno a Uno&#8217; &#8211; A\u00f1o 2020. Programa Operativo POISES 2014-2020 cofinanciado por FSE se destinan a proyectos de refuerzo de la empleabilidad. &nbsp; El proyecto ha fomentado las capacidades y competencias laborales de un grupo de 10 personas con [&hellip;]<\/p>\n","protected":false},"author":1,"featured_media":4207,"comment_status":"open","ping_status":"open","sticky":false,"template":"","format":"standard","meta":{"_et_pb_use_builder":"","_et_pb_old_content":"","_et_gb_content_width":"","footnotes":""},"categories":[39,49,48,4,47,5,6,64,8,41],"tags":[52,11,80,79,81],"yoast_head":"<!-- This site is optimized with the Yoast SEO plugin v21.3 - https:\/\/yoast.com\/wordpress\/plugins\/seo\/ -->\n<title>CLM INCLUSIVA COCEMFE clausura en Ciudad Real el curso formativo de \u201cAuxiliar de sala y Actividades tur\u00edsticas\u201d - Clm-Inclusiva<\/title>\n<meta name=\"description\" content=\"CLM INCLUSIVA COCEMFE, la Confederaci\u00f3n de entidades de personas con discapacidad de Castilla \u2013 La Mancha celebr\u00f3 en la ma\u00f1ana del martes 26 de octubre, el evento de entrega de diplomas y clausura del curso de \u201cAuxiliar de sala y Actividades tur\u00edsticas\u201d, que desde el mes de abril se ha estado impartiendo en Ciudad Real.\" \/>\n<meta name=\"robots\" content=\"index, follow, max-snippet:-1, max-image-preview:large, max-video-preview:-1\" \/>\n<link rel=\"canonical\" href=\"https:\/\/clm-inclusiva.org\/?p=4206\" \/>\n<meta property=\"og:locale\" content=\"es_ES\" \/>\n<meta property=\"og:type\" content=\"article\" \/>\n<meta property=\"og:title\" content=\"CLM INCLUSIVA COCEMFE clausura en Ciudad Real el curso formativo de \u201cAuxiliar de sala y Actividades tur\u00edsticas\u201d - Clm-Inclusiva\" \/>\n<meta property=\"og:description\" content=\"CLM INCLUSIVA COCEMFE, la Confederaci\u00f3n de entidades de personas con discapacidad de Castilla \u2013 La Mancha celebr\u00f3 en la ma\u00f1ana del martes 26 de octubre, el evento de entrega de diplomas y clausura del curso de \u201cAuxiliar de sala y Actividades tur\u00edsticas\u201d, que desde el mes de abril se ha estado impartiendo en Ciudad Real.\" \/>\n<meta property=\"og:url\" content=\"https:\/\/clm-inclusiva.org\/?p=4206\" \/>\n<meta property=\"og:site_name\" content=\"Clm-Inclusiva\" \/>\n<meta property=\"article:publisher\" content=\"https:\/\/www.facebook.com\/castillalamancha.inclusiva\/\" \/>\n<meta property=\"article:published_time\" content=\"2021-10-28T10:32:23+00:00\" \/>\n<meta property=\"article:modified_time\" content=\"2021-10-28T10:37:14+00:00\" \/>\n<meta property=\"og:image\" content=\"https:\/\/clm-inclusiva.org\/wp-content\/uploads\/2021\/10\/WhatsApp-Image-2021-10-26-at-16.18.20.jpeg\" \/>\n\t<meta property=\"og:image:width\" content=\"2000\" \/>\n\t<meta property=\"og:image:height\" content=\"1500\" \/>\n\t<meta property=\"og:image:type\" content=\"image\/jpeg\" \/>\n<meta name=\"author\" content=\"clm-inclusiva\" \/>\n<meta name=\"twitter:card\" content=\"summary_large_image\" \/>\n<meta name=\"twitter:creator\" content=\"@ClmInclusiva\" \/>\n<meta name=\"twitter:site\" content=\"@ClmInclusiva\" \/>\n<meta name=\"twitter:label1\" content=\"Escrito por\" \/>\n\t<meta name=\"twitter:data1\" content=\"clm-inclusiva\" \/>\n\t<meta name=\"twitter:label2\" content=\"Tiempo de lectura\" \/>\n\t<meta name=\"twitter:data2\" content=\"2 minutos\" \/>\n<script type=\"application\/ld+json\" class=\"yoast-schema-graph\">{\"@context\":\"https:\/\/schema.org\",\"@graph\":[{\"@type\":\"Article\",\"@id\":\"https:\/\/clm-inclusiva.org\/?p=4206#article\",\"isPartOf\":{\"@id\":\"https:\/\/clm-inclusiva.org\/?p=4206\"},\"author\":{\"name\":\"clm-inclusiva\",\"@id\":\"https:\/\/clm-inclusiva.org\/#\/schema\/person\/0cff84aaa5bb8fd3521c55d1578d902b\"},\"headline\":\"CLM INCLUSIVA COCEMFE clausura en Ciudad Real el curso formativo de \u201cAuxiliar de sala y Actividades tur\u00edsticas\u201d\",\"datePublished\":\"2021-10-28T10:32:23+00:00\",\"dateModified\":\"2021-10-28T10:37:14+00:00\",\"mainEntityOfPage\":{\"@id\":\"https:\/\/clm-inclusiva.org\/?p=4206\"},\"wordCount\":470,\"commentCount\":0,\"publisher\":{\"@id\":\"https:\/\/clm-inclusiva.org\/#organization\"},\"keywords\":[\"Ciudad Real\",\"clm inclusiva\",\"Discapacidad\",\"formaci\u00f3n\",\"Poises\"],\"articleSection\":[\"Bienestar social\",\"castilla-la mancha\",\"Ciudad Real\",\"Clm inclusiva\",\"cocemfe\",\"Discapacidad\",\"Empleo\",\"fundaci\u00f3n once\",\"Sociedad\",\"Tercer sector\"],\"inLanguage\":\"es\",\"potentialAction\":[{\"@type\":\"CommentAction\",\"name\":\"Comment\",\"target\":[\"https:\/\/clm-inclusiva.org\/?p=4206#respond\"]}]},{\"@type\":\"WebPage\",\"@id\":\"https:\/\/clm-inclusiva.org\/?p=4206\",\"url\":\"https:\/\/clm-inclusiva.org\/?p=4206\",\"name\":\"CLM INCLUSIVA COCEMFE clausura en Ciudad Real el curso formativo de \u201cAuxiliar de sala y Actividades tur\u00edsticas\u201d - Clm-Inclusiva\",\"isPartOf\":{\"@id\":\"https:\/\/clm-inclusiva.org\/#website\"},\"datePublished\":\"2021-10-28T10:32:23+00:00\",\"dateModified\":\"2021-10-28T10:37:14+00:00\",\"description\":\"CLM INCLUSIVA COCEMFE, la Confederaci\u00f3n de entidades de personas con discapacidad de Castilla \u2013 La Mancha celebr\u00f3 en la ma\u00f1ana del martes 26 de octubre, el evento de entrega de diplomas y clausura del curso de \u201cAuxiliar de sala y Actividades tur\u00edsticas\u201d, que desde el mes de abril se ha estado impartiendo en Ciudad Real.\",\"breadcrumb\":{\"@id\":\"https:\/\/clm-inclusiva.org\/?p=4206#breadcrumb\"},\"inLanguage\":\"es\",\"potentialAction\":[{\"@type\":\"ReadAction\",\"target\":[\"https:\/\/clm-inclusiva.org\/?p=4206\"]}]},{\"@type\":\"BreadcrumbList\",\"@id\":\"https:\/\/clm-inclusiva.org\/?p=4206#breadcrumb\",\"itemListElement\":[{\"@type\":\"ListItem\",\"position\":1,\"name\":\"Portada\",\"item\":\"https:\/\/clm-inclusiva.org\/\"},{\"@type\":\"ListItem\",\"position\":2,\"name\":\"CLM INCLUSIVA COCEMFE clausura en Ciudad Real el curso formativo de \u201cAuxiliar de sala y Actividades tur\u00edsticas\u201d\"}]},{\"@type\":\"WebSite\",\"@id\":\"https:\/\/clm-inclusiva.org\/#website\",\"url\":\"https:\/\/clm-inclusiva.org\/\",\"name\":\"Clm-Inclusiva\",\"description\":\"Confederaci\u00f3n de entidades de personas con discapacidad f\u00edsica y org\u00e1nica CLM\",\"publisher\":{\"@id\":\"https:\/\/clm-inclusiva.org\/#organization\"},\"potentialAction\":[{\"@type\":\"SearchAction\",\"target\":{\"@type\":\"EntryPoint\",\"urlTemplate\":\"https:\/\/clm-inclusiva.org\/?s={search_term_string}\"},\"query-input\":\"required name=search_term_string\"}],\"inLanguage\":\"es\"},{\"@type\":\"Organization\",\"@id\":\"https:\/\/clm-inclusiva.org\/#organization\",\"name\":\"Clm-Inclusiva\",\"url\":\"https:\/\/clm-inclusiva.org\/\",\"logo\":{\"@type\":\"ImageObject\",\"inLanguage\":\"es\",\"@id\":\"https:\/\/clm-inclusiva.org\/#\/schema\/logo\/image\/\",\"url\":\"http:\/\/clm-inclusiva.org\/wp-content\/uploads\/2019\/04\/banner-e1533720812836.jpg\",\"contentUrl\":\"http:\/\/clm-inclusiva.org\/wp-content\/uploads\/2019\/04\/banner-e1533720812836.jpg\",\"width\":600,\"height\":332,\"caption\":\"Clm-Inclusiva\"},\"image\":{\"@id\":\"https:\/\/clm-inclusiva.org\/#\/schema\/logo\/image\/\"},\"sameAs\":[\"https:\/\/www.facebook.com\/castillalamancha.inclusiva\/\",\"https:\/\/twitter.com\/ClmInclusiva\"]},{\"@type\":\"Person\",\"@id\":\"https:\/\/clm-inclusiva.org\/#\/schema\/person\/0cff84aaa5bb8fd3521c55d1578d902b\",\"name\":\"clm-inclusiva\",\"image\":{\"@type\":\"ImageObject\",\"inLanguage\":\"es\",\"@id\":\"https:\/\/clm-inclusiva.org\/#\/schema\/person\/image\/\",\"url\":\"https:\/\/secure.gravatar.com\/avatar\/88948567af770dc9cd5597b329011884?s=96&d=blank&r=g\",\"contentUrl\":\"https:\/\/secure.gravatar.com\/avatar\/88948567af770dc9cd5597b329011884?s=96&d=blank&r=g\",\"caption\":\"clm-inclusiva\"},\"sameAs\":[\"http:\/\/clm-inclusiva.org\"],\"url\":\"https:\/\/clm-inclusiva.org\/?author=1\"}]}<\/script>\n<!-- \/ Yoast SEO plugin. -->","yoast_head_json":{"title":"CLM INCLUSIVA COCEMFE clausura en Ciudad Real el curso formativo de \u201cAuxiliar de sala y Actividades tur\u00edsticas\u201d - Clm-Inclusiva","description":"CLM INCLUSIVA COCEMFE, la Confederaci\u00f3n de entidades de personas con discapacidad de Castilla \u2013 La Mancha celebr\u00f3 en la ma\u00f1ana del martes 26 de octubre, el evento de entrega de diplomas y clausura del curso de \u201cAuxiliar de sala y Actividades tur\u00edsticas\u201d, que desde el mes de abril se ha estado impartiendo en Ciudad Real.","robots":{"index":"index","follow":"follow","max-snippet":"max-snippet:-1","max-image-preview":"max-image-preview:large","max-video-preview":"max-video-preview:-1"},"canonical":"https:\/\/clm-inclusiva.org\/?p=4206","og_locale":"es_ES","og_type":"article","og_title":"CLM INCLUSIVA COCEMFE clausura en Ciudad Real el curso formativo de \u201cAuxiliar de sala y Actividades tur\u00edsticas\u201d - Clm-Inclusiva","og_description":"CLM INCLUSIVA COCEMFE, la Confederaci\u00f3n de entidades de personas con discapacidad de Castilla \u2013 La Mancha celebr\u00f3 en la ma\u00f1ana del martes 26 de octubre, el evento de entrega de diplomas y clausura del curso de \u201cAuxiliar de sala y Actividades tur\u00edsticas\u201d, que desde el mes de abril se ha estado impartiendo en Ciudad Real.","og_url":"https:\/\/clm-inclusiva.org\/?p=4206","og_site_name":"Clm-Inclusiva","article_publisher":"https:\/\/www.facebook.com\/castillalamancha.inclusiva\/","article_published_time":"2021-10-28T10:32:23+00:00","article_modified_time":"2021-10-28T10:37:14+00:00","og_image":[{"width":2000,"height":1500,"url":"https:\/\/clm-inclusiva.org\/wp-content\/uploads\/2021\/10\/WhatsApp-Image-2021-10-26-at-16.18.20.jpeg","type":"image\/jpeg"}],"author":"clm-inclusiva","twitter_card":"summary_large_image","twitter_creator":"@ClmInclusiva","twitter_site":"@ClmInclusiva","twitter_misc":{"Escrito por":"clm-inclusiva","Tiempo de lectura":"2 minutos"},"schema":{"@context":"https:\/\/schema.org","@graph":[{"@type":"Article","@id":"https:\/\/clm-inclusiva.org\/?p=4206#article","isPartOf":{"@id":"https:\/\/clm-inclusiva.org\/?p=4206"},"author":{"name":"clm-inclusiva","@id":"https:\/\/clm-inclusiva.org\/#\/schema\/person\/0cff84aaa5bb8fd3521c55d1578d902b"},"headline":"CLM INCLUSIVA COCEMFE clausura en Ciudad Real el curso formativo de \u201cAuxiliar de sala y Actividades tur\u00edsticas\u201d","datePublished":"2021-10-28T10:32:23+00:00","dateModified":"2021-10-28T10:37:14+00:00","mainEntityOfPage":{"@id":"https:\/\/clm-inclusiva.org\/?p=4206"},"wordCount":470,"commentCount":0,"publisher":{"@id":"https:\/\/clm-inclusiva.org\/#organization"},"keywords":["Ciudad Real","clm inclusiva","Discapacidad","formaci\u00f3n","Poises"],"articleSection":["Bienestar social","castilla-la mancha","Ciudad Real","Clm inclusiva","cocemfe","Discapacidad","Empleo","fundaci\u00f3n once","Sociedad","Tercer sector"],"inLanguage":"es","potentialAction":[{"@type":"CommentAction","name":"Comment","target":["https:\/\/clm-inclusiva.org\/?p=4206#respond"]}]},{"@type":"WebPage","@id":"https:\/\/clm-inclusiva.org\/?p=4206","url":"https:\/\/clm-inclusiva.org\/?p=4206","name":"CLM INCLUSIVA COCEMFE clausura en Ciudad Real el curso formativo de \u201cAuxiliar de sala y Actividades tur\u00edsticas\u201d - Clm-Inclusiva","isPartOf":{"@id":"https:\/\/clm-inclusiva.org\/#website"},"datePublished":"2021-10-28T10:32:23+00:00","dateModified":"2021-10-28T10:37:14+00:00","description":"CLM INCLUSIVA COCEMFE, la Confederaci\u00f3n de entidades de personas con discapacidad de Castilla \u2013 La Mancha celebr\u00f3 en la ma\u00f1ana del martes 26 de octubre, el evento de entrega de diplomas y clausura del curso de \u201cAuxiliar de sala y Actividades tur\u00edsticas\u201d, que desde el mes de abril se ha estado impartiendo en Ciudad Real.","breadcrumb":{"@id":"https:\/\/clm-inclusiva.org\/?p=4206#breadcrumb"},"inLanguage":"es","potentialAction":[{"@type":"ReadAction","target":["https:\/\/clm-inclusiva.org\/?p=4206"]}]},{"@type":"BreadcrumbList","@id":"https:\/\/clm-inclusiva.org\/?p=4206#breadcrumb","itemListElement":[{"@type":"ListItem","position":1,"name":"Portada","item":"https:\/\/clm-inclusiva.org\/"},{"@type":"ListItem","position":2,"name":"CLM INCLUSIVA COCEMFE clausura en Ciudad Real el curso formativo de \u201cAuxiliar de sala y Actividades tur\u00edsticas\u201d"}]},{"@type":"WebSite","@id":"https:\/\/clm-inclusiva.org\/#website","url":"https:\/\/clm-inclusiva.org\/","name":"Clm-Inclusiva","description":"Confederaci\u00f3n de entidades de personas con discapacidad f\u00edsica y org\u00e1nica CLM","publisher":{"@id":"https:\/\/clm-inclusiva.org\/#organization"},"potentialAction":[{"@type":"SearchAction","target":{"@type":"EntryPoint","urlTemplate":"https:\/\/clm-inclusiva.org\/?s={search_term_string}"},"query-input":"required name=search_term_string"}],"inLanguage":"es"},{"@type":"Organization","@id":"https:\/\/clm-inclusiva.org\/#organization","name":"Clm-Inclusiva","url":"https:\/\/clm-inclusiva.org\/","logo":{"@type":"ImageObject","inLanguage":"es","@id":"https:\/\/clm-inclusiva.org\/#\/schema\/logo\/image\/","url":"http:\/\/clm-inclusiva.org\/wp-content\/uploads\/2019\/04\/banner-e1533720812836.jpg","contentUrl":"http:\/\/clm-inclusiva.org\/wp-content\/uploads\/2019\/04\/banner-e1533720812836.jpg","width":600,"height":332,"caption":"Clm-Inclusiva"},"image":{"@id":"https:\/\/clm-inclusiva.org\/#\/schema\/logo\/image\/"},"sameAs":["https:\/\/www.facebook.com\/castillalamancha.inclusiva\/","https:\/\/twitter.com\/ClmInclusiva"]},{"@type":"Person","@id":"https:\/\/clm-inclusiva.org\/#\/schema\/person\/0cff84aaa5bb8fd3521c55d1578d902b","name":"clm-inclusiva","image":{"@type":"ImageObject","inLanguage":"es","@id":"https:\/\/clm-inclusiva.org\/#\/schema\/person\/image\/","url":"https:\/\/secure.gravatar.com\/avatar\/88948567af770dc9cd5597b329011884?s=96&d=blank&r=g","contentUrl":"https:\/\/secure.gravatar.com\/avatar\/88948567af770dc9cd5597b329011884?s=96&d=blank&r=g","caption":"clm-inclusiva"},"sameAs":["http:\/\/clm-inclusiva.org"],"url":"https:\/\/clm-inclusiva.org\/?author=1"}]}},"_links":{"self":[{"href":"https:\/\/clm-inclusiva.org\/index.php?rest_route=\/wp\/v2\/posts\/4206"}],"collection":[{"href":"https:\/\/clm-inclusiva.org\/index.php?rest_route=\/wp\/v2\/posts"}],"about":[{"href":"https:\/\/clm-inclusiva.org\/index.php?rest_route=\/wp\/v2\/types\/post"}],"author":[{"embeddable":true,"href":"https:\/\/clm-inclusiva.org\/index.php?rest_route=\/wp\/v2\/users\/1"}],"replies":[{"embeddable":true,"href":"https:\/\/clm-inclusiva.org\/index.php?rest_route=%2Fwp%2Fv2%2Fcomments&post=4206"}],"version-history":[{"count":2,"href":"https:\/\/clm-inclusiva.org\/index.php?rest_route=\/wp\/v2\/posts\/4206\/revisions"}],"predecessor-version":[{"id":4209,"href":"https:\/\/clm-inclusiva.org\/index.php?rest_route=\/wp\/v2\/posts\/4206\/revisions\/4209"}],"wp:featuredmedia":[{"embeddable":true,"href":"https:\/\/clm-inclusiva.org\/index.php?rest_route=\/wp\/v2\/media\/4207"}],"wp:attachment":[{"href":"https:\/\/clm-inclusiva.org\/index.php?rest_route=%2Fwp%2Fv2%2Fmedia&parent=4206"}],"wp:term":[{"taxonomy":"category","embeddable":true,"href":"https:\/\/clm-inclusiva.org\/index.php?rest_route=%2Fwp%2Fv2%2Fcategories&post=4206"},{"taxonomy":"post_tag","embeddable":true,"href":"https:\/\/clm-inclusiva.org\/index.php?rest_route=%2Fwp%2Fv2%2Ftags&post=4206"}],"curies":[{"name":"wp","href":"https:\/\/api.w.org\/{rel}","templated":true}]}}