{"id":4192,"date":"2021-10-25T11:50:08","date_gmt":"2021-10-25T09:50:08","guid":{"rendered":"http:\/\/clm-inclusiva.org\/?p=4192"},"modified":"2021-10-25T12:10:38","modified_gmt":"2021-10-25T10:10:38","slug":"x-edicion-del-encuentro-de-negocios-conecta-empresarios-2021","status":"publish","type":"post","link":"https:\/\/clm-inclusiva.org\/?p=4192","title":{"rendered":"X Edici\u00f3n del ENCUENTRO DE NEGOCIOS CONECTA EMPRESARIOS 2021"},"content":{"rendered":"<p>&nbsp;<\/p>\n<ul>\n<li style=\"text-align: justify\">Impulsa la colaboraci\u00f3n con las empresas de Ciudad Real estableciendo acuerdos de colaboraci\u00f3n con empresas para favorecer la integraci\u00f3n laboral de las personas con discapacidad.<\/li>\n<\/ul>\n<ul>\n<li style=\"text-align: justify\">Refuerza la presencia en la provincia de Ciudad Real, donde desde marzo de 2021 cuenta una sede Ciudad Real extendiendo sus servicios hasta ahora prestados solo desde Puertollano.<\/li>\n<\/ul>\n<p>&nbsp;<\/p>\n<p>(Ciudad Real, 21 de octubre de 2021)<\/p>\n<p>&nbsp;<\/p>\n<p style=\"text-align: justify\"><strong>CLM INCLUSIVA \u2013 COCEMFE, la Confederaci\u00f3n de entidades de personas con discapacidad de Castilla \u2013 La Mancha<\/strong> particip\u00f3 el d\u00eda 21 de octubre en la X edici\u00f3n del <strong>Encuentro de Negocios Conecta Empresarios 2021<\/strong> organizada por <strong>AJE Ciudad Real<\/strong>. El encuentro que concentr\u00f3 a un centenar de empresarios y empresarias de la provincia en Bodega Pago del Vicario, estuvo presidido por <strong>David Ballesteros<\/strong>, presidente de AJE CIUDAD REAL, y a \u00e9l asistieron la alcaldesa de Ciudad Real, <strong>Eva Mar\u00eda Mas\u00edas<\/strong>, el delegado provincial del empresas de la Junta de Comunidades de Castilla-La Mancha Agust\u00edn Espinosa, y el vicepresidente de la Diputaci\u00f3n Provincial del Ciudad Real, <strong>Gonzalo Redondo<\/strong>.<\/p>\n<p style=\"text-align: justify\">En el marco del encuentro, CLM INCLUSIVA-COCMEFE, tuvo la oportunidad de dar a conocer el trabajo que desarrolla a nivel regional y provincial para \u00a0la defensa del derecho al empleo y la integraci\u00f3n laboral, y aquellas l\u00edneas de trabajo de apoyo al empresariado para la incorporaci\u00f3n del talento de las personas con discapacidad en las empresas.<\/p>\n<p style=\"text-align: justify\">As\u00ed mismo, en la segunda parte de este networking, mantuvo entrevistas con diferentes empresas que han permitido iniciar procesos de colaboraci\u00f3n tanto para la contrataci\u00f3n de personas con discapacidad, como para definir medidas de responsabilidad social corporativa desde el enfoque de la discapacidad, o para el desarrollo de proyectos e intervenciones que den visibilidad a la situaci\u00f3n de los diferentes tipos de discapacidad.<\/p>\n<p style=\"text-align: justify\">Para <strong>Enrique Alarc\u00f3n Garc\u00eda<\/strong>, \u201cla implicaci\u00f3n de las empresas en la construcci\u00f3n de un mercado de trabajo inclusivo es fundamental, y para ello siempre tendr\u00e1n de su lado a CLM INCLUSIVA-COCEMFE, ofreci\u00e9ndoles la informaci\u00f3n, el asesoramiento y la asistencia t\u00e9cnica que sea necesario para que se conviertan en empresas inclusivas y\u00a0 socialmente responsables y para que no pierdan la oportunidad de contar con el talento de las personas a las que representamos. La participaci\u00f3n en este tipo de eventos refuerza una de nuestras se\u00f1as de identidad como es colaboraci\u00f3n\u201d.<\/p>\n<p style=\"text-align: justify\">Desde su creaci\u00f3n en 2017, <strong>CLM INCLUSIVA \u2013 COCEMFE<\/strong>, ha contado con presencia en la provincia de Ciudad Real a trav\u00e9s de su sede en Puertollano y en marzo de 2021 ha establecido un nuevo centro en la capital de provincia con la que quiere acercar la entidad al m\u00e1ximo de poblaci\u00f3n. Desde \u00e9sta, ubicada en el vivero de empresas de AJE. Adem\u00e1s del <strong>Servicio de Empleo y Formaci\u00f3n<\/strong> que cuenta con bolsa de empleo dirigida a personas y empresas y se coordinad y realizan acciones dirigidas al apoyo al movimiento asociativo de COCEMFE.<\/p>\n<p style=\"text-align: justify\">La\u00a0Confederaci\u00f3n de entidades de personas con discapacidad f\u00edsica y org\u00e1nica Castilla-La Mancha INCLUSIVA COCEMFE\u00a0se constituy\u00f3 en el a\u00f1o 2017. Agrupa a casi un centenar de entidades que representan casi a 10.000 personas con discapacidad. Se encuentra compuesta por las federaciones provinciales,<strong> COCEMFE Albacete, COCEMFE Guadalajara, COCEMFE Toledo, COCEMFE Cuenca<\/strong> y <strong>Ciudad Real INCLUSIVA<\/strong>, as\u00ed como las entidades de car\u00e1cter regional <strong>AFANION, LUNA, AIDISCAM CLM<\/strong> y la asociaci\u00f3n nacional <strong>AMIAB.<\/strong> El objetivo fundamental de la confederaci\u00f3n es articular y vertebrar en nuestra regi\u00f3n el asociacionismo de la discapacidad f\u00edsica y org\u00e1nica, desde la unidad y respeto al pluralismo, para desarrollar una acci\u00f3n representativa efectiva en defensas de los derechos e intereses de las personas con discapacidad y sus familias.<\/p>\n","protected":false},"excerpt":{"rendered":"<p>&nbsp; Impulsa la colaboraci\u00f3n con las empresas de Ciudad Real estableciendo acuerdos de colaboraci\u00f3n con empresas para favorecer la integraci\u00f3n laboral de las personas con discapacidad. Refuerza la presencia en la provincia de Ciudad Real, donde desde marzo de 2021 cuenta una sede Ciudad Real extendiendo sus servicios hasta ahora prestados solo desde Puertollano. &nbsp; [&hellip;]<\/p>\n","protected":false},"author":1,"featured_media":4186,"comment_status":"open","ping_status":"open","sticky":false,"template":"","format":"standard","meta":{"_et_pb_use_builder":"off","_et_pb_old_content":"","_et_gb_content_width":"","footnotes":""},"categories":[39,49,4,47,5,1,41],"tags":[52,11,12],"yoast_head":"<!-- This site is optimized with the Yoast SEO plugin v21.3 - https:\/\/yoast.com\/wordpress\/plugins\/seo\/ -->\n<title>X Edici\u00f3n del ENCUENTRO DE NEGOCIOS CONECTA EMPRESARIOS 2021 - Clm-Inclusiva<\/title>\n<meta name=\"description\" content=\"CLM INCLUSIVA \u2013 COCEMFE, la Confederaci\u00f3n de entidades de personas con discapacidad de Castilla \u2013 La Mancha particip\u00f3 el 21 de octubre en la X edici\u00f3n del Encuentro de Negocios Conecta Empresarios 2021 organizada por AJE Ciudad Real.\" \/>\n<meta name=\"robots\" content=\"index, follow, max-snippet:-1, max-image-preview:large, max-video-preview:-1\" \/>\n<link rel=\"canonical\" href=\"https:\/\/clm-inclusiva.org\/?p=4192\" \/>\n<meta property=\"og:locale\" content=\"es_ES\" \/>\n<meta property=\"og:type\" content=\"article\" \/>\n<meta property=\"og:title\" content=\"X Edici\u00f3n del ENCUENTRO DE NEGOCIOS CONECTA EMPRESARIOS 2021 - Clm-Inclusiva\" \/>\n<meta property=\"og:description\" content=\"CLM INCLUSIVA \u2013 COCEMFE, la Confederaci\u00f3n de entidades de personas con discapacidad de Castilla \u2013 La Mancha particip\u00f3 el 21 de octubre en la X edici\u00f3n del Encuentro de Negocios Conecta Empresarios 2021 organizada por AJE Ciudad Real.\" \/>\n<meta property=\"og:url\" content=\"https:\/\/clm-inclusiva.org\/?p=4192\" \/>\n<meta property=\"og:site_name\" content=\"Clm-Inclusiva\" \/>\n<meta property=\"article:publisher\" content=\"https:\/\/www.facebook.com\/castillalamancha.inclusiva\/\" \/>\n<meta property=\"article:published_time\" content=\"2021-10-25T09:50:08+00:00\" \/>\n<meta property=\"article:modified_time\" content=\"2021-10-25T10:10:38+00:00\" \/>\n<meta property=\"og:image\" content=\"https:\/\/clm-inclusiva.org\/wp-content\/uploads\/2021\/10\/CONECTA-ROLL-UP.jpg\" \/>\n\t<meta property=\"og:image:width\" content=\"1200\" \/>\n\t<meta property=\"og:image:height\" content=\"1600\" \/>\n\t<meta property=\"og:image:type\" content=\"image\/jpeg\" \/>\n<meta name=\"author\" content=\"clm-inclusiva\" \/>\n<meta name=\"twitter:card\" content=\"summary_large_image\" \/>\n<meta name=\"twitter:creator\" content=\"@ClmInclusiva\" \/>\n<meta name=\"twitter:site\" content=\"@ClmInclusiva\" \/>\n<meta name=\"twitter:label1\" content=\"Escrito por\" \/>\n\t<meta name=\"twitter:data1\" content=\"clm-inclusiva\" \/>\n\t<meta name=\"twitter:label2\" content=\"Tiempo de lectura\" \/>\n\t<meta name=\"twitter:data2\" content=\"3 minutos\" \/>\n<script type=\"application\/ld+json\" class=\"yoast-schema-graph\">{\"@context\":\"https:\/\/schema.org\",\"@graph\":[{\"@type\":\"Article\",\"@id\":\"https:\/\/clm-inclusiva.org\/?p=4192#article\",\"isPartOf\":{\"@id\":\"https:\/\/clm-inclusiva.org\/?p=4192\"},\"author\":{\"name\":\"clm-inclusiva\",\"@id\":\"https:\/\/clm-inclusiva.org\/#\/schema\/person\/0cff84aaa5bb8fd3521c55d1578d902b\"},\"headline\":\"X Edici\u00f3n del ENCUENTRO DE NEGOCIOS CONECTA EMPRESARIOS 2021\",\"datePublished\":\"2021-10-25T09:50:08+00:00\",\"dateModified\":\"2021-10-25T10:10:38+00:00\",\"mainEntityOfPage\":{\"@id\":\"https:\/\/clm-inclusiva.org\/?p=4192\"},\"wordCount\":633,\"commentCount\":0,\"publisher\":{\"@id\":\"https:\/\/clm-inclusiva.org\/#organization\"},\"keywords\":[\"Ciudad Real\",\"clm inclusiva\",\"discapacidad y mayores\"],\"articleSection\":{\"0\":\"Bienestar social\",\"1\":\"castilla-la mancha\",\"2\":\"Clm inclusiva\",\"3\":\"cocemfe\",\"4\":\"Discapacidad\",\"6\":\"Tercer sector\"},\"inLanguage\":\"es\",\"potentialAction\":[{\"@type\":\"CommentAction\",\"name\":\"Comment\",\"target\":[\"https:\/\/clm-inclusiva.org\/?p=4192#respond\"]}]},{\"@type\":\"WebPage\",\"@id\":\"https:\/\/clm-inclusiva.org\/?p=4192\",\"url\":\"https:\/\/clm-inclusiva.org\/?p=4192\",\"name\":\"X Edici\u00f3n del ENCUENTRO DE NEGOCIOS CONECTA EMPRESARIOS 2021 - Clm-Inclusiva\",\"isPartOf\":{\"@id\":\"https:\/\/clm-inclusiva.org\/#website\"},\"datePublished\":\"2021-10-25T09:50:08+00:00\",\"dateModified\":\"2021-10-25T10:10:38+00:00\",\"description\":\"CLM INCLUSIVA \u2013 COCEMFE, la Confederaci\u00f3n de entidades de personas con discapacidad de Castilla \u2013 La Mancha particip\u00f3 el 21 de octubre en la X edici\u00f3n del Encuentro de Negocios Conecta Empresarios 2021 organizada por AJE Ciudad Real.\",\"breadcrumb\":{\"@id\":\"https:\/\/clm-inclusiva.org\/?p=4192#breadcrumb\"},\"inLanguage\":\"es\",\"potentialAction\":[{\"@type\":\"ReadAction\",\"target\":[\"https:\/\/clm-inclusiva.org\/?p=4192\"]}]},{\"@type\":\"BreadcrumbList\",\"@id\":\"https:\/\/clm-inclusiva.org\/?p=4192#breadcrumb\",\"itemListElement\":[{\"@type\":\"ListItem\",\"position\":1,\"name\":\"Portada\",\"item\":\"https:\/\/clm-inclusiva.org\/\"},{\"@type\":\"ListItem\",\"position\":2,\"name\":\"X Edici\u00f3n del ENCUENTRO DE NEGOCIOS CONECTA EMPRESARIOS 2021\"}]},{\"@type\":\"WebSite\",\"@id\":\"https:\/\/clm-inclusiva.org\/#website\",\"url\":\"https:\/\/clm-inclusiva.org\/\",\"name\":\"Clm-Inclusiva\",\"description\":\"Confederaci\u00f3n de entidades de personas con discapacidad f\u00edsica y org\u00e1nica CLM\",\"publisher\":{\"@id\":\"https:\/\/clm-inclusiva.org\/#organization\"},\"potentialAction\":[{\"@type\":\"SearchAction\",\"target\":{\"@type\":\"EntryPoint\",\"urlTemplate\":\"https:\/\/clm-inclusiva.org\/?s={search_term_string}\"},\"query-input\":\"required name=search_term_string\"}],\"inLanguage\":\"es\"},{\"@type\":\"Organization\",\"@id\":\"https:\/\/clm-inclusiva.org\/#organization\",\"name\":\"Clm-Inclusiva\",\"url\":\"https:\/\/clm-inclusiva.org\/\",\"logo\":{\"@type\":\"ImageObject\",\"inLanguage\":\"es\",\"@id\":\"https:\/\/clm-inclusiva.org\/#\/schema\/logo\/image\/\",\"url\":\"http:\/\/clm-inclusiva.org\/wp-content\/uploads\/2019\/04\/banner-e1533720812836.jpg\",\"contentUrl\":\"http:\/\/clm-inclusiva.org\/wp-content\/uploads\/2019\/04\/banner-e1533720812836.jpg\",\"width\":600,\"height\":332,\"caption\":\"Clm-Inclusiva\"},\"image\":{\"@id\":\"https:\/\/clm-inclusiva.org\/#\/schema\/logo\/image\/\"},\"sameAs\":[\"https:\/\/www.facebook.com\/castillalamancha.inclusiva\/\",\"https:\/\/twitter.com\/ClmInclusiva\"]},{\"@type\":\"Person\",\"@id\":\"https:\/\/clm-inclusiva.org\/#\/schema\/person\/0cff84aaa5bb8fd3521c55d1578d902b\",\"name\":\"clm-inclusiva\",\"image\":{\"@type\":\"ImageObject\",\"inLanguage\":\"es\",\"@id\":\"https:\/\/clm-inclusiva.org\/#\/schema\/person\/image\/\",\"url\":\"https:\/\/secure.gravatar.com\/avatar\/88948567af770dc9cd5597b329011884?s=96&d=blank&r=g\",\"contentUrl\":\"https:\/\/secure.gravatar.com\/avatar\/88948567af770dc9cd5597b329011884?s=96&d=blank&r=g\",\"caption\":\"clm-inclusiva\"},\"sameAs\":[\"http:\/\/clm-inclusiva.org\"],\"url\":\"https:\/\/clm-inclusiva.org\/?author=1\"}]}<\/script>\n<!-- \/ Yoast SEO plugin. -->","yoast_head_json":{"title":"X Edici\u00f3n del ENCUENTRO DE NEGOCIOS CONECTA EMPRESARIOS 2021 - Clm-Inclusiva","description":"CLM INCLUSIVA \u2013 COCEMFE, la Confederaci\u00f3n de entidades de personas con discapacidad de Castilla \u2013 La Mancha particip\u00f3 el 21 de octubre en la X edici\u00f3n del Encuentro de Negocios Conecta Empresarios 2021 organizada por AJE Ciudad Real.","robots":{"index":"index","follow":"follow","max-snippet":"max-snippet:-1","max-image-preview":"max-image-preview:large","max-video-preview":"max-video-preview:-1"},"canonical":"https:\/\/clm-inclusiva.org\/?p=4192","og_locale":"es_ES","og_type":"article","og_title":"X Edici\u00f3n del ENCUENTRO DE NEGOCIOS CONECTA EMPRESARIOS 2021 - Clm-Inclusiva","og_description":"CLM INCLUSIVA \u2013 COCEMFE, la Confederaci\u00f3n de entidades de personas con discapacidad de Castilla \u2013 La Mancha particip\u00f3 el 21 de octubre en la X edici\u00f3n del Encuentro de Negocios Conecta Empresarios 2021 organizada por AJE Ciudad Real.","og_url":"https:\/\/clm-inclusiva.org\/?p=4192","og_site_name":"Clm-Inclusiva","article_publisher":"https:\/\/www.facebook.com\/castillalamancha.inclusiva\/","article_published_time":"2021-10-25T09:50:08+00:00","article_modified_time":"2021-10-25T10:10:38+00:00","og_image":[{"width":1200,"height":1600,"url":"https:\/\/clm-inclusiva.org\/wp-content\/uploads\/2021\/10\/CONECTA-ROLL-UP.jpg","type":"image\/jpeg"}],"author":"clm-inclusiva","twitter_card":"summary_large_image","twitter_creator":"@ClmInclusiva","twitter_site":"@ClmInclusiva","twitter_misc":{"Escrito por":"clm-inclusiva","Tiempo de lectura":"3 minutos"},"schema":{"@context":"https:\/\/schema.org","@graph":[{"@type":"Article","@id":"https:\/\/clm-inclusiva.org\/?p=4192#article","isPartOf":{"@id":"https:\/\/clm-inclusiva.org\/?p=4192"},"author":{"name":"clm-inclusiva","@id":"https:\/\/clm-inclusiva.org\/#\/schema\/person\/0cff84aaa5bb8fd3521c55d1578d902b"},"headline":"X Edici\u00f3n del ENCUENTRO DE NEGOCIOS CONECTA EMPRESARIOS 2021","datePublished":"2021-10-25T09:50:08+00:00","dateModified":"2021-10-25T10:10:38+00:00","mainEntityOfPage":{"@id":"https:\/\/clm-inclusiva.org\/?p=4192"},"wordCount":633,"commentCount":0,"publisher":{"@id":"https:\/\/clm-inclusiva.org\/#organization"},"keywords":["Ciudad Real","clm inclusiva","discapacidad y mayores"],"articleSection":{"0":"Bienestar social","1":"castilla-la mancha","2":"Clm inclusiva","3":"cocemfe","4":"Discapacidad","6":"Tercer sector"},"inLanguage":"es","potentialAction":[{"@type":"CommentAction","name":"Comment","target":["https:\/\/clm-inclusiva.org\/?p=4192#respond"]}]},{"@type":"WebPage","@id":"https:\/\/clm-inclusiva.org\/?p=4192","url":"https:\/\/clm-inclusiva.org\/?p=4192","name":"X Edici\u00f3n del ENCUENTRO DE NEGOCIOS CONECTA EMPRESARIOS 2021 - Clm-Inclusiva","isPartOf":{"@id":"https:\/\/clm-inclusiva.org\/#website"},"datePublished":"2021-10-25T09:50:08+00:00","dateModified":"2021-10-25T10:10:38+00:00","description":"CLM INCLUSIVA \u2013 COCEMFE, la Confederaci\u00f3n de entidades de personas con discapacidad de Castilla \u2013 La Mancha particip\u00f3 el 21 de octubre en la X edici\u00f3n del Encuentro de Negocios Conecta Empresarios 2021 organizada por AJE Ciudad Real.","breadcrumb":{"@id":"https:\/\/clm-inclusiva.org\/?p=4192#breadcrumb"},"inLanguage":"es","potentialAction":[{"@type":"ReadAction","target":["https:\/\/clm-inclusiva.org\/?p=4192"]}]},{"@type":"BreadcrumbList","@id":"https:\/\/clm-inclusiva.org\/?p=4192#breadcrumb","itemListElement":[{"@type":"ListItem","position":1,"name":"Portada","item":"https:\/\/clm-inclusiva.org\/"},{"@type":"ListItem","position":2,"name":"X Edici\u00f3n del ENCUENTRO DE NEGOCIOS CONECTA EMPRESARIOS 2021"}]},{"@type":"WebSite","@id":"https:\/\/clm-inclusiva.org\/#website","url":"https:\/\/clm-inclusiva.org\/","name":"Clm-Inclusiva","description":"Confederaci\u00f3n de entidades de personas con discapacidad f\u00edsica y org\u00e1nica CLM","publisher":{"@id":"https:\/\/clm-inclusiva.org\/#organization"},"potentialAction":[{"@type":"SearchAction","target":{"@type":"EntryPoint","urlTemplate":"https:\/\/clm-inclusiva.org\/?s={search_term_string}"},"query-input":"required name=search_term_string"}],"inLanguage":"es"},{"@type":"Organization","@id":"https:\/\/clm-inclusiva.org\/#organization","name":"Clm-Inclusiva","url":"https:\/\/clm-inclusiva.org\/","logo":{"@type":"ImageObject","inLanguage":"es","@id":"https:\/\/clm-inclusiva.org\/#\/schema\/logo\/image\/","url":"http:\/\/clm-inclusiva.org\/wp-content\/uploads\/2019\/04\/banner-e1533720812836.jpg","contentUrl":"http:\/\/clm-inclusiva.org\/wp-content\/uploads\/2019\/04\/banner-e1533720812836.jpg","width":600,"height":332,"caption":"Clm-Inclusiva"},"image":{"@id":"https:\/\/clm-inclusiva.org\/#\/schema\/logo\/image\/"},"sameAs":["https:\/\/www.facebook.com\/castillalamancha.inclusiva\/","https:\/\/twitter.com\/ClmInclusiva"]},{"@type":"Person","@id":"https:\/\/clm-inclusiva.org\/#\/schema\/person\/0cff84aaa5bb8fd3521c55d1578d902b","name":"clm-inclusiva","image":{"@type":"ImageObject","inLanguage":"es","@id":"https:\/\/clm-inclusiva.org\/#\/schema\/person\/image\/","url":"https:\/\/secure.gravatar.com\/avatar\/88948567af770dc9cd5597b329011884?s=96&d=blank&r=g","contentUrl":"https:\/\/secure.gravatar.com\/avatar\/88948567af770dc9cd5597b329011884?s=96&d=blank&r=g","caption":"clm-inclusiva"},"sameAs":["http:\/\/clm-inclusiva.org"],"url":"https:\/\/clm-inclusiva.org\/?author=1"}]}},"_links":{"self":[{"href":"https:\/\/clm-inclusiva.org\/index.php?rest_route=\/wp\/v2\/posts\/4192"}],"collection":[{"href":"https:\/\/clm-inclusiva.org\/index.php?rest_route=\/wp\/v2\/posts"}],"about":[{"href":"https:\/\/clm-inclusiva.org\/index.php?rest_route=\/wp\/v2\/types\/post"}],"author":[{"embeddable":true,"href":"https:\/\/clm-inclusiva.org\/index.php?rest_route=\/wp\/v2\/users\/1"}],"replies":[{"embeddable":true,"href":"https:\/\/clm-inclusiva.org\/index.php?rest_route=%2Fwp%2Fv2%2Fcomments&post=4192"}],"version-history":[{"count":13,"href":"https:\/\/clm-inclusiva.org\/index.php?rest_route=\/wp\/v2\/posts\/4192\/revisions"}],"predecessor-version":[{"id":4205,"href":"https:\/\/clm-inclusiva.org\/index.php?rest_route=\/wp\/v2\/posts\/4192\/revisions\/4205"}],"wp:featuredmedia":[{"embeddable":true,"href":"https:\/\/clm-inclusiva.org\/index.php?rest_route=\/wp\/v2\/media\/4186"}],"wp:attachment":[{"href":"https:\/\/clm-inclusiva.org\/index.php?rest_route=%2Fwp%2Fv2%2Fmedia&parent=4192"}],"wp:term":[{"taxonomy":"category","embeddable":true,"href":"https:\/\/clm-inclusiva.org\/index.php?rest_route=%2Fwp%2Fv2%2Fcategories&post=4192"},{"taxonomy":"post_tag","embeddable":true,"href":"https:\/\/clm-inclusiva.org\/index.php?rest_route=%2Fwp%2Fv2%2Ftags&post=4192"}],"curies":[{"name":"wp","href":"https:\/\/api.w.org\/{rel}","templated":true}]}}