{"id":419,"date":"2019-03-14T11:25:48","date_gmt":"2019-03-14T11:25:48","guid":{"rendered":"http:\/\/clm-inclusiva.org\/?p=419"},"modified":"2019-06-29T09:39:48","modified_gmt":"2019-06-29T07:39:48","slug":"419","status":"publish","type":"post","link":"https:\/\/clm-inclusiva.org\/?p=419","title":{"rendered":"CERMI CLM reclama a la Junta Electoral anular la instrucci\u00f3n que permite cuestionar el voto de las personas con discapacidad"},"content":{"rendered":"<p>[et_pb_section fb_built=&#8221;1&#8243; _builder_version=&#8221;3.22.4&#8243; custom_padding=&#8221;0px||2px|||&#8221;][et_pb_row custom_padding=&#8221;|||||&#8221; custom_margin=&#8221;|||||&#8221; _builder_version=&#8221;3.25&#8243; background_size=&#8221;initial&#8221; background_position=&#8221;top_left&#8221; background_repeat=&#8221;repeat&#8221;][et_pb_column type=&#8221;4_4&#8243; _builder_version=&#8221;3.25&#8243; custom_padding=&#8221;|||&#8221; custom_padding__hover=&#8221;|||&#8221;][et_pb_text _builder_version=&#8221;3.22.4&#8243; text_font=&#8221;||||||||&#8221; text_orientation=&#8221;justified&#8221;]<\/p>\n<p><strong>El CERMI Estatal se ha dirigido a la Junta Electoral Central a trav\u00e9s de su presidente pidiendo la revisi\u00f3n urgente de la instrucci\u00f3n<\/strong><\/p>\n<p>El Comit\u00e9 de Entidades Representantes de Personas con Discapacidad de Castilla-La Mancha (CERMI CLM) ha exigido a la Junta Electoral Central que anule con car\u00e1cter inmediato la instrucci\u00f3n que permite a determinados agentes electorales (interventores, apoderados) cuestionar las condiciones del voto de las personas con discapacidad.<\/p>\n<p>De esta forma, la entidad se suma al CERMI Estatal, que ha advertido de que la instrucci\u00f3n, elaborada y aprobada sin participaci\u00f3n ni consultas con el movimiento social de la discapacidad, entra en contradicci\u00f3n clara con el esp\u00edritu y la letra de la reforma electoral de diciembre de 2018 que ha reintegrado en el derecho de voto a todas las personas con discapacidad, restringiendo y debilitando el mandato legal que es categ\u00f3rico en favor del derecho de sufragio sin exclusiones.<\/p>\n<p>La decisi\u00f3n de la Junta est\u00e1 cargada de un enfoque sesgado y prejuiciado contra las personas con discapacidad, se\u00f1al\u00e1ndolas particularmente y someti\u00e9ndolas a un marco gen\u00e9rico de sospecha que las coloca en una situaci\u00f3n de desventaja grave a la hora de ejercer su derecho de voto por vez primera.<\/p>\n<p>El CERMI Estatal se ha dirigido a la Junta Electoral Central a trav\u00e9s de su presidente pidiendo la revisi\u00f3n urgente de la instrucci\u00f3n para corregir esta interpretaci\u00f3n desviada y contradictoria con el tenor de la reforma electoral.<\/p>\n<p><a href=\"https:\/\/www.lacomarcadepuertollano.com\/diario\/noticia\/2019_03_14\/03\" rel=\"external\">lacomarcadepuertollano<\/a><\/p>\n<p>[\/et_pb_text][et_pb_post_nav prev_text=&#8221;Anterior&#8221; next_text=&#8221;Siguiente&#8221; _builder_version=&#8221;3.22.4&#8243;][\/et_pb_post_nav][\/et_pb_column][\/et_pb_row][\/et_pb_section]<\/p>\n","protected":false},"excerpt":{"rendered":"<p>[et_pb_section fb_built=&#8221;1&#8243; _builder_version=&#8221;3.22.4&#8243; custom_padding=&#8221;0px||2px|||&#8221;][et_pb_row custom_padding=&#8221;|||||&#8221; custom_margin=&#8221;|||||&#8221; _builder_version=&#8221;3.25&#8243; background_size=&#8221;initial&#8221; background_position=&#8221;top_left&#8221; background_repeat=&#8221;repeat&#8221;][et_pb_column type=&#8221;4_4&#8243; _builder_version=&#8221;3.25&#8243; custom_padding=&#8221;|||&#8221; custom_padding__hover=&#8221;|||&#8221;][et_pb_text _builder_version=&#8221;3.22.4&#8243; text_font=&#8221;||||||||&#8221; text_orientation=&#8221;justified&#8221;] El CERMI Estatal se ha dirigido a la Junta Electoral Central a trav\u00e9s de su presidente pidiendo la revisi\u00f3n urgente de la instrucci\u00f3n El Comit\u00e9 de Entidades Representantes de Personas con Discapacidad de Castilla-La Mancha (CERMI CLM) ha [&hellip;]<\/p>\n","protected":false},"author":1,"featured_media":420,"comment_status":"closed","ping_status":"closed","sticky":false,"template":"","format":"standard","meta":{"_et_pb_use_builder":"on","_et_pb_old_content":"\t\t\t\t<h6 style=\"text-align: justify;\"><a class=\"fancyboxforwp\" href=\"https:\/\/i2.wp.com\/aidiscam.org\/wp-content\/uploads\/2019\/03\/untitled.png\" data-fancybox=\"gallery\"><img class=\"size-full wp-image-2268 aligncenter\" src=\"https:\/\/i2.wp.com\/aidiscam.org\/wp-content\/uploads\/2019\/03\/untitled.png?w=633\" sizes=\"(max-width: 633px) 100vw, 633px\" alt=\"\" width=\"633\" height=\"448\" data-attachment-id=\"2268\" data-permalink=\"http:\/\/aidiscam.org\/2019\/03\/14\/cermi-clm-reclama-a-la-junta-electoral-anular-la-instruccion-que-permite-cuestionar-el-voto-de-las-personas-con-discapacidad\/untitled-19\/\" data-orig-file=\"https:\/\/i2.wp.com\/aidiscam.org\/wp-content\/uploads\/2019\/03\/untitled.png?fit=633%2C448\" data-orig-size=\"633,448\" data-comments-opened=\"1\" data-image-meta=\"{\"aperture\":\"0\",\"credit\":\"\",\"camera\":\"\",\"caption\":\"\",\"created_timestamp\":\"0\",\"copyright\":\"\",\"focal_length\":\"0\",\"iso\":\"0\",\"shutter_speed\":\"0\",\"title\":\"\",\"orientation\":\"0\"}\" data-image-title=\"untitled\" data-image-description=\"\" data-medium-file=\"https:\/\/i2.wp.com\/aidiscam.org\/wp-content\/uploads\/2019\/03\/untitled.png?fit=300%2C212\" data-large-file=\"https:\/\/i2.wp.com\/aidiscam.org\/wp-content\/uploads\/2019\/03\/untitled.png?fit=633%2C448\" \/><\/a>\r\nEl CERMI Estatal se ha dirigido a la Junta Electoral Central a trav\u00e9s de su presidente pidiendo la revisi\u00f3n urgente de la instrucci\u00f3n<\/h6>\r\n<p style=\"text-align: justify;\">El Comit\u00e9 de Entidades Representantes de Personas con Discapacidad de Castilla-La Mancha (CERMI CLM) ha exigido a la Junta Electoral Central que anule con car\u00e1cter inmediato la instrucci\u00f3n que permite a determinados agentes electorales (interventores, apoderados) cuestionar las condiciones del voto de las personas con discapacidad.<\/p>\r\n<p style=\"text-align: justify;\">De esta forma, la entidad se suma al CERMI Estatal, que ha advertido de que la instrucci\u00f3n, elaborada y aprobada sin participaci\u00f3n ni consultas con el movimiento social de la discapacidad, entra en contradicci\u00f3n clara con el esp\u00edritu y la letra de la reforma electoral de diciembre de 2018 que ha reintegrado en el derecho de voto a todas las personas con discapacidad, restringiendo y debilitando el mandato legal que es categ\u00f3rico en favor del derecho de sufragio sin exclusiones.<\/p>\r\n<p style=\"text-align: justify;\">La decisi\u00f3n de la Junta est\u00e1 cargada de un enfoque sesgado y prejuiciado contra las personas con discapacidad, se\u00f1al\u00e1ndolas particularmente y someti\u00e9ndolas a un marco gen\u00e9rico de sospecha que las coloca en una situaci\u00f3n de desventaja grave a la hora de ejercer su derecho de voto por vez primera.<\/p>\r\n<p style=\"text-align: justify;\">El CERMI Estatal se ha dirigido a la Junta Electoral Central a trav\u00e9s de su presidente pidiendo la revisi\u00f3n urgente de la instrucci\u00f3n para corregir esta interpretaci\u00f3n desviada y contradictoria con el tenor de la reforma electoral.<\/p>\r\n<a href=\"https:\/\/www.lacomarcadepuertollano.com\/diario\/noticia\/2019_03_14\/03\">lacomarcadepuertollano<\/a>\t\t","_et_gb_content_width":"","footnotes":""},"categories":[2,5],"tags":[],"yoast_head":"<!-- This site is optimized with the Yoast SEO plugin v21.3 - https:\/\/yoast.com\/wordpress\/plugins\/seo\/ -->\n<title>CERMI CLM reclama a la Junta Electoral anular la instrucci\u00f3n que permite cuestionar el voto de las personas con discapacidad - Clm-Inclusiva<\/title>\n<meta name=\"robots\" content=\"index, follow, max-snippet:-1, max-image-preview:large, max-video-preview:-1\" \/>\n<link rel=\"canonical\" href=\"https:\/\/clm-inclusiva.org\/?p=419\" \/>\n<meta property=\"og:locale\" content=\"es_ES\" \/>\n<meta property=\"og:type\" content=\"article\" \/>\n<meta property=\"og:title\" content=\"CERMI CLM reclama a la Junta Electoral anular la instrucci\u00f3n que permite cuestionar el voto de las personas con discapacidad - Clm-Inclusiva\" \/>\n<meta property=\"og:description\" content=\"[et_pb_section fb_built=&#8221;1&#8243; _builder_version=&#8221;3.22.4&#8243; custom_padding=&#8221;0px||2px|||&#8221;][et_pb_row custom_padding=&#8221;|||||&#8221; custom_margin=&#8221;|||||&#8221; _builder_version=&#8221;3.25&#8243; background_size=&#8221;initial&#8221; background_position=&#8221;top_left&#8221; background_repeat=&#8221;repeat&#8221;][et_pb_column type=&#8221;4_4&#8243; _builder_version=&#8221;3.25&#8243; custom_padding=&#8221;|||&#8221; custom_padding__hover=&#8221;|||&#8221;][et_pb_text _builder_version=&#8221;3.22.4&#8243; text_font=&#8221;||||||||&#8221; text_orientation=&#8221;justified&#8221;] El CERMI Estatal se ha dirigido a la Junta Electoral Central a trav\u00e9s de su presidente pidiendo la revisi\u00f3n urgente de la instrucci\u00f3n El Comit\u00e9 de Entidades Representantes de Personas con Discapacidad de Castilla-La Mancha (CERMI CLM) ha [&hellip;]\" \/>\n<meta property=\"og:url\" content=\"https:\/\/clm-inclusiva.org\/?p=419\" \/>\n<meta property=\"og:site_name\" content=\"Clm-Inclusiva\" \/>\n<meta property=\"article:publisher\" content=\"https:\/\/www.facebook.com\/castillalamancha.inclusiva\/\" \/>\n<meta property=\"article:published_time\" content=\"2019-03-14T11:25:48+00:00\" \/>\n<meta property=\"article:modified_time\" content=\"2019-06-29T07:39:48+00:00\" \/>\n<meta property=\"og:image\" content=\"https:\/\/clm-inclusiva.org\/wp-content\/uploads\/2019\/03\/untitled-1.png\" \/>\n\t<meta property=\"og:image:width\" content=\"633\" \/>\n\t<meta property=\"og:image:height\" content=\"448\" \/>\n\t<meta property=\"og:image:type\" content=\"image\/png\" \/>\n<meta name=\"author\" content=\"clm-inclusiva\" \/>\n<meta name=\"twitter:card\" content=\"summary_large_image\" \/>\n<meta name=\"twitter:creator\" content=\"@ClmInclusiva\" \/>\n<meta name=\"twitter:site\" content=\"@ClmInclusiva\" \/>\n<meta name=\"twitter:label1\" content=\"Escrito por\" \/>\n\t<meta name=\"twitter:data1\" content=\"clm-inclusiva\" \/>\n\t<meta name=\"twitter:label2\" content=\"Tiempo de lectura\" \/>\n\t<meta name=\"twitter:data2\" content=\"2 minutos\" \/>\n<script type=\"application\/ld+json\" class=\"yoast-schema-graph\">{\"@context\":\"https:\/\/schema.org\",\"@graph\":[{\"@type\":\"Article\",\"@id\":\"https:\/\/clm-inclusiva.org\/?p=419#article\",\"isPartOf\":{\"@id\":\"https:\/\/clm-inclusiva.org\/?p=419\"},\"author\":{\"name\":\"clm-inclusiva\",\"@id\":\"https:\/\/clm-inclusiva.org\/#\/schema\/person\/0cff84aaa5bb8fd3521c55d1578d902b\"},\"headline\":\"CERMI CLM reclama a la Junta Electoral anular la instrucci\u00f3n que permite cuestionar el voto de las personas con discapacidad\",\"datePublished\":\"2019-03-14T11:25:48+00:00\",\"dateModified\":\"2019-06-29T07:39:48+00:00\",\"mainEntityOfPage\":{\"@id\":\"https:\/\/clm-inclusiva.org\/?p=419\"},\"wordCount\":355,\"publisher\":{\"@id\":\"https:\/\/clm-inclusiva.org\/#organization\"},\"articleSection\":[\"Accesibilidad\",\"Discapacidad\"],\"inLanguage\":\"es\"},{\"@type\":\"WebPage\",\"@id\":\"https:\/\/clm-inclusiva.org\/?p=419\",\"url\":\"https:\/\/clm-inclusiva.org\/?p=419\",\"name\":\"CERMI CLM reclama a la Junta Electoral anular la instrucci\u00f3n que permite cuestionar el voto de las personas con discapacidad - Clm-Inclusiva\",\"isPartOf\":{\"@id\":\"https:\/\/clm-inclusiva.org\/#website\"},\"datePublished\":\"2019-03-14T11:25:48+00:00\",\"dateModified\":\"2019-06-29T07:39:48+00:00\",\"breadcrumb\":{\"@id\":\"https:\/\/clm-inclusiva.org\/?p=419#breadcrumb\"},\"inLanguage\":\"es\",\"potentialAction\":[{\"@type\":\"ReadAction\",\"target\":[\"https:\/\/clm-inclusiva.org\/?p=419\"]}]},{\"@type\":\"BreadcrumbList\",\"@id\":\"https:\/\/clm-inclusiva.org\/?p=419#breadcrumb\",\"itemListElement\":[{\"@type\":\"ListItem\",\"position\":1,\"name\":\"Portada\",\"item\":\"https:\/\/clm-inclusiva.org\/\"},{\"@type\":\"ListItem\",\"position\":2,\"name\":\"CERMI CLM reclama a la Junta Electoral anular la instrucci\u00f3n que permite cuestionar el voto de las personas con discapacidad\"}]},{\"@type\":\"WebSite\",\"@id\":\"https:\/\/clm-inclusiva.org\/#website\",\"url\":\"https:\/\/clm-inclusiva.org\/\",\"name\":\"Clm-Inclusiva\",\"description\":\"Confederaci\u00f3n de entidades de personas con discapacidad f\u00edsica y org\u00e1nica CLM\",\"publisher\":{\"@id\":\"https:\/\/clm-inclusiva.org\/#organization\"},\"potentialAction\":[{\"@type\":\"SearchAction\",\"target\":{\"@type\":\"EntryPoint\",\"urlTemplate\":\"https:\/\/clm-inclusiva.org\/?s={search_term_string}\"},\"query-input\":\"required name=search_term_string\"}],\"inLanguage\":\"es\"},{\"@type\":\"Organization\",\"@id\":\"https:\/\/clm-inclusiva.org\/#organization\",\"name\":\"Clm-Inclusiva\",\"url\":\"https:\/\/clm-inclusiva.org\/\",\"logo\":{\"@type\":\"ImageObject\",\"inLanguage\":\"es\",\"@id\":\"https:\/\/clm-inclusiva.org\/#\/schema\/logo\/image\/\",\"url\":\"http:\/\/clm-inclusiva.org\/wp-content\/uploads\/2019\/04\/banner-e1533720812836.jpg\",\"contentUrl\":\"http:\/\/clm-inclusiva.org\/wp-content\/uploads\/2019\/04\/banner-e1533720812836.jpg\",\"width\":600,\"height\":332,\"caption\":\"Clm-Inclusiva\"},\"image\":{\"@id\":\"https:\/\/clm-inclusiva.org\/#\/schema\/logo\/image\/\"},\"sameAs\":[\"https:\/\/www.facebook.com\/castillalamancha.inclusiva\/\",\"https:\/\/twitter.com\/ClmInclusiva\"]},{\"@type\":\"Person\",\"@id\":\"https:\/\/clm-inclusiva.org\/#\/schema\/person\/0cff84aaa5bb8fd3521c55d1578d902b\",\"name\":\"clm-inclusiva\",\"image\":{\"@type\":\"ImageObject\",\"inLanguage\":\"es\",\"@id\":\"https:\/\/clm-inclusiva.org\/#\/schema\/person\/image\/\",\"url\":\"https:\/\/secure.gravatar.com\/avatar\/88948567af770dc9cd5597b329011884?s=96&d=blank&r=g\",\"contentUrl\":\"https:\/\/secure.gravatar.com\/avatar\/88948567af770dc9cd5597b329011884?s=96&d=blank&r=g\",\"caption\":\"clm-inclusiva\"},\"sameAs\":[\"http:\/\/clm-inclusiva.org\"],\"url\":\"https:\/\/clm-inclusiva.org\/?author=1\"}]}<\/script>\n<!-- \/ Yoast SEO plugin. -->","yoast_head_json":{"title":"CERMI CLM reclama a la Junta Electoral anular la instrucci\u00f3n que permite cuestionar el voto de las personas con discapacidad - Clm-Inclusiva","robots":{"index":"index","follow":"follow","max-snippet":"max-snippet:-1","max-image-preview":"max-image-preview:large","max-video-preview":"max-video-preview:-1"},"canonical":"https:\/\/clm-inclusiva.org\/?p=419","og_locale":"es_ES","og_type":"article","og_title":"CERMI CLM reclama a la Junta Electoral anular la instrucci\u00f3n que permite cuestionar el voto de las personas con discapacidad - Clm-Inclusiva","og_description":"[et_pb_section fb_built=&#8221;1&#8243; _builder_version=&#8221;3.22.4&#8243; custom_padding=&#8221;0px||2px|||&#8221;][et_pb_row custom_padding=&#8221;|||||&#8221; custom_margin=&#8221;|||||&#8221; _builder_version=&#8221;3.25&#8243; background_size=&#8221;initial&#8221; background_position=&#8221;top_left&#8221; background_repeat=&#8221;repeat&#8221;][et_pb_column type=&#8221;4_4&#8243; _builder_version=&#8221;3.25&#8243; custom_padding=&#8221;|||&#8221; custom_padding__hover=&#8221;|||&#8221;][et_pb_text _builder_version=&#8221;3.22.4&#8243; text_font=&#8221;||||||||&#8221; text_orientation=&#8221;justified&#8221;] El CERMI Estatal se ha dirigido a la Junta Electoral Central a trav\u00e9s de su presidente pidiendo la revisi\u00f3n urgente de la instrucci\u00f3n El Comit\u00e9 de Entidades Representantes de Personas con Discapacidad de Castilla-La Mancha (CERMI CLM) ha [&hellip;]","og_url":"https:\/\/clm-inclusiva.org\/?p=419","og_site_name":"Clm-Inclusiva","article_publisher":"https:\/\/www.facebook.com\/castillalamancha.inclusiva\/","article_published_time":"2019-03-14T11:25:48+00:00","article_modified_time":"2019-06-29T07:39:48+00:00","og_image":[{"width":633,"height":448,"url":"https:\/\/clm-inclusiva.org\/wp-content\/uploads\/2019\/03\/untitled-1.png","type":"image\/png"}],"author":"clm-inclusiva","twitter_card":"summary_large_image","twitter_creator":"@ClmInclusiva","twitter_site":"@ClmInclusiva","twitter_misc":{"Escrito por":"clm-inclusiva","Tiempo de lectura":"2 minutos"},"schema":{"@context":"https:\/\/schema.org","@graph":[{"@type":"Article","@id":"https:\/\/clm-inclusiva.org\/?p=419#article","isPartOf":{"@id":"https:\/\/clm-inclusiva.org\/?p=419"},"author":{"name":"clm-inclusiva","@id":"https:\/\/clm-inclusiva.org\/#\/schema\/person\/0cff84aaa5bb8fd3521c55d1578d902b"},"headline":"CERMI CLM reclama a la Junta Electoral anular la instrucci\u00f3n que permite cuestionar el voto de las personas con discapacidad","datePublished":"2019-03-14T11:25:48+00:00","dateModified":"2019-06-29T07:39:48+00:00","mainEntityOfPage":{"@id":"https:\/\/clm-inclusiva.org\/?p=419"},"wordCount":355,"publisher":{"@id":"https:\/\/clm-inclusiva.org\/#organization"},"articleSection":["Accesibilidad","Discapacidad"],"inLanguage":"es"},{"@type":"WebPage","@id":"https:\/\/clm-inclusiva.org\/?p=419","url":"https:\/\/clm-inclusiva.org\/?p=419","name":"CERMI CLM reclama a la Junta Electoral anular la instrucci\u00f3n que permite cuestionar el voto de las personas con discapacidad - Clm-Inclusiva","isPartOf":{"@id":"https:\/\/clm-inclusiva.org\/#website"},"datePublished":"2019-03-14T11:25:48+00:00","dateModified":"2019-06-29T07:39:48+00:00","breadcrumb":{"@id":"https:\/\/clm-inclusiva.org\/?p=419#breadcrumb"},"inLanguage":"es","potentialAction":[{"@type":"ReadAction","target":["https:\/\/clm-inclusiva.org\/?p=419"]}]},{"@type":"BreadcrumbList","@id":"https:\/\/clm-inclusiva.org\/?p=419#breadcrumb","itemListElement":[{"@type":"ListItem","position":1,"name":"Portada","item":"https:\/\/clm-inclusiva.org\/"},{"@type":"ListItem","position":2,"name":"CERMI CLM reclama a la Junta Electoral anular la instrucci\u00f3n que permite cuestionar el voto de las personas con discapacidad"}]},{"@type":"WebSite","@id":"https:\/\/clm-inclusiva.org\/#website","url":"https:\/\/clm-inclusiva.org\/","name":"Clm-Inclusiva","description":"Confederaci\u00f3n de entidades de personas con discapacidad f\u00edsica y org\u00e1nica CLM","publisher":{"@id":"https:\/\/clm-inclusiva.org\/#organization"},"potentialAction":[{"@type":"SearchAction","target":{"@type":"EntryPoint","urlTemplate":"https:\/\/clm-inclusiva.org\/?s={search_term_string}"},"query-input":"required name=search_term_string"}],"inLanguage":"es"},{"@type":"Organization","@id":"https:\/\/clm-inclusiva.org\/#organization","name":"Clm-Inclusiva","url":"https:\/\/clm-inclusiva.org\/","logo":{"@type":"ImageObject","inLanguage":"es","@id":"https:\/\/clm-inclusiva.org\/#\/schema\/logo\/image\/","url":"http:\/\/clm-inclusiva.org\/wp-content\/uploads\/2019\/04\/banner-e1533720812836.jpg","contentUrl":"http:\/\/clm-inclusiva.org\/wp-content\/uploads\/2019\/04\/banner-e1533720812836.jpg","width":600,"height":332,"caption":"Clm-Inclusiva"},"image":{"@id":"https:\/\/clm-inclusiva.org\/#\/schema\/logo\/image\/"},"sameAs":["https:\/\/www.facebook.com\/castillalamancha.inclusiva\/","https:\/\/twitter.com\/ClmInclusiva"]},{"@type":"Person","@id":"https:\/\/clm-inclusiva.org\/#\/schema\/person\/0cff84aaa5bb8fd3521c55d1578d902b","name":"clm-inclusiva","image":{"@type":"ImageObject","inLanguage":"es","@id":"https:\/\/clm-inclusiva.org\/#\/schema\/person\/image\/","url":"https:\/\/secure.gravatar.com\/avatar\/88948567af770dc9cd5597b329011884?s=96&d=blank&r=g","contentUrl":"https:\/\/secure.gravatar.com\/avatar\/88948567af770dc9cd5597b329011884?s=96&d=blank&r=g","caption":"clm-inclusiva"},"sameAs":["http:\/\/clm-inclusiva.org"],"url":"https:\/\/clm-inclusiva.org\/?author=1"}]}},"_links":{"self":[{"href":"https:\/\/clm-inclusiva.org\/index.php?rest_route=\/wp\/v2\/posts\/419"}],"collection":[{"href":"https:\/\/clm-inclusiva.org\/index.php?rest_route=\/wp\/v2\/posts"}],"about":[{"href":"https:\/\/clm-inclusiva.org\/index.php?rest_route=\/wp\/v2\/types\/post"}],"author":[{"embeddable":true,"href":"https:\/\/clm-inclusiva.org\/index.php?rest_route=\/wp\/v2\/users\/1"}],"replies":[{"embeddable":true,"href":"https:\/\/clm-inclusiva.org\/index.php?rest_route=%2Fwp%2Fv2%2Fcomments&post=419"}],"version-history":[{"count":3,"href":"https:\/\/clm-inclusiva.org\/index.php?rest_route=\/wp\/v2\/posts\/419\/revisions"}],"predecessor-version":[{"id":2598,"href":"https:\/\/clm-inclusiva.org\/index.php?rest_route=\/wp\/v2\/posts\/419\/revisions\/2598"}],"wp:featuredmedia":[{"embeddable":true,"href":"https:\/\/clm-inclusiva.org\/index.php?rest_route=\/wp\/v2\/media\/420"}],"wp:attachment":[{"href":"https:\/\/clm-inclusiva.org\/index.php?rest_route=%2Fwp%2Fv2%2Fmedia&parent=419"}],"wp:term":[{"taxonomy":"category","embeddable":true,"href":"https:\/\/clm-inclusiva.org\/index.php?rest_route=%2Fwp%2Fv2%2Fcategories&post=419"},{"taxonomy":"post_tag","embeddable":true,"href":"https:\/\/clm-inclusiva.org\/index.php?rest_route=%2Fwp%2Fv2%2Ftags&post=419"}],"curies":[{"name":"wp","href":"https:\/\/api.w.org\/{rel}","templated":true}]}}