{"id":4122,"date":"2021-05-13T15:12:09","date_gmt":"2021-05-13T13:12:09","guid":{"rendered":"http:\/\/clm-inclusiva.org\/?p=4122"},"modified":"2021-05-13T15:12:16","modified_gmt":"2021-05-13T13:12:16","slug":"clm-inclusiva-cocemfe-lamenta-que-la-comision-de-salud-publica-no-priorice-a-las-personas-con-discapacidad-fisica-y-organica-en-la-vacunacion-covid-19","status":"publish","type":"post","link":"https:\/\/clm-inclusiva.org\/?p=4122","title":{"rendered":"CLM INCLUSIVA COCEMFE lamenta que la Comisi\u00f3n de Salud P\u00fablica no priorice a las personas con discapacidad f\u00edsica y org\u00e1nica en la vacunaci\u00f3n COVID-19"},"content":{"rendered":"<p>[et_pb_section fb_built=&#8221;1&#8243; _builder_version=&#8221;4.0.4&#8243; custom_padding=&#8221;0px||2px|||&#8221;][et_pb_row _builder_version=&#8221;4.1&#8243; background_size=&#8221;initial&#8221; background_position=&#8221;top_left&#8221; background_repeat=&#8221;repeat&#8221; custom_margin=&#8221;|||||&#8221; custom_padding=&#8221;|||||&#8221;][et_pb_column type=&#8221;4_4&#8243; _builder_version=&#8221;3.25&#8243; custom_padding=&#8221;|||&#8221; custom_padding__hover=&#8221;|||&#8221;][et_pb_text admin_label=&#8221;Noticia&#8221; _builder_version=&#8221;4.1&#8243; text_font=&#8221;||||||||&#8221; background_size=&#8221;initial&#8221; background_position=&#8221;top_left&#8221; background_repeat=&#8221;repeat&#8221; text_orientation=&#8221;justified&#8221; min_height=&#8221;711px&#8221; custom_margin=&#8221;||||false|false&#8221; custom_padding=&#8221;|||||&#8221; hover_enabled=&#8221;0&#8243;]<\/p>\n<div class=\"kvgmc6g5 cxmmr5t8 oygrvhab hcukyx3x c1et5uql ii04i59q\">\u00a0<\/div>\n<div class=\"o9v6fnle cxmmr5t8 oygrvhab hcukyx3x c1et5uql ii04i59q\">\n<div dir=\"auto\">\n<ul>\n<li>La Comisi\u00f3n de Salud P\u00fablica acord\u00f3 ayer priorizar a personas con determinados colectivos, dejando fuera a personas con discapacidad f\u00edsica y org\u00e1nica con mayor riesgo de contagio, desarrollar una COVID-19 grave o ver agravada su condici\u00f3n.<\/li>\n<li>La entidad insiste en priorizar al entorno de cuidados no profesionales y en tener en cuenta no solo las condiciones de la persona, sino tambi\u00e9n su modo de vida.<\/li>\n<li>El presidente de CLM INCLUSIVA COCEMFE, Enrique Alarc\u00f3n, destaca la falta de sensibilidad con un colectivo que est\u00e1 sufriendo graves consecuencias sometidos a un estricto r\u00e9gimen de aislamiento.<\/li>\n<\/ul>\n<p><span style=\"font-weight: 400;\">(Toledo, 13 de mayo de 2021)<\/span><\/p>\n<p><span style=\"font-weight: 400;\">La Confederaci\u00f3n Espa\u00f1ola de Personas con Discapacidad F\u00edsica y Org\u00e1nica de Castilla-La Mancha (CLM Inclusiva COCEMFE) lamenta que la Comisi\u00f3n de Salud P\u00fablica haya decidido incorporar en la Estrategia de Vacunaci\u00f3n COVID-19 a nuevos colectivos vulnerables dejando fuera a personas con discapacidad f\u00edsica y org\u00e1nica que presentan <\/span><b>mayor riesgo de contagio, desarrollar una COVID-19 grave, ver agravada su condici\u00f3n o elevar su riesgo de mortalidad<\/b><span style=\"font-weight: 400;\">.<\/span><\/p>\n<p><b>Enrique Alarc\u00f3n, Presidente de CLM Inclusiva COCEMFE<\/b><span style=\"font-weight: 400;\">, se muestra totalmente en desacuerdo ante esta decisi\u00f3n, declara que <\/span><i><span style=\"font-weight: 400;\">\u201ces asombrosa la falta de sensibilidad humana que tienen los servicios t\u00e9cnicos encargados del proceso de vacunaci\u00f3n al no entender de que las personas con discapacidad f\u00edsica, y especialmente las que sufren discapacidad org\u00e1nica, que llevan desde el primer d\u00eda de pandemia sometidas a un encierro estricto, aislados de familiares y seres queridos, a\u00fan no formen parte de los colectivos vulnerables en la estrategia de vacunaci\u00f3n\u201d<\/span><\/i><\/p>\n<p><span style=\"font-weight: 400;\">Desde <\/span><b>CLM Inclusiva COCEMFE <\/b><span style=\"font-weight: 400;\">y nuestro movimiento asociativo saludamos que se haya acordado priorizar la vacunaci\u00f3n a lo que la Comisi\u00f3n de Salud P\u00fablica ha definido como \u2018grandes dependientes de dif\u00edcil accesibilidad, personas con autismo profundo, discapacidad intelectual o enfermedad mental severa\u2019, pero <\/span><b>consideramos inconcebible que sigan quedando fuera personas de nuestro grupo social <\/b><span style=\"font-weight: 400;\">que la propia estrategia consider\u00f3 desde el primer momento personas de mayor riesgo frente a la COVID-19.\u00a0<\/span><\/p>\n<p><i><span style=\"font-weight: 400;\">\u201c<\/span><\/i><b><i>Las instituciones deben escuchar a las personas con discapacidad f\u00edsica y org\u00e1nica y priorizar su vacunaci\u00f3n<\/i><\/b><i><span style=\"font-weight: 400;\">, teniendo en cuenta que debido a su elevado riesgo llevan m\u00e1s de un a\u00f1o con miedo a salir a la calle sometidos a un severo r\u00e9gimen de aislamiento\u201d<\/span><\/i><span style=\"font-weight: 400;\">, afirma el Presidente de CLM Inclusiva COCEMFE.<\/span><\/p>\n<p><span style=\"font-weight: 400;\">De la misma manera, COCEMFE, CLM Inclusiva, y su movimiento asociativo insisten en <\/span><b>priorizar al entorno de cuidados no profesionales de personas con discapacidad y\/o situaci\u00f3n de dependencia<\/b><span style=\"font-weight: 400;\"> como familiares y convivientes, incluyendo a madres y padres de menores con discapacidad. \u201cEs una medida discriminatoria, que adem\u00e1s implica un mayor riesgo y <\/span><b>pone en peligro la continuidad de los cuidados de las personas m\u00e1s vulnerables de nuestro grupo social<\/b><span style=\"font-weight: 400;\">\u201d, afirma el presidente de COCEMFE Estatal, Anxo Queiruga.<\/span><\/p>\n<p><span style=\"font-weight: 400;\">Adem\u00e1s, COCEMFE hace hincapi\u00e9 en la necesidad de que <\/span><b>la estrategia de vacunaci\u00f3n tenga en cuenta no solo las condiciones de la persona, sino tambi\u00e9n su situaci\u00f3n<\/b><span style=\"font-weight: 400;\">, es decir, el modo de vida que tiene la persona en cuesti\u00f3n y qu\u00e9 actividades tiene condicionadas por su discapacidad, como ocurre con los cuidados no profesionales.<\/span><\/p>\n<p><span style=\"font-weight: 400;\">Por ejemplo, <\/span><b>hay personas con mayor exposici\u00f3n al contagio debido a la frecuencia de visita a hospitales y centros sociosanitarios<\/b><span style=\"font-weight: 400;\">, donde hay mayores contagios, o personas con necesidad de apoyo de terceras personas. Tambi\u00e9n hay personas con discapacidad f\u00edsica y org\u00e1nica que est\u00e1n experimentando un agravamiento del estado de salud general durante la pandemia debido al aplazamiento y retraso en citas, pruebas m\u00e9dicas y diagn\u00f3sticos y a la falta de tratamientos.<\/span><\/p>\n<p><span style=\"font-weight: 400;\">COCEMFE insiste en la necesidad de <\/span><b>trabajar conjuntamente con el Ministerio de Sanidad y se pone a su disposici\u00f3n<\/b><span style=\"font-weight: 400;\"> para aportarle toda la informaci\u00f3n y colaboraci\u00f3n que precise sobre los grupos m\u00e1s vulnerables ante la COVID-19 a los que representa.<\/span><\/p>\n<p><i><span style=\"font-weight: 400;\">La Confederaci\u00f3n Regional de Entidades de personas con Discapacidad F\u00edsica y Org\u00e1nica (CLM Inclusiva COCEMFE) se constituy\u00f3 en el a\u00f1o 2017. Agrupa a casi un centenar de entidades que representan casi a 10.000 personas con discapacidad. Se encuentra compuesta por las federaciones provinciales, COCEMFE Albacete, COCEMFE Guadalajara, COCEMFE\u00a0<\/span><\/i><a href=\"http:\/\/www.lacerca.com\/etiquetas\/1\/toledo\"><i><span style=\"font-weight: 400;\">Toledo<\/span><\/i><\/a><i><span style=\"font-weight: 400;\">, COCEMFE Cuenca y Ciudad Real INCLUSIVA, as\u00ed como las entidades de car\u00e1cter regional AFANION, LUNA, AIDISCAM CLM y la asociaci\u00f3n\u00a0<\/span><\/i><a href=\"http:\/\/www.lacerca.com\/etiquetas\/1\/nacional%20amiab\"><i><span style=\"font-weight: 400;\">nacional AMIAB<\/span><\/i><\/a><i><span style=\"font-weight: 400;\">. El objetivo fundamental de la confederaci\u00f3n es articular y vertebrar en nuestra regi\u00f3n el asociacionismo de la discapacidad f\u00edsica y org\u00e1nica, desde la unidad y respeto al pluralismo, para desarrollar una acci\u00f3n representativa efectiva en defensas de los derechos e intereses de las personas con discapacidad y sus familias.<\/span><\/i><\/p>\n<\/div>\n<\/div>\n<p>[\/et_pb_text][et_pb_post_nav prev_text=&#8221;Anterior&#8221; next_text=&#8221;Siguiente&#8221; _builder_version=&#8221;3.22.4&#8243;][\/et_pb_post_nav][\/et_pb_column][\/et_pb_row][\/et_pb_section]<\/p>\n","protected":false},"excerpt":{"rendered":"<p>[et_pb_section fb_built=&#8221;1&#8243; _builder_version=&#8221;4.0.4&#8243; custom_padding=&#8221;0px||2px|||&#8221;][et_pb_row _builder_version=&#8221;4.1&#8243; background_size=&#8221;initial&#8221; background_position=&#8221;top_left&#8221; background_repeat=&#8221;repeat&#8221; custom_margin=&#8221;|||||&#8221; custom_padding=&#8221;|||||&#8221;][et_pb_column type=&#8221;4_4&#8243; _builder_version=&#8221;3.25&#8243; custom_padding=&#8221;|||&#8221; custom_padding__hover=&#8221;|||&#8221;][et_pb_text admin_label=&#8221;Noticia&#8221; _builder_version=&#8221;4.1&#8243; text_font=&#8221;||||||||&#8221; background_size=&#8221;initial&#8221; background_position=&#8221;top_left&#8221; background_repeat=&#8221;repeat&#8221; text_orientation=&#8221;justified&#8221; min_height=&#8221;711px&#8221; custom_margin=&#8221;||||false|false&#8221; custom_padding=&#8221;|||||&#8221; hover_enabled=&#8221;0&#8243;] \u00a0 La Comisi\u00f3n de Salud P\u00fablica acord\u00f3 ayer priorizar a personas con determinados colectivos, dejando fuera a personas con discapacidad f\u00edsica y org\u00e1nica con mayor riesgo de contagio, desarrollar una [&hellip;]<\/p>\n","protected":false},"author":1,"featured_media":3897,"comment_status":"closed","ping_status":"closed","sticky":false,"template":"","format":"standard","meta":{"_et_pb_use_builder":"on","_et_pb_old_content":"<h5 style=\"text-align: justify;\">La Confederaci\u00f3n CLM Inclusiva y la asociaci\u00f3n empresarial de Centros Especiales de Empleo de COCEMFE en Castilla-La Mancha, AECEMCO CLM, han firmado un acuerdo para promover las oportunidades de formaci\u00f3n y empleo de las personas del colectivo.<\/h5>\r\n<p style=\"text-align: justify;\"><img class=\"alignnone size-full wp-image-471\" src=\"http:\/\/clm-inclusiva.org\/wp-content\/uploads\/2019\/04\/3500_fotonoticia_20190402151941_1920.jpg\" alt=\"\" width=\"670\" height=\"300\"><\/p>\r\n<p style=\"text-align: justify;\">El presidente de la confederaci\u00f3n CLM Inclusiva, Enrique Alarc\u00f3n Garc\u00eda, y el presidente de AECEMCO CLM, \u00d3scar Sillas, han rubricado este acuerdo de colaboraci\u00f3n para coordinar su labor y actuaciones de apoyo a la promoci\u00f3n de los derechos de las personas con discapacidad f\u00edsica y org\u00e1nica en Castilla-La Mancha, ha informado esta confederaci\u00f3n en nota de prensa.<\/p>\r\nEl sector empresarial promovido por las organizaciones de COCEMFE sin \u00e1nimo de lucro, integrado en AECEMCO, da empleo actualmente a m\u00e1s de 800 personas con discapacidad de todo tipo, con actividades productivas y de prestaci\u00f3n de servicios muy variados como obras, lavander\u00eda, limpieza, medioambiente, manipulados, formaci\u00f3n, etc.\r\n\r\nAmbas organizaciones que comparten valores sociales y visi\u00f3n sobre los derechos de las personas con discapacidad coordinar\u00e1n todas sus actividades para incrementar las oportunidades de formaci\u00f3n, aprendizaje en el puesto de trabajo y calidad de los mismos, tanto en empleo protegido como ordinario.\r\n\r\nDentro de las actuaciones objeto del acuerdo se pondr\u00e1 especial atenci\u00f3n a dar a conocer la normativa de reserva de empleo para personas con discapacidad, as\u00ed como el adecuado cumplimiento de las medidas alternativas, para lo que se informar\u00e1 conjuntamente a administraciones, federaciones empresariales y grandes empresas sobre las oportunidades de empleabilidad de las personas con discapacidad f\u00edsica y org\u00e1nica.\r\n\r\nCLM Inclusiva dispone actualmente de Servicio de Empleo en todas las provincias de Castilla-La Mancha, gracias al apoyo de Fundaci\u00f3n ONCE y la financiaci\u00f3n de proyectos con cargo al IRPF, que realiza labor de intermediaci\u00f3n entre personas con discapacidad demandantes de empleo y empresas, asegurando la adecuaci\u00f3n de trabajadores al puesto de trabajo e informando sobre incentivos a la contrataci\u00f3n y ajustes t\u00e9cnicos necesarios en el puesto.\r\n\r\nLa Confederaci\u00f3n regional de entidades de personas con discapacidad f\u00edsica y org\u00e1nica, Castilla-La Mancha Inclusiva, agrupa al movimiento asociativo de COCEMFE en la Regi\u00f3n, con casi un centenar de entidades que representan en torno a 10.000 personas con discapacidad.\r\n\r\nActualmente se encuentra compuesta por cinco federaciones provinciales, COCEMFE Albacete, COCEMFE Cuenca, COCEMFE Guadalajara, COCEMFE Toledo y Ciudad Real Inclusiva, las entidades regionales AFANION, Federaci\u00f3n LUNA CLM de mujeres con discapacidad, AIDISCAM, y la asociaci\u00f3n nacional AMIAB.","_et_gb_content_width":"","footnotes":""},"categories":[39,49,4,47,5,44,41],"tags":[],"yoast_head":"<!-- This site is optimized with the Yoast SEO plugin v21.3 - https:\/\/yoast.com\/wordpress\/plugins\/seo\/ -->\n<title>CLM INCLUSIVA COCEMFE lamenta que la Comisi\u00f3n de Salud P\u00fablica no priorice a las personas con discapacidad f\u00edsica y org\u00e1nica en la vacunaci\u00f3n COVID-19 - Clm-Inclusiva<\/title>\n<meta name=\"robots\" content=\"index, follow, max-snippet:-1, max-image-preview:large, max-video-preview:-1\" \/>\n<link rel=\"canonical\" href=\"https:\/\/clm-inclusiva.org\/?p=4122\" \/>\n<meta property=\"og:locale\" content=\"es_ES\" \/>\n<meta property=\"og:type\" content=\"article\" \/>\n<meta property=\"og:title\" content=\"CLM INCLUSIVA COCEMFE lamenta que la Comisi\u00f3n de Salud P\u00fablica no priorice a las personas con discapacidad f\u00edsica y org\u00e1nica en la vacunaci\u00f3n COVID-19 - Clm-Inclusiva\" \/>\n<meta property=\"og:description\" content=\"[et_pb_section fb_built=&#8221;1&#8243; _builder_version=&#8221;4.0.4&#8243; custom_padding=&#8221;0px||2px|||&#8221;][et_pb_row _builder_version=&#8221;4.1&#8243; background_size=&#8221;initial&#8221; background_position=&#8221;top_left&#8221; background_repeat=&#8221;repeat&#8221; custom_margin=&#8221;|||||&#8221; custom_padding=&#8221;|||||&#8221;][et_pb_column type=&#8221;4_4&#8243; _builder_version=&#8221;3.25&#8243; custom_padding=&#8221;|||&#8221; custom_padding__hover=&#8221;|||&#8221;][et_pb_text admin_label=&#8221;Noticia&#8221; _builder_version=&#8221;4.1&#8243; text_font=&#8221;||||||||&#8221; background_size=&#8221;initial&#8221; background_position=&#8221;top_left&#8221; background_repeat=&#8221;repeat&#8221; text_orientation=&#8221;justified&#8221; min_height=&#8221;711px&#8221; custom_margin=&#8221;||||false|false&#8221; custom_padding=&#8221;|||||&#8221; hover_enabled=&#8221;0&#8243;] \u00a0 La Comisi\u00f3n de Salud P\u00fablica acord\u00f3 ayer priorizar a personas con determinados colectivos, dejando fuera a personas con discapacidad f\u00edsica y org\u00e1nica con mayor riesgo de contagio, desarrollar una [&hellip;]\" \/>\n<meta property=\"og:url\" content=\"https:\/\/clm-inclusiva.org\/?p=4122\" \/>\n<meta property=\"og:site_name\" content=\"Clm-Inclusiva\" \/>\n<meta property=\"article:publisher\" content=\"https:\/\/www.facebook.com\/castillalamancha.inclusiva\/\" \/>\n<meta property=\"article:published_time\" content=\"2021-05-13T13:12:09+00:00\" \/>\n<meta property=\"article:modified_time\" content=\"2021-05-13T13:12:16+00:00\" \/>\n<meta property=\"og:image\" content=\"https:\/\/clm-inclusiva.org\/wp-content\/uploads\/2020\/10\/Enrique-Alarc\u00f3n.jpeg\" \/>\n\t<meta property=\"og:image:width\" content=\"1319\" \/>\n\t<meta property=\"og:image:height\" content=\"1216\" \/>\n\t<meta property=\"og:image:type\" content=\"image\/jpeg\" \/>\n<meta name=\"author\" content=\"clm-inclusiva\" \/>\n<meta name=\"twitter:card\" content=\"summary_large_image\" \/>\n<meta name=\"twitter:creator\" content=\"@ClmInclusiva\" \/>\n<meta name=\"twitter:site\" content=\"@ClmInclusiva\" \/>\n<meta name=\"twitter:label1\" content=\"Escrito por\" \/>\n\t<meta name=\"twitter:data1\" content=\"clm-inclusiva\" \/>\n\t<meta name=\"twitter:label2\" content=\"Tiempo de lectura\" \/>\n\t<meta name=\"twitter:data2\" content=\"4 minutos\" \/>\n<script type=\"application\/ld+json\" class=\"yoast-schema-graph\">{\"@context\":\"https:\/\/schema.org\",\"@graph\":[{\"@type\":\"Article\",\"@id\":\"https:\/\/clm-inclusiva.org\/?p=4122#article\",\"isPartOf\":{\"@id\":\"https:\/\/clm-inclusiva.org\/?p=4122\"},\"author\":{\"name\":\"clm-inclusiva\",\"@id\":\"https:\/\/clm-inclusiva.org\/#\/schema\/person\/0cff84aaa5bb8fd3521c55d1578d902b\"},\"headline\":\"CLM INCLUSIVA COCEMFE lamenta que la Comisi\u00f3n de Salud P\u00fablica no priorice a las personas con discapacidad f\u00edsica y org\u00e1nica en la vacunaci\u00f3n COVID-19\",\"datePublished\":\"2021-05-13T13:12:09+00:00\",\"dateModified\":\"2021-05-13T13:12:16+00:00\",\"mainEntityOfPage\":{\"@id\":\"https:\/\/clm-inclusiva.org\/?p=4122\"},\"wordCount\":927,\"publisher\":{\"@id\":\"https:\/\/clm-inclusiva.org\/#organization\"},\"articleSection\":[\"Bienestar social\",\"castilla-la mancha\",\"Clm inclusiva\",\"cocemfe\",\"Discapacidad\",\"Politica social\",\"Tercer sector\"],\"inLanguage\":\"es\"},{\"@type\":\"WebPage\",\"@id\":\"https:\/\/clm-inclusiva.org\/?p=4122\",\"url\":\"https:\/\/clm-inclusiva.org\/?p=4122\",\"name\":\"CLM INCLUSIVA COCEMFE lamenta que la Comisi\u00f3n de Salud P\u00fablica no priorice a las personas con discapacidad f\u00edsica y org\u00e1nica en la vacunaci\u00f3n COVID-19 - Clm-Inclusiva\",\"isPartOf\":{\"@id\":\"https:\/\/clm-inclusiva.org\/#website\"},\"datePublished\":\"2021-05-13T13:12:09+00:00\",\"dateModified\":\"2021-05-13T13:12:16+00:00\",\"breadcrumb\":{\"@id\":\"https:\/\/clm-inclusiva.org\/?p=4122#breadcrumb\"},\"inLanguage\":\"es\",\"potentialAction\":[{\"@type\":\"ReadAction\",\"target\":[\"https:\/\/clm-inclusiva.org\/?p=4122\"]}]},{\"@type\":\"BreadcrumbList\",\"@id\":\"https:\/\/clm-inclusiva.org\/?p=4122#breadcrumb\",\"itemListElement\":[{\"@type\":\"ListItem\",\"position\":1,\"name\":\"Portada\",\"item\":\"https:\/\/clm-inclusiva.org\/\"},{\"@type\":\"ListItem\",\"position\":2,\"name\":\"CLM INCLUSIVA COCEMFE lamenta que la Comisi\u00f3n de Salud P\u00fablica no priorice a las personas con discapacidad f\u00edsica y org\u00e1nica en la vacunaci\u00f3n COVID-19\"}]},{\"@type\":\"WebSite\",\"@id\":\"https:\/\/clm-inclusiva.org\/#website\",\"url\":\"https:\/\/clm-inclusiva.org\/\",\"name\":\"Clm-Inclusiva\",\"description\":\"Confederaci\u00f3n de entidades de personas con discapacidad f\u00edsica y org\u00e1nica CLM\",\"publisher\":{\"@id\":\"https:\/\/clm-inclusiva.org\/#organization\"},\"potentialAction\":[{\"@type\":\"SearchAction\",\"target\":{\"@type\":\"EntryPoint\",\"urlTemplate\":\"https:\/\/clm-inclusiva.org\/?s={search_term_string}\"},\"query-input\":\"required name=search_term_string\"}],\"inLanguage\":\"es\"},{\"@type\":\"Organization\",\"@id\":\"https:\/\/clm-inclusiva.org\/#organization\",\"name\":\"Clm-Inclusiva\",\"url\":\"https:\/\/clm-inclusiva.org\/\",\"logo\":{\"@type\":\"ImageObject\",\"inLanguage\":\"es\",\"@id\":\"https:\/\/clm-inclusiva.org\/#\/schema\/logo\/image\/\",\"url\":\"http:\/\/clm-inclusiva.org\/wp-content\/uploads\/2019\/04\/banner-e1533720812836.jpg\",\"contentUrl\":\"http:\/\/clm-inclusiva.org\/wp-content\/uploads\/2019\/04\/banner-e1533720812836.jpg\",\"width\":600,\"height\":332,\"caption\":\"Clm-Inclusiva\"},\"image\":{\"@id\":\"https:\/\/clm-inclusiva.org\/#\/schema\/logo\/image\/\"},\"sameAs\":[\"https:\/\/www.facebook.com\/castillalamancha.inclusiva\/\",\"https:\/\/twitter.com\/ClmInclusiva\"]},{\"@type\":\"Person\",\"@id\":\"https:\/\/clm-inclusiva.org\/#\/schema\/person\/0cff84aaa5bb8fd3521c55d1578d902b\",\"name\":\"clm-inclusiva\",\"image\":{\"@type\":\"ImageObject\",\"inLanguage\":\"es\",\"@id\":\"https:\/\/clm-inclusiva.org\/#\/schema\/person\/image\/\",\"url\":\"https:\/\/secure.gravatar.com\/avatar\/88948567af770dc9cd5597b329011884?s=96&d=blank&r=g\",\"contentUrl\":\"https:\/\/secure.gravatar.com\/avatar\/88948567af770dc9cd5597b329011884?s=96&d=blank&r=g\",\"caption\":\"clm-inclusiva\"},\"sameAs\":[\"http:\/\/clm-inclusiva.org\"],\"url\":\"https:\/\/clm-inclusiva.org\/?author=1\"}]}<\/script>\n<!-- \/ Yoast SEO plugin. -->","yoast_head_json":{"title":"CLM INCLUSIVA COCEMFE lamenta que la Comisi\u00f3n de Salud P\u00fablica no priorice a las personas con discapacidad f\u00edsica y org\u00e1nica en la vacunaci\u00f3n COVID-19 - Clm-Inclusiva","robots":{"index":"index","follow":"follow","max-snippet":"max-snippet:-1","max-image-preview":"max-image-preview:large","max-video-preview":"max-video-preview:-1"},"canonical":"https:\/\/clm-inclusiva.org\/?p=4122","og_locale":"es_ES","og_type":"article","og_title":"CLM INCLUSIVA COCEMFE lamenta que la Comisi\u00f3n de Salud P\u00fablica no priorice a las personas con discapacidad f\u00edsica y org\u00e1nica en la vacunaci\u00f3n COVID-19 - Clm-Inclusiva","og_description":"[et_pb_section fb_built=&#8221;1&#8243; _builder_version=&#8221;4.0.4&#8243; custom_padding=&#8221;0px||2px|||&#8221;][et_pb_row _builder_version=&#8221;4.1&#8243; background_size=&#8221;initial&#8221; background_position=&#8221;top_left&#8221; background_repeat=&#8221;repeat&#8221; custom_margin=&#8221;|||||&#8221; custom_padding=&#8221;|||||&#8221;][et_pb_column type=&#8221;4_4&#8243; _builder_version=&#8221;3.25&#8243; custom_padding=&#8221;|||&#8221; custom_padding__hover=&#8221;|||&#8221;][et_pb_text admin_label=&#8221;Noticia&#8221; _builder_version=&#8221;4.1&#8243; text_font=&#8221;||||||||&#8221; background_size=&#8221;initial&#8221; background_position=&#8221;top_left&#8221; background_repeat=&#8221;repeat&#8221; text_orientation=&#8221;justified&#8221; min_height=&#8221;711px&#8221; custom_margin=&#8221;||||false|false&#8221; custom_padding=&#8221;|||||&#8221; hover_enabled=&#8221;0&#8243;] \u00a0 La Comisi\u00f3n de Salud P\u00fablica acord\u00f3 ayer priorizar a personas con determinados colectivos, dejando fuera a personas con discapacidad f\u00edsica y org\u00e1nica con mayor riesgo de contagio, desarrollar una [&hellip;]","og_url":"https:\/\/clm-inclusiva.org\/?p=4122","og_site_name":"Clm-Inclusiva","article_publisher":"https:\/\/www.facebook.com\/castillalamancha.inclusiva\/","article_published_time":"2021-05-13T13:12:09+00:00","article_modified_time":"2021-05-13T13:12:16+00:00","og_image":[{"width":1319,"height":1216,"url":"https:\/\/clm-inclusiva.org\/wp-content\/uploads\/2020\/10\/Enrique-Alarc\u00f3n.jpeg","type":"image\/jpeg"}],"author":"clm-inclusiva","twitter_card":"summary_large_image","twitter_creator":"@ClmInclusiva","twitter_site":"@ClmInclusiva","twitter_misc":{"Escrito por":"clm-inclusiva","Tiempo de lectura":"4 minutos"},"schema":{"@context":"https:\/\/schema.org","@graph":[{"@type":"Article","@id":"https:\/\/clm-inclusiva.org\/?p=4122#article","isPartOf":{"@id":"https:\/\/clm-inclusiva.org\/?p=4122"},"author":{"name":"clm-inclusiva","@id":"https:\/\/clm-inclusiva.org\/#\/schema\/person\/0cff84aaa5bb8fd3521c55d1578d902b"},"headline":"CLM INCLUSIVA COCEMFE lamenta que la Comisi\u00f3n de Salud P\u00fablica no priorice a las personas con discapacidad f\u00edsica y org\u00e1nica en la vacunaci\u00f3n COVID-19","datePublished":"2021-05-13T13:12:09+00:00","dateModified":"2021-05-13T13:12:16+00:00","mainEntityOfPage":{"@id":"https:\/\/clm-inclusiva.org\/?p=4122"},"wordCount":927,"publisher":{"@id":"https:\/\/clm-inclusiva.org\/#organization"},"articleSection":["Bienestar social","castilla-la mancha","Clm inclusiva","cocemfe","Discapacidad","Politica social","Tercer sector"],"inLanguage":"es"},{"@type":"WebPage","@id":"https:\/\/clm-inclusiva.org\/?p=4122","url":"https:\/\/clm-inclusiva.org\/?p=4122","name":"CLM INCLUSIVA COCEMFE lamenta que la Comisi\u00f3n de Salud P\u00fablica no priorice a las personas con discapacidad f\u00edsica y org\u00e1nica en la vacunaci\u00f3n COVID-19 - Clm-Inclusiva","isPartOf":{"@id":"https:\/\/clm-inclusiva.org\/#website"},"datePublished":"2021-05-13T13:12:09+00:00","dateModified":"2021-05-13T13:12:16+00:00","breadcrumb":{"@id":"https:\/\/clm-inclusiva.org\/?p=4122#breadcrumb"},"inLanguage":"es","potentialAction":[{"@type":"ReadAction","target":["https:\/\/clm-inclusiva.org\/?p=4122"]}]},{"@type":"BreadcrumbList","@id":"https:\/\/clm-inclusiva.org\/?p=4122#breadcrumb","itemListElement":[{"@type":"ListItem","position":1,"name":"Portada","item":"https:\/\/clm-inclusiva.org\/"},{"@type":"ListItem","position":2,"name":"CLM INCLUSIVA COCEMFE lamenta que la Comisi\u00f3n de Salud P\u00fablica no priorice a las personas con discapacidad f\u00edsica y org\u00e1nica en la vacunaci\u00f3n COVID-19"}]},{"@type":"WebSite","@id":"https:\/\/clm-inclusiva.org\/#website","url":"https:\/\/clm-inclusiva.org\/","name":"Clm-Inclusiva","description":"Confederaci\u00f3n de entidades de personas con discapacidad f\u00edsica y org\u00e1nica CLM","publisher":{"@id":"https:\/\/clm-inclusiva.org\/#organization"},"potentialAction":[{"@type":"SearchAction","target":{"@type":"EntryPoint","urlTemplate":"https:\/\/clm-inclusiva.org\/?s={search_term_string}"},"query-input":"required name=search_term_string"}],"inLanguage":"es"},{"@type":"Organization","@id":"https:\/\/clm-inclusiva.org\/#organization","name":"Clm-Inclusiva","url":"https:\/\/clm-inclusiva.org\/","logo":{"@type":"ImageObject","inLanguage":"es","@id":"https:\/\/clm-inclusiva.org\/#\/schema\/logo\/image\/","url":"http:\/\/clm-inclusiva.org\/wp-content\/uploads\/2019\/04\/banner-e1533720812836.jpg","contentUrl":"http:\/\/clm-inclusiva.org\/wp-content\/uploads\/2019\/04\/banner-e1533720812836.jpg","width":600,"height":332,"caption":"Clm-Inclusiva"},"image":{"@id":"https:\/\/clm-inclusiva.org\/#\/schema\/logo\/image\/"},"sameAs":["https:\/\/www.facebook.com\/castillalamancha.inclusiva\/","https:\/\/twitter.com\/ClmInclusiva"]},{"@type":"Person","@id":"https:\/\/clm-inclusiva.org\/#\/schema\/person\/0cff84aaa5bb8fd3521c55d1578d902b","name":"clm-inclusiva","image":{"@type":"ImageObject","inLanguage":"es","@id":"https:\/\/clm-inclusiva.org\/#\/schema\/person\/image\/","url":"https:\/\/secure.gravatar.com\/avatar\/88948567af770dc9cd5597b329011884?s=96&d=blank&r=g","contentUrl":"https:\/\/secure.gravatar.com\/avatar\/88948567af770dc9cd5597b329011884?s=96&d=blank&r=g","caption":"clm-inclusiva"},"sameAs":["http:\/\/clm-inclusiva.org"],"url":"https:\/\/clm-inclusiva.org\/?author=1"}]}},"_links":{"self":[{"href":"https:\/\/clm-inclusiva.org\/index.php?rest_route=\/wp\/v2\/posts\/4122"}],"collection":[{"href":"https:\/\/clm-inclusiva.org\/index.php?rest_route=\/wp\/v2\/posts"}],"about":[{"href":"https:\/\/clm-inclusiva.org\/index.php?rest_route=\/wp\/v2\/types\/post"}],"author":[{"embeddable":true,"href":"https:\/\/clm-inclusiva.org\/index.php?rest_route=\/wp\/v2\/users\/1"}],"replies":[{"embeddable":true,"href":"https:\/\/clm-inclusiva.org\/index.php?rest_route=%2Fwp%2Fv2%2Fcomments&post=4122"}],"version-history":[{"count":1,"href":"https:\/\/clm-inclusiva.org\/index.php?rest_route=\/wp\/v2\/posts\/4122\/revisions"}],"predecessor-version":[{"id":4126,"href":"https:\/\/clm-inclusiva.org\/index.php?rest_route=\/wp\/v2\/posts\/4122\/revisions\/4126"}],"wp:featuredmedia":[{"embeddable":true,"href":"https:\/\/clm-inclusiva.org\/index.php?rest_route=\/wp\/v2\/media\/3897"}],"wp:attachment":[{"href":"https:\/\/clm-inclusiva.org\/index.php?rest_route=%2Fwp%2Fv2%2Fmedia&parent=4122"}],"wp:term":[{"taxonomy":"category","embeddable":true,"href":"https:\/\/clm-inclusiva.org\/index.php?rest_route=%2Fwp%2Fv2%2Fcategories&post=4122"},{"taxonomy":"post_tag","embeddable":true,"href":"https:\/\/clm-inclusiva.org\/index.php?rest_route=%2Fwp%2Fv2%2Ftags&post=4122"}],"curies":[{"name":"wp","href":"https:\/\/api.w.org\/{rel}","templated":true}]}}