{"id":4116,"date":"2021-05-12T18:08:16","date_gmt":"2021-05-12T16:08:16","guid":{"rendered":"http:\/\/clm-inclusiva.org\/?p=4116"},"modified":"2021-05-12T18:08:22","modified_gmt":"2021-05-12T16:08:22","slug":"el-cermi-analizara-en-un-webinario-la-estrategia-europea-sobre-los-derechos-de-las-personas-con-discapacidad-para-2021-2030","status":"publish","type":"post","link":"https:\/\/clm-inclusiva.org\/?p=4116","title":{"rendered":"El CERMI analizar\u00e1 en un webinario la Estrategia Europea sobre los Derechos de las Personas con Discapacidad para 2021-2030"},"content":{"rendered":"<p>[et_pb_section fb_built=&#8221;1&#8243; _builder_version=&#8221;4.0.4&#8243; custom_padding=&#8221;0px||2px|||&#8221;][et_pb_row _builder_version=&#8221;4.1&#8243; background_size=&#8221;initial&#8221; background_position=&#8221;top_left&#8221; background_repeat=&#8221;repeat&#8221; custom_margin=&#8221;|||||&#8221; custom_padding=&#8221;|||||&#8221; hover_enabled=&#8221;0&#8243;][et_pb_column type=&#8221;4_4&#8243; _builder_version=&#8221;3.25&#8243; custom_padding=&#8221;|||&#8221; custom_padding__hover=&#8221;|||&#8221;][et_pb_text admin_label=&#8221;Noticia&#8221; _builder_version=&#8221;4.1&#8243; text_font=&#8221;||||||||&#8221; background_size=&#8221;initial&#8221; background_position=&#8221;top_left&#8221; background_repeat=&#8221;repeat&#8221; text_orientation=&#8221;justified&#8221; min_height=&#8221;711px&#8221; custom_margin=&#8221;||||false|false&#8221; custom_padding=&#8221;|||||&#8221; hover_enabled=&#8221;0&#8243;]<\/p>\n<div class=\"kvgmc6g5 cxmmr5t8 oygrvhab hcukyx3x c1et5uql ii04i59q\">\u00a0<\/div>\n<div class=\"o9v6fnle cxmmr5t8 oygrvhab hcukyx3x c1et5uql ii04i59q\">\n<div dir=\"auto\">\n<ul>\n<li><b>El pr\u00f3ximo viernes 14 de mayo de 10:00 a 13:00<\/b><\/li>\n<li aria-level=\"1\"><b>A trav\u00e9s de esta estrategia se canalizar\u00e1n las pol\u00edticas p\u00fablicas europeas de discapacidad en la pr\u00f3xima d\u00e9cada<\/b><\/li>\n<li aria-level=\"1\"><b>Bolet\u00edn de inscripci\u00f3n:\u00a0<\/b><b><\/b>\n<p><a href=\"about:blank\"><span style=\"font-weight: 400;\">https:\/\/zoom.us\/webinar\/register\/WN_a6aY7HXTRyiMz6DTdpGltg<\/span><\/a><span style=\"font-weight: 400;\">\u00a0<\/span><\/p>\n<\/li>\n<\/ul>\n<p><span style=\"font-weight: 400;\">(Madrid, 12 de mayo de 2021). \u2013 El Comit\u00e9 Espa\u00f1ol de Representantes de Personas con Discapacidad (<\/span><b>CERM<\/b><span style=\"font-weight: 400;\">I) analizar\u00e1 en un webinario la <\/span><b>Estrategia Europea sobre los Derechos de las Personas con Discapacidad para 2021-2030<\/b><span style=\"font-weight: 400;\">.<\/span><\/p>\n<p><span style=\"font-weight: 400;\">Lo har\u00e1 el <\/span><b>pr\u00f3ximo viernes 14 de mayo a las 10:00<\/b><span style=\"font-weight: 400;\"> horas con el objetivo de promover un primer an\u00e1lisis p\u00fablico de este <\/span><b>instrumento europeo<\/b><span style=\"font-weight: 400;\"> a trav\u00e9s del cual se <\/span><b>canalizar\u00e1n las pol\u00edticas p\u00fablicas europeas de discapacidad en la pr\u00f3xima d\u00e9cada.<\/b><\/p>\n<p><span style=\"font-weight: 400;\">De esta manera, se contar\u00e1 con la <\/span><b>visi\u00f3n <\/b><span style=\"font-weight: 400;\">de las principales partes implicadas como son el <\/span><b>movimiento social de discapacidad europeo y espa\u00f1ol<\/b><span style=\"font-weight: 400;\"> y las <\/span><b>instituciones europeas<\/b><span style=\"font-weight: 400;\">.<\/span><\/p>\n<p><span style=\"font-weight: 400;\">As\u00ed, el saludo inicial correr\u00e1 a cargo de la directora de la Representaci\u00f3n de la Comisi\u00f3n Europea en Espa\u00f1a, <\/span><b>\u00c1ngeles Ben\u00edtez Salas;<\/b><span style=\"font-weight: 400;\"> la presidenta del Grupo S&amp;D en el Parlamento Europeo, <\/span><b>Iratxe Garc\u00eda P\u00e9rez;<\/b><span style=\"font-weight: 400;\"> la vicepresidenta del Foro Europeo de la Discapacidad, EDF, <\/span><b>Ana Pel\u00e1ez Narv\u00e1ez<\/b><span style=\"font-weight: 400;\">; y el vicepresidente del CERMI, <\/span><b>Nel Anxelu Gonz\u00e1lez.<\/b><\/p>\n<p><span style=\"font-weight: 400;\">Adem\u00e1s, el coordinador de Pol\u00edticas del Foro Europeo de Discapacidad, EDF, <\/span><b>Alejandro Moledo,<\/b><span style=\"font-weight: 400;\"> dar\u00e1 una <\/span><b>ponencia inaugural sobe la valoraci\u00f3n del movimiento europeo de la discapacidad.<\/b><\/p>\n<p><span style=\"font-weight: 400;\">Por parte de las instituciones europeas, participar\u00e1n <\/span><b>diferentes personas vinculadas al Parlamento Europeo, <\/b><span style=\"font-weight: 400;\">que tratar\u00e1n los derechos de las personas con discapacidad como un nuevo impulso a la democracia europea. En concreto, intervendr\u00e1 <\/span><b>Jordi Ca\u00f1as,<\/b><span style=\"font-weight: 400;\"> de la Comisi\u00f3n de Empleo y Asuntos Sociales del Parlamento Europeo; <\/span><b>Isabel Garc\u00eda Mu\u00f1oz<\/b><span style=\"font-weight: 400;\">, de la Comisi\u00f3n de Transportes y Turismo del Parlamento Europeo; y <\/span><b>Pablo Arias Echevarr\u00eda,<\/b><span style=\"font-weight: 400;\"> de la Comisi\u00f3n Especial sobre Inteligencia Artificial en la Era Digital del Parlamento Europeo.<\/span><\/p>\n<p><span style=\"font-weight: 400;\">La visi\u00f3n del movimiento CERMI correr\u00e1 a cargo de la directora ejecutiva del CERMI, <\/span><b>Pilar Villarino<\/b><span style=\"font-weight: 400;\">, quien har\u00e1 una valoraci\u00f3n general; y de la coordinadora de la Fundaci\u00f3n CERMI Mujeres, <\/span><b>Isabel Caballero,<\/b><span style=\"font-weight: 400;\"> que tratar\u00e1 sobre las mujeres con discapacidad.\u00a0<\/span><\/p>\n<p><span style=\"font-weight: 400;\">Por \u00faltimo, <\/span><b>participar\u00e1n diferentes representantes de las estructuras de apoyo del CERMI Estatal <\/b><span style=\"font-weight: 400;\">quienes valorar\u00e1n la nueva Estrategia y c\u00f3mo esta afectar\u00e1 al \u00e1rea de trabajo de su Comisi\u00f3n o Grupo. En concreto, lo explicar\u00e1 el coordinador del Grupo de Trabajo de Fondos Europeos, <\/span><b>Luis Va\u00f1\u00f3;<\/b><span style=\"font-weight: 400;\"> el presidente de la Comisi\u00f3n de Educaci\u00f3n Inclusiva, Jos\u00e9 Luis Aedo; el presidente de la Comisi\u00f3n de Inclusi\u00f3n Laboral, <\/span><b>Daniel An\u00edbal Garc\u00eda<\/b><span style=\"font-weight: 400;\">; y el presidente de la Comisi\u00f3n de Personas con Discapacidad Mayores, <\/span><b>\u00c1lvaro Garc\u00eda Bilbao.<\/b><\/p>\n<\/div>\n<\/div>\n<p>[\/et_pb_text][et_pb_post_nav prev_text=&#8221;Anterior&#8221; next_text=&#8221;Siguiente&#8221; _builder_version=&#8221;3.22.4&#8243;][\/et_pb_post_nav][\/et_pb_column][\/et_pb_row][\/et_pb_section]<\/p>\n","protected":false},"excerpt":{"rendered":"<p>[et_pb_section fb_built=&#8221;1&#8243; _builder_version=&#8221;4.0.4&#8243; custom_padding=&#8221;0px||2px|||&#8221;][et_pb_row _builder_version=&#8221;4.1&#8243; background_size=&#8221;initial&#8221; background_position=&#8221;top_left&#8221; background_repeat=&#8221;repeat&#8221; custom_margin=&#8221;|||||&#8221; custom_padding=&#8221;|||||&#8221; hover_enabled=&#8221;0&#8243;][et_pb_column type=&#8221;4_4&#8243; _builder_version=&#8221;3.25&#8243; custom_padding=&#8221;|||&#8221; custom_padding__hover=&#8221;|||&#8221;][et_pb_text admin_label=&#8221;Noticia&#8221; _builder_version=&#8221;4.1&#8243; text_font=&#8221;||||||||&#8221; background_size=&#8221;initial&#8221; background_position=&#8221;top_left&#8221; background_repeat=&#8221;repeat&#8221; text_orientation=&#8221;justified&#8221; min_height=&#8221;711px&#8221; custom_margin=&#8221;||||false|false&#8221; custom_padding=&#8221;|||||&#8221; hover_enabled=&#8221;0&#8243;] \u00a0 El pr\u00f3ximo viernes 14 de mayo de 10:00 a 13:00 A trav\u00e9s de esta estrategia se canalizar\u00e1n las pol\u00edticas p\u00fablicas europeas de discapacidad en la pr\u00f3xima d\u00e9cada Bolet\u00edn [&hellip;]<\/p>\n","protected":false},"author":1,"featured_media":4118,"comment_status":"closed","ping_status":"closed","sticky":false,"template":"","format":"standard","meta":{"_et_pb_use_builder":"on","_et_pb_old_content":"<h5 style=\"text-align: justify;\">La Confederaci\u00f3n CLM Inclusiva y la asociaci\u00f3n empresarial de Centros Especiales de Empleo de COCEMFE en Castilla-La Mancha, AECEMCO CLM, han firmado un acuerdo para promover las oportunidades de formaci\u00f3n y empleo de las personas del colectivo.<\/h5>\r\n<p style=\"text-align: justify;\"><img class=\"alignnone size-full wp-image-471\" src=\"http:\/\/clm-inclusiva.org\/wp-content\/uploads\/2019\/04\/3500_fotonoticia_20190402151941_1920.jpg\" alt=\"\" width=\"670\" height=\"300\"><\/p>\r\n<p style=\"text-align: justify;\">El presidente de la confederaci\u00f3n CLM Inclusiva, Enrique Alarc\u00f3n Garc\u00eda, y el presidente de AECEMCO CLM, \u00d3scar Sillas, han rubricado este acuerdo de colaboraci\u00f3n para coordinar su labor y actuaciones de apoyo a la promoci\u00f3n de los derechos de las personas con discapacidad f\u00edsica y org\u00e1nica en Castilla-La Mancha, ha informado esta confederaci\u00f3n en nota de prensa.<\/p>\r\nEl sector empresarial promovido por las organizaciones de COCEMFE sin \u00e1nimo de lucro, integrado en AECEMCO, da empleo actualmente a m\u00e1s de 800 personas con discapacidad de todo tipo, con actividades productivas y de prestaci\u00f3n de servicios muy variados como obras, lavander\u00eda, limpieza, medioambiente, manipulados, formaci\u00f3n, etc.\r\n\r\nAmbas organizaciones que comparten valores sociales y visi\u00f3n sobre los derechos de las personas con discapacidad coordinar\u00e1n todas sus actividades para incrementar las oportunidades de formaci\u00f3n, aprendizaje en el puesto de trabajo y calidad de los mismos, tanto en empleo protegido como ordinario.\r\n\r\nDentro de las actuaciones objeto del acuerdo se pondr\u00e1 especial atenci\u00f3n a dar a conocer la normativa de reserva de empleo para personas con discapacidad, as\u00ed como el adecuado cumplimiento de las medidas alternativas, para lo que se informar\u00e1 conjuntamente a administraciones, federaciones empresariales y grandes empresas sobre las oportunidades de empleabilidad de las personas con discapacidad f\u00edsica y org\u00e1nica.\r\n\r\nCLM Inclusiva dispone actualmente de Servicio de Empleo en todas las provincias de Castilla-La Mancha, gracias al apoyo de Fundaci\u00f3n ONCE y la financiaci\u00f3n de proyectos con cargo al IRPF, que realiza labor de intermediaci\u00f3n entre personas con discapacidad demandantes de empleo y empresas, asegurando la adecuaci\u00f3n de trabajadores al puesto de trabajo e informando sobre incentivos a la contrataci\u00f3n y ajustes t\u00e9cnicos necesarios en el puesto.\r\n\r\nLa Confederaci\u00f3n regional de entidades de personas con discapacidad f\u00edsica y org\u00e1nica, Castilla-La Mancha Inclusiva, agrupa al movimiento asociativo de COCEMFE en la Regi\u00f3n, con casi un centenar de entidades que representan en torno a 10.000 personas con discapacidad.\r\n\r\nActualmente se encuentra compuesta por cinco federaciones provinciales, COCEMFE Albacete, COCEMFE Cuenca, COCEMFE Guadalajara, COCEMFE Toledo y Ciudad Real Inclusiva, las entidades regionales AFANION, Federaci\u00f3n LUNA CLM de mujeres con discapacidad, AIDISCAM, y la asociaci\u00f3n nacional AMIAB.","_et_gb_content_width":"","footnotes":""},"categories":[39,28,5,44,41],"tags":[],"yoast_head":"<!-- This site is optimized with the Yoast SEO plugin v21.3 - https:\/\/yoast.com\/wordpress\/plugins\/seo\/ -->\n<title>El CERMI analizar\u00e1 en un webinario la Estrategia Europea sobre los Derechos de las Personas con Discapacidad para 2021-2030 - Clm-Inclusiva<\/title>\n<meta name=\"robots\" content=\"index, follow, max-snippet:-1, max-image-preview:large, max-video-preview:-1\" \/>\n<link rel=\"canonical\" href=\"https:\/\/clm-inclusiva.org\/?p=4116\" \/>\n<meta property=\"og:locale\" content=\"es_ES\" \/>\n<meta property=\"og:type\" content=\"article\" \/>\n<meta property=\"og:title\" content=\"El CERMI analizar\u00e1 en un webinario la Estrategia Europea sobre los Derechos de las Personas con Discapacidad para 2021-2030 - Clm-Inclusiva\" \/>\n<meta property=\"og:description\" content=\"[et_pb_section fb_built=&#8221;1&#8243; _builder_version=&#8221;4.0.4&#8243; custom_padding=&#8221;0px||2px|||&#8221;][et_pb_row _builder_version=&#8221;4.1&#8243; background_size=&#8221;initial&#8221; background_position=&#8221;top_left&#8221; background_repeat=&#8221;repeat&#8221; custom_margin=&#8221;|||||&#8221; custom_padding=&#8221;|||||&#8221; hover_enabled=&#8221;0&#8243;][et_pb_column type=&#8221;4_4&#8243; _builder_version=&#8221;3.25&#8243; custom_padding=&#8221;|||&#8221; custom_padding__hover=&#8221;|||&#8221;][et_pb_text admin_label=&#8221;Noticia&#8221; _builder_version=&#8221;4.1&#8243; text_font=&#8221;||||||||&#8221; background_size=&#8221;initial&#8221; background_position=&#8221;top_left&#8221; background_repeat=&#8221;repeat&#8221; text_orientation=&#8221;justified&#8221; min_height=&#8221;711px&#8221; custom_margin=&#8221;||||false|false&#8221; custom_padding=&#8221;|||||&#8221; hover_enabled=&#8221;0&#8243;] \u00a0 El pr\u00f3ximo viernes 14 de mayo de 10:00 a 13:00 A trav\u00e9s de esta estrategia se canalizar\u00e1n las pol\u00edticas p\u00fablicas europeas de discapacidad en la pr\u00f3xima d\u00e9cada Bolet\u00edn [&hellip;]\" \/>\n<meta property=\"og:url\" content=\"https:\/\/clm-inclusiva.org\/?p=4116\" \/>\n<meta property=\"og:site_name\" content=\"Clm-Inclusiva\" \/>\n<meta property=\"article:publisher\" content=\"https:\/\/www.facebook.com\/castillalamancha.inclusiva\/\" \/>\n<meta property=\"article:published_time\" content=\"2021-05-12T16:08:16+00:00\" \/>\n<meta property=\"article:modified_time\" content=\"2021-05-12T16:08:22+00:00\" \/>\n<meta property=\"og:image\" content=\"https:\/\/clm-inclusiva.org\/wp-content\/uploads\/2021\/05\/pexels-photo-4063733.jpeg\" \/>\n\t<meta property=\"og:image:width\" content=\"867\" \/>\n\t<meta property=\"og:image:height\" content=\"1300\" \/>\n\t<meta property=\"og:image:type\" content=\"image\/jpeg\" \/>\n<meta name=\"author\" content=\"clm-inclusiva\" \/>\n<meta name=\"twitter:card\" content=\"summary_large_image\" \/>\n<meta name=\"twitter:creator\" content=\"@ClmInclusiva\" \/>\n<meta name=\"twitter:site\" content=\"@ClmInclusiva\" \/>\n<meta name=\"twitter:label1\" content=\"Escrito por\" \/>\n\t<meta name=\"twitter:data1\" content=\"clm-inclusiva\" \/>\n\t<meta name=\"twitter:label2\" content=\"Tiempo de lectura\" \/>\n\t<meta name=\"twitter:data2\" content=\"3 minutos\" \/>\n<script type=\"application\/ld+json\" class=\"yoast-schema-graph\">{\"@context\":\"https:\/\/schema.org\",\"@graph\":[{\"@type\":\"Article\",\"@id\":\"https:\/\/clm-inclusiva.org\/?p=4116#article\",\"isPartOf\":{\"@id\":\"https:\/\/clm-inclusiva.org\/?p=4116\"},\"author\":{\"name\":\"clm-inclusiva\",\"@id\":\"https:\/\/clm-inclusiva.org\/#\/schema\/person\/0cff84aaa5bb8fd3521c55d1578d902b\"},\"headline\":\"El CERMI analizar\u00e1 en un webinario la Estrategia Europea sobre los Derechos de las Personas con Discapacidad para 2021-2030\",\"datePublished\":\"2021-05-12T16:08:16+00:00\",\"dateModified\":\"2021-05-12T16:08:22+00:00\",\"mainEntityOfPage\":{\"@id\":\"https:\/\/clm-inclusiva.org\/?p=4116\"},\"wordCount\":596,\"publisher\":{\"@id\":\"https:\/\/clm-inclusiva.org\/#organization\"},\"articleSection\":[\"Bienestar social\",\"Cermi\",\"Discapacidad\",\"Politica social\",\"Tercer sector\"],\"inLanguage\":\"es\"},{\"@type\":\"WebPage\",\"@id\":\"https:\/\/clm-inclusiva.org\/?p=4116\",\"url\":\"https:\/\/clm-inclusiva.org\/?p=4116\",\"name\":\"El CERMI analizar\u00e1 en un webinario la Estrategia Europea sobre los Derechos de las Personas con Discapacidad para 2021-2030 - Clm-Inclusiva\",\"isPartOf\":{\"@id\":\"https:\/\/clm-inclusiva.org\/#website\"},\"datePublished\":\"2021-05-12T16:08:16+00:00\",\"dateModified\":\"2021-05-12T16:08:22+00:00\",\"breadcrumb\":{\"@id\":\"https:\/\/clm-inclusiva.org\/?p=4116#breadcrumb\"},\"inLanguage\":\"es\",\"potentialAction\":[{\"@type\":\"ReadAction\",\"target\":[\"https:\/\/clm-inclusiva.org\/?p=4116\"]}]},{\"@type\":\"BreadcrumbList\",\"@id\":\"https:\/\/clm-inclusiva.org\/?p=4116#breadcrumb\",\"itemListElement\":[{\"@type\":\"ListItem\",\"position\":1,\"name\":\"Portada\",\"item\":\"https:\/\/clm-inclusiva.org\/\"},{\"@type\":\"ListItem\",\"position\":2,\"name\":\"El CERMI analizar\u00e1 en un webinario la Estrategia Europea sobre los Derechos de las Personas con Discapacidad para 2021-2030\"}]},{\"@type\":\"WebSite\",\"@id\":\"https:\/\/clm-inclusiva.org\/#website\",\"url\":\"https:\/\/clm-inclusiva.org\/\",\"name\":\"Clm-Inclusiva\",\"description\":\"Confederaci\u00f3n de entidades de personas con discapacidad f\u00edsica y org\u00e1nica CLM\",\"publisher\":{\"@id\":\"https:\/\/clm-inclusiva.org\/#organization\"},\"potentialAction\":[{\"@type\":\"SearchAction\",\"target\":{\"@type\":\"EntryPoint\",\"urlTemplate\":\"https:\/\/clm-inclusiva.org\/?s={search_term_string}\"},\"query-input\":\"required name=search_term_string\"}],\"inLanguage\":\"es\"},{\"@type\":\"Organization\",\"@id\":\"https:\/\/clm-inclusiva.org\/#organization\",\"name\":\"Clm-Inclusiva\",\"url\":\"https:\/\/clm-inclusiva.org\/\",\"logo\":{\"@type\":\"ImageObject\",\"inLanguage\":\"es\",\"@id\":\"https:\/\/clm-inclusiva.org\/#\/schema\/logo\/image\/\",\"url\":\"http:\/\/clm-inclusiva.org\/wp-content\/uploads\/2019\/04\/banner-e1533720812836.jpg\",\"contentUrl\":\"http:\/\/clm-inclusiva.org\/wp-content\/uploads\/2019\/04\/banner-e1533720812836.jpg\",\"width\":600,\"height\":332,\"caption\":\"Clm-Inclusiva\"},\"image\":{\"@id\":\"https:\/\/clm-inclusiva.org\/#\/schema\/logo\/image\/\"},\"sameAs\":[\"https:\/\/www.facebook.com\/castillalamancha.inclusiva\/\",\"https:\/\/twitter.com\/ClmInclusiva\"]},{\"@type\":\"Person\",\"@id\":\"https:\/\/clm-inclusiva.org\/#\/schema\/person\/0cff84aaa5bb8fd3521c55d1578d902b\",\"name\":\"clm-inclusiva\",\"image\":{\"@type\":\"ImageObject\",\"inLanguage\":\"es\",\"@id\":\"https:\/\/clm-inclusiva.org\/#\/schema\/person\/image\/\",\"url\":\"https:\/\/secure.gravatar.com\/avatar\/88948567af770dc9cd5597b329011884?s=96&d=blank&r=g\",\"contentUrl\":\"https:\/\/secure.gravatar.com\/avatar\/88948567af770dc9cd5597b329011884?s=96&d=blank&r=g\",\"caption\":\"clm-inclusiva\"},\"sameAs\":[\"http:\/\/clm-inclusiva.org\"],\"url\":\"https:\/\/clm-inclusiva.org\/?author=1\"}]}<\/script>\n<!-- \/ Yoast SEO plugin. -->","yoast_head_json":{"title":"El CERMI analizar\u00e1 en un webinario la Estrategia Europea sobre los Derechos de las Personas con Discapacidad para 2021-2030 - Clm-Inclusiva","robots":{"index":"index","follow":"follow","max-snippet":"max-snippet:-1","max-image-preview":"max-image-preview:large","max-video-preview":"max-video-preview:-1"},"canonical":"https:\/\/clm-inclusiva.org\/?p=4116","og_locale":"es_ES","og_type":"article","og_title":"El CERMI analizar\u00e1 en un webinario la Estrategia Europea sobre los Derechos de las Personas con Discapacidad para 2021-2030 - Clm-Inclusiva","og_description":"[et_pb_section fb_built=&#8221;1&#8243; _builder_version=&#8221;4.0.4&#8243; custom_padding=&#8221;0px||2px|||&#8221;][et_pb_row _builder_version=&#8221;4.1&#8243; background_size=&#8221;initial&#8221; background_position=&#8221;top_left&#8221; background_repeat=&#8221;repeat&#8221; custom_margin=&#8221;|||||&#8221; custom_padding=&#8221;|||||&#8221; hover_enabled=&#8221;0&#8243;][et_pb_column type=&#8221;4_4&#8243; _builder_version=&#8221;3.25&#8243; custom_padding=&#8221;|||&#8221; custom_padding__hover=&#8221;|||&#8221;][et_pb_text admin_label=&#8221;Noticia&#8221; _builder_version=&#8221;4.1&#8243; text_font=&#8221;||||||||&#8221; background_size=&#8221;initial&#8221; background_position=&#8221;top_left&#8221; background_repeat=&#8221;repeat&#8221; text_orientation=&#8221;justified&#8221; min_height=&#8221;711px&#8221; custom_margin=&#8221;||||false|false&#8221; custom_padding=&#8221;|||||&#8221; hover_enabled=&#8221;0&#8243;] \u00a0 El pr\u00f3ximo viernes 14 de mayo de 10:00 a 13:00 A trav\u00e9s de esta estrategia se canalizar\u00e1n las pol\u00edticas p\u00fablicas europeas de discapacidad en la pr\u00f3xima d\u00e9cada Bolet\u00edn [&hellip;]","og_url":"https:\/\/clm-inclusiva.org\/?p=4116","og_site_name":"Clm-Inclusiva","article_publisher":"https:\/\/www.facebook.com\/castillalamancha.inclusiva\/","article_published_time":"2021-05-12T16:08:16+00:00","article_modified_time":"2021-05-12T16:08:22+00:00","og_image":[{"width":867,"height":1300,"url":"https:\/\/clm-inclusiva.org\/wp-content\/uploads\/2021\/05\/pexels-photo-4063733.jpeg","type":"image\/jpeg"}],"author":"clm-inclusiva","twitter_card":"summary_large_image","twitter_creator":"@ClmInclusiva","twitter_site":"@ClmInclusiva","twitter_misc":{"Escrito por":"clm-inclusiva","Tiempo de lectura":"3 minutos"},"schema":{"@context":"https:\/\/schema.org","@graph":[{"@type":"Article","@id":"https:\/\/clm-inclusiva.org\/?p=4116#article","isPartOf":{"@id":"https:\/\/clm-inclusiva.org\/?p=4116"},"author":{"name":"clm-inclusiva","@id":"https:\/\/clm-inclusiva.org\/#\/schema\/person\/0cff84aaa5bb8fd3521c55d1578d902b"},"headline":"El CERMI analizar\u00e1 en un webinario la Estrategia Europea sobre los Derechos de las Personas con Discapacidad para 2021-2030","datePublished":"2021-05-12T16:08:16+00:00","dateModified":"2021-05-12T16:08:22+00:00","mainEntityOfPage":{"@id":"https:\/\/clm-inclusiva.org\/?p=4116"},"wordCount":596,"publisher":{"@id":"https:\/\/clm-inclusiva.org\/#organization"},"articleSection":["Bienestar social","Cermi","Discapacidad","Politica social","Tercer sector"],"inLanguage":"es"},{"@type":"WebPage","@id":"https:\/\/clm-inclusiva.org\/?p=4116","url":"https:\/\/clm-inclusiva.org\/?p=4116","name":"El CERMI analizar\u00e1 en un webinario la Estrategia Europea sobre los Derechos de las Personas con Discapacidad para 2021-2030 - Clm-Inclusiva","isPartOf":{"@id":"https:\/\/clm-inclusiva.org\/#website"},"datePublished":"2021-05-12T16:08:16+00:00","dateModified":"2021-05-12T16:08:22+00:00","breadcrumb":{"@id":"https:\/\/clm-inclusiva.org\/?p=4116#breadcrumb"},"inLanguage":"es","potentialAction":[{"@type":"ReadAction","target":["https:\/\/clm-inclusiva.org\/?p=4116"]}]},{"@type":"BreadcrumbList","@id":"https:\/\/clm-inclusiva.org\/?p=4116#breadcrumb","itemListElement":[{"@type":"ListItem","position":1,"name":"Portada","item":"https:\/\/clm-inclusiva.org\/"},{"@type":"ListItem","position":2,"name":"El CERMI analizar\u00e1 en un webinario la Estrategia Europea sobre los Derechos de las Personas con Discapacidad para 2021-2030"}]},{"@type":"WebSite","@id":"https:\/\/clm-inclusiva.org\/#website","url":"https:\/\/clm-inclusiva.org\/","name":"Clm-Inclusiva","description":"Confederaci\u00f3n de entidades de personas con discapacidad f\u00edsica y org\u00e1nica CLM","publisher":{"@id":"https:\/\/clm-inclusiva.org\/#organization"},"potentialAction":[{"@type":"SearchAction","target":{"@type":"EntryPoint","urlTemplate":"https:\/\/clm-inclusiva.org\/?s={search_term_string}"},"query-input":"required name=search_term_string"}],"inLanguage":"es"},{"@type":"Organization","@id":"https:\/\/clm-inclusiva.org\/#organization","name":"Clm-Inclusiva","url":"https:\/\/clm-inclusiva.org\/","logo":{"@type":"ImageObject","inLanguage":"es","@id":"https:\/\/clm-inclusiva.org\/#\/schema\/logo\/image\/","url":"http:\/\/clm-inclusiva.org\/wp-content\/uploads\/2019\/04\/banner-e1533720812836.jpg","contentUrl":"http:\/\/clm-inclusiva.org\/wp-content\/uploads\/2019\/04\/banner-e1533720812836.jpg","width":600,"height":332,"caption":"Clm-Inclusiva"},"image":{"@id":"https:\/\/clm-inclusiva.org\/#\/schema\/logo\/image\/"},"sameAs":["https:\/\/www.facebook.com\/castillalamancha.inclusiva\/","https:\/\/twitter.com\/ClmInclusiva"]},{"@type":"Person","@id":"https:\/\/clm-inclusiva.org\/#\/schema\/person\/0cff84aaa5bb8fd3521c55d1578d902b","name":"clm-inclusiva","image":{"@type":"ImageObject","inLanguage":"es","@id":"https:\/\/clm-inclusiva.org\/#\/schema\/person\/image\/","url":"https:\/\/secure.gravatar.com\/avatar\/88948567af770dc9cd5597b329011884?s=96&d=blank&r=g","contentUrl":"https:\/\/secure.gravatar.com\/avatar\/88948567af770dc9cd5597b329011884?s=96&d=blank&r=g","caption":"clm-inclusiva"},"sameAs":["http:\/\/clm-inclusiva.org"],"url":"https:\/\/clm-inclusiva.org\/?author=1"}]}},"_links":{"self":[{"href":"https:\/\/clm-inclusiva.org\/index.php?rest_route=\/wp\/v2\/posts\/4116"}],"collection":[{"href":"https:\/\/clm-inclusiva.org\/index.php?rest_route=\/wp\/v2\/posts"}],"about":[{"href":"https:\/\/clm-inclusiva.org\/index.php?rest_route=\/wp\/v2\/types\/post"}],"author":[{"embeddable":true,"href":"https:\/\/clm-inclusiva.org\/index.php?rest_route=\/wp\/v2\/users\/1"}],"replies":[{"embeddable":true,"href":"https:\/\/clm-inclusiva.org\/index.php?rest_route=%2Fwp%2Fv2%2Fcomments&post=4116"}],"version-history":[{"count":3,"href":"https:\/\/clm-inclusiva.org\/index.php?rest_route=\/wp\/v2\/posts\/4116\/revisions"}],"predecessor-version":[{"id":4121,"href":"https:\/\/clm-inclusiva.org\/index.php?rest_route=\/wp\/v2\/posts\/4116\/revisions\/4121"}],"wp:featuredmedia":[{"embeddable":true,"href":"https:\/\/clm-inclusiva.org\/index.php?rest_route=\/wp\/v2\/media\/4118"}],"wp:attachment":[{"href":"https:\/\/clm-inclusiva.org\/index.php?rest_route=%2Fwp%2Fv2%2Fmedia&parent=4116"}],"wp:term":[{"taxonomy":"category","embeddable":true,"href":"https:\/\/clm-inclusiva.org\/index.php?rest_route=%2Fwp%2Fv2%2Fcategories&post=4116"},{"taxonomy":"post_tag","embeddable":true,"href":"https:\/\/clm-inclusiva.org\/index.php?rest_route=%2Fwp%2Fv2%2Ftags&post=4116"}],"curies":[{"name":"wp","href":"https:\/\/api.w.org\/{rel}","templated":true}]}}