{"id":4108,"date":"2021-05-12T17:59:43","date_gmt":"2021-05-12T15:59:43","guid":{"rendered":"http:\/\/clm-inclusiva.org\/?p=4108"},"modified":"2021-05-12T17:59:48","modified_gmt":"2021-05-12T15:59:48","slug":"aje-ciudad-real-trabajara-con-clm-inclusiva-cocemfe-para-mejorar-la-capacitacion-y-el-empleo-de-las-personas-discapacitadas","status":"publish","type":"post","link":"https:\/\/clm-inclusiva.org\/?p=4108","title":{"rendered":"AJE Ciudad Real trabajar\u00e1 con CLM Inclusiva Cocemfe para mejorar la capacitaci\u00f3n y el empleo de las personas discapacitadas"},"content":{"rendered":"<p>[et_pb_section fb_built=&#8221;1&#8243; _builder_version=&#8221;4.0.4&#8243; custom_padding=&#8221;0px||2px|||&#8221;][et_pb_row _builder_version=&#8221;4.1&#8243; background_size=&#8221;initial&#8221; background_position=&#8221;top_left&#8221; background_repeat=&#8221;repeat&#8221; custom_margin=&#8221;|||||&#8221; custom_padding=&#8221;|||||&#8221;][et_pb_column type=&#8221;4_4&#8243; _builder_version=&#8221;3.25&#8243; custom_padding=&#8221;|||&#8221; custom_padding__hover=&#8221;|||&#8221;][et_pb_text admin_label=&#8221;Noticia&#8221; _builder_version=&#8221;4.1&#8243; text_font=&#8221;||||||||&#8221; background_size=&#8221;initial&#8221; background_position=&#8221;top_left&#8221; background_repeat=&#8221;repeat&#8221; text_orientation=&#8221;justified&#8221; min_height=&#8221;711px&#8221; custom_margin=&#8221;||||false|false&#8221; custom_padding=&#8221;|||||&#8221; hover_enabled=&#8221;0&#8243;]<\/p>\n<div class=\"kvgmc6g5 cxmmr5t8 oygrvhab hcukyx3x c1et5uql ii04i59q\">\u00a0<\/div>\n<div class=\"o9v6fnle cxmmr5t8 oygrvhab hcukyx3x c1et5uql ii04i59q\">\n<div dir=\"auto\">\n<ul>\n<li>Sendas asociaciones han firmado un acuerdo por el que colaborar\u00e1n en el desarrollo de acciones formativas desde el vivero de empresas de AJE Ciudad Real, donde CLM Inclusiva ha fijado su sede provincial.<\/li>\n<li>\u201cNos enorgullece poder colaborar estrechamente para impulsar el emprendimiento y la inserci\u00f3n laboral de un colectivo tan importante y con tantas capacidades que aportar al mundo de la empresa\u201d, ha explicado el presidente de AJE Ciudad Real, David Ballesteros Mora.<\/li>\n<li>El presiente de CLM Inclusiva Cocemfe, Enrique Alarc\u00f3n Garc\u00eda, ha destacado que el acuerdo con AJE Ciudad Real es un \u201cbal\u00f3n de ox\u00edgeno\u201d y con \u00e9l se pone la \u00faltima pieza del puzle corporativo al establecer en la capital de Ciudad Real la sede coordinadora de la asociaci\u00f3n<\/li>\n<\/ul>\n<p>Hace unos d\u00edas en la sede de AJE Ciudad Real se celebr\u00f3 la firma del convenio marco de colaboraci\u00f3n entre la Asociaci\u00f3n J\u00f3venes Empresarios de Ciudad Real y la Asociaci\u00f3n CLM Inclusiva Cocemfe para el desarrollo de proyectos y actividades conjuntas con el fin de mejorar la capacitaci\u00f3n, inserci\u00f3n laboral y la participaci\u00f3n social de las personas con discapacidad f\u00edsica y org\u00e1nica.<\/p>\n<p>El presidente de AJE Ciudad Real, David Ballesteros Mora, ha sido el encargado de dar la bienvenida a la que es ya \u201csu casa\u201d a\u00a0 Enrique Alarc\u00f3n Garc\u00eda, presidente de CLM Inclusiva Cocemfe y a \u00c1ngel Pablo Sendarrubias, vicepresidente de CLM Inclusiva Cocemfe y presidente de CR Inclusiva. En rueda de prensa, en la que se ha informado del contenido del acuerdo y se ha formalizado la firma, Ballesteros ha destacado que los objetivos del convenio van en la l\u00ednea de otros acuerdos de colaboraci\u00f3n que AJE Ciudad Real establece con entidades, asociaciones y colegios profesionales, \u201cpara impulsar el emprendimiento y la formaci\u00f3n y allanar el acceso al empleo de todos los colectivos sociales, en este caso el de las personas con discapacidad\u201d.<\/p>\n<p>\u201cNos enorgullece poder contar en uno de nuestros despachos con una entidad que tanto hace en nuestra regi\u00f3n por las personas con discapacidad f\u00edsica y org\u00e1nica y que va a desarrollar con nuestra colaboraci\u00f3n y apoyo toda una serie de actividades formativas y de empleabilidad orientadas a\u00a0 mejorar la calidad de vida de este colectivo\u201d, ha resaltado Ballesteros, que ha a\u00f1adido que entre los objetivos del acuerdo est\u00e1 el de promover la incorporaci\u00f3n de trabajadores\/as con discapacidad en AJE Ciudad Real y sus asociados.\u00a0 \u201cEsta es una puerta a la dinamizaci\u00f3n laboral de personas que tanto pueden aportar al mundo de la empresa\u201d, ha matizado.<\/p>\n<p>Por su parte, el presidente de CLM Inclusiva Cocemfe, Enrique Alarc\u00f3n Garc\u00eda, ha expresado su \u201calegr\u00eda y orgullo\u201d por la firma de un acuerdo \u201cmuy importante\u201d para la confederaci\u00f3n que preside y que representa a m\u00e1s de cien entidades que trabajan por lo derechos de las personas discapacitadas f\u00edsica y org\u00e1nica de la regi\u00f3n.<\/p>\n<p>\u201cEste acuerdo es un bal\u00f3n de ox\u00edgeno para nosotros por muchas cosas, la primera porque va directo a nuestro principal objetivo, la inserci\u00f3n laboral, sin empleo no hay inclusi\u00f3n social. Y la segunda porque nos permite poner la pieza que nos faltaba en nuestro puzle corporativo, la sede en la capital de la provincia de Ciudad Real\u201d, ha destacado Alarc\u00f3n. Puertollano acoge la sede de la agencia de ocupaci\u00f3n de CLM Inclusiva y a partir de ahora en Ciudad Real, desde el vivero de AJE, se establece la sede coordinadora provincial.<\/p>\n<p>Ha cerrado, por \u00faltimo, el turno de intervenciones \u00c1ngel Pablo Sendarrubias, presidente \u00a0de CR Inclusiva Cocemfe, explicando que hace dos a\u00f1os la confederaci\u00f3n ya se marc\u00f3 el objetivo que ayer se materializ\u00f3 en el convenio de implantar la sede provincial en Ciudad Real y que era \u201cuna obligaci\u00f3n\u201d. \u201cEl que se haga en el vivero de AJE es una oportunidad excelente por las sinergias con las empresas de esta provincia que se va a generar\u201d.<\/p>\n<p><strong>Objetivos de ambas entidades<\/strong><\/p>\n<p>AJE Ciudad Real tiene entre sus fines fomentar el emprendimiento, prestar asesoramiento y promover actividades dirigidas a j\u00f3venes empresarios y empresarias, as\u00ed como establecer v\u00ednculos de cooperaci\u00f3n con las diferentes organizaciones no gubernamentales en el \u00e1mbito regional, provincial y local.<\/p>\n<p>Por su parte, CLM Inclusiva Cocemfe tiene entre sus objetivos prioritarios coordinar y representar al Movimiento Asociativo de Personas con Discapacidad F\u00edsica y Org\u00e1nica, a la vez que desarrolla una serie de actividades orientadas a sus organizaciones miembro, con la intenci\u00f3n de mejorar la calidad de vida, la plena integraci\u00f3n en la sociedad y la defensa de sus derechos en todos los \u00e1mbitos de la vida. Actualmente cuentan con 3.500 personas en su bolsa de empleo y en 2020, en pleno a\u00f1o de pandemia, la entidad posibilit\u00f3 la inserci\u00f3n laboral de m\u00e1s de mil personas con discapacidad f\u00edsica y org\u00e1nica.<\/p>\n<\/div>\n<\/div>\n<p>[\/et_pb_text][et_pb_post_nav prev_text=&#8221;Anterior&#8221; next_text=&#8221;Siguiente&#8221; _builder_version=&#8221;3.22.4&#8243;][\/et_pb_post_nav][\/et_pb_column][\/et_pb_row][\/et_pb_section]<\/p>\n","protected":false},"excerpt":{"rendered":"<p>[et_pb_section fb_built=&#8221;1&#8243; _builder_version=&#8221;4.0.4&#8243; custom_padding=&#8221;0px||2px|||&#8221;][et_pb_row _builder_version=&#8221;4.1&#8243; background_size=&#8221;initial&#8221; background_position=&#8221;top_left&#8221; background_repeat=&#8221;repeat&#8221; custom_margin=&#8221;|||||&#8221; custom_padding=&#8221;|||||&#8221;][et_pb_column type=&#8221;4_4&#8243; _builder_version=&#8221;3.25&#8243; custom_padding=&#8221;|||&#8221; custom_padding__hover=&#8221;|||&#8221;][et_pb_text admin_label=&#8221;Noticia&#8221; _builder_version=&#8221;4.1&#8243; text_font=&#8221;||||||||&#8221; background_size=&#8221;initial&#8221; background_position=&#8221;top_left&#8221; background_repeat=&#8221;repeat&#8221; text_orientation=&#8221;justified&#8221; min_height=&#8221;711px&#8221; custom_margin=&#8221;||||false|false&#8221; custom_padding=&#8221;|||||&#8221; hover_enabled=&#8221;0&#8243;] \u00a0 Sendas asociaciones han firmado un acuerdo por el que colaborar\u00e1n en el desarrollo de acciones formativas desde el vivero de empresas de AJE Ciudad Real, donde CLM Inclusiva ha [&hellip;]<\/p>\n","protected":false},"author":1,"featured_media":4111,"comment_status":"closed","ping_status":"closed","sticky":false,"template":"","format":"standard","meta":{"_et_pb_use_builder":"on","_et_pb_old_content":"<h5 style=\"text-align: justify;\">La Confederaci\u00f3n CLM Inclusiva y la asociaci\u00f3n empresarial de Centros Especiales de Empleo de COCEMFE en Castilla-La Mancha, AECEMCO CLM, han firmado un acuerdo para promover las oportunidades de formaci\u00f3n y empleo de las personas del colectivo.<\/h5>\r\n<p style=\"text-align: justify;\"><img class=\"alignnone size-full wp-image-471\" src=\"http:\/\/clm-inclusiva.org\/wp-content\/uploads\/2019\/04\/3500_fotonoticia_20190402151941_1920.jpg\" alt=\"\" width=\"670\" height=\"300\"><\/p>\r\n<p style=\"text-align: justify;\">El presidente de la confederaci\u00f3n CLM Inclusiva, Enrique Alarc\u00f3n Garc\u00eda, y el presidente de AECEMCO CLM, \u00d3scar Sillas, han rubricado este acuerdo de colaboraci\u00f3n para coordinar su labor y actuaciones de apoyo a la promoci\u00f3n de los derechos de las personas con discapacidad f\u00edsica y org\u00e1nica en Castilla-La Mancha, ha informado esta confederaci\u00f3n en nota de prensa.<\/p>\r\nEl sector empresarial promovido por las organizaciones de COCEMFE sin \u00e1nimo de lucro, integrado en AECEMCO, da empleo actualmente a m\u00e1s de 800 personas con discapacidad de todo tipo, con actividades productivas y de prestaci\u00f3n de servicios muy variados como obras, lavander\u00eda, limpieza, medioambiente, manipulados, formaci\u00f3n, etc.\r\n\r\nAmbas organizaciones que comparten valores sociales y visi\u00f3n sobre los derechos de las personas con discapacidad coordinar\u00e1n todas sus actividades para incrementar las oportunidades de formaci\u00f3n, aprendizaje en el puesto de trabajo y calidad de los mismos, tanto en empleo protegido como ordinario.\r\n\r\nDentro de las actuaciones objeto del acuerdo se pondr\u00e1 especial atenci\u00f3n a dar a conocer la normativa de reserva de empleo para personas con discapacidad, as\u00ed como el adecuado cumplimiento de las medidas alternativas, para lo que se informar\u00e1 conjuntamente a administraciones, federaciones empresariales y grandes empresas sobre las oportunidades de empleabilidad de las personas con discapacidad f\u00edsica y org\u00e1nica.\r\n\r\nCLM Inclusiva dispone actualmente de Servicio de Empleo en todas las provincias de Castilla-La Mancha, gracias al apoyo de Fundaci\u00f3n ONCE y la financiaci\u00f3n de proyectos con cargo al IRPF, que realiza labor de intermediaci\u00f3n entre personas con discapacidad demandantes de empleo y empresas, asegurando la adecuaci\u00f3n de trabajadores al puesto de trabajo e informando sobre incentivos a la contrataci\u00f3n y ajustes t\u00e9cnicos necesarios en el puesto.\r\n\r\nLa Confederaci\u00f3n regional de entidades de personas con discapacidad f\u00edsica y org\u00e1nica, Castilla-La Mancha Inclusiva, agrupa al movimiento asociativo de COCEMFE en la Regi\u00f3n, con casi un centenar de entidades que representan en torno a 10.000 personas con discapacidad.\r\n\r\nActualmente se encuentra compuesta por cinco federaciones provinciales, COCEMFE Albacete, COCEMFE Cuenca, COCEMFE Guadalajara, COCEMFE Toledo y Ciudad Real Inclusiva, las entidades regionales AFANION, Federaci\u00f3n LUNA CLM de mujeres con discapacidad, AIDISCAM, y la asociaci\u00f3n nacional AMIAB.","_et_gb_content_width":"","footnotes":""},"categories":[39,4,47,5,44,41],"tags":[],"yoast_head":"<!-- This site is optimized with the Yoast SEO plugin v21.3 - https:\/\/yoast.com\/wordpress\/plugins\/seo\/ -->\n<title>AJE Ciudad Real trabajar\u00e1 con CLM Inclusiva Cocemfe para mejorar la capacitaci\u00f3n y el empleo de las personas discapacitadas - Clm-Inclusiva<\/title>\n<meta name=\"robots\" content=\"index, follow, max-snippet:-1, max-image-preview:large, max-video-preview:-1\" \/>\n<link rel=\"canonical\" href=\"https:\/\/clm-inclusiva.org\/?p=4108\" \/>\n<meta property=\"og:locale\" content=\"es_ES\" \/>\n<meta property=\"og:type\" content=\"article\" \/>\n<meta property=\"og:title\" content=\"AJE Ciudad Real trabajar\u00e1 con CLM Inclusiva Cocemfe para mejorar la capacitaci\u00f3n y el empleo de las personas discapacitadas - Clm-Inclusiva\" \/>\n<meta property=\"og:description\" content=\"[et_pb_section fb_built=&#8221;1&#8243; _builder_version=&#8221;4.0.4&#8243; custom_padding=&#8221;0px||2px|||&#8221;][et_pb_row _builder_version=&#8221;4.1&#8243; background_size=&#8221;initial&#8221; background_position=&#8221;top_left&#8221; background_repeat=&#8221;repeat&#8221; custom_margin=&#8221;|||||&#8221; custom_padding=&#8221;|||||&#8221;][et_pb_column type=&#8221;4_4&#8243; _builder_version=&#8221;3.25&#8243; custom_padding=&#8221;|||&#8221; custom_padding__hover=&#8221;|||&#8221;][et_pb_text admin_label=&#8221;Noticia&#8221; _builder_version=&#8221;4.1&#8243; text_font=&#8221;||||||||&#8221; background_size=&#8221;initial&#8221; background_position=&#8221;top_left&#8221; background_repeat=&#8221;repeat&#8221; text_orientation=&#8221;justified&#8221; min_height=&#8221;711px&#8221; custom_margin=&#8221;||||false|false&#8221; custom_padding=&#8221;|||||&#8221; hover_enabled=&#8221;0&#8243;] \u00a0 Sendas asociaciones han firmado un acuerdo por el que colaborar\u00e1n en el desarrollo de acciones formativas desde el vivero de empresas de AJE Ciudad Real, donde CLM Inclusiva ha [&hellip;]\" \/>\n<meta property=\"og:url\" content=\"https:\/\/clm-inclusiva.org\/?p=4108\" \/>\n<meta property=\"og:site_name\" content=\"Clm-Inclusiva\" \/>\n<meta property=\"article:publisher\" content=\"https:\/\/www.facebook.com\/castillalamancha.inclusiva\/\" \/>\n<meta property=\"article:published_time\" content=\"2021-05-12T15:59:43+00:00\" \/>\n<meta property=\"article:modified_time\" content=\"2021-05-12T15:59:48+00:00\" \/>\n<meta property=\"og:image\" content=\"https:\/\/clm-inclusiva.org\/wp-content\/uploads\/2021\/05\/aje-clm_inclusiva_2.jpg\" \/>\n\t<meta property=\"og:image:width\" content=\"655\" \/>\n\t<meta property=\"og:image:height\" content=\"437\" \/>\n\t<meta property=\"og:image:type\" content=\"image\/jpeg\" \/>\n<meta name=\"author\" content=\"clm-inclusiva\" \/>\n<meta name=\"twitter:card\" content=\"summary_large_image\" \/>\n<meta name=\"twitter:creator\" content=\"@ClmInclusiva\" \/>\n<meta name=\"twitter:site\" content=\"@ClmInclusiva\" \/>\n<meta name=\"twitter:label1\" content=\"Escrito por\" \/>\n\t<meta name=\"twitter:data1\" content=\"clm-inclusiva\" \/>\n\t<meta name=\"twitter:label2\" content=\"Tiempo de lectura\" \/>\n\t<meta name=\"twitter:data2\" content=\"5 minutos\" \/>\n<script type=\"application\/ld+json\" class=\"yoast-schema-graph\">{\"@context\":\"https:\/\/schema.org\",\"@graph\":[{\"@type\":\"Article\",\"@id\":\"https:\/\/clm-inclusiva.org\/?p=4108#article\",\"isPartOf\":{\"@id\":\"https:\/\/clm-inclusiva.org\/?p=4108\"},\"author\":{\"name\":\"clm-inclusiva\",\"@id\":\"https:\/\/clm-inclusiva.org\/#\/schema\/person\/0cff84aaa5bb8fd3521c55d1578d902b\"},\"headline\":\"AJE Ciudad Real trabajar\u00e1 con CLM Inclusiva Cocemfe para mejorar la capacitaci\u00f3n y el empleo de las personas discapacitadas\",\"datePublished\":\"2021-05-12T15:59:43+00:00\",\"dateModified\":\"2021-05-12T15:59:48+00:00\",\"mainEntityOfPage\":{\"@id\":\"https:\/\/clm-inclusiva.org\/?p=4108\"},\"wordCount\":955,\"publisher\":{\"@id\":\"https:\/\/clm-inclusiva.org\/#organization\"},\"articleSection\":[\"Bienestar social\",\"Clm inclusiva\",\"cocemfe\",\"Discapacidad\",\"Politica social\",\"Tercer sector\"],\"inLanguage\":\"es\"},{\"@type\":\"WebPage\",\"@id\":\"https:\/\/clm-inclusiva.org\/?p=4108\",\"url\":\"https:\/\/clm-inclusiva.org\/?p=4108\",\"name\":\"AJE Ciudad Real trabajar\u00e1 con CLM Inclusiva Cocemfe para mejorar la capacitaci\u00f3n y el empleo de las personas discapacitadas - Clm-Inclusiva\",\"isPartOf\":{\"@id\":\"https:\/\/clm-inclusiva.org\/#website\"},\"datePublished\":\"2021-05-12T15:59:43+00:00\",\"dateModified\":\"2021-05-12T15:59:48+00:00\",\"breadcrumb\":{\"@id\":\"https:\/\/clm-inclusiva.org\/?p=4108#breadcrumb\"},\"inLanguage\":\"es\",\"potentialAction\":[{\"@type\":\"ReadAction\",\"target\":[\"https:\/\/clm-inclusiva.org\/?p=4108\"]}]},{\"@type\":\"BreadcrumbList\",\"@id\":\"https:\/\/clm-inclusiva.org\/?p=4108#breadcrumb\",\"itemListElement\":[{\"@type\":\"ListItem\",\"position\":1,\"name\":\"Portada\",\"item\":\"https:\/\/clm-inclusiva.org\/\"},{\"@type\":\"ListItem\",\"position\":2,\"name\":\"AJE Ciudad Real trabajar\u00e1 con CLM Inclusiva Cocemfe para mejorar la capacitaci\u00f3n y el empleo de las personas discapacitadas\"}]},{\"@type\":\"WebSite\",\"@id\":\"https:\/\/clm-inclusiva.org\/#website\",\"url\":\"https:\/\/clm-inclusiva.org\/\",\"name\":\"Clm-Inclusiva\",\"description\":\"Confederaci\u00f3n de entidades de personas con discapacidad f\u00edsica y org\u00e1nica CLM\",\"publisher\":{\"@id\":\"https:\/\/clm-inclusiva.org\/#organization\"},\"potentialAction\":[{\"@type\":\"SearchAction\",\"target\":{\"@type\":\"EntryPoint\",\"urlTemplate\":\"https:\/\/clm-inclusiva.org\/?s={search_term_string}\"},\"query-input\":\"required name=search_term_string\"}],\"inLanguage\":\"es\"},{\"@type\":\"Organization\",\"@id\":\"https:\/\/clm-inclusiva.org\/#organization\",\"name\":\"Clm-Inclusiva\",\"url\":\"https:\/\/clm-inclusiva.org\/\",\"logo\":{\"@type\":\"ImageObject\",\"inLanguage\":\"es\",\"@id\":\"https:\/\/clm-inclusiva.org\/#\/schema\/logo\/image\/\",\"url\":\"http:\/\/clm-inclusiva.org\/wp-content\/uploads\/2019\/04\/banner-e1533720812836.jpg\",\"contentUrl\":\"http:\/\/clm-inclusiva.org\/wp-content\/uploads\/2019\/04\/banner-e1533720812836.jpg\",\"width\":600,\"height\":332,\"caption\":\"Clm-Inclusiva\"},\"image\":{\"@id\":\"https:\/\/clm-inclusiva.org\/#\/schema\/logo\/image\/\"},\"sameAs\":[\"https:\/\/www.facebook.com\/castillalamancha.inclusiva\/\",\"https:\/\/twitter.com\/ClmInclusiva\"]},{\"@type\":\"Person\",\"@id\":\"https:\/\/clm-inclusiva.org\/#\/schema\/person\/0cff84aaa5bb8fd3521c55d1578d902b\",\"name\":\"clm-inclusiva\",\"image\":{\"@type\":\"ImageObject\",\"inLanguage\":\"es\",\"@id\":\"https:\/\/clm-inclusiva.org\/#\/schema\/person\/image\/\",\"url\":\"https:\/\/secure.gravatar.com\/avatar\/88948567af770dc9cd5597b329011884?s=96&d=blank&r=g\",\"contentUrl\":\"https:\/\/secure.gravatar.com\/avatar\/88948567af770dc9cd5597b329011884?s=96&d=blank&r=g\",\"caption\":\"clm-inclusiva\"},\"sameAs\":[\"http:\/\/clm-inclusiva.org\"],\"url\":\"https:\/\/clm-inclusiva.org\/?author=1\"}]}<\/script>\n<!-- \/ Yoast SEO plugin. -->","yoast_head_json":{"title":"AJE Ciudad Real trabajar\u00e1 con CLM Inclusiva Cocemfe para mejorar la capacitaci\u00f3n y el empleo de las personas discapacitadas - Clm-Inclusiva","robots":{"index":"index","follow":"follow","max-snippet":"max-snippet:-1","max-image-preview":"max-image-preview:large","max-video-preview":"max-video-preview:-1"},"canonical":"https:\/\/clm-inclusiva.org\/?p=4108","og_locale":"es_ES","og_type":"article","og_title":"AJE Ciudad Real trabajar\u00e1 con CLM Inclusiva Cocemfe para mejorar la capacitaci\u00f3n y el empleo de las personas discapacitadas - Clm-Inclusiva","og_description":"[et_pb_section fb_built=&#8221;1&#8243; _builder_version=&#8221;4.0.4&#8243; custom_padding=&#8221;0px||2px|||&#8221;][et_pb_row _builder_version=&#8221;4.1&#8243; background_size=&#8221;initial&#8221; background_position=&#8221;top_left&#8221; background_repeat=&#8221;repeat&#8221; custom_margin=&#8221;|||||&#8221; custom_padding=&#8221;|||||&#8221;][et_pb_column type=&#8221;4_4&#8243; _builder_version=&#8221;3.25&#8243; custom_padding=&#8221;|||&#8221; custom_padding__hover=&#8221;|||&#8221;][et_pb_text admin_label=&#8221;Noticia&#8221; _builder_version=&#8221;4.1&#8243; text_font=&#8221;||||||||&#8221; background_size=&#8221;initial&#8221; background_position=&#8221;top_left&#8221; background_repeat=&#8221;repeat&#8221; text_orientation=&#8221;justified&#8221; min_height=&#8221;711px&#8221; custom_margin=&#8221;||||false|false&#8221; custom_padding=&#8221;|||||&#8221; hover_enabled=&#8221;0&#8243;] \u00a0 Sendas asociaciones han firmado un acuerdo por el que colaborar\u00e1n en el desarrollo de acciones formativas desde el vivero de empresas de AJE Ciudad Real, donde CLM Inclusiva ha [&hellip;]","og_url":"https:\/\/clm-inclusiva.org\/?p=4108","og_site_name":"Clm-Inclusiva","article_publisher":"https:\/\/www.facebook.com\/castillalamancha.inclusiva\/","article_published_time":"2021-05-12T15:59:43+00:00","article_modified_time":"2021-05-12T15:59:48+00:00","og_image":[{"width":655,"height":437,"url":"https:\/\/clm-inclusiva.org\/wp-content\/uploads\/2021\/05\/aje-clm_inclusiva_2.jpg","type":"image\/jpeg"}],"author":"clm-inclusiva","twitter_card":"summary_large_image","twitter_creator":"@ClmInclusiva","twitter_site":"@ClmInclusiva","twitter_misc":{"Escrito por":"clm-inclusiva","Tiempo de lectura":"5 minutos"},"schema":{"@context":"https:\/\/schema.org","@graph":[{"@type":"Article","@id":"https:\/\/clm-inclusiva.org\/?p=4108#article","isPartOf":{"@id":"https:\/\/clm-inclusiva.org\/?p=4108"},"author":{"name":"clm-inclusiva","@id":"https:\/\/clm-inclusiva.org\/#\/schema\/person\/0cff84aaa5bb8fd3521c55d1578d902b"},"headline":"AJE Ciudad Real trabajar\u00e1 con CLM Inclusiva Cocemfe para mejorar la capacitaci\u00f3n y el empleo de las personas discapacitadas","datePublished":"2021-05-12T15:59:43+00:00","dateModified":"2021-05-12T15:59:48+00:00","mainEntityOfPage":{"@id":"https:\/\/clm-inclusiva.org\/?p=4108"},"wordCount":955,"publisher":{"@id":"https:\/\/clm-inclusiva.org\/#organization"},"articleSection":["Bienestar social","Clm inclusiva","cocemfe","Discapacidad","Politica social","Tercer sector"],"inLanguage":"es"},{"@type":"WebPage","@id":"https:\/\/clm-inclusiva.org\/?p=4108","url":"https:\/\/clm-inclusiva.org\/?p=4108","name":"AJE Ciudad Real trabajar\u00e1 con CLM Inclusiva Cocemfe para mejorar la capacitaci\u00f3n y el empleo de las personas discapacitadas - Clm-Inclusiva","isPartOf":{"@id":"https:\/\/clm-inclusiva.org\/#website"},"datePublished":"2021-05-12T15:59:43+00:00","dateModified":"2021-05-12T15:59:48+00:00","breadcrumb":{"@id":"https:\/\/clm-inclusiva.org\/?p=4108#breadcrumb"},"inLanguage":"es","potentialAction":[{"@type":"ReadAction","target":["https:\/\/clm-inclusiva.org\/?p=4108"]}]},{"@type":"BreadcrumbList","@id":"https:\/\/clm-inclusiva.org\/?p=4108#breadcrumb","itemListElement":[{"@type":"ListItem","position":1,"name":"Portada","item":"https:\/\/clm-inclusiva.org\/"},{"@type":"ListItem","position":2,"name":"AJE Ciudad Real trabajar\u00e1 con CLM Inclusiva Cocemfe para mejorar la capacitaci\u00f3n y el empleo de las personas discapacitadas"}]},{"@type":"WebSite","@id":"https:\/\/clm-inclusiva.org\/#website","url":"https:\/\/clm-inclusiva.org\/","name":"Clm-Inclusiva","description":"Confederaci\u00f3n de entidades de personas con discapacidad f\u00edsica y org\u00e1nica CLM","publisher":{"@id":"https:\/\/clm-inclusiva.org\/#organization"},"potentialAction":[{"@type":"SearchAction","target":{"@type":"EntryPoint","urlTemplate":"https:\/\/clm-inclusiva.org\/?s={search_term_string}"},"query-input":"required name=search_term_string"}],"inLanguage":"es"},{"@type":"Organization","@id":"https:\/\/clm-inclusiva.org\/#organization","name":"Clm-Inclusiva","url":"https:\/\/clm-inclusiva.org\/","logo":{"@type":"ImageObject","inLanguage":"es","@id":"https:\/\/clm-inclusiva.org\/#\/schema\/logo\/image\/","url":"http:\/\/clm-inclusiva.org\/wp-content\/uploads\/2019\/04\/banner-e1533720812836.jpg","contentUrl":"http:\/\/clm-inclusiva.org\/wp-content\/uploads\/2019\/04\/banner-e1533720812836.jpg","width":600,"height":332,"caption":"Clm-Inclusiva"},"image":{"@id":"https:\/\/clm-inclusiva.org\/#\/schema\/logo\/image\/"},"sameAs":["https:\/\/www.facebook.com\/castillalamancha.inclusiva\/","https:\/\/twitter.com\/ClmInclusiva"]},{"@type":"Person","@id":"https:\/\/clm-inclusiva.org\/#\/schema\/person\/0cff84aaa5bb8fd3521c55d1578d902b","name":"clm-inclusiva","image":{"@type":"ImageObject","inLanguage":"es","@id":"https:\/\/clm-inclusiva.org\/#\/schema\/person\/image\/","url":"https:\/\/secure.gravatar.com\/avatar\/88948567af770dc9cd5597b329011884?s=96&d=blank&r=g","contentUrl":"https:\/\/secure.gravatar.com\/avatar\/88948567af770dc9cd5597b329011884?s=96&d=blank&r=g","caption":"clm-inclusiva"},"sameAs":["http:\/\/clm-inclusiva.org"],"url":"https:\/\/clm-inclusiva.org\/?author=1"}]}},"_links":{"self":[{"href":"https:\/\/clm-inclusiva.org\/index.php?rest_route=\/wp\/v2\/posts\/4108"}],"collection":[{"href":"https:\/\/clm-inclusiva.org\/index.php?rest_route=\/wp\/v2\/posts"}],"about":[{"href":"https:\/\/clm-inclusiva.org\/index.php?rest_route=\/wp\/v2\/types\/post"}],"author":[{"embeddable":true,"href":"https:\/\/clm-inclusiva.org\/index.php?rest_route=\/wp\/v2\/users\/1"}],"replies":[{"embeddable":true,"href":"https:\/\/clm-inclusiva.org\/index.php?rest_route=%2Fwp%2Fv2%2Fcomments&post=4108"}],"version-history":[{"count":4,"href":"https:\/\/clm-inclusiva.org\/index.php?rest_route=\/wp\/v2\/posts\/4108\/revisions"}],"predecessor-version":[{"id":4114,"href":"https:\/\/clm-inclusiva.org\/index.php?rest_route=\/wp\/v2\/posts\/4108\/revisions\/4114"}],"wp:featuredmedia":[{"embeddable":true,"href":"https:\/\/clm-inclusiva.org\/index.php?rest_route=\/wp\/v2\/media\/4111"}],"wp:attachment":[{"href":"https:\/\/clm-inclusiva.org\/index.php?rest_route=%2Fwp%2Fv2%2Fmedia&parent=4108"}],"wp:term":[{"taxonomy":"category","embeddable":true,"href":"https:\/\/clm-inclusiva.org\/index.php?rest_route=%2Fwp%2Fv2%2Fcategories&post=4108"},{"taxonomy":"post_tag","embeddable":true,"href":"https:\/\/clm-inclusiva.org\/index.php?rest_route=%2Fwp%2Fv2%2Ftags&post=4108"}],"curies":[{"name":"wp","href":"https:\/\/api.w.org\/{rel}","templated":true}]}}