{"id":409,"date":"2019-03-08T08:51:00","date_gmt":"2019-03-08T08:51:00","guid":{"rendered":"http:\/\/clm-inclusiva.org\/?p=409"},"modified":"2019-06-29T09:42:48","modified_gmt":"2019-06-29T07:42:48","slug":"cermi-castilla-la-mancha-exige-acabar-con-la-enorme-discriminacion-que-sufren-las-mujeres-con-discapacidad-para-acceder-al-mercado-laboral","status":"publish","type":"post","link":"https:\/\/clm-inclusiva.org\/?p=409","title":{"rendered":"CERMI Castilla \u2013 La Mancha exige acabar con la enorme discriminaci\u00f3n que sufren las mujeres con discapacidad para acceder al mercado laboral"},"content":{"rendered":"<p>[et_pb_section fb_built=&#8221;1&#8243; _builder_version=&#8221;3.22.4&#8243; custom_padding=&#8221;0px||2px|||&#8221;][et_pb_row custom_padding=&#8221;|||||&#8221; custom_margin=&#8221;|||||&#8221; _builder_version=&#8221;3.25&#8243; background_size=&#8221;initial&#8221; background_position=&#8221;top_left&#8221; background_repeat=&#8221;repeat&#8221;][et_pb_column type=&#8221;4_4&#8243; _builder_version=&#8221;3.25&#8243; custom_padding=&#8221;|||&#8221; custom_padding__hover=&#8221;|||&#8221;][et_pb_text _builder_version=&#8221;3.22.4&#8243; text_font=&#8221;||||||||&#8221; background_size=&#8221;initial&#8221; background_position=&#8221;top_left&#8221; background_repeat=&#8221;repeat&#8221; text_orientation=&#8221;justified&#8221; custom_margin=&#8221;1px|||||&#8221;]<\/p>\n<p><span>La entidad se suma al manifiesto de la Fundaci\u00f3n CERMI Mujeres, que este a\u00f1o recoge reivindicaciones relacionadas con el derecho al empleo digno y de calidad de las mujeres con discapacidad, con motivo de la celebraci\u00f3n del D\u00eda Internacional de la Mujer<\/span><br \/> <span> Luchar contra la brecha salarial, contra la alta tasa de paro e inactividad y garantizar entornos de trabajo seguros, entre las reivindicaciones planteadas<\/span><br \/> <span> (Toledo, 7 de marzo de 2019). \u2013 El Comit\u00e9 de Entidades Representantes de Personas con Discapacidad de la Castilla \u2013 La Mancha (CERMI CLM) exige acabar con la enorme discriminaci\u00f3n que sufren las mujeres con discapacidad en el acceso al mercado laboral, lo que las aboca a una situaci\u00f3n de empobrecimiento y precariedad que cercena todas las posibilidades de desarrollo de un proyecto de vida propio y de una plena participaci\u00f3n en comunidad.<\/span><br \/> <span> De esta forma, CERMI CLM se adhiere al manifiesto publicado por la Fundaci\u00f3n CERMI Mujeres (FCM) con motivo del D\u00eda Internacional de la Mujer, que tambi\u00e9n ha sido elaborado en lengua de signos, pictogramas, lectura f\u00e1cil y braille, con el fin de garantizar la accesibilidad de sus reivindicaciones para todas las personas con discapacidad.<\/span><br \/> <span> CERMI Mujeres recuerda que el derecho al trabajo de todas las personas con discapacidad est\u00e1 consagrado en la Convenci\u00f3n Internacional de los Derechos de las Personas con Discapacidad. Adem\u00e1s, el mandato de garantizar el acceso al empleo de toda la ciudadan\u00eda est\u00e1 establecido en la Convenci\u00f3n de la ONU para la Eliminaci\u00f3n de todas las Formas de Violencia contra la Mujer y en la Constituci\u00f3n Espa\u00f1ola, as\u00ed como en los Objetivos de Desarrollo Sostenible.<\/span><br \/> <span> Pese a estos compromisos, \u201clas mujeres con discapacidad seguimos siendo una parte de la poblaci\u00f3n m\u00e1s pobre y excluida debido a la falta de formaci\u00f3n profesional competitiva, la brecha digital de g\u00e9nero, la alta tasa de inactividad laboral, la falta de acceso al mercado de trabajo, el desarrollo de actividades no mercantilizadas, las diferencias de sueldo existentes entre hombres y mujeres, los obst\u00e1culos creados por la ausencia de conciliaci\u00f3n de la vida familiar y laboral, la mayor esperanza de vida de las mujeres y, en general, las distintas formas de discriminaci\u00f3n por raz\u00f3n de g\u00e9nero y discapacidad\u201d, expone el manifiesto.<\/span><br \/> <span> CERMI Mujeres destaca que la tasa de inactividad de las mujeres con discapacidad en Espa\u00f1a asciende al 64,8%, una cifra superior a la de los hombres con discapacidad y mucho peor que la de la poblaci\u00f3n sin discapacidad. Esta situaci\u00f3n hace que muchas mujeres con discapacidad en edad laboral no solo no tengan trabajo, sino que ni siquiera est\u00e9n en el proceso de b\u00fasqueda.<\/span><br \/> <span> MAYOR PRECARIEDAD<\/span><br \/> <span> Adem\u00e1s, cuando las mujeres con discapacidad consiguen acceder al mercado laboral, lo hacen en general en unas condiciones de mayor precariedad, con m\u00e1s contratos a tiempo parcial y con una remuneraci\u00f3n inferior. Y es que, seg\u00fan el estudio ODISMET 2018, el salario medio bruto anual de las mujeres con discapacidad es de 17.365 euros, frente al de los hombres con discapacidad que es de 20.614,2 euros. La brecha salarial se agrava si se comparan los datos con la remuneraci\u00f3n de la poblaci\u00f3n sin discapacidad (25.924,43 euros los hombres y 20.131,41 euros las mujeres).<\/span><br \/> <span> Para revertir esta situaci\u00f3n, la Fundaci\u00f3n CERMI Mujeres urge a las administraciones a impulsar pol\u00edticas de activaci\u00f3n sociolaboral de las mujeres con discapacidad que incidan en la formaci\u00f3n y el empoderamiento, como fase previa para alcanzar la plena participaci\u00f3n en el empleo. Estas pol\u00edticas deben ir dirigidas prioritariamente a aquellas mujeres con discapacidad que se enfrentan a m\u00e1s obst\u00e1culos a la hora de encontrar trabajo, especialmente las mujeres con discapacidad intelectual o del desarrollo, as\u00ed como las mujeres del entorno rural y con pluridiscapacidades, articul\u00e1ndose los apoyos en el empleo que, en cada caso, sean necesarios.<\/span><br \/> <span> Garantizar un entorno laboral seguro para todas las personas, pero muy especialmente para las mujeres con discapacidad, libre de violencia y acoso; exigir a las empresas que cumplan la cuota de reserva de puestos para personas con discapacidad; impedir que las mujeres con discapacidad se queden fuera del proceso de transformaci\u00f3n digital que afecta al mercado laboral, y superar la segregaci\u00f3n horizontal (dificultades a la hora de acceder a determinadas profesiones) y vertical (dificultades para poder desarrollarse profesionalmente), son otras reivindicaciones planteadas por CERMI Mujeres este a\u00f1o.<\/span><br \/> <span> Asimismo, la FCM hace un llamamiento para impulsar pol\u00edticas de promoci\u00f3n de la autonom\u00eda personal y de atenci\u00f3n a las personas en situaci\u00f3n de dependencia que, en el marco de una pol\u00edtica de cuidados concebida desde un enfoque de derechos humanos, tenga en consideraci\u00f3n la realidad de las mujeres con discapacidad, no solamente como receptoras de cuidado, sino tambi\u00e9n como proveedoras del mismo, hecho que suele ignorarse de manera sistem\u00e1tica.<\/span><br \/> <span> En este sentido, es preciso dar visibilidad y contabilizar todas las contribuciones no monetarizadas que las mujeres con discapacidad realizan en el \u00e1mbito de la reproducci\u00f3n de la vida y que son esenciales para que el sistema econ\u00f3mico, tal cual est\u00e1 concebido en la actualidad, siga funcionando. La riqueza de un pa\u00eds no solamente se produce en el \u2018mercado\u2019, sino que tambi\u00e9n existen otras esferas de generaci\u00f3n de servicios tradicionalmente ignoradas cuya responsabilidad sigue recayendo en las mujeres.<\/span><br \/> <span> CONTACTO:<\/span><br \/> <span> David Mart\u00ednez Menayo, responsable de Prensa del CERMI<\/span><br \/> <span> Tlf. 663010233, Tlf 915450192<\/span><br \/> <span> Mail: prensa@cermi.es<\/span><\/p>\n<p>[\/et_pb_text][et_pb_post_nav prev_text=&#8221;Anterior&#8221; next_text=&#8221;Siguiente&#8221; _builder_version=&#8221;3.22.4&#8243;][\/et_pb_post_nav][\/et_pb_column][\/et_pb_row][\/et_pb_section]<\/p>\n","protected":false},"excerpt":{"rendered":"<p>[et_pb_section fb_built=&#8221;1&#8243; _builder_version=&#8221;3.22.4&#8243; custom_padding=&#8221;0px||2px|||&#8221;][et_pb_row custom_padding=&#8221;|||||&#8221; custom_margin=&#8221;|||||&#8221; _builder_version=&#8221;3.25&#8243; background_size=&#8221;initial&#8221; background_position=&#8221;top_left&#8221; background_repeat=&#8221;repeat&#8221;][et_pb_column type=&#8221;4_4&#8243; _builder_version=&#8221;3.25&#8243; custom_padding=&#8221;|||&#8221; custom_padding__hover=&#8221;|||&#8221;][et_pb_text _builder_version=&#8221;3.22.4&#8243; text_font=&#8221;||||||||&#8221; background_size=&#8221;initial&#8221; background_position=&#8221;top_left&#8221; background_repeat=&#8221;repeat&#8221; text_orientation=&#8221;justified&#8221; custom_margin=&#8221;1px|||||&#8221;] La entidad se suma al manifiesto de la Fundaci\u00f3n CERMI Mujeres, que este a\u00f1o recoge reivindicaciones relacionadas con el derecho al empleo digno y de calidad de las mujeres con discapacidad, con motivo de [&hellip;]<\/p>\n","protected":false},"author":1,"featured_media":410,"comment_status":"closed","ping_status":"closed","sticky":false,"template":"","format":"standard","meta":{"_et_pb_use_builder":"on","_et_pb_old_content":"<a class=\"fancyboxforwp\" href=\"https:\/\/i2.wp.com\/aidiscam.org\/wp-content\/uploads\/2019\/03\/image003.jpg\" data-fancybox=\"gallery\"><img class=\"alignleft size-full wp-image-2256\" src=\"https:\/\/i2.wp.com\/aidiscam.org\/wp-content\/uploads\/2019\/03\/image003.jpg?w=347\" sizes=\"(max-width: 347px) 100vw, 347px\" alt=\"\" width=\"347\" height=\"281\" data-attachment-id=\"2256\" data-permalink=\"http:\/\/aidiscam.org\/2019\/03\/08\/cermi-castilla-la-mancha-exige-acabar-con-la-enorme-discriminacion-que-sufren-las-mujeres-con-discapacidad-para-acceder-al-mercado-laboral\/image003\/\" data-orig-file=\"https:\/\/i2.wp.com\/aidiscam.org\/wp-content\/uploads\/2019\/03\/image003.jpg?fit=347%2C281\" data-orig-size=\"347,281\" data-comments-opened=\"1\" data-image-meta=\"{\"aperture\":\"0\",\"credit\":\"\",\"camera\":\"\",\"caption\":\"\",\"created_timestamp\":\"0\",\"copyright\":\"\",\"focal_length\":\"0\",\"iso\":\"0\",\"shutter_speed\":\"0\",\"title\":\"\",\"orientation\":\"0\"}\" data-image-title=\"image003\" data-image-description=\"\" data-medium-file=\"https:\/\/i2.wp.com\/aidiscam.org\/wp-content\/uploads\/2019\/03\/image003.jpg?fit=300%2C243\" data-large-file=\"https:\/\/i2.wp.com\/aidiscam.org\/wp-content\/uploads\/2019\/03\/image003.jpg?fit=347%2C281\"><\/a>\r\n<span> La entidad se suma al manifiesto de la Fundaci\u00f3n CERMI Mujeres, que este a\u00f1o recoge reivindicaciones relacionadas con el derecho al empleo digno y de calidad de las mujeres con discapacidad, con motivo de la celebraci\u00f3n del D\u00eda Internacional de la Mujer<\/span>\r\n<span> Luchar contra la brecha salarial, contra la alta tasa de paro e inactividad y garantizar entornos de trabajo seguros, entre las reivindicaciones planteadas<\/span>\r\n<span> (Toledo, 7 de marzo de 2019). \u2013 El Comit\u00e9 de Entidades Representantes de Personas con Discapacidad de la Castilla \u2013 La Mancha (CERMI CLM) exige acabar con la enorme discriminaci\u00f3n que sufren las mujeres con discapacidad en el acceso al mercado laboral, lo que las aboca a una situaci\u00f3n de empobrecimiento y precariedad que cercena todas las posibilidades de desarrollo de un proyecto de vida propio y de una plena participaci\u00f3n en comunidad.<\/span>\r\n<span> De esta forma, CERMI CLM se adhiere al manifiesto publicado por la Fundaci\u00f3n CERMI Mujeres (FCM) con motivo del D\u00eda Internacional de la Mujer, que tambi\u00e9n ha sido elaborado en lengua de signos, pictogramas, lectura f\u00e1cil y braille, con el fin de garantizar la accesibilidad de sus reivindicaciones para todas las personas con discapacidad.<\/span>\r\n<span> CERMI Mujeres recuerda que el derecho al trabajo de todas las personas con discapacidad est\u00e1 consagrado en la Convenci\u00f3n Internacional de los Derechos de las Personas con Discapacidad. Adem\u00e1s, el mandato de garantizar el acceso al empleo de toda la ciudadan\u00eda est\u00e1 establecido en la Convenci\u00f3n de la ONU para la Eliminaci\u00f3n de todas las Formas de Violencia contra la Mujer y en la Constituci\u00f3n Espa\u00f1ola, as\u00ed como en los Objetivos de Desarrollo Sostenible.<\/span>\r\n<span> Pese a estos compromisos, \u201clas mujeres con discapacidad seguimos siendo una parte de la poblaci\u00f3n m\u00e1s pobre y excluida debido a la falta de formaci\u00f3n profesional competitiva, la brecha digital de g\u00e9nero, la alta tasa de inactividad laboral, la falta de acceso al mercado de trabajo, el desarrollo de actividades no mercantilizadas, las diferencias de sueldo existentes entre hombres y mujeres, los obst\u00e1culos creados por la ausencia de conciliaci\u00f3n de la vida familiar y laboral, la mayor esperanza de vida de las mujeres y, en general, las distintas formas de discriminaci\u00f3n por raz\u00f3n de g\u00e9nero y discapacidad\u201d, expone el manifiesto.<\/span>\r\n<span> CERMI Mujeres destaca que la tasa de inactividad de las mujeres con discapacidad en Espa\u00f1a asciende al 64,8%, una cifra superior a la de los hombres con discapacidad y mucho peor que la de la poblaci\u00f3n sin discapacidad. Esta situaci\u00f3n hace que muchas mujeres con discapacidad en edad laboral no solo no tengan trabajo, sino que ni siquiera est\u00e9n en el proceso de b\u00fasqueda.<\/span>\r\n<span> MAYOR PRECARIEDAD<\/span>\r\n<span> Adem\u00e1s, cuando las mujeres con discapacidad consiguen acceder al mercado laboral, lo hacen en general en unas condiciones de mayor precariedad, con m\u00e1s contratos a tiempo parcial y con una remuneraci\u00f3n inferior. Y es que, seg\u00fan el estudio ODISMET 2018, el salario medio bruto anual de las mujeres con discapacidad es de 17.365 euros, frente al de los hombres con discapacidad que es de 20.614,2 euros. La brecha salarial se agrava si se comparan los datos con la remuneraci\u00f3n de la poblaci\u00f3n sin discapacidad (25.924,43 euros los hombres y 20.131,41 euros las mujeres).<\/span>\r\n<span> Para revertir esta situaci\u00f3n, la Fundaci\u00f3n CERMI Mujeres urge a las administraciones a impulsar pol\u00edticas de activaci\u00f3n sociolaboral de las mujeres con discapacidad que incidan en la formaci\u00f3n y el empoderamiento, como fase previa para alcanzar la plena participaci\u00f3n en el empleo. Estas pol\u00edticas deben ir dirigidas prioritariamente a aquellas mujeres con discapacidad que se enfrentan a m\u00e1s obst\u00e1culos a la hora de encontrar trabajo, especialmente las mujeres con discapacidad intelectual o del desarrollo, as\u00ed como las mujeres del entorno rural y con pluridiscapacidades, articul\u00e1ndose los apoyos en el empleo que, en cada caso, sean necesarios.<\/span>\r\n<span> Garantizar un entorno laboral seguro para todas las personas, pero muy especialmente para las mujeres con discapacidad, libre de violencia y acoso; exigir a las empresas que cumplan la cuota de reserva de puestos para personas con discapacidad; impedir que las mujeres con discapacidad se queden fuera del proceso de transformaci\u00f3n digital que afecta al mercado laboral, y superar la segregaci\u00f3n horizontal (dificultades a la hora de acceder a determinadas profesiones) y vertical (dificultades para poder desarrollarse profesionalmente), son otras reivindicaciones planteadas por CERMI Mujeres este a\u00f1o.<\/span>\r\n<span> Asimismo, la FCM hace un llamamiento para impulsar pol\u00edticas de promoci\u00f3n de la autonom\u00eda personal y de atenci\u00f3n a las personas en situaci\u00f3n de dependencia que, en el marco de una pol\u00edtica de cuidados concebida desde un enfoque de derechos humanos, tenga en consideraci\u00f3n la realidad de las mujeres con discapacidad, no solamente como receptoras de cuidado, sino tambi\u00e9n como proveedoras del mismo, hecho que suele ignorarse de manera sistem\u00e1tica.<\/span>\r\n<span> En este sentido, es preciso dar visibilidad y contabilizar todas las contribuciones no monetarizadas que las mujeres con discapacidad realizan en el \u00e1mbito de la reproducci\u00f3n de la vida y que son esenciales para que el sistema econ\u00f3mico, tal cual est\u00e1 concebido en la actualidad, siga funcionando. La riqueza de un pa\u00eds no solamente se produce en el \u2018mercado\u2019, sino que tambi\u00e9n existen otras esferas de generaci\u00f3n de servicios tradicionalmente ignoradas cuya responsabilidad sigue recayendo en las mujeres.<\/span>\r\n<span> CONTACTO:<\/span>\r\n<span> David Mart\u00ednez Menayo, responsable de Prensa del CERMI<\/span>\r\n<span> Tlf. 663010233, Tlf 915450192<\/span>\r\n<span> Mail: prensa@cermi.es<\/span>","_et_gb_content_width":"","footnotes":""},"categories":[5],"tags":[],"yoast_head":"<!-- This site is optimized with the Yoast SEO plugin v21.3 - https:\/\/yoast.com\/wordpress\/plugins\/seo\/ -->\n<title>CERMI Castilla \u2013 La Mancha exige acabar con la enorme discriminaci\u00f3n que sufren las mujeres con discapacidad para acceder al mercado laboral - Clm-Inclusiva<\/title>\n<meta name=\"robots\" content=\"index, follow, max-snippet:-1, max-image-preview:large, max-video-preview:-1\" \/>\n<link rel=\"canonical\" href=\"https:\/\/clm-inclusiva.org\/?p=409\" \/>\n<meta property=\"og:locale\" content=\"es_ES\" \/>\n<meta property=\"og:type\" content=\"article\" \/>\n<meta property=\"og:title\" content=\"CERMI Castilla \u2013 La Mancha exige acabar con la enorme discriminaci\u00f3n que sufren las mujeres con discapacidad para acceder al mercado laboral - Clm-Inclusiva\" \/>\n<meta property=\"og:description\" content=\"[et_pb_section fb_built=&#8221;1&#8243; _builder_version=&#8221;3.22.4&#8243; custom_padding=&#8221;0px||2px|||&#8221;][et_pb_row custom_padding=&#8221;|||||&#8221; custom_margin=&#8221;|||||&#8221; _builder_version=&#8221;3.25&#8243; background_size=&#8221;initial&#8221; background_position=&#8221;top_left&#8221; background_repeat=&#8221;repeat&#8221;][et_pb_column type=&#8221;4_4&#8243; _builder_version=&#8221;3.25&#8243; custom_padding=&#8221;|||&#8221; custom_padding__hover=&#8221;|||&#8221;][et_pb_text _builder_version=&#8221;3.22.4&#8243; text_font=&#8221;||||||||&#8221; background_size=&#8221;initial&#8221; background_position=&#8221;top_left&#8221; background_repeat=&#8221;repeat&#8221; text_orientation=&#8221;justified&#8221; custom_margin=&#8221;1px|||||&#8221;] La entidad se suma al manifiesto de la Fundaci\u00f3n CERMI Mujeres, que este a\u00f1o recoge reivindicaciones relacionadas con el derecho al empleo digno y de calidad de las mujeres con discapacidad, con motivo de [&hellip;]\" \/>\n<meta property=\"og:url\" content=\"https:\/\/clm-inclusiva.org\/?p=409\" \/>\n<meta property=\"og:site_name\" content=\"Clm-Inclusiva\" \/>\n<meta property=\"article:publisher\" content=\"https:\/\/www.facebook.com\/castillalamancha.inclusiva\/\" \/>\n<meta property=\"article:published_time\" content=\"2019-03-08T08:51:00+00:00\" \/>\n<meta property=\"article:modified_time\" content=\"2019-06-29T07:42:48+00:00\" \/>\n<meta property=\"og:image\" content=\"https:\/\/clm-inclusiva.org\/wp-content\/uploads\/2019\/03\/image003-1.jpg\" \/>\n\t<meta property=\"og:image:width\" content=\"347\" \/>\n\t<meta property=\"og:image:height\" content=\"281\" \/>\n\t<meta property=\"og:image:type\" content=\"image\/jpeg\" \/>\n<meta name=\"author\" content=\"clm-inclusiva\" \/>\n<meta name=\"twitter:card\" content=\"summary_large_image\" \/>\n<meta name=\"twitter:creator\" content=\"@ClmInclusiva\" \/>\n<meta name=\"twitter:site\" content=\"@ClmInclusiva\" \/>\n<meta name=\"twitter:label1\" content=\"Escrito por\" \/>\n\t<meta name=\"twitter:data1\" content=\"clm-inclusiva\" \/>\n\t<meta name=\"twitter:label2\" content=\"Tiempo de lectura\" \/>\n\t<meta name=\"twitter:data2\" content=\"5 minutos\" \/>\n<script type=\"application\/ld+json\" class=\"yoast-schema-graph\">{\"@context\":\"https:\/\/schema.org\",\"@graph\":[{\"@type\":\"Article\",\"@id\":\"https:\/\/clm-inclusiva.org\/?p=409#article\",\"isPartOf\":{\"@id\":\"https:\/\/clm-inclusiva.org\/?p=409\"},\"author\":{\"name\":\"clm-inclusiva\",\"@id\":\"https:\/\/clm-inclusiva.org\/#\/schema\/person\/0cff84aaa5bb8fd3521c55d1578d902b\"},\"headline\":\"CERMI Castilla \u2013 La Mancha exige acabar con la enorme discriminaci\u00f3n que sufren las mujeres con discapacidad para acceder al mercado laboral\",\"datePublished\":\"2019-03-08T08:51:00+00:00\",\"dateModified\":\"2019-06-29T07:42:48+00:00\",\"mainEntityOfPage\":{\"@id\":\"https:\/\/clm-inclusiva.org\/?p=409\"},\"wordCount\":1041,\"publisher\":{\"@id\":\"https:\/\/clm-inclusiva.org\/#organization\"},\"articleSection\":[\"Discapacidad\"],\"inLanguage\":\"es\"},{\"@type\":\"WebPage\",\"@id\":\"https:\/\/clm-inclusiva.org\/?p=409\",\"url\":\"https:\/\/clm-inclusiva.org\/?p=409\",\"name\":\"CERMI Castilla \u2013 La Mancha exige acabar con la enorme discriminaci\u00f3n que sufren las mujeres con discapacidad para acceder al mercado laboral - Clm-Inclusiva\",\"isPartOf\":{\"@id\":\"https:\/\/clm-inclusiva.org\/#website\"},\"datePublished\":\"2019-03-08T08:51:00+00:00\",\"dateModified\":\"2019-06-29T07:42:48+00:00\",\"breadcrumb\":{\"@id\":\"https:\/\/clm-inclusiva.org\/?p=409#breadcrumb\"},\"inLanguage\":\"es\",\"potentialAction\":[{\"@type\":\"ReadAction\",\"target\":[\"https:\/\/clm-inclusiva.org\/?p=409\"]}]},{\"@type\":\"BreadcrumbList\",\"@id\":\"https:\/\/clm-inclusiva.org\/?p=409#breadcrumb\",\"itemListElement\":[{\"@type\":\"ListItem\",\"position\":1,\"name\":\"Portada\",\"item\":\"https:\/\/clm-inclusiva.org\/\"},{\"@type\":\"ListItem\",\"position\":2,\"name\":\"CERMI Castilla \u2013 La Mancha exige acabar con la enorme discriminaci\u00f3n que sufren las mujeres con discapacidad para acceder al mercado laboral\"}]},{\"@type\":\"WebSite\",\"@id\":\"https:\/\/clm-inclusiva.org\/#website\",\"url\":\"https:\/\/clm-inclusiva.org\/\",\"name\":\"Clm-Inclusiva\",\"description\":\"Confederaci\u00f3n de entidades de personas con discapacidad f\u00edsica y org\u00e1nica CLM\",\"publisher\":{\"@id\":\"https:\/\/clm-inclusiva.org\/#organization\"},\"potentialAction\":[{\"@type\":\"SearchAction\",\"target\":{\"@type\":\"EntryPoint\",\"urlTemplate\":\"https:\/\/clm-inclusiva.org\/?s={search_term_string}\"},\"query-input\":\"required name=search_term_string\"}],\"inLanguage\":\"es\"},{\"@type\":\"Organization\",\"@id\":\"https:\/\/clm-inclusiva.org\/#organization\",\"name\":\"Clm-Inclusiva\",\"url\":\"https:\/\/clm-inclusiva.org\/\",\"logo\":{\"@type\":\"ImageObject\",\"inLanguage\":\"es\",\"@id\":\"https:\/\/clm-inclusiva.org\/#\/schema\/logo\/image\/\",\"url\":\"http:\/\/clm-inclusiva.org\/wp-content\/uploads\/2019\/04\/banner-e1533720812836.jpg\",\"contentUrl\":\"http:\/\/clm-inclusiva.org\/wp-content\/uploads\/2019\/04\/banner-e1533720812836.jpg\",\"width\":600,\"height\":332,\"caption\":\"Clm-Inclusiva\"},\"image\":{\"@id\":\"https:\/\/clm-inclusiva.org\/#\/schema\/logo\/image\/\"},\"sameAs\":[\"https:\/\/www.facebook.com\/castillalamancha.inclusiva\/\",\"https:\/\/twitter.com\/ClmInclusiva\"]},{\"@type\":\"Person\",\"@id\":\"https:\/\/clm-inclusiva.org\/#\/schema\/person\/0cff84aaa5bb8fd3521c55d1578d902b\",\"name\":\"clm-inclusiva\",\"image\":{\"@type\":\"ImageObject\",\"inLanguage\":\"es\",\"@id\":\"https:\/\/clm-inclusiva.org\/#\/schema\/person\/image\/\",\"url\":\"https:\/\/secure.gravatar.com\/avatar\/88948567af770dc9cd5597b329011884?s=96&d=blank&r=g\",\"contentUrl\":\"https:\/\/secure.gravatar.com\/avatar\/88948567af770dc9cd5597b329011884?s=96&d=blank&r=g\",\"caption\":\"clm-inclusiva\"},\"sameAs\":[\"http:\/\/clm-inclusiva.org\"],\"url\":\"https:\/\/clm-inclusiva.org\/?author=1\"}]}<\/script>\n<!-- \/ Yoast SEO plugin. -->","yoast_head_json":{"title":"CERMI Castilla \u2013 La Mancha exige acabar con la enorme discriminaci\u00f3n que sufren las mujeres con discapacidad para acceder al mercado laboral - Clm-Inclusiva","robots":{"index":"index","follow":"follow","max-snippet":"max-snippet:-1","max-image-preview":"max-image-preview:large","max-video-preview":"max-video-preview:-1"},"canonical":"https:\/\/clm-inclusiva.org\/?p=409","og_locale":"es_ES","og_type":"article","og_title":"CERMI Castilla \u2013 La Mancha exige acabar con la enorme discriminaci\u00f3n que sufren las mujeres con discapacidad para acceder al mercado laboral - Clm-Inclusiva","og_description":"[et_pb_section fb_built=&#8221;1&#8243; _builder_version=&#8221;3.22.4&#8243; custom_padding=&#8221;0px||2px|||&#8221;][et_pb_row custom_padding=&#8221;|||||&#8221; custom_margin=&#8221;|||||&#8221; _builder_version=&#8221;3.25&#8243; background_size=&#8221;initial&#8221; background_position=&#8221;top_left&#8221; background_repeat=&#8221;repeat&#8221;][et_pb_column type=&#8221;4_4&#8243; _builder_version=&#8221;3.25&#8243; custom_padding=&#8221;|||&#8221; custom_padding__hover=&#8221;|||&#8221;][et_pb_text _builder_version=&#8221;3.22.4&#8243; text_font=&#8221;||||||||&#8221; background_size=&#8221;initial&#8221; background_position=&#8221;top_left&#8221; background_repeat=&#8221;repeat&#8221; text_orientation=&#8221;justified&#8221; custom_margin=&#8221;1px|||||&#8221;] La entidad se suma al manifiesto de la Fundaci\u00f3n CERMI Mujeres, que este a\u00f1o recoge reivindicaciones relacionadas con el derecho al empleo digno y de calidad de las mujeres con discapacidad, con motivo de [&hellip;]","og_url":"https:\/\/clm-inclusiva.org\/?p=409","og_site_name":"Clm-Inclusiva","article_publisher":"https:\/\/www.facebook.com\/castillalamancha.inclusiva\/","article_published_time":"2019-03-08T08:51:00+00:00","article_modified_time":"2019-06-29T07:42:48+00:00","og_image":[{"width":347,"height":281,"url":"https:\/\/clm-inclusiva.org\/wp-content\/uploads\/2019\/03\/image003-1.jpg","type":"image\/jpeg"}],"author":"clm-inclusiva","twitter_card":"summary_large_image","twitter_creator":"@ClmInclusiva","twitter_site":"@ClmInclusiva","twitter_misc":{"Escrito por":"clm-inclusiva","Tiempo de lectura":"5 minutos"},"schema":{"@context":"https:\/\/schema.org","@graph":[{"@type":"Article","@id":"https:\/\/clm-inclusiva.org\/?p=409#article","isPartOf":{"@id":"https:\/\/clm-inclusiva.org\/?p=409"},"author":{"name":"clm-inclusiva","@id":"https:\/\/clm-inclusiva.org\/#\/schema\/person\/0cff84aaa5bb8fd3521c55d1578d902b"},"headline":"CERMI Castilla \u2013 La Mancha exige acabar con la enorme discriminaci\u00f3n que sufren las mujeres con discapacidad para acceder al mercado laboral","datePublished":"2019-03-08T08:51:00+00:00","dateModified":"2019-06-29T07:42:48+00:00","mainEntityOfPage":{"@id":"https:\/\/clm-inclusiva.org\/?p=409"},"wordCount":1041,"publisher":{"@id":"https:\/\/clm-inclusiva.org\/#organization"},"articleSection":["Discapacidad"],"inLanguage":"es"},{"@type":"WebPage","@id":"https:\/\/clm-inclusiva.org\/?p=409","url":"https:\/\/clm-inclusiva.org\/?p=409","name":"CERMI Castilla \u2013 La Mancha exige acabar con la enorme discriminaci\u00f3n que sufren las mujeres con discapacidad para acceder al mercado laboral - Clm-Inclusiva","isPartOf":{"@id":"https:\/\/clm-inclusiva.org\/#website"},"datePublished":"2019-03-08T08:51:00+00:00","dateModified":"2019-06-29T07:42:48+00:00","breadcrumb":{"@id":"https:\/\/clm-inclusiva.org\/?p=409#breadcrumb"},"inLanguage":"es","potentialAction":[{"@type":"ReadAction","target":["https:\/\/clm-inclusiva.org\/?p=409"]}]},{"@type":"BreadcrumbList","@id":"https:\/\/clm-inclusiva.org\/?p=409#breadcrumb","itemListElement":[{"@type":"ListItem","position":1,"name":"Portada","item":"https:\/\/clm-inclusiva.org\/"},{"@type":"ListItem","position":2,"name":"CERMI Castilla \u2013 La Mancha exige acabar con la enorme discriminaci\u00f3n que sufren las mujeres con discapacidad para acceder al mercado laboral"}]},{"@type":"WebSite","@id":"https:\/\/clm-inclusiva.org\/#website","url":"https:\/\/clm-inclusiva.org\/","name":"Clm-Inclusiva","description":"Confederaci\u00f3n de entidades de personas con discapacidad f\u00edsica y org\u00e1nica CLM","publisher":{"@id":"https:\/\/clm-inclusiva.org\/#organization"},"potentialAction":[{"@type":"SearchAction","target":{"@type":"EntryPoint","urlTemplate":"https:\/\/clm-inclusiva.org\/?s={search_term_string}"},"query-input":"required name=search_term_string"}],"inLanguage":"es"},{"@type":"Organization","@id":"https:\/\/clm-inclusiva.org\/#organization","name":"Clm-Inclusiva","url":"https:\/\/clm-inclusiva.org\/","logo":{"@type":"ImageObject","inLanguage":"es","@id":"https:\/\/clm-inclusiva.org\/#\/schema\/logo\/image\/","url":"http:\/\/clm-inclusiva.org\/wp-content\/uploads\/2019\/04\/banner-e1533720812836.jpg","contentUrl":"http:\/\/clm-inclusiva.org\/wp-content\/uploads\/2019\/04\/banner-e1533720812836.jpg","width":600,"height":332,"caption":"Clm-Inclusiva"},"image":{"@id":"https:\/\/clm-inclusiva.org\/#\/schema\/logo\/image\/"},"sameAs":["https:\/\/www.facebook.com\/castillalamancha.inclusiva\/","https:\/\/twitter.com\/ClmInclusiva"]},{"@type":"Person","@id":"https:\/\/clm-inclusiva.org\/#\/schema\/person\/0cff84aaa5bb8fd3521c55d1578d902b","name":"clm-inclusiva","image":{"@type":"ImageObject","inLanguage":"es","@id":"https:\/\/clm-inclusiva.org\/#\/schema\/person\/image\/","url":"https:\/\/secure.gravatar.com\/avatar\/88948567af770dc9cd5597b329011884?s=96&d=blank&r=g","contentUrl":"https:\/\/secure.gravatar.com\/avatar\/88948567af770dc9cd5597b329011884?s=96&d=blank&r=g","caption":"clm-inclusiva"},"sameAs":["http:\/\/clm-inclusiva.org"],"url":"https:\/\/clm-inclusiva.org\/?author=1"}]}},"_links":{"self":[{"href":"https:\/\/clm-inclusiva.org\/index.php?rest_route=\/wp\/v2\/posts\/409"}],"collection":[{"href":"https:\/\/clm-inclusiva.org\/index.php?rest_route=\/wp\/v2\/posts"}],"about":[{"href":"https:\/\/clm-inclusiva.org\/index.php?rest_route=\/wp\/v2\/types\/post"}],"author":[{"embeddable":true,"href":"https:\/\/clm-inclusiva.org\/index.php?rest_route=\/wp\/v2\/users\/1"}],"replies":[{"embeddable":true,"href":"https:\/\/clm-inclusiva.org\/index.php?rest_route=%2Fwp%2Fv2%2Fcomments&post=409"}],"version-history":[{"count":6,"href":"https:\/\/clm-inclusiva.org\/index.php?rest_route=\/wp\/v2\/posts\/409\/revisions"}],"predecessor-version":[{"id":2600,"href":"https:\/\/clm-inclusiva.org\/index.php?rest_route=\/wp\/v2\/posts\/409\/revisions\/2600"}],"wp:featuredmedia":[{"embeddable":true,"href":"https:\/\/clm-inclusiva.org\/index.php?rest_route=\/wp\/v2\/media\/410"}],"wp:attachment":[{"href":"https:\/\/clm-inclusiva.org\/index.php?rest_route=%2Fwp%2Fv2%2Fmedia&parent=409"}],"wp:term":[{"taxonomy":"category","embeddable":true,"href":"https:\/\/clm-inclusiva.org\/index.php?rest_route=%2Fwp%2Fv2%2Fcategories&post=409"},{"taxonomy":"post_tag","embeddable":true,"href":"https:\/\/clm-inclusiva.org\/index.php?rest_route=%2Fwp%2Fv2%2Ftags&post=409"}],"curies":[{"name":"wp","href":"https:\/\/api.w.org\/{rel}","templated":true}]}}