{"id":4089,"date":"2021-04-08T13:19:54","date_gmt":"2021-04-08T11:19:54","guid":{"rendered":"http:\/\/clm-inclusiva.org\/?p=4089"},"modified":"2021-04-08T13:20:00","modified_gmt":"2021-04-08T11:20:00","slug":"el-ayuntamiento-de-hellin-firma-un-convenio-de-colaboracion-con-clm-inclusiva-cocemfe","status":"publish","type":"post","link":"https:\/\/clm-inclusiva.org\/?p=4089","title":{"rendered":"El ayuntamiento de Hell\u00edn firma un convenio de colaboraci\u00f3n con CLM INCLUSIVA COCEMFE"},"content":{"rendered":"<p>[et_pb_section fb_built=&#8221;1&#8243; _builder_version=&#8221;4.0.4&#8243; custom_padding=&#8221;0px||2px|||&#8221;][et_pb_row _builder_version=&#8221;4.1&#8243; background_size=&#8221;initial&#8221; background_position=&#8221;top_left&#8221; background_repeat=&#8221;repeat&#8221; custom_margin=&#8221;|||||&#8221; custom_padding=&#8221;|||||&#8221;][et_pb_column type=&#8221;4_4&#8243; _builder_version=&#8221;3.25&#8243; custom_padding=&#8221;|||&#8221; custom_padding__hover=&#8221;|||&#8221;][et_pb_text admin_label=&#8221;Noticia&#8221; _builder_version=&#8221;4.1&#8243; text_font=&#8221;||||||||&#8221; background_size=&#8221;initial&#8221; background_position=&#8221;top_left&#8221; background_repeat=&#8221;repeat&#8221; text_orientation=&#8221;justified&#8221; min_height=&#8221;711px&#8221; custom_margin=&#8221;||||false|false&#8221; custom_padding=&#8221;|||||&#8221;]<\/p>\n<div class=\"kvgmc6g5 cxmmr5t8 oygrvhab hcukyx3x c1et5uql ii04i59q\">\n<div dir=\"auto\">Albacete (08\/04\/2021).- En la ma\u00f1ana de ayer se firmo en el ayuntamiento de Hell\u00edn dos convenios con la confederaci\u00f3n de entidades de personas con discapacidad f\u00edsica y org\u00e1nica de Castilla La mancha, CLM INCLUSIVA COCEMFE.\u00a0el primero es relativo a la colaboraci\u00f3n en las actividades y programas que realice la entidad que preside Enrique Alarc\u00f3n, y el segundo, relativo a la cesi\u00f3n hasta el pr\u00f3ximo mes de octubre de un aula en el Centro de Formaci\u00f3n para la puesta en marcha de un curso de Atenci\u00f3n al Cliente y auxiliar de ventas on-line, para 10 alumnos de Hell\u00edn y su comarca, con una duraci\u00f3n de 300 horas (180 te\u00f3ricas).<\/div>\n<div dir=\"auto\">\u00a0<\/div>\n<div dir=\"auto\">En este intervinieron en nombre del ayuntamiento de Hell\u00edn, su alcalde, Ram\u00f3n Garc\u00eda, y en nombre de la confederaci\u00f3n, su presidente, Enrique Alarc\u00f3n.<\/div>\n<\/div>\n<div dir=\"auto\">\u00a0<\/div>\n<div class=\"kvgmc6g5 cxmmr5t8 oygrvhab hcukyx3x c1et5uql ii04i59q\">\n<div dir=\"auto\">(fuente, la tribuna de Albacete) ; <em>Para el alcalde, \u201ces importante y prioritario ofrecer a las personas con discapacidad orientaci\u00f3n laboral que les faculte para poder acceder a un puesto de trabajo\u201d. El presidente de la entidad de inclusi\u00f3n, por su parte, agradeci\u00f3 en primer lugar el \u201capoyo incondicional del Ayuntamiento de Hell\u00edn, que no es puntual sino casi permanente en el tiempo ya que siempre que llamamos a su puerta est\u00e1n dispuestos a prestar su ayuda\u201d. Explic\u00f3 Enrique Alarc\u00f3n \u201cque existen bolsas de pobreza entre las personas con discapacidad y es nuestra obligaci\u00f3n trabajar para que desaparezcan, principalmente facilit\u00e1ndoles la formaci\u00f3n para que puedan acceder a un empleo, ya que sin ello, su vida es incompleta y con la capacitaci\u00f3n pueden abrir la puerta de la inserci\u00f3n laboral\u201d. Record\u00f3 que \u201cel acceso al empleo de las personas con discapacidad debe contemplarse como un derecho y se debe avanzar en esa l\u00ednea\u201d. Por esa misma raz\u00f3n \u201cdesde la Confederaci\u00f3n siempre tuvimos como prioritario que la capacitaci\u00f3n y la mejora de la empleabilidad de las personas con discapacidad f\u00edsica y org\u00e1nica deb\u00edan ser uno de los retos y objetivos que deb\u00edamos afrontar\u201d. En ese sentido, desde la entidad, consideran que deben continuar apostando por la continuidad de este tipo de cursos \u201ces fundamental seguir incrementando acciones formativas que den respuesta a las demandas reales del mercado laboral para las personas con discapacidad\u201d.<\/em><\/div>\n<div dir=\"auto\">\u00a0<\/div>\n<div dir=\"auto\">EMPLEO Y FORMACI\u00d3N | El siguiente convenio marco y convenio espec\u00edfico se ha firmado hoy entre el Ayuntamiento de Hell\u00edn y CLM Inclusiva:<\/div>\n<\/div>\n<div class=\"o9v6fnle cxmmr5t8 oygrvhab hcukyx3x c1et5uql ii04i59q\">\n<div dir=\"auto\">CONVENIO MARCO DE COLABORACI\u00d3N ENTRE LA CONFEDERACI\u00d3N DE ENTIDADES DE PERSONAS CON DISCAPACIDAD F\u00cdSICA Y ORG\u00c1NICA DE CASTILLA LA MANCHA (CLM INCLUSIVA &#8211; COCEMFE) Y EL EXCMO. AYUNTAMIENTO DE HELL\u00cdN.<\/div>\n<\/div>\n<div class=\"o9v6fnle cxmmr5t8 oygrvhab hcukyx3x c1et5uql ii04i59q\">\n<div dir=\"auto\">El AYUNTAMIENTO DE HELL\u00cdN a la vista de los fines y actividades de CLM INCLUSIVA \u2013 COCEMFE, los considera de inter\u00e9s, por lo que se acuerda suscribir el presente Convenio de Colaboraci\u00f3n entre ambas partes, para el desarrollo de proyectos y actividades conjuntas relacionadas con los fines de ambas entidades, y esto con el fin de mejorar el empleo, la calidad de vida, la participaci\u00f3n social, y el cumplimiento efectivo de los derechos de las personas con discapacidad f\u00edsica y org\u00e1nica.<\/div>\n<\/div>\n<div class=\"o9v6fnle cxmmr5t8 oygrvhab hcukyx3x c1et5uql ii04i59q\">\n<div dir=\"auto\">\u00a0CONVENIO ESPECIFICO DE USO DE INSTALACIONES PARA LA EJECUCION Y DESARROLLO DE UNA ACCI\u00d3N FORMATIVA<\/div>\n<div dir=\"auto\">CONVOCATORIA FUNDACI\u00d3N ONCE \u201cUno a Uno\u201d<\/div>\n<\/div>\n<div class=\"o9v6fnle cxmmr5t8 oygrvhab hcukyx3x c1et5uql ii04i59q\">\n<div dir=\"auto\">El objeto del presente Convenio es la cesi\u00f3n del uso de una de las aulas del Centro de Formaci\u00f3n Municipal sito en el Pol\u00edgono Industrial \u201cSan Rafael\u201d para el desarrollo y ejecuci\u00f3n de las acciones formativas incluidas en el proyecto aprobado. El presente convenio repercutir\u00e1 a favor de la mejora competencial de las personas con discapacidad en desempleo de la comarca.<\/div>\n<\/div>\n<div class=\"o9v6fnle cxmmr5t8 oygrvhab hcukyx3x c1et5uql ii04i59q\">\n<div dir=\"auto\">Hell\u00edn, a 07 de abril de 2021.<\/div>\n<\/div>\n<div class=\"o9v6fnle cxmmr5t8 oygrvhab hcukyx3x c1et5uql ii04i59q\">\n<div dir=\"auto\">REUNIDOS<\/div>\n<div dir=\"auto\">&#8211; La Confederaci\u00f3n de Entidades de Personas con Discapacidad F\u00edsica y Org\u00e1nica de Castilla La Mancha, (en adelante, \u201cCLM INCLUSIVA \u2013 COCEMFE) Y, en nombre y representaci\u00f3n de esta, D. Enrique Alarc\u00f3n Garc\u00eda, en su condici\u00f3n de Presidente.<\/div>\n<div dir=\"auto\">&#8211; El AYUNTAMIENTO DE HELL\u00cdN Y, en nombre y representaci\u00f3n de esta, D. RAM\u00d3N GARC\u00cdA RODR\u00cdGUEZ en su condici\u00f3n de Alcalde-Presidente de la Entidad Local.<\/div>\n<\/div>\n<p>[\/et_pb_text][et_pb_post_nav prev_text=&#8221;Anterior&#8221; next_text=&#8221;Siguiente&#8221; _builder_version=&#8221;3.22.4&#8243;][\/et_pb_post_nav][\/et_pb_column][\/et_pb_row][\/et_pb_section]<\/p>\n","protected":false},"excerpt":{"rendered":"<p>[et_pb_section fb_built=&#8221;1&#8243; _builder_version=&#8221;4.0.4&#8243; custom_padding=&#8221;0px||2px|||&#8221;][et_pb_row _builder_version=&#8221;4.1&#8243; background_size=&#8221;initial&#8221; background_position=&#8221;top_left&#8221; background_repeat=&#8221;repeat&#8221; custom_margin=&#8221;|||||&#8221; custom_padding=&#8221;|||||&#8221;][et_pb_column type=&#8221;4_4&#8243; _builder_version=&#8221;3.25&#8243; custom_padding=&#8221;|||&#8221; custom_padding__hover=&#8221;|||&#8221;][et_pb_text admin_label=&#8221;Noticia&#8221; _builder_version=&#8221;4.1&#8243; text_font=&#8221;||||||||&#8221; background_size=&#8221;initial&#8221; background_position=&#8221;top_left&#8221; background_repeat=&#8221;repeat&#8221; text_orientation=&#8221;justified&#8221; min_height=&#8221;711px&#8221; custom_margin=&#8221;||||false|false&#8221; custom_padding=&#8221;|||||&#8221;] Albacete (08\/04\/2021).- En la ma\u00f1ana de ayer se firmo en el ayuntamiento de Hell\u00edn dos convenios con la confederaci\u00f3n de entidades de personas con discapacidad f\u00edsica y org\u00e1nica de Castilla La [&hellip;]<\/p>\n","protected":false},"author":1,"featured_media":4091,"comment_status":"closed","ping_status":"closed","sticky":false,"template":"","format":"standard","meta":{"_et_pb_use_builder":"on","_et_pb_old_content":"<h5 style=\"text-align: justify;\">La Confederaci\u00f3n CLM Inclusiva y la asociaci\u00f3n empresarial de Centros Especiales de Empleo de COCEMFE en Castilla-La Mancha, AECEMCO CLM, han firmado un acuerdo para promover las oportunidades de formaci\u00f3n y empleo de las personas del colectivo.<\/h5>\r\n<p style=\"text-align: justify;\"><img class=\"alignnone size-full wp-image-471\" src=\"http:\/\/clm-inclusiva.org\/wp-content\/uploads\/2019\/04\/3500_fotonoticia_20190402151941_1920.jpg\" alt=\"\" width=\"670\" height=\"300\"><\/p>\r\n<p style=\"text-align: justify;\">El presidente de la confederaci\u00f3n CLM Inclusiva, Enrique Alarc\u00f3n Garc\u00eda, y el presidente de AECEMCO CLM, \u00d3scar Sillas, han rubricado este acuerdo de colaboraci\u00f3n para coordinar su labor y actuaciones de apoyo a la promoci\u00f3n de los derechos de las personas con discapacidad f\u00edsica y org\u00e1nica en Castilla-La Mancha, ha informado esta confederaci\u00f3n en nota de prensa.<\/p>\r\nEl sector empresarial promovido por las organizaciones de COCEMFE sin \u00e1nimo de lucro, integrado en AECEMCO, da empleo actualmente a m\u00e1s de 800 personas con discapacidad de todo tipo, con actividades productivas y de prestaci\u00f3n de servicios muy variados como obras, lavander\u00eda, limpieza, medioambiente, manipulados, formaci\u00f3n, etc.\r\n\r\nAmbas organizaciones que comparten valores sociales y visi\u00f3n sobre los derechos de las personas con discapacidad coordinar\u00e1n todas sus actividades para incrementar las oportunidades de formaci\u00f3n, aprendizaje en el puesto de trabajo y calidad de los mismos, tanto en empleo protegido como ordinario.\r\n\r\nDentro de las actuaciones objeto del acuerdo se pondr\u00e1 especial atenci\u00f3n a dar a conocer la normativa de reserva de empleo para personas con discapacidad, as\u00ed como el adecuado cumplimiento de las medidas alternativas, para lo que se informar\u00e1 conjuntamente a administraciones, federaciones empresariales y grandes empresas sobre las oportunidades de empleabilidad de las personas con discapacidad f\u00edsica y org\u00e1nica.\r\n\r\nCLM Inclusiva dispone actualmente de Servicio de Empleo en todas las provincias de Castilla-La Mancha, gracias al apoyo de Fundaci\u00f3n ONCE y la financiaci\u00f3n de proyectos con cargo al IRPF, que realiza labor de intermediaci\u00f3n entre personas con discapacidad demandantes de empleo y empresas, asegurando la adecuaci\u00f3n de trabajadores al puesto de trabajo e informando sobre incentivos a la contrataci\u00f3n y ajustes t\u00e9cnicos necesarios en el puesto.\r\n\r\nLa Confederaci\u00f3n regional de entidades de personas con discapacidad f\u00edsica y org\u00e1nica, Castilla-La Mancha Inclusiva, agrupa al movimiento asociativo de COCEMFE en la Regi\u00f3n, con casi un centenar de entidades que representan en torno a 10.000 personas con discapacidad.\r\n\r\nActualmente se encuentra compuesta por cinco federaciones provinciales, COCEMFE Albacete, COCEMFE Cuenca, COCEMFE Guadalajara, COCEMFE Toledo y Ciudad Real Inclusiva, las entidades regionales AFANION, Federaci\u00f3n LUNA CLM de mujeres con discapacidad, AIDISCAM, y la asociaci\u00f3n nacional AMIAB.","_et_gb_content_width":"","footnotes":""},"categories":[45,39,4,47,5,44,41],"tags":[],"yoast_head":"<!-- This site is optimized with the Yoast SEO plugin v21.3 - https:\/\/yoast.com\/wordpress\/plugins\/seo\/ -->\n<title>El ayuntamiento de Hell\u00edn firma un convenio de colaboraci\u00f3n con CLM INCLUSIVA COCEMFE - Clm-Inclusiva<\/title>\n<meta name=\"robots\" content=\"index, follow, max-snippet:-1, max-image-preview:large, max-video-preview:-1\" \/>\n<link rel=\"canonical\" href=\"https:\/\/clm-inclusiva.org\/?p=4089\" \/>\n<meta property=\"og:locale\" content=\"es_ES\" \/>\n<meta property=\"og:type\" content=\"article\" \/>\n<meta property=\"og:title\" content=\"El ayuntamiento de Hell\u00edn firma un convenio de colaboraci\u00f3n con CLM INCLUSIVA COCEMFE - Clm-Inclusiva\" \/>\n<meta property=\"og:description\" content=\"[et_pb_section fb_built=&#8221;1&#8243; _builder_version=&#8221;4.0.4&#8243; custom_padding=&#8221;0px||2px|||&#8221;][et_pb_row _builder_version=&#8221;4.1&#8243; background_size=&#8221;initial&#8221; background_position=&#8221;top_left&#8221; background_repeat=&#8221;repeat&#8221; custom_margin=&#8221;|||||&#8221; custom_padding=&#8221;|||||&#8221;][et_pb_column type=&#8221;4_4&#8243; _builder_version=&#8221;3.25&#8243; custom_padding=&#8221;|||&#8221; custom_padding__hover=&#8221;|||&#8221;][et_pb_text admin_label=&#8221;Noticia&#8221; _builder_version=&#8221;4.1&#8243; text_font=&#8221;||||||||&#8221; background_size=&#8221;initial&#8221; background_position=&#8221;top_left&#8221; background_repeat=&#8221;repeat&#8221; text_orientation=&#8221;justified&#8221; min_height=&#8221;711px&#8221; custom_margin=&#8221;||||false|false&#8221; custom_padding=&#8221;|||||&#8221;] Albacete (08\/04\/2021).- En la ma\u00f1ana de ayer se firmo en el ayuntamiento de Hell\u00edn dos convenios con la confederaci\u00f3n de entidades de personas con discapacidad f\u00edsica y org\u00e1nica de Castilla La [&hellip;]\" \/>\n<meta property=\"og:url\" content=\"https:\/\/clm-inclusiva.org\/?p=4089\" \/>\n<meta property=\"og:site_name\" content=\"Clm-Inclusiva\" \/>\n<meta property=\"article:publisher\" content=\"https:\/\/www.facebook.com\/castillalamancha.inclusiva\/\" \/>\n<meta property=\"article:published_time\" content=\"2021-04-08T11:19:54+00:00\" \/>\n<meta property=\"article:modified_time\" content=\"2021-04-08T11:20:00+00:00\" \/>\n<meta property=\"og:image\" content=\"https:\/\/clm-inclusiva.org\/wp-content\/uploads\/2021\/04\/hellin.jpg\" \/>\n\t<meta property=\"og:image:width\" content=\"1754\" \/>\n\t<meta property=\"og:image:height\" content=\"1240\" \/>\n\t<meta property=\"og:image:type\" content=\"image\/jpeg\" \/>\n<meta name=\"author\" content=\"clm-inclusiva\" \/>\n<meta name=\"twitter:card\" content=\"summary_large_image\" \/>\n<meta name=\"twitter:creator\" content=\"@ClmInclusiva\" \/>\n<meta name=\"twitter:site\" content=\"@ClmInclusiva\" \/>\n<meta name=\"twitter:label1\" content=\"Escrito por\" \/>\n\t<meta name=\"twitter:data1\" content=\"clm-inclusiva\" \/>\n\t<meta name=\"twitter:label2\" content=\"Tiempo de lectura\" \/>\n\t<meta name=\"twitter:data2\" content=\"4 minutos\" \/>\n<script type=\"application\/ld+json\" class=\"yoast-schema-graph\">{\"@context\":\"https:\/\/schema.org\",\"@graph\":[{\"@type\":\"Article\",\"@id\":\"https:\/\/clm-inclusiva.org\/?p=4089#article\",\"isPartOf\":{\"@id\":\"https:\/\/clm-inclusiva.org\/?p=4089\"},\"author\":{\"name\":\"clm-inclusiva\",\"@id\":\"https:\/\/clm-inclusiva.org\/#\/schema\/person\/0cff84aaa5bb8fd3521c55d1578d902b\"},\"headline\":\"El ayuntamiento de Hell\u00edn firma un convenio de colaboraci\u00f3n con CLM INCLUSIVA COCEMFE\",\"datePublished\":\"2021-04-08T11:19:54+00:00\",\"dateModified\":\"2021-04-08T11:20:00+00:00\",\"mainEntityOfPage\":{\"@id\":\"https:\/\/clm-inclusiva.org\/?p=4089\"},\"wordCount\":828,\"publisher\":{\"@id\":\"https:\/\/clm-inclusiva.org\/#organization\"},\"articleSection\":[\"Albacete\",\"Bienestar social\",\"Clm inclusiva\",\"cocemfe\",\"Discapacidad\",\"Politica social\",\"Tercer sector\"],\"inLanguage\":\"es\"},{\"@type\":\"WebPage\",\"@id\":\"https:\/\/clm-inclusiva.org\/?p=4089\",\"url\":\"https:\/\/clm-inclusiva.org\/?p=4089\",\"name\":\"El ayuntamiento de Hell\u00edn firma un convenio de colaboraci\u00f3n con CLM INCLUSIVA COCEMFE - Clm-Inclusiva\",\"isPartOf\":{\"@id\":\"https:\/\/clm-inclusiva.org\/#website\"},\"datePublished\":\"2021-04-08T11:19:54+00:00\",\"dateModified\":\"2021-04-08T11:20:00+00:00\",\"breadcrumb\":{\"@id\":\"https:\/\/clm-inclusiva.org\/?p=4089#breadcrumb\"},\"inLanguage\":\"es\",\"potentialAction\":[{\"@type\":\"ReadAction\",\"target\":[\"https:\/\/clm-inclusiva.org\/?p=4089\"]}]},{\"@type\":\"BreadcrumbList\",\"@id\":\"https:\/\/clm-inclusiva.org\/?p=4089#breadcrumb\",\"itemListElement\":[{\"@type\":\"ListItem\",\"position\":1,\"name\":\"Portada\",\"item\":\"https:\/\/clm-inclusiva.org\/\"},{\"@type\":\"ListItem\",\"position\":2,\"name\":\"El ayuntamiento de Hell\u00edn firma un convenio de colaboraci\u00f3n con CLM INCLUSIVA COCEMFE\"}]},{\"@type\":\"WebSite\",\"@id\":\"https:\/\/clm-inclusiva.org\/#website\",\"url\":\"https:\/\/clm-inclusiva.org\/\",\"name\":\"Clm-Inclusiva\",\"description\":\"Confederaci\u00f3n de entidades de personas con discapacidad f\u00edsica y org\u00e1nica CLM\",\"publisher\":{\"@id\":\"https:\/\/clm-inclusiva.org\/#organization\"},\"potentialAction\":[{\"@type\":\"SearchAction\",\"target\":{\"@type\":\"EntryPoint\",\"urlTemplate\":\"https:\/\/clm-inclusiva.org\/?s={search_term_string}\"},\"query-input\":\"required name=search_term_string\"}],\"inLanguage\":\"es\"},{\"@type\":\"Organization\",\"@id\":\"https:\/\/clm-inclusiva.org\/#organization\",\"name\":\"Clm-Inclusiva\",\"url\":\"https:\/\/clm-inclusiva.org\/\",\"logo\":{\"@type\":\"ImageObject\",\"inLanguage\":\"es\",\"@id\":\"https:\/\/clm-inclusiva.org\/#\/schema\/logo\/image\/\",\"url\":\"http:\/\/clm-inclusiva.org\/wp-content\/uploads\/2019\/04\/banner-e1533720812836.jpg\",\"contentUrl\":\"http:\/\/clm-inclusiva.org\/wp-content\/uploads\/2019\/04\/banner-e1533720812836.jpg\",\"width\":600,\"height\":332,\"caption\":\"Clm-Inclusiva\"},\"image\":{\"@id\":\"https:\/\/clm-inclusiva.org\/#\/schema\/logo\/image\/\"},\"sameAs\":[\"https:\/\/www.facebook.com\/castillalamancha.inclusiva\/\",\"https:\/\/twitter.com\/ClmInclusiva\"]},{\"@type\":\"Person\",\"@id\":\"https:\/\/clm-inclusiva.org\/#\/schema\/person\/0cff84aaa5bb8fd3521c55d1578d902b\",\"name\":\"clm-inclusiva\",\"image\":{\"@type\":\"ImageObject\",\"inLanguage\":\"es\",\"@id\":\"https:\/\/clm-inclusiva.org\/#\/schema\/person\/image\/\",\"url\":\"https:\/\/secure.gravatar.com\/avatar\/88948567af770dc9cd5597b329011884?s=96&d=blank&r=g\",\"contentUrl\":\"https:\/\/secure.gravatar.com\/avatar\/88948567af770dc9cd5597b329011884?s=96&d=blank&r=g\",\"caption\":\"clm-inclusiva\"},\"sameAs\":[\"http:\/\/clm-inclusiva.org\"],\"url\":\"https:\/\/clm-inclusiva.org\/?author=1\"}]}<\/script>\n<!-- \/ Yoast SEO plugin. -->","yoast_head_json":{"title":"El ayuntamiento de Hell\u00edn firma un convenio de colaboraci\u00f3n con CLM INCLUSIVA COCEMFE - Clm-Inclusiva","robots":{"index":"index","follow":"follow","max-snippet":"max-snippet:-1","max-image-preview":"max-image-preview:large","max-video-preview":"max-video-preview:-1"},"canonical":"https:\/\/clm-inclusiva.org\/?p=4089","og_locale":"es_ES","og_type":"article","og_title":"El ayuntamiento de Hell\u00edn firma un convenio de colaboraci\u00f3n con CLM INCLUSIVA COCEMFE - Clm-Inclusiva","og_description":"[et_pb_section fb_built=&#8221;1&#8243; _builder_version=&#8221;4.0.4&#8243; custom_padding=&#8221;0px||2px|||&#8221;][et_pb_row _builder_version=&#8221;4.1&#8243; background_size=&#8221;initial&#8221; background_position=&#8221;top_left&#8221; background_repeat=&#8221;repeat&#8221; custom_margin=&#8221;|||||&#8221; custom_padding=&#8221;|||||&#8221;][et_pb_column type=&#8221;4_4&#8243; _builder_version=&#8221;3.25&#8243; custom_padding=&#8221;|||&#8221; custom_padding__hover=&#8221;|||&#8221;][et_pb_text admin_label=&#8221;Noticia&#8221; _builder_version=&#8221;4.1&#8243; text_font=&#8221;||||||||&#8221; background_size=&#8221;initial&#8221; background_position=&#8221;top_left&#8221; background_repeat=&#8221;repeat&#8221; text_orientation=&#8221;justified&#8221; min_height=&#8221;711px&#8221; custom_margin=&#8221;||||false|false&#8221; custom_padding=&#8221;|||||&#8221;] Albacete (08\/04\/2021).- En la ma\u00f1ana de ayer se firmo en el ayuntamiento de Hell\u00edn dos convenios con la confederaci\u00f3n de entidades de personas con discapacidad f\u00edsica y org\u00e1nica de Castilla La [&hellip;]","og_url":"https:\/\/clm-inclusiva.org\/?p=4089","og_site_name":"Clm-Inclusiva","article_publisher":"https:\/\/www.facebook.com\/castillalamancha.inclusiva\/","article_published_time":"2021-04-08T11:19:54+00:00","article_modified_time":"2021-04-08T11:20:00+00:00","og_image":[{"width":1754,"height":1240,"url":"https:\/\/clm-inclusiva.org\/wp-content\/uploads\/2021\/04\/hellin.jpg","type":"image\/jpeg"}],"author":"clm-inclusiva","twitter_card":"summary_large_image","twitter_creator":"@ClmInclusiva","twitter_site":"@ClmInclusiva","twitter_misc":{"Escrito por":"clm-inclusiva","Tiempo de lectura":"4 minutos"},"schema":{"@context":"https:\/\/schema.org","@graph":[{"@type":"Article","@id":"https:\/\/clm-inclusiva.org\/?p=4089#article","isPartOf":{"@id":"https:\/\/clm-inclusiva.org\/?p=4089"},"author":{"name":"clm-inclusiva","@id":"https:\/\/clm-inclusiva.org\/#\/schema\/person\/0cff84aaa5bb8fd3521c55d1578d902b"},"headline":"El ayuntamiento de Hell\u00edn firma un convenio de colaboraci\u00f3n con CLM INCLUSIVA COCEMFE","datePublished":"2021-04-08T11:19:54+00:00","dateModified":"2021-04-08T11:20:00+00:00","mainEntityOfPage":{"@id":"https:\/\/clm-inclusiva.org\/?p=4089"},"wordCount":828,"publisher":{"@id":"https:\/\/clm-inclusiva.org\/#organization"},"articleSection":["Albacete","Bienestar social","Clm inclusiva","cocemfe","Discapacidad","Politica social","Tercer sector"],"inLanguage":"es"},{"@type":"WebPage","@id":"https:\/\/clm-inclusiva.org\/?p=4089","url":"https:\/\/clm-inclusiva.org\/?p=4089","name":"El ayuntamiento de Hell\u00edn firma un convenio de colaboraci\u00f3n con CLM INCLUSIVA COCEMFE - Clm-Inclusiva","isPartOf":{"@id":"https:\/\/clm-inclusiva.org\/#website"},"datePublished":"2021-04-08T11:19:54+00:00","dateModified":"2021-04-08T11:20:00+00:00","breadcrumb":{"@id":"https:\/\/clm-inclusiva.org\/?p=4089#breadcrumb"},"inLanguage":"es","potentialAction":[{"@type":"ReadAction","target":["https:\/\/clm-inclusiva.org\/?p=4089"]}]},{"@type":"BreadcrumbList","@id":"https:\/\/clm-inclusiva.org\/?p=4089#breadcrumb","itemListElement":[{"@type":"ListItem","position":1,"name":"Portada","item":"https:\/\/clm-inclusiva.org\/"},{"@type":"ListItem","position":2,"name":"El ayuntamiento de Hell\u00edn firma un convenio de colaboraci\u00f3n con CLM INCLUSIVA COCEMFE"}]},{"@type":"WebSite","@id":"https:\/\/clm-inclusiva.org\/#website","url":"https:\/\/clm-inclusiva.org\/","name":"Clm-Inclusiva","description":"Confederaci\u00f3n de entidades de personas con discapacidad f\u00edsica y org\u00e1nica CLM","publisher":{"@id":"https:\/\/clm-inclusiva.org\/#organization"},"potentialAction":[{"@type":"SearchAction","target":{"@type":"EntryPoint","urlTemplate":"https:\/\/clm-inclusiva.org\/?s={search_term_string}"},"query-input":"required name=search_term_string"}],"inLanguage":"es"},{"@type":"Organization","@id":"https:\/\/clm-inclusiva.org\/#organization","name":"Clm-Inclusiva","url":"https:\/\/clm-inclusiva.org\/","logo":{"@type":"ImageObject","inLanguage":"es","@id":"https:\/\/clm-inclusiva.org\/#\/schema\/logo\/image\/","url":"http:\/\/clm-inclusiva.org\/wp-content\/uploads\/2019\/04\/banner-e1533720812836.jpg","contentUrl":"http:\/\/clm-inclusiva.org\/wp-content\/uploads\/2019\/04\/banner-e1533720812836.jpg","width":600,"height":332,"caption":"Clm-Inclusiva"},"image":{"@id":"https:\/\/clm-inclusiva.org\/#\/schema\/logo\/image\/"},"sameAs":["https:\/\/www.facebook.com\/castillalamancha.inclusiva\/","https:\/\/twitter.com\/ClmInclusiva"]},{"@type":"Person","@id":"https:\/\/clm-inclusiva.org\/#\/schema\/person\/0cff84aaa5bb8fd3521c55d1578d902b","name":"clm-inclusiva","image":{"@type":"ImageObject","inLanguage":"es","@id":"https:\/\/clm-inclusiva.org\/#\/schema\/person\/image\/","url":"https:\/\/secure.gravatar.com\/avatar\/88948567af770dc9cd5597b329011884?s=96&d=blank&r=g","contentUrl":"https:\/\/secure.gravatar.com\/avatar\/88948567af770dc9cd5597b329011884?s=96&d=blank&r=g","caption":"clm-inclusiva"},"sameAs":["http:\/\/clm-inclusiva.org"],"url":"https:\/\/clm-inclusiva.org\/?author=1"}]}},"_links":{"self":[{"href":"https:\/\/clm-inclusiva.org\/index.php?rest_route=\/wp\/v2\/posts\/4089"}],"collection":[{"href":"https:\/\/clm-inclusiva.org\/index.php?rest_route=\/wp\/v2\/posts"}],"about":[{"href":"https:\/\/clm-inclusiva.org\/index.php?rest_route=\/wp\/v2\/types\/post"}],"author":[{"embeddable":true,"href":"https:\/\/clm-inclusiva.org\/index.php?rest_route=\/wp\/v2\/users\/1"}],"replies":[{"embeddable":true,"href":"https:\/\/clm-inclusiva.org\/index.php?rest_route=%2Fwp%2Fv2%2Fcomments&post=4089"}],"version-history":[{"count":1,"href":"https:\/\/clm-inclusiva.org\/index.php?rest_route=\/wp\/v2\/posts\/4089\/revisions"}],"predecessor-version":[{"id":4092,"href":"https:\/\/clm-inclusiva.org\/index.php?rest_route=\/wp\/v2\/posts\/4089\/revisions\/4092"}],"wp:featuredmedia":[{"embeddable":true,"href":"https:\/\/clm-inclusiva.org\/index.php?rest_route=\/wp\/v2\/media\/4091"}],"wp:attachment":[{"href":"https:\/\/clm-inclusiva.org\/index.php?rest_route=%2Fwp%2Fv2%2Fmedia&parent=4089"}],"wp:term":[{"taxonomy":"category","embeddable":true,"href":"https:\/\/clm-inclusiva.org\/index.php?rest_route=%2Fwp%2Fv2%2Fcategories&post=4089"},{"taxonomy":"post_tag","embeddable":true,"href":"https:\/\/clm-inclusiva.org\/index.php?rest_route=%2Fwp%2Fv2%2Ftags&post=4089"}],"curies":[{"name":"wp","href":"https:\/\/api.w.org\/{rel}","templated":true}]}}