{"id":4054,"date":"2021-03-05T14:52:40","date_gmt":"2021-03-05T12:52:40","guid":{"rendered":"http:\/\/clm-inclusiva.org\/?p=4054"},"modified":"2021-03-05T14:52:47","modified_gmt":"2021-03-05T12:52:47","slug":"castilla-la-mancha-acogera-las-iv-jornadas-mujer-y-discapacidad-sobre-el-impacto-de-la-pandemia-en-las-mujeres-y-ninas-con-discapacidad","status":"publish","type":"post","link":"https:\/\/clm-inclusiva.org\/?p=4054","title":{"rendered":"Castilla-La Mancha acoger\u00e1 las IV Jornadas \u2018Mujer y Discapacidad\u2019 sobre el impacto de la pandemia en las mujeres y ni\u00f1as con discapacidad"},"content":{"rendered":"<p>[et_pb_section fb_built=&#8221;1&#8243; _builder_version=&#8221;4.0.4&#8243; custom_padding=&#8221;0px||2px|||&#8221;][et_pb_row _builder_version=&#8221;4.1&#8243; background_size=&#8221;initial&#8221; background_position=&#8221;top_left&#8221; background_repeat=&#8221;repeat&#8221; custom_margin=&#8221;|||||&#8221; custom_padding=&#8221;|||||&#8221;][et_pb_column type=&#8221;4_4&#8243; _builder_version=&#8221;3.25&#8243; custom_padding=&#8221;|||&#8221; custom_padding__hover=&#8221;|||&#8221;][et_pb_text admin_label=&#8221;Noticia&#8221; _builder_version=&#8221;4.1&#8243; text_font=&#8221;||||||||&#8221; background_size=&#8221;initial&#8221; background_position=&#8221;top_left&#8221; background_repeat=&#8221;repeat&#8221; text_orientation=&#8221;justified&#8221; min_height=&#8221;711px&#8221; custom_margin=&#8221;||||false|false&#8221; custom_padding=&#8221;|||||&#8221; hover_enabled=&#8221;0&#8243;]<\/p>\n<ul>\n<li style=\"font-weight: 400;\">\u00a0<strong>Un foro organizado por CERMI Castilla-La Mancha, con la colaboraci\u00f3n del gobierno auton\u00f3mico y del Instituto de la Mujer de Castilla-La Mancha.<\/strong><\/li>\n<li><strong>Inscripci\u00f3n en el siguiente formulario:\u00a0<\/strong><a href=\"https:\/\/forms.gle\/3JoA4EpcuqXdkSE27\"><strong>https:\/\/forms.gle\/3JoA4EpcuqXdkSE27<\/strong><\/a><\/li>\n<\/ul>\n<p style=\"font-weight: 400;\">(Toledo, 4 de marzo de 2021).- En el marco del D\u00eda Internacional de la Mujer, Castilla-La Mancha acoger\u00e1 las\u00a0<strong>IV Jornadas \u2018Mujer y Discapacidad\u2019<\/strong>\u00a0sobre la\u00a0<strong>situaci\u00f3n de las mujeres y ni\u00f1as con discapacidad un a\u00f1o despu\u00e9s del inicio de la pandemia<\/strong>, bajo el lema\u00a0<strong><em>\u2018Junt@s somos la vacuna contra la desigualdad\u2019.<\/em><\/strong><\/p>\n<p style=\"font-weight: 400;\"><strong><em>\u00a0<\/em><\/strong>La jornada, organizada por el\u00a0<strong>Comit\u00e9 de Entidades Representantes de Personas con Discapacidad de Castilla-La Mancha\u00a0<\/strong>(CERMI CLM), en colaboraci\u00f3n del gobierno auton\u00f3mico y del Instituto de la Mujer Castilla-La Mancha, tendr\u00e1 lugar el\u00a0<strong>pr\u00f3ximo mi\u00e9rcoles 10 de marzo, a partir de las 17 horas.\u00a0<\/strong><\/p>\n<p style=\"font-weight: 400;\"><strong>\u00a0<\/strong>La jornada, cuya\u00a0<strong>inauguraci\u00f3n<\/strong>\u00a0correr\u00e1 a cargo de la directora del Instituto de la Mujer de Castilla-La Mancha,\u00a0<strong>Pilar Callado<\/strong>, contar\u00e1 con la presencia de\u00a0<strong>Cristina Silv\u00e1n<\/strong>, consultora de la Direcci\u00f3n de Marketing y Comunicaci\u00f3n de Inserta Empleo, quien ofrecer\u00e1 una\u00a0<strong>ponencia sobre los efectos y las consecuencias de la crisis de la COVID-19 en<\/strong>\u00a0las personas con discapacidad, con especial \u00e9nfasis en\u00a0<strong>las mujeres con discapacidad.<\/strong><\/p>\n<p style=\"font-weight: 400;\">Tambi\u00e9n se celebrar\u00e1 un\u00a0<strong>panel en el que mujeres y ni\u00f1as con discapacidad contar\u00e1n en primera persona c\u00f3mo han vivido y viven la pandemia<\/strong>. En \u00e9l, intervendr\u00e1n Marina Camino de la Cruz, Daniela Hern\u00e1ndez Mart\u00ednez, Manuela Carri\u00f3n-Fern\u00e1ndez-Pacheco, Iryna Drozhnikova y M\u00aa Carmen Navarro Honrado.<\/p>\n<p style=\"font-weight: 400;\">Asimismo, un grupo de\u00a0<strong>mujeres expertas presentar\u00e1n acciones en favor de la igualdad<\/strong>. En este sentido, la responsable del \u00c1rea de Planes de Igualdad, Tercer Sector y Comunicaci\u00f3n ONG de la Federaci\u00f3n de Mujeres Progresistas,\u00a0<strong>Susana Santos<\/strong>, ofrecer\u00e1\u00a0<strong>pautas para llevar a cabo un plan de igualdad en entidades del Tercer Sector<\/strong>. Por su parte, la responsable de Proyectos de ADACE CLM y componente de la Comisi\u00f3n de la Mujer del CERMI CLM,\u00a0<strong>Itziar Sanz<\/strong>, explicar\u00e1 el dise\u00f1o y la puesta en marcha del\u00a0<strong>Plan de Igualdad en ADACE CLM<\/strong>; al tiempo que la jefa de la Secci\u00f3n de Igualdad de la Diputaci\u00f3n de Castell\u00f3n y miembro de la Asociaci\u00f3n de Mujeres en el Sector P\u00fablico,\u00a0<strong>Ana Portal<\/strong>, abordar\u00e1 la\u00a0<strong>asociaci\u00f3n de mujeres en el sector p\u00fablico<\/strong>.<\/p>\n<p style=\"font-weight: 400;\">Tras este debate, se proceder\u00e1 a la\u00a0<strong>lectura del Manifiesto elaborado por el CERMI y la Fundaci\u00f3n CERMI Mujeres<\/strong>\u00a0con motivo del D\u00eda Internacional de la Mujer; y la\u00a0<strong>clausura<\/strong>\u00a0ir\u00e1 de la mano de la presidenta de CERMI CLM y de su Comisi\u00f3n de Mujer,\u00a0<strong>Cristina G\u00f3mez.<\/strong><\/p>\n<p>[\/et_pb_text][et_pb_post_nav prev_text=&#8221;Anterior&#8221; next_text=&#8221;Siguiente&#8221; _builder_version=&#8221;3.22.4&#8243;][\/et_pb_post_nav][\/et_pb_column][\/et_pb_row][\/et_pb_section]<\/p>\n","protected":false},"excerpt":{"rendered":"<p>[et_pb_section fb_built=&#8221;1&#8243; _builder_version=&#8221;4.0.4&#8243; custom_padding=&#8221;0px||2px|||&#8221;][et_pb_row _builder_version=&#8221;4.1&#8243; background_size=&#8221;initial&#8221; background_position=&#8221;top_left&#8221; background_repeat=&#8221;repeat&#8221; custom_margin=&#8221;|||||&#8221; custom_padding=&#8221;|||||&#8221;][et_pb_column type=&#8221;4_4&#8243; _builder_version=&#8221;3.25&#8243; custom_padding=&#8221;|||&#8221; custom_padding__hover=&#8221;|||&#8221;][et_pb_text admin_label=&#8221;Noticia&#8221; _builder_version=&#8221;4.1&#8243; text_font=&#8221;||||||||&#8221; background_size=&#8221;initial&#8221; background_position=&#8221;top_left&#8221; background_repeat=&#8221;repeat&#8221; text_orientation=&#8221;justified&#8221; min_height=&#8221;711px&#8221; custom_margin=&#8221;||||false|false&#8221; custom_padding=&#8221;|||||&#8221; hover_enabled=&#8221;0&#8243;] \u00a0Un foro organizado por CERMI Castilla-La Mancha, con la colaboraci\u00f3n del gobierno auton\u00f3mico y del Instituto de la Mujer de Castilla-La Mancha. Inscripci\u00f3n en el siguiente formulario:\u00a0https:\/\/forms.gle\/3JoA4EpcuqXdkSE27 (Toledo, 4 de [&hellip;]<\/p>\n","protected":false},"author":1,"featured_media":4056,"comment_status":"closed","ping_status":"closed","sticky":false,"template":"","format":"standard","meta":{"_et_pb_use_builder":"on","_et_pb_old_content":"<h5 style=\"text-align: justify;\">La Confederaci\u00f3n CLM Inclusiva y la asociaci\u00f3n empresarial de Centros Especiales de Empleo de COCEMFE en Castilla-La Mancha, AECEMCO CLM, han firmado un acuerdo para promover las oportunidades de formaci\u00f3n y empleo de las personas del colectivo.<\/h5>\r\n<p style=\"text-align: justify;\"><img class=\"alignnone size-full wp-image-471\" src=\"http:\/\/clm-inclusiva.org\/wp-content\/uploads\/2019\/04\/3500_fotonoticia_20190402151941_1920.jpg\" alt=\"\" width=\"670\" height=\"300\"><\/p>\r\n<p style=\"text-align: justify;\">El presidente de la confederaci\u00f3n CLM Inclusiva, Enrique Alarc\u00f3n Garc\u00eda, y el presidente de AECEMCO CLM, \u00d3scar Sillas, han rubricado este acuerdo de colaboraci\u00f3n para coordinar su labor y actuaciones de apoyo a la promoci\u00f3n de los derechos de las personas con discapacidad f\u00edsica y org\u00e1nica en Castilla-La Mancha, ha informado esta confederaci\u00f3n en nota de prensa.<\/p>\r\nEl sector empresarial promovido por las organizaciones de COCEMFE sin \u00e1nimo de lucro, integrado en AECEMCO, da empleo actualmente a m\u00e1s de 800 personas con discapacidad de todo tipo, con actividades productivas y de prestaci\u00f3n de servicios muy variados como obras, lavander\u00eda, limpieza, medioambiente, manipulados, formaci\u00f3n, etc.\r\n\r\nAmbas organizaciones que comparten valores sociales y visi\u00f3n sobre los derechos de las personas con discapacidad coordinar\u00e1n todas sus actividades para incrementar las oportunidades de formaci\u00f3n, aprendizaje en el puesto de trabajo y calidad de los mismos, tanto en empleo protegido como ordinario.\r\n\r\nDentro de las actuaciones objeto del acuerdo se pondr\u00e1 especial atenci\u00f3n a dar a conocer la normativa de reserva de empleo para personas con discapacidad, as\u00ed como el adecuado cumplimiento de las medidas alternativas, para lo que se informar\u00e1 conjuntamente a administraciones, federaciones empresariales y grandes empresas sobre las oportunidades de empleabilidad de las personas con discapacidad f\u00edsica y org\u00e1nica.\r\n\r\nCLM Inclusiva dispone actualmente de Servicio de Empleo en todas las provincias de Castilla-La Mancha, gracias al apoyo de Fundaci\u00f3n ONCE y la financiaci\u00f3n de proyectos con cargo al IRPF, que realiza labor de intermediaci\u00f3n entre personas con discapacidad demandantes de empleo y empresas, asegurando la adecuaci\u00f3n de trabajadores al puesto de trabajo e informando sobre incentivos a la contrataci\u00f3n y ajustes t\u00e9cnicos necesarios en el puesto.\r\n\r\nLa Confederaci\u00f3n regional de entidades de personas con discapacidad f\u00edsica y org\u00e1nica, Castilla-La Mancha Inclusiva, agrupa al movimiento asociativo de COCEMFE en la Regi\u00f3n, con casi un centenar de entidades que representan en torno a 10.000 personas con discapacidad.\r\n\r\nActualmente se encuentra compuesta por cinco federaciones provinciales, COCEMFE Albacete, COCEMFE Cuenca, COCEMFE Guadalajara, COCEMFE Toledo y Ciudad Real Inclusiva, las entidades regionales AFANION, Federaci\u00f3n LUNA CLM de mujeres con discapacidad, AIDISCAM, y la asociaci\u00f3n nacional AMIAB.","_et_gb_content_width":"","footnotes":""},"categories":[39,28,5,78,44,41],"tags":[],"yoast_head":"<!-- This site is optimized with the Yoast SEO plugin v21.3 - https:\/\/yoast.com\/wordpress\/plugins\/seo\/ -->\n<title>Castilla-La Mancha acoger\u00e1 las IV Jornadas \u2018Mujer y Discapacidad\u2019 sobre el impacto de la pandemia en las mujeres y ni\u00f1as con discapacidad - Clm-Inclusiva<\/title>\n<meta name=\"robots\" content=\"index, follow, max-snippet:-1, max-image-preview:large, max-video-preview:-1\" \/>\n<link rel=\"canonical\" href=\"https:\/\/clm-inclusiva.org\/?p=4054\" \/>\n<meta property=\"og:locale\" content=\"es_ES\" \/>\n<meta property=\"og:type\" content=\"article\" \/>\n<meta property=\"og:title\" content=\"Castilla-La Mancha acoger\u00e1 las IV Jornadas \u2018Mujer y Discapacidad\u2019 sobre el impacto de la pandemia en las mujeres y ni\u00f1as con discapacidad - Clm-Inclusiva\" \/>\n<meta property=\"og:description\" content=\"[et_pb_section fb_built=&#8221;1&#8243; _builder_version=&#8221;4.0.4&#8243; custom_padding=&#8221;0px||2px|||&#8221;][et_pb_row _builder_version=&#8221;4.1&#8243; background_size=&#8221;initial&#8221; background_position=&#8221;top_left&#8221; background_repeat=&#8221;repeat&#8221; custom_margin=&#8221;|||||&#8221; custom_padding=&#8221;|||||&#8221;][et_pb_column type=&#8221;4_4&#8243; _builder_version=&#8221;3.25&#8243; custom_padding=&#8221;|||&#8221; custom_padding__hover=&#8221;|||&#8221;][et_pb_text admin_label=&#8221;Noticia&#8221; _builder_version=&#8221;4.1&#8243; text_font=&#8221;||||||||&#8221; background_size=&#8221;initial&#8221; background_position=&#8221;top_left&#8221; background_repeat=&#8221;repeat&#8221; text_orientation=&#8221;justified&#8221; min_height=&#8221;711px&#8221; custom_margin=&#8221;||||false|false&#8221; custom_padding=&#8221;|||||&#8221; hover_enabled=&#8221;0&#8243;] \u00a0Un foro organizado por CERMI Castilla-La Mancha, con la colaboraci\u00f3n del gobierno auton\u00f3mico y del Instituto de la Mujer de Castilla-La Mancha. Inscripci\u00f3n en el siguiente formulario:\u00a0https:\/\/forms.gle\/3JoA4EpcuqXdkSE27 (Toledo, 4 de [&hellip;]\" \/>\n<meta property=\"og:url\" content=\"https:\/\/clm-inclusiva.org\/?p=4054\" \/>\n<meta property=\"og:site_name\" content=\"Clm-Inclusiva\" \/>\n<meta property=\"article:publisher\" content=\"https:\/\/www.facebook.com\/castillalamancha.inclusiva\/\" \/>\n<meta property=\"article:published_time\" content=\"2021-03-05T12:52:40+00:00\" \/>\n<meta property=\"article:modified_time\" content=\"2021-03-05T12:52:47+00:00\" \/>\n<meta property=\"og:image\" content=\"https:\/\/clm-inclusiva.org\/wp-content\/uploads\/2021\/03\/CERMI.png\" \/>\n\t<meta property=\"og:image:width\" content=\"960\" \/>\n\t<meta property=\"og:image:height\" content=\"661\" \/>\n\t<meta property=\"og:image:type\" content=\"image\/png\" \/>\n<meta name=\"author\" content=\"clm-inclusiva\" \/>\n<meta name=\"twitter:card\" content=\"summary_large_image\" \/>\n<meta name=\"twitter:creator\" content=\"@ClmInclusiva\" \/>\n<meta name=\"twitter:site\" content=\"@ClmInclusiva\" \/>\n<meta name=\"twitter:label1\" content=\"Escrito por\" \/>\n\t<meta name=\"twitter:data1\" content=\"clm-inclusiva\" \/>\n\t<meta name=\"twitter:label2\" content=\"Tiempo de lectura\" \/>\n\t<meta name=\"twitter:data2\" content=\"3 minutos\" \/>\n<script type=\"application\/ld+json\" class=\"yoast-schema-graph\">{\"@context\":\"https:\/\/schema.org\",\"@graph\":[{\"@type\":\"Article\",\"@id\":\"https:\/\/clm-inclusiva.org\/?p=4054#article\",\"isPartOf\":{\"@id\":\"https:\/\/clm-inclusiva.org\/?p=4054\"},\"author\":{\"name\":\"clm-inclusiva\",\"@id\":\"https:\/\/clm-inclusiva.org\/#\/schema\/person\/0cff84aaa5bb8fd3521c55d1578d902b\"},\"headline\":\"Castilla-La Mancha acoger\u00e1 las IV Jornadas \u2018Mujer y Discapacidad\u2019 sobre el impacto de la pandemia en las mujeres y ni\u00f1as con discapacidad\",\"datePublished\":\"2021-03-05T12:52:40+00:00\",\"dateModified\":\"2021-03-05T12:52:47+00:00\",\"mainEntityOfPage\":{\"@id\":\"https:\/\/clm-inclusiva.org\/?p=4054\"},\"wordCount\":580,\"publisher\":{\"@id\":\"https:\/\/clm-inclusiva.org\/#organization\"},\"articleSection\":[\"Bienestar social\",\"Cermi\",\"Discapacidad\",\"mujer\",\"Politica social\",\"Tercer sector\"],\"inLanguage\":\"es\"},{\"@type\":\"WebPage\",\"@id\":\"https:\/\/clm-inclusiva.org\/?p=4054\",\"url\":\"https:\/\/clm-inclusiva.org\/?p=4054\",\"name\":\"Castilla-La Mancha acoger\u00e1 las IV Jornadas \u2018Mujer y Discapacidad\u2019 sobre el impacto de la pandemia en las mujeres y ni\u00f1as con discapacidad - Clm-Inclusiva\",\"isPartOf\":{\"@id\":\"https:\/\/clm-inclusiva.org\/#website\"},\"datePublished\":\"2021-03-05T12:52:40+00:00\",\"dateModified\":\"2021-03-05T12:52:47+00:00\",\"breadcrumb\":{\"@id\":\"https:\/\/clm-inclusiva.org\/?p=4054#breadcrumb\"},\"inLanguage\":\"es\",\"potentialAction\":[{\"@type\":\"ReadAction\",\"target\":[\"https:\/\/clm-inclusiva.org\/?p=4054\"]}]},{\"@type\":\"BreadcrumbList\",\"@id\":\"https:\/\/clm-inclusiva.org\/?p=4054#breadcrumb\",\"itemListElement\":[{\"@type\":\"ListItem\",\"position\":1,\"name\":\"Portada\",\"item\":\"https:\/\/clm-inclusiva.org\/\"},{\"@type\":\"ListItem\",\"position\":2,\"name\":\"Castilla-La Mancha acoger\u00e1 las IV Jornadas \u2018Mujer y Discapacidad\u2019 sobre el impacto de la pandemia en las mujeres y ni\u00f1as con discapacidad\"}]},{\"@type\":\"WebSite\",\"@id\":\"https:\/\/clm-inclusiva.org\/#website\",\"url\":\"https:\/\/clm-inclusiva.org\/\",\"name\":\"Clm-Inclusiva\",\"description\":\"Confederaci\u00f3n de entidades de personas con discapacidad f\u00edsica y org\u00e1nica CLM\",\"publisher\":{\"@id\":\"https:\/\/clm-inclusiva.org\/#organization\"},\"potentialAction\":[{\"@type\":\"SearchAction\",\"target\":{\"@type\":\"EntryPoint\",\"urlTemplate\":\"https:\/\/clm-inclusiva.org\/?s={search_term_string}\"},\"query-input\":\"required name=search_term_string\"}],\"inLanguage\":\"es\"},{\"@type\":\"Organization\",\"@id\":\"https:\/\/clm-inclusiva.org\/#organization\",\"name\":\"Clm-Inclusiva\",\"url\":\"https:\/\/clm-inclusiva.org\/\",\"logo\":{\"@type\":\"ImageObject\",\"inLanguage\":\"es\",\"@id\":\"https:\/\/clm-inclusiva.org\/#\/schema\/logo\/image\/\",\"url\":\"http:\/\/clm-inclusiva.org\/wp-content\/uploads\/2019\/04\/banner-e1533720812836.jpg\",\"contentUrl\":\"http:\/\/clm-inclusiva.org\/wp-content\/uploads\/2019\/04\/banner-e1533720812836.jpg\",\"width\":600,\"height\":332,\"caption\":\"Clm-Inclusiva\"},\"image\":{\"@id\":\"https:\/\/clm-inclusiva.org\/#\/schema\/logo\/image\/\"},\"sameAs\":[\"https:\/\/www.facebook.com\/castillalamancha.inclusiva\/\",\"https:\/\/twitter.com\/ClmInclusiva\"]},{\"@type\":\"Person\",\"@id\":\"https:\/\/clm-inclusiva.org\/#\/schema\/person\/0cff84aaa5bb8fd3521c55d1578d902b\",\"name\":\"clm-inclusiva\",\"image\":{\"@type\":\"ImageObject\",\"inLanguage\":\"es\",\"@id\":\"https:\/\/clm-inclusiva.org\/#\/schema\/person\/image\/\",\"url\":\"https:\/\/secure.gravatar.com\/avatar\/88948567af770dc9cd5597b329011884?s=96&d=blank&r=g\",\"contentUrl\":\"https:\/\/secure.gravatar.com\/avatar\/88948567af770dc9cd5597b329011884?s=96&d=blank&r=g\",\"caption\":\"clm-inclusiva\"},\"sameAs\":[\"http:\/\/clm-inclusiva.org\"],\"url\":\"https:\/\/clm-inclusiva.org\/?author=1\"}]}<\/script>\n<!-- \/ Yoast SEO plugin. -->","yoast_head_json":{"title":"Castilla-La Mancha acoger\u00e1 las IV Jornadas \u2018Mujer y Discapacidad\u2019 sobre el impacto de la pandemia en las mujeres y ni\u00f1as con discapacidad - Clm-Inclusiva","robots":{"index":"index","follow":"follow","max-snippet":"max-snippet:-1","max-image-preview":"max-image-preview:large","max-video-preview":"max-video-preview:-1"},"canonical":"https:\/\/clm-inclusiva.org\/?p=4054","og_locale":"es_ES","og_type":"article","og_title":"Castilla-La Mancha acoger\u00e1 las IV Jornadas \u2018Mujer y Discapacidad\u2019 sobre el impacto de la pandemia en las mujeres y ni\u00f1as con discapacidad - Clm-Inclusiva","og_description":"[et_pb_section fb_built=&#8221;1&#8243; _builder_version=&#8221;4.0.4&#8243; custom_padding=&#8221;0px||2px|||&#8221;][et_pb_row _builder_version=&#8221;4.1&#8243; background_size=&#8221;initial&#8221; background_position=&#8221;top_left&#8221; background_repeat=&#8221;repeat&#8221; custom_margin=&#8221;|||||&#8221; custom_padding=&#8221;|||||&#8221;][et_pb_column type=&#8221;4_4&#8243; _builder_version=&#8221;3.25&#8243; custom_padding=&#8221;|||&#8221; custom_padding__hover=&#8221;|||&#8221;][et_pb_text admin_label=&#8221;Noticia&#8221; _builder_version=&#8221;4.1&#8243; text_font=&#8221;||||||||&#8221; background_size=&#8221;initial&#8221; background_position=&#8221;top_left&#8221; background_repeat=&#8221;repeat&#8221; text_orientation=&#8221;justified&#8221; min_height=&#8221;711px&#8221; custom_margin=&#8221;||||false|false&#8221; custom_padding=&#8221;|||||&#8221; hover_enabled=&#8221;0&#8243;] \u00a0Un foro organizado por CERMI Castilla-La Mancha, con la colaboraci\u00f3n del gobierno auton\u00f3mico y del Instituto de la Mujer de Castilla-La Mancha. Inscripci\u00f3n en el siguiente formulario:\u00a0https:\/\/forms.gle\/3JoA4EpcuqXdkSE27 (Toledo, 4 de [&hellip;]","og_url":"https:\/\/clm-inclusiva.org\/?p=4054","og_site_name":"Clm-Inclusiva","article_publisher":"https:\/\/www.facebook.com\/castillalamancha.inclusiva\/","article_published_time":"2021-03-05T12:52:40+00:00","article_modified_time":"2021-03-05T12:52:47+00:00","og_image":[{"width":960,"height":661,"url":"https:\/\/clm-inclusiva.org\/wp-content\/uploads\/2021\/03\/CERMI.png","type":"image\/png"}],"author":"clm-inclusiva","twitter_card":"summary_large_image","twitter_creator":"@ClmInclusiva","twitter_site":"@ClmInclusiva","twitter_misc":{"Escrito por":"clm-inclusiva","Tiempo de lectura":"3 minutos"},"schema":{"@context":"https:\/\/schema.org","@graph":[{"@type":"Article","@id":"https:\/\/clm-inclusiva.org\/?p=4054#article","isPartOf":{"@id":"https:\/\/clm-inclusiva.org\/?p=4054"},"author":{"name":"clm-inclusiva","@id":"https:\/\/clm-inclusiva.org\/#\/schema\/person\/0cff84aaa5bb8fd3521c55d1578d902b"},"headline":"Castilla-La Mancha acoger\u00e1 las IV Jornadas \u2018Mujer y Discapacidad\u2019 sobre el impacto de la pandemia en las mujeres y ni\u00f1as con discapacidad","datePublished":"2021-03-05T12:52:40+00:00","dateModified":"2021-03-05T12:52:47+00:00","mainEntityOfPage":{"@id":"https:\/\/clm-inclusiva.org\/?p=4054"},"wordCount":580,"publisher":{"@id":"https:\/\/clm-inclusiva.org\/#organization"},"articleSection":["Bienestar social","Cermi","Discapacidad","mujer","Politica social","Tercer sector"],"inLanguage":"es"},{"@type":"WebPage","@id":"https:\/\/clm-inclusiva.org\/?p=4054","url":"https:\/\/clm-inclusiva.org\/?p=4054","name":"Castilla-La Mancha acoger\u00e1 las IV Jornadas \u2018Mujer y Discapacidad\u2019 sobre el impacto de la pandemia en las mujeres y ni\u00f1as con discapacidad - Clm-Inclusiva","isPartOf":{"@id":"https:\/\/clm-inclusiva.org\/#website"},"datePublished":"2021-03-05T12:52:40+00:00","dateModified":"2021-03-05T12:52:47+00:00","breadcrumb":{"@id":"https:\/\/clm-inclusiva.org\/?p=4054#breadcrumb"},"inLanguage":"es","potentialAction":[{"@type":"ReadAction","target":["https:\/\/clm-inclusiva.org\/?p=4054"]}]},{"@type":"BreadcrumbList","@id":"https:\/\/clm-inclusiva.org\/?p=4054#breadcrumb","itemListElement":[{"@type":"ListItem","position":1,"name":"Portada","item":"https:\/\/clm-inclusiva.org\/"},{"@type":"ListItem","position":2,"name":"Castilla-La Mancha acoger\u00e1 las IV Jornadas \u2018Mujer y Discapacidad\u2019 sobre el impacto de la pandemia en las mujeres y ni\u00f1as con discapacidad"}]},{"@type":"WebSite","@id":"https:\/\/clm-inclusiva.org\/#website","url":"https:\/\/clm-inclusiva.org\/","name":"Clm-Inclusiva","description":"Confederaci\u00f3n de entidades de personas con discapacidad f\u00edsica y org\u00e1nica CLM","publisher":{"@id":"https:\/\/clm-inclusiva.org\/#organization"},"potentialAction":[{"@type":"SearchAction","target":{"@type":"EntryPoint","urlTemplate":"https:\/\/clm-inclusiva.org\/?s={search_term_string}"},"query-input":"required name=search_term_string"}],"inLanguage":"es"},{"@type":"Organization","@id":"https:\/\/clm-inclusiva.org\/#organization","name":"Clm-Inclusiva","url":"https:\/\/clm-inclusiva.org\/","logo":{"@type":"ImageObject","inLanguage":"es","@id":"https:\/\/clm-inclusiva.org\/#\/schema\/logo\/image\/","url":"http:\/\/clm-inclusiva.org\/wp-content\/uploads\/2019\/04\/banner-e1533720812836.jpg","contentUrl":"http:\/\/clm-inclusiva.org\/wp-content\/uploads\/2019\/04\/banner-e1533720812836.jpg","width":600,"height":332,"caption":"Clm-Inclusiva"},"image":{"@id":"https:\/\/clm-inclusiva.org\/#\/schema\/logo\/image\/"},"sameAs":["https:\/\/www.facebook.com\/castillalamancha.inclusiva\/","https:\/\/twitter.com\/ClmInclusiva"]},{"@type":"Person","@id":"https:\/\/clm-inclusiva.org\/#\/schema\/person\/0cff84aaa5bb8fd3521c55d1578d902b","name":"clm-inclusiva","image":{"@type":"ImageObject","inLanguage":"es","@id":"https:\/\/clm-inclusiva.org\/#\/schema\/person\/image\/","url":"https:\/\/secure.gravatar.com\/avatar\/88948567af770dc9cd5597b329011884?s=96&d=blank&r=g","contentUrl":"https:\/\/secure.gravatar.com\/avatar\/88948567af770dc9cd5597b329011884?s=96&d=blank&r=g","caption":"clm-inclusiva"},"sameAs":["http:\/\/clm-inclusiva.org"],"url":"https:\/\/clm-inclusiva.org\/?author=1"}]}},"_links":{"self":[{"href":"https:\/\/clm-inclusiva.org\/index.php?rest_route=\/wp\/v2\/posts\/4054"}],"collection":[{"href":"https:\/\/clm-inclusiva.org\/index.php?rest_route=\/wp\/v2\/posts"}],"about":[{"href":"https:\/\/clm-inclusiva.org\/index.php?rest_route=\/wp\/v2\/types\/post"}],"author":[{"embeddable":true,"href":"https:\/\/clm-inclusiva.org\/index.php?rest_route=\/wp\/v2\/users\/1"}],"replies":[{"embeddable":true,"href":"https:\/\/clm-inclusiva.org\/index.php?rest_route=%2Fwp%2Fv2%2Fcomments&post=4054"}],"version-history":[{"count":3,"href":"https:\/\/clm-inclusiva.org\/index.php?rest_route=\/wp\/v2\/posts\/4054\/revisions"}],"predecessor-version":[{"id":4059,"href":"https:\/\/clm-inclusiva.org\/index.php?rest_route=\/wp\/v2\/posts\/4054\/revisions\/4059"}],"wp:featuredmedia":[{"embeddable":true,"href":"https:\/\/clm-inclusiva.org\/index.php?rest_route=\/wp\/v2\/media\/4056"}],"wp:attachment":[{"href":"https:\/\/clm-inclusiva.org\/index.php?rest_route=%2Fwp%2Fv2%2Fmedia&parent=4054"}],"wp:term":[{"taxonomy":"category","embeddable":true,"href":"https:\/\/clm-inclusiva.org\/index.php?rest_route=%2Fwp%2Fv2%2Fcategories&post=4054"},{"taxonomy":"post_tag","embeddable":true,"href":"https:\/\/clm-inclusiva.org\/index.php?rest_route=%2Fwp%2Fv2%2Ftags&post=4054"}],"curies":[{"name":"wp","href":"https:\/\/api.w.org\/{rel}","templated":true}]}}