{"id":4047,"date":"2021-03-05T14:41:26","date_gmt":"2021-03-05T12:41:26","guid":{"rendered":"http:\/\/clm-inclusiva.org\/?p=4047"},"modified":"2021-03-05T14:47:36","modified_gmt":"2021-03-05T12:47:36","slug":"cocemfe-se-suma-al-8m-para-visibilizar-a-las-mujeres-y-ninas-con-discapacidad","status":"publish","type":"post","link":"https:\/\/clm-inclusiva.org\/?p=4047","title":{"rendered":"COCEMFE se suma al 8M para visibilizar a las mujeres y ni\u00f1as con discapacidad"},"content":{"rendered":"<p>[et_pb_section fb_built=&#8221;1&#8243; _builder_version=&#8221;4.0.4&#8243; custom_padding=&#8221;0px||2px|||&#8221;][et_pb_row _builder_version=&#8221;4.1&#8243; background_size=&#8221;initial&#8221; background_position=&#8221;top_left&#8221; background_repeat=&#8221;repeat&#8221; custom_margin=&#8221;|||||&#8221; custom_padding=&#8221;|||||&#8221;][et_pb_column type=&#8221;4_4&#8243; _builder_version=&#8221;3.25&#8243; custom_padding=&#8221;|||&#8221; custom_padding__hover=&#8221;|||&#8221;][et_pb_text admin_label=&#8221;Noticia&#8221; _builder_version=&#8221;4.1&#8243; text_font=&#8221;||||||||&#8221; background_size=&#8221;initial&#8221; background_position=&#8221;top_left&#8221; background_repeat=&#8221;repeat&#8221; text_orientation=&#8221;justified&#8221; min_height=&#8221;711px&#8221; custom_margin=&#8221;||||false|false&#8221; custom_padding=&#8221;|||||&#8221;]<\/p>\n<ul>\n<li><strong>La entidad apuesta por el liderazgo femenino <\/strong><strong>y por un futuro igualitario en el mundo de la COVID-19 para las mujeres y ni\u00f1as con discapacidad<\/strong><\/li>\n<li><strong>\u00a0<\/strong><strong>COCEMFE apoya el manifiesto y las acciones impulsadas por el movimiento asociativo de las mujeres y ni\u00f1as con discapacidad en nuestro pa\u00eds representadas por CEMUDIS<\/strong><\/li>\n<li><strong>\u00a0<\/strong><strong>La Confederaci\u00f3n se suma a <\/strong><strong>la manifestaci\u00f3n virtual en redes sociales #NosotrasTambi\u00e9nSomos8M y anima a la ciudadan\u00eda a participar en el 8M junto a CEMUDIS<\/strong><\/li>\n<\/ul>\n<p>(Madrid, 4 de marzo de 2021)<\/p>\n<p>La Confederaci\u00f3n Espa\u00f1ola de Personas con Discapacidad F\u00edsica y Org\u00e1nica (COCEMFE) se suma al D\u00eda Internacional de la Mujer, que se celebra el 8 de marzo, para avanzar hacia una sociedad m\u00e1s justa, participativa e igualitaria para todas las personas, especialmente para las mujeres y ni\u00f1as con discapacidad, quienes son objeto de procesos de invisibilizaci\u00f3n derivados de la discriminaci\u00f3n interseccional a las que se enfrentan.<\/p>\n<p>De esta manera, COCEMFE se adhiere al manifiesto elaborado por la Confederaci\u00f3n Estatal de Mujeres con Discapacidad (CEMUDIS), titulado \u201cMujeres l\u00edderes; por un futuro igualitario en el mundo de la COVID-19 para mujeres y ni\u00f1as con discapacidad\u201d y que reclama a las distintas Administraciones que incorporen la perspectiva de g\u00e9nero y discapacidad a todas sus pol\u00edticas para acabar con la desigualdad y promover los derechos de las mujeres y ni\u00f1as con discapacidad.<\/p>\n<p>La secretaria de Mujer e Igualdad de COCEMFE, Encarnaci\u00f3n Rodr\u00edguez, defiende \u201cel empoderamiento y la plena participaci\u00f3n de las mujeres y ni\u00f1as con discapacidad, donde seamos las protagonistas de nuestras vidas y quienes hagamos las reivindicaciones a trav\u00e9s de nuestra propia voz\u201d. Por eso, \u201caunque este a\u00f1o no salgamos a la calle a manifestarnos, si estaremos reivindicando nuestros derechos en las redes\u201d, a\u00f1ade Rodr\u00edguez.<\/p>\n<p>En su manifiesto, CEMUDIS repasa la situaci\u00f3n de las mujeres y ni\u00f1as con discapacidad e incide en que \u201cla pandemia de la COVID-19 nos ha relegado a\u00fan m\u00e1s en todas las esferas y \u00e1mbitos de nuestra vida, aumentando las desigualdades y los riesgos, especialmente en lo referente a situaciones de violencia, acceso a la atenci\u00f3n sanitaria, a la educaci\u00f3n, al empleo y participaci\u00f3n social\u201d.<\/p>\n<p>Adem\u00e1s de asumir la transversalidad del g\u00e9nero y de la discapacidad en las pol\u00edticas p\u00fablicas, COCEMFE y CEMUDIS hacen hincapi\u00e9 en la importancia de vacunar a las mujeres con discapacidad, dando prioridad a las mujeres con discapacidad f\u00edsica y org\u00e1nica de mayor riesgo, as\u00ed como implantar una coordinaci\u00f3n sociosanitaria real y efectiva para dar una respuesta ajustada a las necesidades de las ni\u00f1as y mujeres con discapacidad.<\/p>\n<p>Ambas organizaciones apuestan por legislar la figura de la asistencia personal para desarrollar la autonom\u00eda personal de las mujeres con discapacidad, sobre todo en los casos que son v\u00edctimas de violencia, tal y como recoge el Pacto de Estado.<\/p>\n<p>Por otro lado, el manifiesto de CEMUDIS recoge la necesidad de garantizar el acceso al mercado laboral de las mujeres con discapacidad, actualizar el baremo de discapacidad para no cerrar la puerta de los derechos a ni\u00f1as y mujeres con discapacidad que verdaderamente lo necesitan, promover que todos los n\u00facleos de poblaci\u00f3n sean inclusivos, seguros, accesibles, resilientes y sostenibles desde una perspectiva de g\u00e9nero y modificar la Ley de Propiedad Horizontal para que no haya ninguna ni\u00f1a ni mujer con discapacidad encarcelada en su propia casa.<\/p>\n<p>Participaci\u00f3n ciudadana<\/p>\n<p>Con el objetivo de hacer part\u00edcipes a todas las personas que quieran unirse de manera virtual a las diferentes actividades organizadas por CEMUDIS, el 8 de marzo a las 10.00 horas en su perfil de Instagram se proceder\u00e1 a la lectura del Manifiesto por parte de la presidenta de la entidad, Marta Valencia, as\u00ed como la participaci\u00f3n en la lectura de varias componentes de su movimiento asociativo.<\/p>\n<p>Adem\u00e1s, COCEMFE anima a la ciudadan\u00eda a unirse a la manifestaci\u00f3n virtual organizada a trav\u00e9s de las redes sociales para impulsar la visibilidad de las mujeres y ni\u00f1as con discapacidad, utilizando el filtro creado por CEMUDIS para Instagram y Facebook denominado \u20188M MUJERDISCAPACIDAD\u2019 y el hashtag #NosotrasTambi\u00e9nSomos8M.<\/p>\n<p>La igualdad entre mujeres y hombres es una l\u00ednea de trabajo fundamental para COCEMFE y forma parte de su firme compromiso en la defensa de la igualdad y ejercicio pleno de los derechos de las mujeres y ni\u00f1as con discapacidad. Adem\u00e1s, forma parte de su compromiso con el Objetivo de Desarrollo Sostenible de igualdad de g\u00e9nero (ODS 5) de la Agenda 2030 y de las m\u00faltiples iniciativas y acciones de incidencia que la entidad realiza con el objetivo de acabar con la discriminaci\u00f3n y la vulneraci\u00f3n de derechos sociales, econ\u00f3micos, civiles y pol\u00edticos a las que se enfrentan las mujeres y ni\u00f1as con discapacidad.<\/p>\n<p>[\/et_pb_text][et_pb_post_nav prev_text=&#8221;Anterior&#8221; next_text=&#8221;Siguiente&#8221; _builder_version=&#8221;3.22.4&#8243;][\/et_pb_post_nav][\/et_pb_column][\/et_pb_row][\/et_pb_section]<\/p>\n","protected":false},"excerpt":{"rendered":"<p>[et_pb_section fb_built=&#8221;1&#8243; _builder_version=&#8221;4.0.4&#8243; custom_padding=&#8221;0px||2px|||&#8221;][et_pb_row _builder_version=&#8221;4.1&#8243; background_size=&#8221;initial&#8221; background_position=&#8221;top_left&#8221; background_repeat=&#8221;repeat&#8221; custom_margin=&#8221;|||||&#8221; custom_padding=&#8221;|||||&#8221;][et_pb_column type=&#8221;4_4&#8243; _builder_version=&#8221;3.25&#8243; custom_padding=&#8221;|||&#8221; custom_padding__hover=&#8221;|||&#8221;][et_pb_text admin_label=&#8221;Noticia&#8221; _builder_version=&#8221;4.1&#8243; text_font=&#8221;||||||||&#8221; background_size=&#8221;initial&#8221; background_position=&#8221;top_left&#8221; background_repeat=&#8221;repeat&#8221; text_orientation=&#8221;justified&#8221; min_height=&#8221;711px&#8221; custom_margin=&#8221;||||false|false&#8221; custom_padding=&#8221;|||||&#8221;] La entidad apuesta por el liderazgo femenino y por un futuro igualitario en el mundo de la COVID-19 para las mujeres y ni\u00f1as con discapacidad \u00a0COCEMFE apoya el manifiesto y las [&hellip;]<\/p>\n","protected":false},"author":1,"featured_media":4049,"comment_status":"closed","ping_status":"closed","sticky":false,"template":"","format":"standard","meta":{"_et_pb_use_builder":"on","_et_pb_old_content":"<h5 style=\"text-align: justify;\">La Confederaci\u00f3n CLM Inclusiva y la asociaci\u00f3n empresarial de Centros Especiales de Empleo de COCEMFE en Castilla-La Mancha, AECEMCO CLM, han firmado un acuerdo para promover las oportunidades de formaci\u00f3n y empleo de las personas del colectivo.<\/h5>\r\n<p style=\"text-align: justify;\"><img class=\"alignnone size-full wp-image-471\" src=\"http:\/\/clm-inclusiva.org\/wp-content\/uploads\/2019\/04\/3500_fotonoticia_20190402151941_1920.jpg\" alt=\"\" width=\"670\" height=\"300\"><\/p>\r\n<p style=\"text-align: justify;\">El presidente de la confederaci\u00f3n CLM Inclusiva, Enrique Alarc\u00f3n Garc\u00eda, y el presidente de AECEMCO CLM, \u00d3scar Sillas, han rubricado este acuerdo de colaboraci\u00f3n para coordinar su labor y actuaciones de apoyo a la promoci\u00f3n de los derechos de las personas con discapacidad f\u00edsica y org\u00e1nica en Castilla-La Mancha, ha informado esta confederaci\u00f3n en nota de prensa.<\/p>\r\nEl sector empresarial promovido por las organizaciones de COCEMFE sin \u00e1nimo de lucro, integrado en AECEMCO, da empleo actualmente a m\u00e1s de 800 personas con discapacidad de todo tipo, con actividades productivas y de prestaci\u00f3n de servicios muy variados como obras, lavander\u00eda, limpieza, medioambiente, manipulados, formaci\u00f3n, etc.\r\n\r\nAmbas organizaciones que comparten valores sociales y visi\u00f3n sobre los derechos de las personas con discapacidad coordinar\u00e1n todas sus actividades para incrementar las oportunidades de formaci\u00f3n, aprendizaje en el puesto de trabajo y calidad de los mismos, tanto en empleo protegido como ordinario.\r\n\r\nDentro de las actuaciones objeto del acuerdo se pondr\u00e1 especial atenci\u00f3n a dar a conocer la normativa de reserva de empleo para personas con discapacidad, as\u00ed como el adecuado cumplimiento de las medidas alternativas, para lo que se informar\u00e1 conjuntamente a administraciones, federaciones empresariales y grandes empresas sobre las oportunidades de empleabilidad de las personas con discapacidad f\u00edsica y org\u00e1nica.\r\n\r\nCLM Inclusiva dispone actualmente de Servicio de Empleo en todas las provincias de Castilla-La Mancha, gracias al apoyo de Fundaci\u00f3n ONCE y la financiaci\u00f3n de proyectos con cargo al IRPF, que realiza labor de intermediaci\u00f3n entre personas con discapacidad demandantes de empleo y empresas, asegurando la adecuaci\u00f3n de trabajadores al puesto de trabajo e informando sobre incentivos a la contrataci\u00f3n y ajustes t\u00e9cnicos necesarios en el puesto.\r\n\r\nLa Confederaci\u00f3n regional de entidades de personas con discapacidad f\u00edsica y org\u00e1nica, Castilla-La Mancha Inclusiva, agrupa al movimiento asociativo de COCEMFE en la Regi\u00f3n, con casi un centenar de entidades que representan en torno a 10.000 personas con discapacidad.\r\n\r\nActualmente se encuentra compuesta por cinco federaciones provinciales, COCEMFE Albacete, COCEMFE Cuenca, COCEMFE Guadalajara, COCEMFE Toledo y Ciudad Real Inclusiva, las entidades regionales AFANION, Federaci\u00f3n LUNA CLM de mujeres con discapacidad, AIDISCAM, y la asociaci\u00f3n nacional AMIAB.","_et_gb_content_width":"","footnotes":""},"categories":[39,47,5,78,44,41],"tags":[],"yoast_head":"<!-- This site is optimized with the Yoast SEO plugin v21.3 - https:\/\/yoast.com\/wordpress\/plugins\/seo\/ -->\n<title>COCEMFE se suma al 8M para visibilizar a las mujeres y ni\u00f1as con discapacidad - Clm-Inclusiva<\/title>\n<meta name=\"robots\" content=\"index, follow, max-snippet:-1, max-image-preview:large, max-video-preview:-1\" \/>\n<link rel=\"canonical\" href=\"https:\/\/clm-inclusiva.org\/?p=4047\" \/>\n<meta property=\"og:locale\" content=\"es_ES\" \/>\n<meta property=\"og:type\" content=\"article\" \/>\n<meta property=\"og:title\" content=\"COCEMFE se suma al 8M para visibilizar a las mujeres y ni\u00f1as con discapacidad - Clm-Inclusiva\" \/>\n<meta property=\"og:description\" content=\"[et_pb_section fb_built=&#8221;1&#8243; _builder_version=&#8221;4.0.4&#8243; custom_padding=&#8221;0px||2px|||&#8221;][et_pb_row _builder_version=&#8221;4.1&#8243; background_size=&#8221;initial&#8221; background_position=&#8221;top_left&#8221; background_repeat=&#8221;repeat&#8221; custom_margin=&#8221;|||||&#8221; custom_padding=&#8221;|||||&#8221;][et_pb_column type=&#8221;4_4&#8243; _builder_version=&#8221;3.25&#8243; custom_padding=&#8221;|||&#8221; custom_padding__hover=&#8221;|||&#8221;][et_pb_text admin_label=&#8221;Noticia&#8221; _builder_version=&#8221;4.1&#8243; text_font=&#8221;||||||||&#8221; background_size=&#8221;initial&#8221; background_position=&#8221;top_left&#8221; background_repeat=&#8221;repeat&#8221; text_orientation=&#8221;justified&#8221; min_height=&#8221;711px&#8221; custom_margin=&#8221;||||false|false&#8221; custom_padding=&#8221;|||||&#8221;] La entidad apuesta por el liderazgo femenino y por un futuro igualitario en el mundo de la COVID-19 para las mujeres y ni\u00f1as con discapacidad \u00a0COCEMFE apoya el manifiesto y las [&hellip;]\" \/>\n<meta property=\"og:url\" content=\"https:\/\/clm-inclusiva.org\/?p=4047\" \/>\n<meta property=\"og:site_name\" content=\"Clm-Inclusiva\" \/>\n<meta property=\"article:publisher\" content=\"https:\/\/www.facebook.com\/castillalamancha.inclusiva\/\" \/>\n<meta property=\"article:published_time\" content=\"2021-03-05T12:41:26+00:00\" \/>\n<meta property=\"article:modified_time\" content=\"2021-03-05T12:47:36+00:00\" \/>\n<meta property=\"og:image\" content=\"https:\/\/clm-inclusiva.org\/wp-content\/uploads\/2021\/03\/cocemfe-8m-2021-cemudis-filtro-1.jpg\" \/>\n\t<meta property=\"og:image:width\" content=\"876\" \/>\n\t<meta property=\"og:image:height\" content=\"456\" \/>\n\t<meta property=\"og:image:type\" content=\"image\/jpeg\" \/>\n<meta name=\"author\" content=\"clm-inclusiva\" \/>\n<meta name=\"twitter:card\" content=\"summary_large_image\" \/>\n<meta name=\"twitter:creator\" content=\"@ClmInclusiva\" \/>\n<meta name=\"twitter:site\" content=\"@ClmInclusiva\" \/>\n<meta name=\"twitter:label1\" content=\"Escrito por\" \/>\n\t<meta name=\"twitter:data1\" content=\"clm-inclusiva\" \/>\n\t<meta name=\"twitter:label2\" content=\"Tiempo de lectura\" \/>\n\t<meta name=\"twitter:data2\" content=\"5 minutos\" \/>\n<script type=\"application\/ld+json\" class=\"yoast-schema-graph\">{\"@context\":\"https:\/\/schema.org\",\"@graph\":[{\"@type\":\"Article\",\"@id\":\"https:\/\/clm-inclusiva.org\/?p=4047#article\",\"isPartOf\":{\"@id\":\"https:\/\/clm-inclusiva.org\/?p=4047\"},\"author\":{\"name\":\"clm-inclusiva\",\"@id\":\"https:\/\/clm-inclusiva.org\/#\/schema\/person\/0cff84aaa5bb8fd3521c55d1578d902b\"},\"headline\":\"COCEMFE se suma al 8M para visibilizar a las mujeres y ni\u00f1as con discapacidad\",\"datePublished\":\"2021-03-05T12:41:26+00:00\",\"dateModified\":\"2021-03-05T12:47:36+00:00\",\"mainEntityOfPage\":{\"@id\":\"https:\/\/clm-inclusiva.org\/?p=4047\"},\"wordCount\":940,\"publisher\":{\"@id\":\"https:\/\/clm-inclusiva.org\/#organization\"},\"articleSection\":[\"Bienestar social\",\"cocemfe\",\"Discapacidad\",\"mujer\",\"Politica social\",\"Tercer sector\"],\"inLanguage\":\"es\"},{\"@type\":\"WebPage\",\"@id\":\"https:\/\/clm-inclusiva.org\/?p=4047\",\"url\":\"https:\/\/clm-inclusiva.org\/?p=4047\",\"name\":\"COCEMFE se suma al 8M para visibilizar a las mujeres y ni\u00f1as con discapacidad - Clm-Inclusiva\",\"isPartOf\":{\"@id\":\"https:\/\/clm-inclusiva.org\/#website\"},\"datePublished\":\"2021-03-05T12:41:26+00:00\",\"dateModified\":\"2021-03-05T12:47:36+00:00\",\"breadcrumb\":{\"@id\":\"https:\/\/clm-inclusiva.org\/?p=4047#breadcrumb\"},\"inLanguage\":\"es\",\"potentialAction\":[{\"@type\":\"ReadAction\",\"target\":[\"https:\/\/clm-inclusiva.org\/?p=4047\"]}]},{\"@type\":\"BreadcrumbList\",\"@id\":\"https:\/\/clm-inclusiva.org\/?p=4047#breadcrumb\",\"itemListElement\":[{\"@type\":\"ListItem\",\"position\":1,\"name\":\"Portada\",\"item\":\"https:\/\/clm-inclusiva.org\/\"},{\"@type\":\"ListItem\",\"position\":2,\"name\":\"COCEMFE se suma al 8M para visibilizar a las mujeres y ni\u00f1as con discapacidad\"}]},{\"@type\":\"WebSite\",\"@id\":\"https:\/\/clm-inclusiva.org\/#website\",\"url\":\"https:\/\/clm-inclusiva.org\/\",\"name\":\"Clm-Inclusiva\",\"description\":\"Confederaci\u00f3n de entidades de personas con discapacidad f\u00edsica y org\u00e1nica CLM\",\"publisher\":{\"@id\":\"https:\/\/clm-inclusiva.org\/#organization\"},\"potentialAction\":[{\"@type\":\"SearchAction\",\"target\":{\"@type\":\"EntryPoint\",\"urlTemplate\":\"https:\/\/clm-inclusiva.org\/?s={search_term_string}\"},\"query-input\":\"required name=search_term_string\"}],\"inLanguage\":\"es\"},{\"@type\":\"Organization\",\"@id\":\"https:\/\/clm-inclusiva.org\/#organization\",\"name\":\"Clm-Inclusiva\",\"url\":\"https:\/\/clm-inclusiva.org\/\",\"logo\":{\"@type\":\"ImageObject\",\"inLanguage\":\"es\",\"@id\":\"https:\/\/clm-inclusiva.org\/#\/schema\/logo\/image\/\",\"url\":\"http:\/\/clm-inclusiva.org\/wp-content\/uploads\/2019\/04\/banner-e1533720812836.jpg\",\"contentUrl\":\"http:\/\/clm-inclusiva.org\/wp-content\/uploads\/2019\/04\/banner-e1533720812836.jpg\",\"width\":600,\"height\":332,\"caption\":\"Clm-Inclusiva\"},\"image\":{\"@id\":\"https:\/\/clm-inclusiva.org\/#\/schema\/logo\/image\/\"},\"sameAs\":[\"https:\/\/www.facebook.com\/castillalamancha.inclusiva\/\",\"https:\/\/twitter.com\/ClmInclusiva\"]},{\"@type\":\"Person\",\"@id\":\"https:\/\/clm-inclusiva.org\/#\/schema\/person\/0cff84aaa5bb8fd3521c55d1578d902b\",\"name\":\"clm-inclusiva\",\"image\":{\"@type\":\"ImageObject\",\"inLanguage\":\"es\",\"@id\":\"https:\/\/clm-inclusiva.org\/#\/schema\/person\/image\/\",\"url\":\"https:\/\/secure.gravatar.com\/avatar\/88948567af770dc9cd5597b329011884?s=96&d=blank&r=g\",\"contentUrl\":\"https:\/\/secure.gravatar.com\/avatar\/88948567af770dc9cd5597b329011884?s=96&d=blank&r=g\",\"caption\":\"clm-inclusiva\"},\"sameAs\":[\"http:\/\/clm-inclusiva.org\"],\"url\":\"https:\/\/clm-inclusiva.org\/?author=1\"}]}<\/script>\n<!-- \/ Yoast SEO plugin. -->","yoast_head_json":{"title":"COCEMFE se suma al 8M para visibilizar a las mujeres y ni\u00f1as con discapacidad - Clm-Inclusiva","robots":{"index":"index","follow":"follow","max-snippet":"max-snippet:-1","max-image-preview":"max-image-preview:large","max-video-preview":"max-video-preview:-1"},"canonical":"https:\/\/clm-inclusiva.org\/?p=4047","og_locale":"es_ES","og_type":"article","og_title":"COCEMFE se suma al 8M para visibilizar a las mujeres y ni\u00f1as con discapacidad - Clm-Inclusiva","og_description":"[et_pb_section fb_built=&#8221;1&#8243; _builder_version=&#8221;4.0.4&#8243; custom_padding=&#8221;0px||2px|||&#8221;][et_pb_row _builder_version=&#8221;4.1&#8243; background_size=&#8221;initial&#8221; background_position=&#8221;top_left&#8221; background_repeat=&#8221;repeat&#8221; custom_margin=&#8221;|||||&#8221; custom_padding=&#8221;|||||&#8221;][et_pb_column type=&#8221;4_4&#8243; _builder_version=&#8221;3.25&#8243; custom_padding=&#8221;|||&#8221; custom_padding__hover=&#8221;|||&#8221;][et_pb_text admin_label=&#8221;Noticia&#8221; _builder_version=&#8221;4.1&#8243; text_font=&#8221;||||||||&#8221; background_size=&#8221;initial&#8221; background_position=&#8221;top_left&#8221; background_repeat=&#8221;repeat&#8221; text_orientation=&#8221;justified&#8221; min_height=&#8221;711px&#8221; custom_margin=&#8221;||||false|false&#8221; custom_padding=&#8221;|||||&#8221;] La entidad apuesta por el liderazgo femenino y por un futuro igualitario en el mundo de la COVID-19 para las mujeres y ni\u00f1as con discapacidad \u00a0COCEMFE apoya el manifiesto y las [&hellip;]","og_url":"https:\/\/clm-inclusiva.org\/?p=4047","og_site_name":"Clm-Inclusiva","article_publisher":"https:\/\/www.facebook.com\/castillalamancha.inclusiva\/","article_published_time":"2021-03-05T12:41:26+00:00","article_modified_time":"2021-03-05T12:47:36+00:00","og_image":[{"width":876,"height":456,"url":"https:\/\/clm-inclusiva.org\/wp-content\/uploads\/2021\/03\/cocemfe-8m-2021-cemudis-filtro-1.jpg","type":"image\/jpeg"}],"author":"clm-inclusiva","twitter_card":"summary_large_image","twitter_creator":"@ClmInclusiva","twitter_site":"@ClmInclusiva","twitter_misc":{"Escrito por":"clm-inclusiva","Tiempo de lectura":"5 minutos"},"schema":{"@context":"https:\/\/schema.org","@graph":[{"@type":"Article","@id":"https:\/\/clm-inclusiva.org\/?p=4047#article","isPartOf":{"@id":"https:\/\/clm-inclusiva.org\/?p=4047"},"author":{"name":"clm-inclusiva","@id":"https:\/\/clm-inclusiva.org\/#\/schema\/person\/0cff84aaa5bb8fd3521c55d1578d902b"},"headline":"COCEMFE se suma al 8M para visibilizar a las mujeres y ni\u00f1as con discapacidad","datePublished":"2021-03-05T12:41:26+00:00","dateModified":"2021-03-05T12:47:36+00:00","mainEntityOfPage":{"@id":"https:\/\/clm-inclusiva.org\/?p=4047"},"wordCount":940,"publisher":{"@id":"https:\/\/clm-inclusiva.org\/#organization"},"articleSection":["Bienestar social","cocemfe","Discapacidad","mujer","Politica social","Tercer sector"],"inLanguage":"es"},{"@type":"WebPage","@id":"https:\/\/clm-inclusiva.org\/?p=4047","url":"https:\/\/clm-inclusiva.org\/?p=4047","name":"COCEMFE se suma al 8M para visibilizar a las mujeres y ni\u00f1as con discapacidad - Clm-Inclusiva","isPartOf":{"@id":"https:\/\/clm-inclusiva.org\/#website"},"datePublished":"2021-03-05T12:41:26+00:00","dateModified":"2021-03-05T12:47:36+00:00","breadcrumb":{"@id":"https:\/\/clm-inclusiva.org\/?p=4047#breadcrumb"},"inLanguage":"es","potentialAction":[{"@type":"ReadAction","target":["https:\/\/clm-inclusiva.org\/?p=4047"]}]},{"@type":"BreadcrumbList","@id":"https:\/\/clm-inclusiva.org\/?p=4047#breadcrumb","itemListElement":[{"@type":"ListItem","position":1,"name":"Portada","item":"https:\/\/clm-inclusiva.org\/"},{"@type":"ListItem","position":2,"name":"COCEMFE se suma al 8M para visibilizar a las mujeres y ni\u00f1as con discapacidad"}]},{"@type":"WebSite","@id":"https:\/\/clm-inclusiva.org\/#website","url":"https:\/\/clm-inclusiva.org\/","name":"Clm-Inclusiva","description":"Confederaci\u00f3n de entidades de personas con discapacidad f\u00edsica y org\u00e1nica CLM","publisher":{"@id":"https:\/\/clm-inclusiva.org\/#organization"},"potentialAction":[{"@type":"SearchAction","target":{"@type":"EntryPoint","urlTemplate":"https:\/\/clm-inclusiva.org\/?s={search_term_string}"},"query-input":"required name=search_term_string"}],"inLanguage":"es"},{"@type":"Organization","@id":"https:\/\/clm-inclusiva.org\/#organization","name":"Clm-Inclusiva","url":"https:\/\/clm-inclusiva.org\/","logo":{"@type":"ImageObject","inLanguage":"es","@id":"https:\/\/clm-inclusiva.org\/#\/schema\/logo\/image\/","url":"http:\/\/clm-inclusiva.org\/wp-content\/uploads\/2019\/04\/banner-e1533720812836.jpg","contentUrl":"http:\/\/clm-inclusiva.org\/wp-content\/uploads\/2019\/04\/banner-e1533720812836.jpg","width":600,"height":332,"caption":"Clm-Inclusiva"},"image":{"@id":"https:\/\/clm-inclusiva.org\/#\/schema\/logo\/image\/"},"sameAs":["https:\/\/www.facebook.com\/castillalamancha.inclusiva\/","https:\/\/twitter.com\/ClmInclusiva"]},{"@type":"Person","@id":"https:\/\/clm-inclusiva.org\/#\/schema\/person\/0cff84aaa5bb8fd3521c55d1578d902b","name":"clm-inclusiva","image":{"@type":"ImageObject","inLanguage":"es","@id":"https:\/\/clm-inclusiva.org\/#\/schema\/person\/image\/","url":"https:\/\/secure.gravatar.com\/avatar\/88948567af770dc9cd5597b329011884?s=96&d=blank&r=g","contentUrl":"https:\/\/secure.gravatar.com\/avatar\/88948567af770dc9cd5597b329011884?s=96&d=blank&r=g","caption":"clm-inclusiva"},"sameAs":["http:\/\/clm-inclusiva.org"],"url":"https:\/\/clm-inclusiva.org\/?author=1"}]}},"_links":{"self":[{"href":"https:\/\/clm-inclusiva.org\/index.php?rest_route=\/wp\/v2\/posts\/4047"}],"collection":[{"href":"https:\/\/clm-inclusiva.org\/index.php?rest_route=\/wp\/v2\/posts"}],"about":[{"href":"https:\/\/clm-inclusiva.org\/index.php?rest_route=\/wp\/v2\/types\/post"}],"author":[{"embeddable":true,"href":"https:\/\/clm-inclusiva.org\/index.php?rest_route=\/wp\/v2\/users\/1"}],"replies":[{"embeddable":true,"href":"https:\/\/clm-inclusiva.org\/index.php?rest_route=%2Fwp%2Fv2%2Fcomments&post=4047"}],"version-history":[{"count":4,"href":"https:\/\/clm-inclusiva.org\/index.php?rest_route=\/wp\/v2\/posts\/4047\/revisions"}],"predecessor-version":[{"id":4053,"href":"https:\/\/clm-inclusiva.org\/index.php?rest_route=\/wp\/v2\/posts\/4047\/revisions\/4053"}],"wp:featuredmedia":[{"embeddable":true,"href":"https:\/\/clm-inclusiva.org\/index.php?rest_route=\/wp\/v2\/media\/4049"}],"wp:attachment":[{"href":"https:\/\/clm-inclusiva.org\/index.php?rest_route=%2Fwp%2Fv2%2Fmedia&parent=4047"}],"wp:term":[{"taxonomy":"category","embeddable":true,"href":"https:\/\/clm-inclusiva.org\/index.php?rest_route=%2Fwp%2Fv2%2Fcategories&post=4047"},{"taxonomy":"post_tag","embeddable":true,"href":"https:\/\/clm-inclusiva.org\/index.php?rest_route=%2Fwp%2Fv2%2Ftags&post=4047"}],"curies":[{"name":"wp","href":"https:\/\/api.w.org\/{rel}","templated":true}]}}