{"id":4007,"date":"2021-02-23T10:33:02","date_gmt":"2021-02-23T08:33:02","guid":{"rendered":"http:\/\/clm-inclusiva.org\/?p=4007"},"modified":"2021-02-23T10:33:09","modified_gmt":"2021-02-23T08:33:09","slug":"cocemfe-pide-al-congreso-que-escuche-a-las-personas-con-discapacidad","status":"publish","type":"post","link":"https:\/\/clm-inclusiva.org\/?p=4007","title":{"rendered":"COCEMFE pide al Congreso que escuche a las personas con discapacidad"},"content":{"rendered":"<p>[et_pb_section fb_built=&#8221;1&#8243; _builder_version=&#8221;4.0.4&#8243; custom_padding=&#8221;0px||2px|||&#8221;][et_pb_row _builder_version=&#8221;4.1&#8243; background_size=&#8221;initial&#8221; background_position=&#8221;top_left&#8221; background_repeat=&#8221;repeat&#8221; custom_margin=&#8221;|||||&#8221; custom_padding=&#8221;|||||&#8221;][et_pb_column type=&#8221;4_4&#8243; _builder_version=&#8221;3.25&#8243; custom_padding=&#8221;|||&#8221; custom_padding__hover=&#8221;|||&#8221;][et_pb_text admin_label=&#8221;Noticia&#8221; _builder_version=&#8221;4.1&#8243; text_font=&#8221;||||||||&#8221; background_size=&#8221;initial&#8221; background_position=&#8221;top_left&#8221; background_repeat=&#8221;repeat&#8221; text_orientation=&#8221;justified&#8221; min_height=&#8221;711px&#8221; custom_margin=&#8221;||||false|false&#8221; custom_padding=&#8221;|||||&#8221; hover_enabled=&#8221;0&#8243;]<\/p>\n<ul>\n<li><strong>El presidente de COCEMFE, Anxo Queiruga, ha comparecido este lunes en la Comisi\u00f3n de Derechos Sociales y Pol\u00edticas Integrales de la Discapacidad del Congreso de los Diputados<\/strong><\/li>\n<li><strong>Queiruga ha propuesto una coordinaci\u00f3n sociosanitaria real y efectiva, un nuevo modelo de autonom\u00eda personal centrado en la persona y una mayor sostenibilidad econ\u00f3mica para las organizaciones<\/strong><\/li>\n<li><strong>Renovar el baremo de valoraci\u00f3n de discapacidad, reformar la Ley de Propiedad Horizontal, eliminar la brecha digital y de g\u00e9nero y garantizar el empleo y la educaci\u00f3n inclusivas son otras de las necesidades expuestas por COCEMFE<\/strong><\/li>\n<\/ul>\n<p>(Madrid, 22 de febrero de 2021) .-\u00a0El presidente de la Confederaci\u00f3n Espa\u00f1ola de Personas con Discapacidad F\u00edsica y Org\u00e1nica (COCEMFE), Anxo Queiruga, ha reclamado este mi\u00e9rcoles a los partidos pol\u00edticos que \u201c<strong>no vuelva a ocurrir que se aprueben normas que nos afectan sin habernos consultado<\/strong>\u201d y pidi\u00f3 utilizar \u201ctodos los mecanismos democr\u00e1ticos y de interlocuci\u00f3n para construir\u201d.<\/p>\n<p>As\u00ed lo ha puesto de manifiesto durante su intervenci\u00f3n en la Comisi\u00f3n de Derechos Sociales y Pol\u00edticas Integrales de la Discapacidad del Congreso de los Diputados, en la que Queiruga ha explicado <strong>c\u00f3mo est\u00e1 afectando la pandemia a las personas con discapacidad f\u00edsica y org\u00e1nica<\/strong>, las propuestas de COCEMFE para paliar las graves consecuencias en la calidad de vida y ejercicio de derechos de este grupo social y <strong>las necesidades que, al margen de la COVID-19, requieren respuesta por parte de los poderes p\u00fablicos<\/strong>.<\/p>\n<p>\u201cLas personas con discapacidad f\u00edsica y org\u00e1nica de nuestro pa\u00eds <strong>hemos vivido un enorme retroceso de nuestros derechos este \u00faltimo a\u00f1o<\/strong>\u201d, ha se\u00f1alado Queiruga, que, aunque reconoce que \u201ctoda esta situaci\u00f3n est\u00e1 afectando a la poblaci\u00f3n en general\u201d, destaca que \u201cen nuestro caso es un riesgo realmente grave que afecta a nuestra salud y calidad de vida\u201d y ha a\u00f1adido que \u201ca pesar de ello, <strong>no se ha tenido en cuenta la situaci\u00f3n de discapacidad<\/strong> desde el principio de la pandemia en la normativa aprobada.<\/p>\n<p>Con respecto a la vacuna, el presidente de COCEMFE hecho hincapi\u00e9 en que \u201cen nuestro grupo social hay un mayor riesgo de contagio, o de desarrollar una COVID-19 grave, de ver agravada nuestra condici\u00f3n o un mayor riesgo de mortalidad\u201d, por lo que \u201ccreemos que <strong>es fundamental que se vacune a la poblaci\u00f3n en funci\u00f3n del grado de vulnerabilidad ante la COVID-19<\/strong> m\u00e1s que en relaci\u00f3n a otros criterios m\u00e1s aleatorios\u201d.<\/p>\n<p>Queiruga ha destacado \u201c<strong>necesidad urgente de conseguir una coordinaci\u00f3n sociosanitaria real y efectiva<\/strong>\u201d, ya que, a su juicio, \u201cevitar\u00eda duplicidades, contribuir\u00eda a la sostenibilidad del sistema\u201d y, adem\u00e1s, \u201cpermitir\u00eda ofrecer respuestas coordinadas, integradas, colaborativas y complementarias ajustadas a las necesidades de las personas\u201d.<\/p>\n<p>Por otro lado, el presidente de la Confederaci\u00f3n ha argumentado que <strong>\u201ces imprescindible\u201d actualizar el baremo de valoraci\u00f3n de discapacidad<\/strong> para acceder a la condici\u00f3n legal de persona con discapacidad, porque \u201chay personas a las que se ha vulnerado los derechos y otras tantas a las que ni si quiera se los ha reconocido el sistema\u201d.<\/p>\n<p>Asimismo, Queiruga ha repasado reivindicaciones hist\u00f3ricas por parte del Movimiento Asociativo de COCEMFE como la necesidad de reformar la Ley de Propiedad Horizontal para que \u201c<strong>sea obligatorio realizar obras de accesibilidad en todos los edificios donde vivan o trabajen personas con discapacidad<\/strong>, en situaci\u00f3n de dependencia o personas mayores\u201d.<\/p>\n<p>\u201cApostamos tambi\u00e9n por crear una <strong>nueva Ley General de empleo<\/strong> que ponga en marcha un nuevo modelo que aparte de armonizar todas las medidas existentes en la actualidad, incluya nuevas medidas que mejoren la empleabilidad de nuestro grupo social\u201d, ha indicado el presidente de la Confederaci\u00f3n, al tiempo que ha pedido que \u201c<strong>se asegure la equiparaci\u00f3n legal entre la situaci\u00f3n de la incapacidad laboral permanente y la discapacidad<\/strong>, para el \u00e1mbito del empleo\u201d.<\/p>\n<p>Durante su intervenci\u00f3n, Queiruga, ha reivindicado el derecho de las personas con discapacidad f\u00edsica y org\u00e1nica a la autonom\u00eda y ha asegurado que \u201c<strong>es necesario cambiar el paradigma de atenci\u00f3n<\/strong> a la dependencia que impera en nuestro pa\u00eds, hacia un <strong>modelo de autonom\u00eda personal centrado en la persona<\/strong>\u201d. \u201cLa asistencia personal es un derecho en nuestro pa\u00eds desde 2006, pero si no llega a la gente, no existe. Tenemos que poner soluci\u00f3n. <strong>Urge una regulaci\u00f3n laboral para la figura de Asistencia Personal<\/strong>\u201d, ha manifestado.<\/p>\n<p>Otro de los puntos clave fue la defensa de que \u201c<strong>tanto la variable g\u00e9nero como la variable de discapacidad sean incorporadas transversalmente en el dise\u00f1o e implementaci\u00f3n de pol\u00edticas p\u00fablicas<\/strong>, y que las administraciones apuesten por la interlocuci\u00f3n del Movimiento Asociativo de las personas con discapacidad y de las mujeres con discapacidad\u201d.<\/p>\n<p>El presidente de COCEMFE ha sostenido la puesta de COCEMFE por \u201cun <strong>desarrollo rural inclusivo<\/strong> que impida que las personas con discapacidad nos veamos obligadas a huir de nuestros lugares de origen\u201d y tambi\u00e9n ha mencionado que \u201cen un mundo cada vez m\u00e1s globalizado y cada vez m\u00e1s informatizado, <strong>tenemos que garantizar el acceso a las Tecnolog\u00edas de la Informaci\u00f3n y la Comunicaci\u00f3n <\/strong>por parte de las personas con discapacidad\u201d.<\/p>\n<p>A colaci\u00f3n, ha concluido que \u201c<strong>la problem\u00e1tica de la brecha digital tiene mucha relaci\u00f3n con la educaci\u00f3n<\/strong>\u201d, puesto que \u201cdurante la pandemia, las necesidades del alumnado con discapacidad han quedado desatendidas y no se han puesto a su disposici\u00f3n los medios de apoyo necesarios\u201d y ha sostenido que \u201c<strong>Espa\u00f1a tiene que garantizar recursos para una educaci\u00f3n inclusiva, gratuita y de calidad<\/strong>\u201d.<\/p>\n<p>Por \u00faltimo, Queiruga ha trasladado a los partidos pol\u00edticos \u201c<strong>la problem\u00e1tica de sostenibilidad que tenemos las organizaciones<\/strong>\u201d y a este respecto ha detallado que \u201ccada a\u00f1o, m\u00e1s de un mill\u00f3n de personas se benefician de la labor que hacemos desde COCEMFE y nuestro Movimiento Asociativo, pero nunca sabemos si podremos seguir haci\u00e9ndolo al a\u00f1o siguiente\u201d, porque \u201c<strong>vivimos en una situaci\u00f3n permanente de incertidumbre a nivel econ\u00f3mico<\/strong>\u201d.<\/p>\n<p>\u201cDebemos generar un modelo de sostenibilidad que supere el modelo tradicional de subvenciones y que nos saque del eterno conflicto competencial\u201d, ha incidido Queiruga, quien tambi\u00e9n ha pedido \u201c<strong>poder acceder a los fondos europeos de resiliencia<\/strong>\u201d.<\/p>\n<p>[\/et_pb_text][et_pb_post_nav prev_text=&#8221;Anterior&#8221; next_text=&#8221;Siguiente&#8221; _builder_version=&#8221;3.22.4&#8243;][\/et_pb_post_nav][\/et_pb_column][\/et_pb_row][\/et_pb_section]<\/p>\n","protected":false},"excerpt":{"rendered":"<p>[et_pb_section fb_built=&#8221;1&#8243; _builder_version=&#8221;4.0.4&#8243; custom_padding=&#8221;0px||2px|||&#8221;][et_pb_row _builder_version=&#8221;4.1&#8243; background_size=&#8221;initial&#8221; background_position=&#8221;top_left&#8221; background_repeat=&#8221;repeat&#8221; custom_margin=&#8221;|||||&#8221; custom_padding=&#8221;|||||&#8221;][et_pb_column type=&#8221;4_4&#8243; _builder_version=&#8221;3.25&#8243; custom_padding=&#8221;|||&#8221; custom_padding__hover=&#8221;|||&#8221;][et_pb_text admin_label=&#8221;Noticia&#8221; _builder_version=&#8221;4.1&#8243; text_font=&#8221;||||||||&#8221; background_size=&#8221;initial&#8221; background_position=&#8221;top_left&#8221; background_repeat=&#8221;repeat&#8221; text_orientation=&#8221;justified&#8221; min_height=&#8221;711px&#8221; custom_margin=&#8221;||||false|false&#8221; custom_padding=&#8221;|||||&#8221; hover_enabled=&#8221;0&#8243;] El presidente de COCEMFE, Anxo Queiruga, ha comparecido este lunes en la Comisi\u00f3n de Derechos Sociales y Pol\u00edticas Integrales de la Discapacidad del Congreso de los Diputados Queiruga ha propuesto [&hellip;]<\/p>\n","protected":false},"author":1,"featured_media":4009,"comment_status":"closed","ping_status":"closed","sticky":false,"template":"","format":"standard","meta":{"_et_pb_use_builder":"on","_et_pb_old_content":"<h5 style=\"text-align: justify;\">La Confederaci\u00f3n CLM Inclusiva y la asociaci\u00f3n empresarial de Centros Especiales de Empleo de COCEMFE en Castilla-La Mancha, AECEMCO CLM, han firmado un acuerdo para promover las oportunidades de formaci\u00f3n y empleo de las personas del colectivo.<\/h5>\r\n<p style=\"text-align: justify;\"><img class=\"alignnone size-full wp-image-471\" src=\"http:\/\/clm-inclusiva.org\/wp-content\/uploads\/2019\/04\/3500_fotonoticia_20190402151941_1920.jpg\" alt=\"\" width=\"670\" height=\"300\"><\/p>\r\n<p style=\"text-align: justify;\">El presidente de la confederaci\u00f3n CLM Inclusiva, Enrique Alarc\u00f3n Garc\u00eda, y el presidente de AECEMCO CLM, \u00d3scar Sillas, han rubricado este acuerdo de colaboraci\u00f3n para coordinar su labor y actuaciones de apoyo a la promoci\u00f3n de los derechos de las personas con discapacidad f\u00edsica y org\u00e1nica en Castilla-La Mancha, ha informado esta confederaci\u00f3n en nota de prensa.<\/p>\r\nEl sector empresarial promovido por las organizaciones de COCEMFE sin \u00e1nimo de lucro, integrado en AECEMCO, da empleo actualmente a m\u00e1s de 800 personas con discapacidad de todo tipo, con actividades productivas y de prestaci\u00f3n de servicios muy variados como obras, lavander\u00eda, limpieza, medioambiente, manipulados, formaci\u00f3n, etc.\r\n\r\nAmbas organizaciones que comparten valores sociales y visi\u00f3n sobre los derechos de las personas con discapacidad coordinar\u00e1n todas sus actividades para incrementar las oportunidades de formaci\u00f3n, aprendizaje en el puesto de trabajo y calidad de los mismos, tanto en empleo protegido como ordinario.\r\n\r\nDentro de las actuaciones objeto del acuerdo se pondr\u00e1 especial atenci\u00f3n a dar a conocer la normativa de reserva de empleo para personas con discapacidad, as\u00ed como el adecuado cumplimiento de las medidas alternativas, para lo que se informar\u00e1 conjuntamente a administraciones, federaciones empresariales y grandes empresas sobre las oportunidades de empleabilidad de las personas con discapacidad f\u00edsica y org\u00e1nica.\r\n\r\nCLM Inclusiva dispone actualmente de Servicio de Empleo en todas las provincias de Castilla-La Mancha, gracias al apoyo de Fundaci\u00f3n ONCE y la financiaci\u00f3n de proyectos con cargo al IRPF, que realiza labor de intermediaci\u00f3n entre personas con discapacidad demandantes de empleo y empresas, asegurando la adecuaci\u00f3n de trabajadores al puesto de trabajo e informando sobre incentivos a la contrataci\u00f3n y ajustes t\u00e9cnicos necesarios en el puesto.\r\n\r\nLa Confederaci\u00f3n regional de entidades de personas con discapacidad f\u00edsica y org\u00e1nica, Castilla-La Mancha Inclusiva, agrupa al movimiento asociativo de COCEMFE en la Regi\u00f3n, con casi un centenar de entidades que representan en torno a 10.000 personas con discapacidad.\r\n\r\nActualmente se encuentra compuesta por cinco federaciones provinciales, COCEMFE Albacete, COCEMFE Cuenca, COCEMFE Guadalajara, COCEMFE Toledo y Ciudad Real Inclusiva, las entidades regionales AFANION, Federaci\u00f3n LUNA CLM de mujeres con discapacidad, AIDISCAM, y la asociaci\u00f3n nacional AMIAB.","_et_gb_content_width":"","footnotes":""},"categories":[39,47,5,44,41],"tags":[],"yoast_head":"<!-- This site is optimized with the Yoast SEO plugin v21.3 - https:\/\/yoast.com\/wordpress\/plugins\/seo\/ -->\n<title>COCEMFE pide al Congreso que escuche a las personas con discapacidad - Clm-Inclusiva<\/title>\n<meta name=\"robots\" content=\"index, follow, max-snippet:-1, max-image-preview:large, max-video-preview:-1\" \/>\n<link rel=\"canonical\" href=\"https:\/\/clm-inclusiva.org\/?p=4007\" \/>\n<meta property=\"og:locale\" content=\"es_ES\" \/>\n<meta property=\"og:type\" content=\"article\" \/>\n<meta property=\"og:title\" content=\"COCEMFE pide al Congreso que escuche a las personas con discapacidad - Clm-Inclusiva\" \/>\n<meta property=\"og:description\" content=\"[et_pb_section fb_built=&#8221;1&#8243; _builder_version=&#8221;4.0.4&#8243; custom_padding=&#8221;0px||2px|||&#8221;][et_pb_row _builder_version=&#8221;4.1&#8243; background_size=&#8221;initial&#8221; background_position=&#8221;top_left&#8221; background_repeat=&#8221;repeat&#8221; custom_margin=&#8221;|||||&#8221; custom_padding=&#8221;|||||&#8221;][et_pb_column type=&#8221;4_4&#8243; _builder_version=&#8221;3.25&#8243; custom_padding=&#8221;|||&#8221; custom_padding__hover=&#8221;|||&#8221;][et_pb_text admin_label=&#8221;Noticia&#8221; _builder_version=&#8221;4.1&#8243; text_font=&#8221;||||||||&#8221; background_size=&#8221;initial&#8221; background_position=&#8221;top_left&#8221; background_repeat=&#8221;repeat&#8221; text_orientation=&#8221;justified&#8221; min_height=&#8221;711px&#8221; custom_margin=&#8221;||||false|false&#8221; custom_padding=&#8221;|||||&#8221; hover_enabled=&#8221;0&#8243;] El presidente de COCEMFE, Anxo Queiruga, ha comparecido este lunes en la Comisi\u00f3n de Derechos Sociales y Pol\u00edticas Integrales de la Discapacidad del Congreso de los Diputados Queiruga ha propuesto [&hellip;]\" \/>\n<meta property=\"og:url\" content=\"https:\/\/clm-inclusiva.org\/?p=4007\" \/>\n<meta property=\"og:site_name\" content=\"Clm-Inclusiva\" \/>\n<meta property=\"article:publisher\" content=\"https:\/\/www.facebook.com\/castillalamancha.inclusiva\/\" \/>\n<meta property=\"article:published_time\" content=\"2021-02-23T08:33:02+00:00\" \/>\n<meta property=\"article:modified_time\" content=\"2021-02-23T08:33:09+00:00\" \/>\n<meta property=\"og:image\" content=\"https:\/\/clm-inclusiva.org\/wp-content\/uploads\/2021\/02\/20210222_Comparecencia_Congreso_AnxoQueiruga-1-scaled.jpg\" \/>\n\t<meta property=\"og:image:width\" content=\"2560\" \/>\n\t<meta property=\"og:image:height\" content=\"1707\" \/>\n\t<meta property=\"og:image:type\" content=\"image\/jpeg\" \/>\n<meta name=\"author\" content=\"clm-inclusiva\" \/>\n<meta name=\"twitter:card\" content=\"summary_large_image\" \/>\n<meta name=\"twitter:creator\" content=\"@ClmInclusiva\" \/>\n<meta name=\"twitter:site\" content=\"@ClmInclusiva\" \/>\n<meta name=\"twitter:label1\" content=\"Escrito por\" \/>\n\t<meta name=\"twitter:data1\" content=\"clm-inclusiva\" \/>\n\t<meta name=\"twitter:label2\" content=\"Tiempo de lectura\" \/>\n\t<meta name=\"twitter:data2\" content=\"6 minutos\" \/>\n<script type=\"application\/ld+json\" class=\"yoast-schema-graph\">{\"@context\":\"https:\/\/schema.org\",\"@graph\":[{\"@type\":\"Article\",\"@id\":\"https:\/\/clm-inclusiva.org\/?p=4007#article\",\"isPartOf\":{\"@id\":\"https:\/\/clm-inclusiva.org\/?p=4007\"},\"author\":{\"name\":\"clm-inclusiva\",\"@id\":\"https:\/\/clm-inclusiva.org\/#\/schema\/person\/0cff84aaa5bb8fd3521c55d1578d902b\"},\"headline\":\"COCEMFE pide al Congreso que escuche a las personas con discapacidad\",\"datePublished\":\"2021-02-23T08:33:02+00:00\",\"dateModified\":\"2021-02-23T08:33:09+00:00\",\"mainEntityOfPage\":{\"@id\":\"https:\/\/clm-inclusiva.org\/?p=4007\"},\"wordCount\":1180,\"publisher\":{\"@id\":\"https:\/\/clm-inclusiva.org\/#organization\"},\"articleSection\":[\"Bienestar social\",\"cocemfe\",\"Discapacidad\",\"Politica social\",\"Tercer sector\"],\"inLanguage\":\"es\"},{\"@type\":\"WebPage\",\"@id\":\"https:\/\/clm-inclusiva.org\/?p=4007\",\"url\":\"https:\/\/clm-inclusiva.org\/?p=4007\",\"name\":\"COCEMFE pide al Congreso que escuche a las personas con discapacidad - Clm-Inclusiva\",\"isPartOf\":{\"@id\":\"https:\/\/clm-inclusiva.org\/#website\"},\"datePublished\":\"2021-02-23T08:33:02+00:00\",\"dateModified\":\"2021-02-23T08:33:09+00:00\",\"breadcrumb\":{\"@id\":\"https:\/\/clm-inclusiva.org\/?p=4007#breadcrumb\"},\"inLanguage\":\"es\",\"potentialAction\":[{\"@type\":\"ReadAction\",\"target\":[\"https:\/\/clm-inclusiva.org\/?p=4007\"]}]},{\"@type\":\"BreadcrumbList\",\"@id\":\"https:\/\/clm-inclusiva.org\/?p=4007#breadcrumb\",\"itemListElement\":[{\"@type\":\"ListItem\",\"position\":1,\"name\":\"Portada\",\"item\":\"https:\/\/clm-inclusiva.org\/\"},{\"@type\":\"ListItem\",\"position\":2,\"name\":\"COCEMFE pide al Congreso que escuche a las personas con discapacidad\"}]},{\"@type\":\"WebSite\",\"@id\":\"https:\/\/clm-inclusiva.org\/#website\",\"url\":\"https:\/\/clm-inclusiva.org\/\",\"name\":\"Clm-Inclusiva\",\"description\":\"Confederaci\u00f3n de entidades de personas con discapacidad f\u00edsica y org\u00e1nica CLM\",\"publisher\":{\"@id\":\"https:\/\/clm-inclusiva.org\/#organization\"},\"potentialAction\":[{\"@type\":\"SearchAction\",\"target\":{\"@type\":\"EntryPoint\",\"urlTemplate\":\"https:\/\/clm-inclusiva.org\/?s={search_term_string}\"},\"query-input\":\"required name=search_term_string\"}],\"inLanguage\":\"es\"},{\"@type\":\"Organization\",\"@id\":\"https:\/\/clm-inclusiva.org\/#organization\",\"name\":\"Clm-Inclusiva\",\"url\":\"https:\/\/clm-inclusiva.org\/\",\"logo\":{\"@type\":\"ImageObject\",\"inLanguage\":\"es\",\"@id\":\"https:\/\/clm-inclusiva.org\/#\/schema\/logo\/image\/\",\"url\":\"http:\/\/clm-inclusiva.org\/wp-content\/uploads\/2019\/04\/banner-e1533720812836.jpg\",\"contentUrl\":\"http:\/\/clm-inclusiva.org\/wp-content\/uploads\/2019\/04\/banner-e1533720812836.jpg\",\"width\":600,\"height\":332,\"caption\":\"Clm-Inclusiva\"},\"image\":{\"@id\":\"https:\/\/clm-inclusiva.org\/#\/schema\/logo\/image\/\"},\"sameAs\":[\"https:\/\/www.facebook.com\/castillalamancha.inclusiva\/\",\"https:\/\/twitter.com\/ClmInclusiva\"]},{\"@type\":\"Person\",\"@id\":\"https:\/\/clm-inclusiva.org\/#\/schema\/person\/0cff84aaa5bb8fd3521c55d1578d902b\",\"name\":\"clm-inclusiva\",\"image\":{\"@type\":\"ImageObject\",\"inLanguage\":\"es\",\"@id\":\"https:\/\/clm-inclusiva.org\/#\/schema\/person\/image\/\",\"url\":\"https:\/\/secure.gravatar.com\/avatar\/88948567af770dc9cd5597b329011884?s=96&d=blank&r=g\",\"contentUrl\":\"https:\/\/secure.gravatar.com\/avatar\/88948567af770dc9cd5597b329011884?s=96&d=blank&r=g\",\"caption\":\"clm-inclusiva\"},\"sameAs\":[\"http:\/\/clm-inclusiva.org\"],\"url\":\"https:\/\/clm-inclusiva.org\/?author=1\"}]}<\/script>\n<!-- \/ Yoast SEO plugin. -->","yoast_head_json":{"title":"COCEMFE pide al Congreso que escuche a las personas con discapacidad - Clm-Inclusiva","robots":{"index":"index","follow":"follow","max-snippet":"max-snippet:-1","max-image-preview":"max-image-preview:large","max-video-preview":"max-video-preview:-1"},"canonical":"https:\/\/clm-inclusiva.org\/?p=4007","og_locale":"es_ES","og_type":"article","og_title":"COCEMFE pide al Congreso que escuche a las personas con discapacidad - Clm-Inclusiva","og_description":"[et_pb_section fb_built=&#8221;1&#8243; _builder_version=&#8221;4.0.4&#8243; custom_padding=&#8221;0px||2px|||&#8221;][et_pb_row _builder_version=&#8221;4.1&#8243; background_size=&#8221;initial&#8221; background_position=&#8221;top_left&#8221; background_repeat=&#8221;repeat&#8221; custom_margin=&#8221;|||||&#8221; custom_padding=&#8221;|||||&#8221;][et_pb_column type=&#8221;4_4&#8243; _builder_version=&#8221;3.25&#8243; custom_padding=&#8221;|||&#8221; custom_padding__hover=&#8221;|||&#8221;][et_pb_text admin_label=&#8221;Noticia&#8221; _builder_version=&#8221;4.1&#8243; text_font=&#8221;||||||||&#8221; background_size=&#8221;initial&#8221; background_position=&#8221;top_left&#8221; background_repeat=&#8221;repeat&#8221; text_orientation=&#8221;justified&#8221; min_height=&#8221;711px&#8221; custom_margin=&#8221;||||false|false&#8221; custom_padding=&#8221;|||||&#8221; hover_enabled=&#8221;0&#8243;] El presidente de COCEMFE, Anxo Queiruga, ha comparecido este lunes en la Comisi\u00f3n de Derechos Sociales y Pol\u00edticas Integrales de la Discapacidad del Congreso de los Diputados Queiruga ha propuesto [&hellip;]","og_url":"https:\/\/clm-inclusiva.org\/?p=4007","og_site_name":"Clm-Inclusiva","article_publisher":"https:\/\/www.facebook.com\/castillalamancha.inclusiva\/","article_published_time":"2021-02-23T08:33:02+00:00","article_modified_time":"2021-02-23T08:33:09+00:00","og_image":[{"width":2560,"height":1707,"url":"https:\/\/clm-inclusiva.org\/wp-content\/uploads\/2021\/02\/20210222_Comparecencia_Congreso_AnxoQueiruga-1-scaled.jpg","type":"image\/jpeg"}],"author":"clm-inclusiva","twitter_card":"summary_large_image","twitter_creator":"@ClmInclusiva","twitter_site":"@ClmInclusiva","twitter_misc":{"Escrito por":"clm-inclusiva","Tiempo de lectura":"6 minutos"},"schema":{"@context":"https:\/\/schema.org","@graph":[{"@type":"Article","@id":"https:\/\/clm-inclusiva.org\/?p=4007#article","isPartOf":{"@id":"https:\/\/clm-inclusiva.org\/?p=4007"},"author":{"name":"clm-inclusiva","@id":"https:\/\/clm-inclusiva.org\/#\/schema\/person\/0cff84aaa5bb8fd3521c55d1578d902b"},"headline":"COCEMFE pide al Congreso que escuche a las personas con discapacidad","datePublished":"2021-02-23T08:33:02+00:00","dateModified":"2021-02-23T08:33:09+00:00","mainEntityOfPage":{"@id":"https:\/\/clm-inclusiva.org\/?p=4007"},"wordCount":1180,"publisher":{"@id":"https:\/\/clm-inclusiva.org\/#organization"},"articleSection":["Bienestar social","cocemfe","Discapacidad","Politica social","Tercer sector"],"inLanguage":"es"},{"@type":"WebPage","@id":"https:\/\/clm-inclusiva.org\/?p=4007","url":"https:\/\/clm-inclusiva.org\/?p=4007","name":"COCEMFE pide al Congreso que escuche a las personas con discapacidad - Clm-Inclusiva","isPartOf":{"@id":"https:\/\/clm-inclusiva.org\/#website"},"datePublished":"2021-02-23T08:33:02+00:00","dateModified":"2021-02-23T08:33:09+00:00","breadcrumb":{"@id":"https:\/\/clm-inclusiva.org\/?p=4007#breadcrumb"},"inLanguage":"es","potentialAction":[{"@type":"ReadAction","target":["https:\/\/clm-inclusiva.org\/?p=4007"]}]},{"@type":"BreadcrumbList","@id":"https:\/\/clm-inclusiva.org\/?p=4007#breadcrumb","itemListElement":[{"@type":"ListItem","position":1,"name":"Portada","item":"https:\/\/clm-inclusiva.org\/"},{"@type":"ListItem","position":2,"name":"COCEMFE pide al Congreso que escuche a las personas con discapacidad"}]},{"@type":"WebSite","@id":"https:\/\/clm-inclusiva.org\/#website","url":"https:\/\/clm-inclusiva.org\/","name":"Clm-Inclusiva","description":"Confederaci\u00f3n de entidades de personas con discapacidad f\u00edsica y org\u00e1nica CLM","publisher":{"@id":"https:\/\/clm-inclusiva.org\/#organization"},"potentialAction":[{"@type":"SearchAction","target":{"@type":"EntryPoint","urlTemplate":"https:\/\/clm-inclusiva.org\/?s={search_term_string}"},"query-input":"required name=search_term_string"}],"inLanguage":"es"},{"@type":"Organization","@id":"https:\/\/clm-inclusiva.org\/#organization","name":"Clm-Inclusiva","url":"https:\/\/clm-inclusiva.org\/","logo":{"@type":"ImageObject","inLanguage":"es","@id":"https:\/\/clm-inclusiva.org\/#\/schema\/logo\/image\/","url":"http:\/\/clm-inclusiva.org\/wp-content\/uploads\/2019\/04\/banner-e1533720812836.jpg","contentUrl":"http:\/\/clm-inclusiva.org\/wp-content\/uploads\/2019\/04\/banner-e1533720812836.jpg","width":600,"height":332,"caption":"Clm-Inclusiva"},"image":{"@id":"https:\/\/clm-inclusiva.org\/#\/schema\/logo\/image\/"},"sameAs":["https:\/\/www.facebook.com\/castillalamancha.inclusiva\/","https:\/\/twitter.com\/ClmInclusiva"]},{"@type":"Person","@id":"https:\/\/clm-inclusiva.org\/#\/schema\/person\/0cff84aaa5bb8fd3521c55d1578d902b","name":"clm-inclusiva","image":{"@type":"ImageObject","inLanguage":"es","@id":"https:\/\/clm-inclusiva.org\/#\/schema\/person\/image\/","url":"https:\/\/secure.gravatar.com\/avatar\/88948567af770dc9cd5597b329011884?s=96&d=blank&r=g","contentUrl":"https:\/\/secure.gravatar.com\/avatar\/88948567af770dc9cd5597b329011884?s=96&d=blank&r=g","caption":"clm-inclusiva"},"sameAs":["http:\/\/clm-inclusiva.org"],"url":"https:\/\/clm-inclusiva.org\/?author=1"}]}},"_links":{"self":[{"href":"https:\/\/clm-inclusiva.org\/index.php?rest_route=\/wp\/v2\/posts\/4007"}],"collection":[{"href":"https:\/\/clm-inclusiva.org\/index.php?rest_route=\/wp\/v2\/posts"}],"about":[{"href":"https:\/\/clm-inclusiva.org\/index.php?rest_route=\/wp\/v2\/types\/post"}],"author":[{"embeddable":true,"href":"https:\/\/clm-inclusiva.org\/index.php?rest_route=\/wp\/v2\/users\/1"}],"replies":[{"embeddable":true,"href":"https:\/\/clm-inclusiva.org\/index.php?rest_route=%2Fwp%2Fv2%2Fcomments&post=4007"}],"version-history":[{"count":3,"href":"https:\/\/clm-inclusiva.org\/index.php?rest_route=\/wp\/v2\/posts\/4007\/revisions"}],"predecessor-version":[{"id":4012,"href":"https:\/\/clm-inclusiva.org\/index.php?rest_route=\/wp\/v2\/posts\/4007\/revisions\/4012"}],"wp:featuredmedia":[{"embeddable":true,"href":"https:\/\/clm-inclusiva.org\/index.php?rest_route=\/wp\/v2\/media\/4009"}],"wp:attachment":[{"href":"https:\/\/clm-inclusiva.org\/index.php?rest_route=%2Fwp%2Fv2%2Fmedia&parent=4007"}],"wp:term":[{"taxonomy":"category","embeddable":true,"href":"https:\/\/clm-inclusiva.org\/index.php?rest_route=%2Fwp%2Fv2%2Fcategories&post=4007"},{"taxonomy":"post_tag","embeddable":true,"href":"https:\/\/clm-inclusiva.org\/index.php?rest_route=%2Fwp%2Fv2%2Ftags&post=4007"}],"curies":[{"name":"wp","href":"https:\/\/api.w.org\/{rel}","templated":true}]}}