{"id":4001,"date":"2021-02-23T10:22:13","date_gmt":"2021-02-23T08:22:13","guid":{"rendered":"http:\/\/clm-inclusiva.org\/?p=4001"},"modified":"2021-02-23T10:22:22","modified_gmt":"2021-02-23T08:22:22","slug":"aidiscam-entra-a-formar-parte-de-cocemfe-guadalajara","status":"publish","type":"post","link":"https:\/\/clm-inclusiva.org\/?p=4001","title":{"rendered":"AIDISCAM entra a formar parte de COCEMFE GUADALAJARA"},"content":{"rendered":"<p>[et_pb_section fb_built=&#8221;1&#8243; _builder_version=&#8221;4.0.4&#8243; custom_padding=&#8221;0px||2px|||&#8221;][et_pb_row _builder_version=&#8221;4.1&#8243; background_size=&#8221;initial&#8221; background_position=&#8221;top_left&#8221; background_repeat=&#8221;repeat&#8221; custom_margin=&#8221;|||||&#8221; custom_padding=&#8221;|||||&#8221; hover_enabled=&#8221;0&#8243;][et_pb_column type=&#8221;4_4&#8243; _builder_version=&#8221;3.25&#8243; custom_padding=&#8221;|||&#8221; custom_padding__hover=&#8221;|||&#8221;][et_pb_text admin_label=&#8221;Noticia&#8221; _builder_version=&#8221;4.1&#8243; text_font=&#8221;||||||||&#8221; background_size=&#8221;initial&#8221; background_position=&#8221;top_left&#8221; background_repeat=&#8221;repeat&#8221; text_orientation=&#8221;justified&#8221; min_height=&#8221;711px&#8221; custom_margin=&#8221;||||false|false&#8221; custom_padding=&#8221;|||||&#8221; hover_enabled=&#8221;0&#8243;]<\/p>\n<ul>\n<li><strong>La entrada de AIDISCAM fue aprobada en la asamblea general de COCEMFE GUADALAJARA el d\u00eda 18 de febrero.<\/strong><\/li>\n<li><strong>Con la incorporaci\u00f3n de AIDISCAM ya son 17 entidades las que conforman COCEMFE GUADALAJARA<\/strong><\/li>\n<\/ul>\n<p>Castilla-La Mancha (22\/02\/2021).- La asociaci\u00f3n para la integraci\u00f3n de las personas con discapacidad de Castilla-La Mancha (AIDISCAM) ha entrado a formar parte de la federaci\u00f3n provincial de Personas con discapacidad f\u00edsica y org\u00e1nica de Guadalajara (COCEMFE Guadalajara), con el objetivo de aglutinar, fortalecer y coordinar los esfuerzos y actividades de las entidades que trabajan a favor de las personas con discapacidad para defender sus derechos y mejorar su calidad de vida.<\/p>\n<p>Esta adhesi\u00f3n es una de las principales prioridades que la actual junta directiva de AIDISCAM llevo y se aprob\u00f3 ante sus asociados en el a\u00f1o 2020, estar presente en todas las COCEMFE de la regi\u00f3n. Y aunque est\u00e1 presente en Guadalajara, Cuenca y Ciudad Real, en estas dos \u00faltimas provincias ostentan sendas presidencias. Se espera en la mayor brevedad formar parte de las COCEMFE de Toledo y Albacete.<\/p>\n<p>En la asamblea general, \u00a0adem\u00e1s de la incorporaci\u00f3n de AIDISCAM, tambi\u00e9n se aprob\u00f3 la anexi\u00f3n de la asociaci\u00f3n APAFADIS, con ello COCEMFE Guadalajara aglutina a 17 asociaciones en su estructura. Adem\u00e1s se vot\u00f3 a la nueva junta directiva, donde fue reelegido \u00c1ngel S\u00e1nchez como presidente.<\/p>\n<p>\u00a0COCEMFE Guadalajara y AIDISCAM tienen\u00a0 en com\u00fan\u00a0 que ambas son fundadoras y est\u00e1n adheridas, de manera regional, en la confederaci\u00f3n de entidades de personas con discapacidad f\u00edsica y org\u00e1nica de Castilla-La Mancha, CLM INCLUSIVA COCEMFE.<\/p>\n<p>En palabras del presidente de AIDISCAM, Francisco Cebri\u00e1n, \u201cSer parte de COCEMFE Guadalajara es un orgullo. Adem\u00e1s es parte de la promesa que hicimos hace dos a\u00f1os: unificar AIDISCAM en un solo bloque y estar presentes en todas las provincias de nuestra regi\u00f3n. Seguiremos trabajando por los derechos de las personas con discapacidad como siempre, pero m\u00e1s unidos con todas la entidades y m\u00e1s apoyados por las federaciones\u201d<\/p>\n<p>Por parte del presidente de COCEMFE Guadalajara, \u00c1ngel S\u00e1nchez, ha dado la bienvenida a las dos nuevas entidades y ha subrayado que \u201cDesde 1989,\u00a0 a\u00f1o en el que la Entidad comenz\u00f3 su actividad,\u00a0 el principal objetivo de la misma ha sido, y sigue siendo, la integraci\u00f3n y la normalizaci\u00f3n de las personas con discapacidad en la sociedad alcarre\u00f1a. Y para ello el que se vayan uniendo m\u00e1s asociaciones como AIDISCAM es muy positivo.&#8221;<\/p>\n<p>AIDISCAM lleva operando en Guadalajara hace ya cuatro a\u00f1os, siendo su delegado, Antonio Utrilla, que tambi\u00e9n es vocal de la junta directiva de la misma. Con esta incorporaci\u00f3n a la federaci\u00f3n, el domicilio social de la misma, pasa a estar en las oficinas que COCEMFE Guadalajara dispone en la ciudad alcarre\u00f1a.<\/p>\n<p>[\/et_pb_text][et_pb_post_nav prev_text=&#8221;Anterior&#8221; next_text=&#8221;Siguiente&#8221; _builder_version=&#8221;3.22.4&#8243;][\/et_pb_post_nav][\/et_pb_column][\/et_pb_row][\/et_pb_section]<\/p>\n","protected":false},"excerpt":{"rendered":"<p>[et_pb_section fb_built=&#8221;1&#8243; _builder_version=&#8221;4.0.4&#8243; custom_padding=&#8221;0px||2px|||&#8221;][et_pb_row _builder_version=&#8221;4.1&#8243; background_size=&#8221;initial&#8221; background_position=&#8221;top_left&#8221; background_repeat=&#8221;repeat&#8221; custom_margin=&#8221;|||||&#8221; custom_padding=&#8221;|||||&#8221; hover_enabled=&#8221;0&#8243;][et_pb_column type=&#8221;4_4&#8243; _builder_version=&#8221;3.25&#8243; custom_padding=&#8221;|||&#8221; custom_padding__hover=&#8221;|||&#8221;][et_pb_text admin_label=&#8221;Noticia&#8221; _builder_version=&#8221;4.1&#8243; text_font=&#8221;||||||||&#8221; background_size=&#8221;initial&#8221; background_position=&#8221;top_left&#8221; background_repeat=&#8221;repeat&#8221; text_orientation=&#8221;justified&#8221; min_height=&#8221;711px&#8221; custom_margin=&#8221;||||false|false&#8221; custom_padding=&#8221;|||||&#8221; hover_enabled=&#8221;0&#8243;] La entrada de AIDISCAM fue aprobada en la asamblea general de COCEMFE GUADALAJARA el d\u00eda 18 de febrero. Con la incorporaci\u00f3n de AIDISCAM ya son 17 entidades las que [&hellip;]<\/p>\n","protected":false},"author":1,"featured_media":4003,"comment_status":"closed","ping_status":"closed","sticky":false,"template":"","format":"standard","meta":{"_et_pb_use_builder":"on","_et_pb_old_content":"<h5 style=\"text-align: justify;\">La Confederaci\u00f3n CLM Inclusiva y la asociaci\u00f3n empresarial de Centros Especiales de Empleo de COCEMFE en Castilla-La Mancha, AECEMCO CLM, han firmado un acuerdo para promover las oportunidades de formaci\u00f3n y empleo de las personas del colectivo.<\/h5>\r\n<p style=\"text-align: justify;\"><img class=\"alignnone size-full wp-image-471\" src=\"http:\/\/clm-inclusiva.org\/wp-content\/uploads\/2019\/04\/3500_fotonoticia_20190402151941_1920.jpg\" alt=\"\" width=\"670\" height=\"300\"><\/p>\r\n<p style=\"text-align: justify;\">El presidente de la confederaci\u00f3n CLM Inclusiva, Enrique Alarc\u00f3n Garc\u00eda, y el presidente de AECEMCO CLM, \u00d3scar Sillas, han rubricado este acuerdo de colaboraci\u00f3n para coordinar su labor y actuaciones de apoyo a la promoci\u00f3n de los derechos de las personas con discapacidad f\u00edsica y org\u00e1nica en Castilla-La Mancha, ha informado esta confederaci\u00f3n en nota de prensa.<\/p>\r\nEl sector empresarial promovido por las organizaciones de COCEMFE sin \u00e1nimo de lucro, integrado en AECEMCO, da empleo actualmente a m\u00e1s de 800 personas con discapacidad de todo tipo, con actividades productivas y de prestaci\u00f3n de servicios muy variados como obras, lavander\u00eda, limpieza, medioambiente, manipulados, formaci\u00f3n, etc.\r\n\r\nAmbas organizaciones que comparten valores sociales y visi\u00f3n sobre los derechos de las personas con discapacidad coordinar\u00e1n todas sus actividades para incrementar las oportunidades de formaci\u00f3n, aprendizaje en el puesto de trabajo y calidad de los mismos, tanto en empleo protegido como ordinario.\r\n\r\nDentro de las actuaciones objeto del acuerdo se pondr\u00e1 especial atenci\u00f3n a dar a conocer la normativa de reserva de empleo para personas con discapacidad, as\u00ed como el adecuado cumplimiento de las medidas alternativas, para lo que se informar\u00e1 conjuntamente a administraciones, federaciones empresariales y grandes empresas sobre las oportunidades de empleabilidad de las personas con discapacidad f\u00edsica y org\u00e1nica.\r\n\r\nCLM Inclusiva dispone actualmente de Servicio de Empleo en todas las provincias de Castilla-La Mancha, gracias al apoyo de Fundaci\u00f3n ONCE y la financiaci\u00f3n de proyectos con cargo al IRPF, que realiza labor de intermediaci\u00f3n entre personas con discapacidad demandantes de empleo y empresas, asegurando la adecuaci\u00f3n de trabajadores al puesto de trabajo e informando sobre incentivos a la contrataci\u00f3n y ajustes t\u00e9cnicos necesarios en el puesto.\r\n\r\nLa Confederaci\u00f3n regional de entidades de personas con discapacidad f\u00edsica y org\u00e1nica, Castilla-La Mancha Inclusiva, agrupa al movimiento asociativo de COCEMFE en la Regi\u00f3n, con casi un centenar de entidades que representan en torno a 10.000 personas con discapacidad.\r\n\r\nActualmente se encuentra compuesta por cinco federaciones provinciales, COCEMFE Albacete, COCEMFE Cuenca, COCEMFE Guadalajara, COCEMFE Toledo y Ciudad Real Inclusiva, las entidades regionales AFANION, Federaci\u00f3n LUNA CLM de mujeres con discapacidad, AIDISCAM, y la asociaci\u00f3n nacional AMIAB.","_et_gb_content_width":"","footnotes":""},"categories":[46,39,47,77,5,51,44,41],"tags":[],"yoast_head":"<!-- This site is optimized with the Yoast SEO plugin v21.3 - https:\/\/yoast.com\/wordpress\/plugins\/seo\/ -->\n<title>AIDISCAM entra a formar parte de COCEMFE GUADALAJARA - Clm-Inclusiva<\/title>\n<meta name=\"robots\" content=\"index, follow, max-snippet:-1, max-image-preview:large, max-video-preview:-1\" \/>\n<link rel=\"canonical\" href=\"https:\/\/clm-inclusiva.org\/?p=4001\" \/>\n<meta property=\"og:locale\" content=\"es_ES\" \/>\n<meta property=\"og:type\" content=\"article\" \/>\n<meta property=\"og:title\" content=\"AIDISCAM entra a formar parte de COCEMFE GUADALAJARA - Clm-Inclusiva\" \/>\n<meta property=\"og:description\" content=\"[et_pb_section fb_built=&#8221;1&#8243; _builder_version=&#8221;4.0.4&#8243; custom_padding=&#8221;0px||2px|||&#8221;][et_pb_row _builder_version=&#8221;4.1&#8243; background_size=&#8221;initial&#8221; background_position=&#8221;top_left&#8221; background_repeat=&#8221;repeat&#8221; custom_margin=&#8221;|||||&#8221; custom_padding=&#8221;|||||&#8221; hover_enabled=&#8221;0&#8243;][et_pb_column type=&#8221;4_4&#8243; _builder_version=&#8221;3.25&#8243; custom_padding=&#8221;|||&#8221; custom_padding__hover=&#8221;|||&#8221;][et_pb_text admin_label=&#8221;Noticia&#8221; _builder_version=&#8221;4.1&#8243; text_font=&#8221;||||||||&#8221; background_size=&#8221;initial&#8221; background_position=&#8221;top_left&#8221; background_repeat=&#8221;repeat&#8221; text_orientation=&#8221;justified&#8221; min_height=&#8221;711px&#8221; custom_margin=&#8221;||||false|false&#8221; custom_padding=&#8221;|||||&#8221; hover_enabled=&#8221;0&#8243;] La entrada de AIDISCAM fue aprobada en la asamblea general de COCEMFE GUADALAJARA el d\u00eda 18 de febrero. Con la incorporaci\u00f3n de AIDISCAM ya son 17 entidades las que [&hellip;]\" \/>\n<meta property=\"og:url\" content=\"https:\/\/clm-inclusiva.org\/?p=4001\" \/>\n<meta property=\"og:site_name\" content=\"Clm-Inclusiva\" \/>\n<meta property=\"article:publisher\" content=\"https:\/\/www.facebook.com\/castillalamancha.inclusiva\/\" \/>\n<meta property=\"article:published_time\" content=\"2021-02-23T08:22:13+00:00\" \/>\n<meta property=\"article:modified_time\" content=\"2021-02-23T08:22:22+00:00\" \/>\n<meta property=\"og:image\" content=\"https:\/\/clm-inclusiva.org\/wp-content\/uploads\/2021\/02\/FOTOGRAF\u00cdA-VIDEOCONFERENCIA-.jpg\" \/>\n\t<meta property=\"og:image:width\" content=\"1080\" \/>\n\t<meta property=\"og:image:height\" content=\"675\" \/>\n\t<meta property=\"og:image:type\" content=\"image\/jpeg\" \/>\n<meta name=\"author\" content=\"clm-inclusiva\" \/>\n<meta name=\"twitter:card\" content=\"summary_large_image\" \/>\n<meta name=\"twitter:creator\" content=\"@ClmInclusiva\" \/>\n<meta name=\"twitter:site\" content=\"@ClmInclusiva\" \/>\n<meta name=\"twitter:label1\" content=\"Escrito por\" \/>\n\t<meta name=\"twitter:data1\" content=\"clm-inclusiva\" \/>\n\t<meta name=\"twitter:label2\" content=\"Tiempo de lectura\" \/>\n\t<meta name=\"twitter:data2\" content=\"3 minutos\" \/>\n<script type=\"application\/ld+json\" class=\"yoast-schema-graph\">{\"@context\":\"https:\/\/schema.org\",\"@graph\":[{\"@type\":\"Article\",\"@id\":\"https:\/\/clm-inclusiva.org\/?p=4001#article\",\"isPartOf\":{\"@id\":\"https:\/\/clm-inclusiva.org\/?p=4001\"},\"author\":{\"name\":\"clm-inclusiva\",\"@id\":\"https:\/\/clm-inclusiva.org\/#\/schema\/person\/0cff84aaa5bb8fd3521c55d1578d902b\"},\"headline\":\"AIDISCAM entra a formar parte de COCEMFE GUADALAJARA\",\"datePublished\":\"2021-02-23T08:22:13+00:00\",\"dateModified\":\"2021-02-23T08:22:22+00:00\",\"mainEntityOfPage\":{\"@id\":\"https:\/\/clm-inclusiva.org\/?p=4001\"},\"wordCount\":590,\"publisher\":{\"@id\":\"https:\/\/clm-inclusiva.org\/#organization\"},\"articleSection\":[\"Aidiscam\",\"Bienestar social\",\"cocemfe\",\"cocemfe Guadalajara\",\"Discapacidad\",\"Guadalajara\",\"Politica social\",\"Tercer sector\"],\"inLanguage\":\"es\"},{\"@type\":\"WebPage\",\"@id\":\"https:\/\/clm-inclusiva.org\/?p=4001\",\"url\":\"https:\/\/clm-inclusiva.org\/?p=4001\",\"name\":\"AIDISCAM entra a formar parte de COCEMFE GUADALAJARA - Clm-Inclusiva\",\"isPartOf\":{\"@id\":\"https:\/\/clm-inclusiva.org\/#website\"},\"datePublished\":\"2021-02-23T08:22:13+00:00\",\"dateModified\":\"2021-02-23T08:22:22+00:00\",\"breadcrumb\":{\"@id\":\"https:\/\/clm-inclusiva.org\/?p=4001#breadcrumb\"},\"inLanguage\":\"es\",\"potentialAction\":[{\"@type\":\"ReadAction\",\"target\":[\"https:\/\/clm-inclusiva.org\/?p=4001\"]}]},{\"@type\":\"BreadcrumbList\",\"@id\":\"https:\/\/clm-inclusiva.org\/?p=4001#breadcrumb\",\"itemListElement\":[{\"@type\":\"ListItem\",\"position\":1,\"name\":\"Portada\",\"item\":\"https:\/\/clm-inclusiva.org\/\"},{\"@type\":\"ListItem\",\"position\":2,\"name\":\"AIDISCAM entra a formar parte de COCEMFE GUADALAJARA\"}]},{\"@type\":\"WebSite\",\"@id\":\"https:\/\/clm-inclusiva.org\/#website\",\"url\":\"https:\/\/clm-inclusiva.org\/\",\"name\":\"Clm-Inclusiva\",\"description\":\"Confederaci\u00f3n de entidades de personas con discapacidad f\u00edsica y org\u00e1nica CLM\",\"publisher\":{\"@id\":\"https:\/\/clm-inclusiva.org\/#organization\"},\"potentialAction\":[{\"@type\":\"SearchAction\",\"target\":{\"@type\":\"EntryPoint\",\"urlTemplate\":\"https:\/\/clm-inclusiva.org\/?s={search_term_string}\"},\"query-input\":\"required name=search_term_string\"}],\"inLanguage\":\"es\"},{\"@type\":\"Organization\",\"@id\":\"https:\/\/clm-inclusiva.org\/#organization\",\"name\":\"Clm-Inclusiva\",\"url\":\"https:\/\/clm-inclusiva.org\/\",\"logo\":{\"@type\":\"ImageObject\",\"inLanguage\":\"es\",\"@id\":\"https:\/\/clm-inclusiva.org\/#\/schema\/logo\/image\/\",\"url\":\"http:\/\/clm-inclusiva.org\/wp-content\/uploads\/2019\/04\/banner-e1533720812836.jpg\",\"contentUrl\":\"http:\/\/clm-inclusiva.org\/wp-content\/uploads\/2019\/04\/banner-e1533720812836.jpg\",\"width\":600,\"height\":332,\"caption\":\"Clm-Inclusiva\"},\"image\":{\"@id\":\"https:\/\/clm-inclusiva.org\/#\/schema\/logo\/image\/\"},\"sameAs\":[\"https:\/\/www.facebook.com\/castillalamancha.inclusiva\/\",\"https:\/\/twitter.com\/ClmInclusiva\"]},{\"@type\":\"Person\",\"@id\":\"https:\/\/clm-inclusiva.org\/#\/schema\/person\/0cff84aaa5bb8fd3521c55d1578d902b\",\"name\":\"clm-inclusiva\",\"image\":{\"@type\":\"ImageObject\",\"inLanguage\":\"es\",\"@id\":\"https:\/\/clm-inclusiva.org\/#\/schema\/person\/image\/\",\"url\":\"https:\/\/secure.gravatar.com\/avatar\/88948567af770dc9cd5597b329011884?s=96&d=blank&r=g\",\"contentUrl\":\"https:\/\/secure.gravatar.com\/avatar\/88948567af770dc9cd5597b329011884?s=96&d=blank&r=g\",\"caption\":\"clm-inclusiva\"},\"sameAs\":[\"http:\/\/clm-inclusiva.org\"],\"url\":\"https:\/\/clm-inclusiva.org\/?author=1\"}]}<\/script>\n<!-- \/ Yoast SEO plugin. -->","yoast_head_json":{"title":"AIDISCAM entra a formar parte de COCEMFE GUADALAJARA - Clm-Inclusiva","robots":{"index":"index","follow":"follow","max-snippet":"max-snippet:-1","max-image-preview":"max-image-preview:large","max-video-preview":"max-video-preview:-1"},"canonical":"https:\/\/clm-inclusiva.org\/?p=4001","og_locale":"es_ES","og_type":"article","og_title":"AIDISCAM entra a formar parte de COCEMFE GUADALAJARA - Clm-Inclusiva","og_description":"[et_pb_section fb_built=&#8221;1&#8243; _builder_version=&#8221;4.0.4&#8243; custom_padding=&#8221;0px||2px|||&#8221;][et_pb_row _builder_version=&#8221;4.1&#8243; background_size=&#8221;initial&#8221; background_position=&#8221;top_left&#8221; background_repeat=&#8221;repeat&#8221; custom_margin=&#8221;|||||&#8221; custom_padding=&#8221;|||||&#8221; hover_enabled=&#8221;0&#8243;][et_pb_column type=&#8221;4_4&#8243; _builder_version=&#8221;3.25&#8243; custom_padding=&#8221;|||&#8221; custom_padding__hover=&#8221;|||&#8221;][et_pb_text admin_label=&#8221;Noticia&#8221; _builder_version=&#8221;4.1&#8243; text_font=&#8221;||||||||&#8221; background_size=&#8221;initial&#8221; background_position=&#8221;top_left&#8221; background_repeat=&#8221;repeat&#8221; text_orientation=&#8221;justified&#8221; min_height=&#8221;711px&#8221; custom_margin=&#8221;||||false|false&#8221; custom_padding=&#8221;|||||&#8221; hover_enabled=&#8221;0&#8243;] La entrada de AIDISCAM fue aprobada en la asamblea general de COCEMFE GUADALAJARA el d\u00eda 18 de febrero. Con la incorporaci\u00f3n de AIDISCAM ya son 17 entidades las que [&hellip;]","og_url":"https:\/\/clm-inclusiva.org\/?p=4001","og_site_name":"Clm-Inclusiva","article_publisher":"https:\/\/www.facebook.com\/castillalamancha.inclusiva\/","article_published_time":"2021-02-23T08:22:13+00:00","article_modified_time":"2021-02-23T08:22:22+00:00","og_image":[{"width":1080,"height":675,"url":"https:\/\/clm-inclusiva.org\/wp-content\/uploads\/2021\/02\/FOTOGRAF\u00cdA-VIDEOCONFERENCIA-.jpg","type":"image\/jpeg"}],"author":"clm-inclusiva","twitter_card":"summary_large_image","twitter_creator":"@ClmInclusiva","twitter_site":"@ClmInclusiva","twitter_misc":{"Escrito por":"clm-inclusiva","Tiempo de lectura":"3 minutos"},"schema":{"@context":"https:\/\/schema.org","@graph":[{"@type":"Article","@id":"https:\/\/clm-inclusiva.org\/?p=4001#article","isPartOf":{"@id":"https:\/\/clm-inclusiva.org\/?p=4001"},"author":{"name":"clm-inclusiva","@id":"https:\/\/clm-inclusiva.org\/#\/schema\/person\/0cff84aaa5bb8fd3521c55d1578d902b"},"headline":"AIDISCAM entra a formar parte de COCEMFE GUADALAJARA","datePublished":"2021-02-23T08:22:13+00:00","dateModified":"2021-02-23T08:22:22+00:00","mainEntityOfPage":{"@id":"https:\/\/clm-inclusiva.org\/?p=4001"},"wordCount":590,"publisher":{"@id":"https:\/\/clm-inclusiva.org\/#organization"},"articleSection":["Aidiscam","Bienestar social","cocemfe","cocemfe Guadalajara","Discapacidad","Guadalajara","Politica social","Tercer sector"],"inLanguage":"es"},{"@type":"WebPage","@id":"https:\/\/clm-inclusiva.org\/?p=4001","url":"https:\/\/clm-inclusiva.org\/?p=4001","name":"AIDISCAM entra a formar parte de COCEMFE GUADALAJARA - Clm-Inclusiva","isPartOf":{"@id":"https:\/\/clm-inclusiva.org\/#website"},"datePublished":"2021-02-23T08:22:13+00:00","dateModified":"2021-02-23T08:22:22+00:00","breadcrumb":{"@id":"https:\/\/clm-inclusiva.org\/?p=4001#breadcrumb"},"inLanguage":"es","potentialAction":[{"@type":"ReadAction","target":["https:\/\/clm-inclusiva.org\/?p=4001"]}]},{"@type":"BreadcrumbList","@id":"https:\/\/clm-inclusiva.org\/?p=4001#breadcrumb","itemListElement":[{"@type":"ListItem","position":1,"name":"Portada","item":"https:\/\/clm-inclusiva.org\/"},{"@type":"ListItem","position":2,"name":"AIDISCAM entra a formar parte de COCEMFE GUADALAJARA"}]},{"@type":"WebSite","@id":"https:\/\/clm-inclusiva.org\/#website","url":"https:\/\/clm-inclusiva.org\/","name":"Clm-Inclusiva","description":"Confederaci\u00f3n de entidades de personas con discapacidad f\u00edsica y org\u00e1nica CLM","publisher":{"@id":"https:\/\/clm-inclusiva.org\/#organization"},"potentialAction":[{"@type":"SearchAction","target":{"@type":"EntryPoint","urlTemplate":"https:\/\/clm-inclusiva.org\/?s={search_term_string}"},"query-input":"required name=search_term_string"}],"inLanguage":"es"},{"@type":"Organization","@id":"https:\/\/clm-inclusiva.org\/#organization","name":"Clm-Inclusiva","url":"https:\/\/clm-inclusiva.org\/","logo":{"@type":"ImageObject","inLanguage":"es","@id":"https:\/\/clm-inclusiva.org\/#\/schema\/logo\/image\/","url":"http:\/\/clm-inclusiva.org\/wp-content\/uploads\/2019\/04\/banner-e1533720812836.jpg","contentUrl":"http:\/\/clm-inclusiva.org\/wp-content\/uploads\/2019\/04\/banner-e1533720812836.jpg","width":600,"height":332,"caption":"Clm-Inclusiva"},"image":{"@id":"https:\/\/clm-inclusiva.org\/#\/schema\/logo\/image\/"},"sameAs":["https:\/\/www.facebook.com\/castillalamancha.inclusiva\/","https:\/\/twitter.com\/ClmInclusiva"]},{"@type":"Person","@id":"https:\/\/clm-inclusiva.org\/#\/schema\/person\/0cff84aaa5bb8fd3521c55d1578d902b","name":"clm-inclusiva","image":{"@type":"ImageObject","inLanguage":"es","@id":"https:\/\/clm-inclusiva.org\/#\/schema\/person\/image\/","url":"https:\/\/secure.gravatar.com\/avatar\/88948567af770dc9cd5597b329011884?s=96&d=blank&r=g","contentUrl":"https:\/\/secure.gravatar.com\/avatar\/88948567af770dc9cd5597b329011884?s=96&d=blank&r=g","caption":"clm-inclusiva"},"sameAs":["http:\/\/clm-inclusiva.org"],"url":"https:\/\/clm-inclusiva.org\/?author=1"}]}},"_links":{"self":[{"href":"https:\/\/clm-inclusiva.org\/index.php?rest_route=\/wp\/v2\/posts\/4001"}],"collection":[{"href":"https:\/\/clm-inclusiva.org\/index.php?rest_route=\/wp\/v2\/posts"}],"about":[{"href":"https:\/\/clm-inclusiva.org\/index.php?rest_route=\/wp\/v2\/types\/post"}],"author":[{"embeddable":true,"href":"https:\/\/clm-inclusiva.org\/index.php?rest_route=\/wp\/v2\/users\/1"}],"replies":[{"embeddable":true,"href":"https:\/\/clm-inclusiva.org\/index.php?rest_route=%2Fwp%2Fv2%2Fcomments&post=4001"}],"version-history":[{"count":3,"href":"https:\/\/clm-inclusiva.org\/index.php?rest_route=\/wp\/v2\/posts\/4001\/revisions"}],"predecessor-version":[{"id":4006,"href":"https:\/\/clm-inclusiva.org\/index.php?rest_route=\/wp\/v2\/posts\/4001\/revisions\/4006"}],"wp:featuredmedia":[{"embeddable":true,"href":"https:\/\/clm-inclusiva.org\/index.php?rest_route=\/wp\/v2\/media\/4003"}],"wp:attachment":[{"href":"https:\/\/clm-inclusiva.org\/index.php?rest_route=%2Fwp%2Fv2%2Fmedia&parent=4001"}],"wp:term":[{"taxonomy":"category","embeddable":true,"href":"https:\/\/clm-inclusiva.org\/index.php?rest_route=%2Fwp%2Fv2%2Fcategories&post=4001"},{"taxonomy":"post_tag","embeddable":true,"href":"https:\/\/clm-inclusiva.org\/index.php?rest_route=%2Fwp%2Fv2%2Ftags&post=4001"}],"curies":[{"name":"wp","href":"https:\/\/api.w.org\/{rel}","templated":true}]}}