{"id":3989,"date":"2021-02-18T15:04:47","date_gmt":"2021-02-18T13:04:47","guid":{"rendered":"http:\/\/clm-inclusiva.org\/?p=3989"},"modified":"2021-02-18T15:04:55","modified_gmt":"2021-02-18T13:04:55","slug":"angel-sanchez-reelegido-presidente-de-cocemfe-guadalajara","status":"publish","type":"post","link":"https:\/\/clm-inclusiva.org\/?p=3989","title":{"rendered":"\u00c1ngel S\u00e1nchez reelegido presidente de COCEMFE Guadalajara"},"content":{"rendered":"<p>[et_pb_section fb_built=&#8221;1&#8243; _builder_version=&#8221;4.0.4&#8243; custom_padding=&#8221;0px||2px|||&#8221;][et_pb_row _builder_version=&#8221;4.1&#8243; background_size=&#8221;initial&#8221; background_position=&#8221;top_left&#8221; background_repeat=&#8221;repeat&#8221; custom_margin=&#8221;|||||&#8221; custom_padding=&#8221;|||||&#8221;][et_pb_column type=&#8221;4_4&#8243; _builder_version=&#8221;3.25&#8243; custom_padding=&#8221;|||&#8221; custom_padding__hover=&#8221;|||&#8221;][et_pb_text admin_label=&#8221;Noticia&#8221; _builder_version=&#8221;4.1&#8243; text_font=&#8221;||||||||&#8221; background_size=&#8221;initial&#8221; background_position=&#8221;top_left&#8221; background_repeat=&#8221;repeat&#8221; text_orientation=&#8221;justified&#8221; min_height=&#8221;711px&#8221; custom_margin=&#8221;||||false|false&#8221; custom_padding=&#8221;|||||&#8221; hover_enabled=&#8221;0&#8243;]<\/p>\n<ul>\n<li><strong>La Federaci\u00f3n Provincial de Asociaciones\u00a0 de Personas con Discapacidad F\u00edsica y Org\u00e1nica (COCEMFE GUADALAJARA), \u00a0celebr\u00f3 ayer su asamblea para nombrar la nueva junta directiva elegida por unanimidad de los asistentes, que dirigir\u00e1 la Entidad los pr\u00f3ximos 4 a\u00f1os.<\/strong><\/li>\n<\/ul>\n<h5>Guadalajara (18\/2\/2021).-\u00a0 En la celebraci\u00f3n de la Asamblea General \u00a0Extraordinaria, \u00a0se eligi\u00f3 a la \u00fanica candidatura presentada, \u00a0liderada por \u00c1ngel S\u00e1nchez L\u00f3pez, quedando formalizada con \u00e9ste como presidente; Ana Isabel L\u00f3pez Rivera \u00a0como Vicepresidenta; Mar\u00eda Dolores Castillo Tello como Secretaria; Alberto Daniel Saboya P\u00e9rez como Tesorero y Marcos Lafoz Zarza como vocal. Todos y todas con un gran recorrido y experiencia en el asociacionismo \u00a0y en el colectivo de las personas \u00a0con discapacidad.<\/h5>\n<h5>Adem\u00e1s, en dicha asamblea, tambi\u00e9n se incorporaron dos nuevas asociaciones a la Federaci\u00f3n, \u00a0la Asociaci\u00f3n para la integraci\u00f3n de las personas con discapacidad de Castilla-La Mancha, AIDISCAM CLM, que abrir\u00e1 subsede en Guadalajara y APAFADIS (Asociaci\u00f3n de padres y familiares de discapacitados intelectuales \u2018La Chopera\u2019), con sede en Yunquera de Henares, con lo que se incrementa el n\u00famero de asociaciones federadas en COCEMFE GUADALAJARA, que a partir de ahora ser\u00e1n 17 asociaciones.<\/h5>\n<h5>Desde 1989, \u00a0a\u00f1o en el que la Entidad comenz\u00f3 su actividad, \u00a0el principal objetivo de la misma ha sido, y sigue siendo, la integraci\u00f3n y la normalizaci\u00f3n de las personas con discapacidad en la sociedad alcarre\u00f1a.<\/h5>\n<h5>Para conseguir esos objetivos se ha trabajado en temas como la informaci\u00f3n permanente para personas con discapacidad, la reivindicaci\u00f3n social para la eliminaci\u00f3n de barreras arquitect\u00f3nicas,\u00a0 el ocio y el tiempo libre, \u00a0y el transporte adaptado, programa esencial en tiempos de pandemia, cofinanciado por la Consejer\u00eda de Bienestar Social de la Junta de Comunidades de Castilla la Mancha.<\/h5>\n<h5>La incorporaci\u00f3n de nuevos programas (Dinamizaci\u00f3n Asociativa), actualmente parado en periodo de pandemia, \u00a0nos ha permitido el acercamiento a la poblaci\u00f3n infantil y juvenil para sensibilizarles sobre la discapacidad.<\/h5>\n<h5>Menci\u00f3n especial hay que hacer a la inserci\u00f3n laboral y la formaci\u00f3n. Desde 1997 se apost\u00f3 firmemente por este \u00e1rea, pues es la formaci\u00f3n y el empleo la v\u00eda principal de integraci\u00f3n real en todas las personas, y\u00a0 sobre todo, en las personas con discapacidad.<\/h5>\n<h5>Actualmente, en el Servicio de Integraci\u00f3n Laboral, trabajan \u00a0dos t\u00e9cnicos, uno contratado por COCEMFE NACIONAL, mediante subvenci\u00f3n del Plan de Prioridades de Fundaci\u00f3n ONCE y otra t\u00e9cnica, \u00a0contratada por COCEMFE GUADALAJARA, con las subvenciones de Diputaci\u00f3n y Ayuntamiento de Guadalajara, Obra Social \u201cla caixa\u201d, \u00a0Fundaci\u00f3n Bancaria Ibercaja y donativos de empresas (medidas alternativas).<\/h5>\n<h5>Trabajamos con menos recursos personales que antes, pero siempre con ilusi\u00f3n e imaginaci\u00f3n, utilizando las nuevas tecnolog\u00edas, hemos conseguido que no cambie el fondo, el objetivo final,\u00a0 que es la inserci\u00f3n de las personas con discapacidad en el mercado laboral,\u00a0 aunque lo que s\u00ed que ha cambiado es la forma, mediante el TELETRABAJO, no realizando actuaciones y orientaciones presenciales durante el periodo de pandemia.<\/h5>\n<h5>Actualmente contamos con un total de 1.207 usuarios\/ as en nuestra bolsa de empleo y 1.256 entidades y empresas,\u00a0 con parte de ellas se est\u00e1n realizado, actuaciones de asesoramiento, sensibilizaci\u00f3n y seguimientos de inserci\u00f3n.<\/h5>\n<h5>Las personas con discapacidad y empresas interesadas pueden ponerse en contacto con nosotros en el tel\u00e9fono 678 677 204, o en los correos electr\u00f3nicos: <a href=\"mailto:cocemfeguada@gmail.com\">cocemfeguada@gmail.com<\/a> y <a href=\"mailto:empleo.guadalajara@cocemfe.es\">empleo.guadalajara@cocemfe.es<\/a><\/h5>\n<p>&nbsp;<\/p>\n<p>[\/et_pb_text][et_pb_post_nav prev_text=&#8221;Anterior&#8221; next_text=&#8221;Siguiente&#8221; _builder_version=&#8221;3.22.4&#8243;][\/et_pb_post_nav][\/et_pb_column][\/et_pb_row][\/et_pb_section]<\/p>\n","protected":false},"excerpt":{"rendered":"<p>[et_pb_section fb_built=&#8221;1&#8243; _builder_version=&#8221;4.0.4&#8243; custom_padding=&#8221;0px||2px|||&#8221;][et_pb_row _builder_version=&#8221;4.1&#8243; background_size=&#8221;initial&#8221; background_position=&#8221;top_left&#8221; background_repeat=&#8221;repeat&#8221; custom_margin=&#8221;|||||&#8221; custom_padding=&#8221;|||||&#8221;][et_pb_column type=&#8221;4_4&#8243; _builder_version=&#8221;3.25&#8243; custom_padding=&#8221;|||&#8221; custom_padding__hover=&#8221;|||&#8221;][et_pb_text admin_label=&#8221;Noticia&#8221; _builder_version=&#8221;4.1&#8243; text_font=&#8221;||||||||&#8221; background_size=&#8221;initial&#8221; background_position=&#8221;top_left&#8221; background_repeat=&#8221;repeat&#8221; text_orientation=&#8221;justified&#8221; min_height=&#8221;711px&#8221; custom_margin=&#8221;||||false|false&#8221; custom_padding=&#8221;|||||&#8221; hover_enabled=&#8221;0&#8243;] La Federaci\u00f3n Provincial de Asociaciones\u00a0 de Personas con Discapacidad F\u00edsica y Org\u00e1nica (COCEMFE GUADALAJARA), \u00a0celebr\u00f3 ayer su asamblea para nombrar la nueva junta directiva elegida por unanimidad de los asistentes, [&hellip;]<\/p>\n","protected":false},"author":1,"featured_media":3991,"comment_status":"closed","ping_status":"closed","sticky":false,"template":"","format":"standard","meta":{"_et_pb_use_builder":"on","_et_pb_old_content":"<h5 style=\"text-align: justify;\">La Confederaci\u00f3n CLM Inclusiva y la asociaci\u00f3n empresarial de Centros Especiales de Empleo de COCEMFE en Castilla-La Mancha, AECEMCO CLM, han firmado un acuerdo para promover las oportunidades de formaci\u00f3n y empleo de las personas del colectivo.<\/h5>\r\n<p style=\"text-align: justify;\"><img class=\"alignnone size-full wp-image-471\" src=\"http:\/\/clm-inclusiva.org\/wp-content\/uploads\/2019\/04\/3500_fotonoticia_20190402151941_1920.jpg\" alt=\"\" width=\"670\" height=\"300\"><\/p>\r\n<p style=\"text-align: justify;\">El presidente de la confederaci\u00f3n CLM Inclusiva, Enrique Alarc\u00f3n Garc\u00eda, y el presidente de AECEMCO CLM, \u00d3scar Sillas, han rubricado este acuerdo de colaboraci\u00f3n para coordinar su labor y actuaciones de apoyo a la promoci\u00f3n de los derechos de las personas con discapacidad f\u00edsica y org\u00e1nica en Castilla-La Mancha, ha informado esta confederaci\u00f3n en nota de prensa.<\/p>\r\nEl sector empresarial promovido por las organizaciones de COCEMFE sin \u00e1nimo de lucro, integrado en AECEMCO, da empleo actualmente a m\u00e1s de 800 personas con discapacidad de todo tipo, con actividades productivas y de prestaci\u00f3n de servicios muy variados como obras, lavander\u00eda, limpieza, medioambiente, manipulados, formaci\u00f3n, etc.\r\n\r\nAmbas organizaciones que comparten valores sociales y visi\u00f3n sobre los derechos de las personas con discapacidad coordinar\u00e1n todas sus actividades para incrementar las oportunidades de formaci\u00f3n, aprendizaje en el puesto de trabajo y calidad de los mismos, tanto en empleo protegido como ordinario.\r\n\r\nDentro de las actuaciones objeto del acuerdo se pondr\u00e1 especial atenci\u00f3n a dar a conocer la normativa de reserva de empleo para personas con discapacidad, as\u00ed como el adecuado cumplimiento de las medidas alternativas, para lo que se informar\u00e1 conjuntamente a administraciones, federaciones empresariales y grandes empresas sobre las oportunidades de empleabilidad de las personas con discapacidad f\u00edsica y org\u00e1nica.\r\n\r\nCLM Inclusiva dispone actualmente de Servicio de Empleo en todas las provincias de Castilla-La Mancha, gracias al apoyo de Fundaci\u00f3n ONCE y la financiaci\u00f3n de proyectos con cargo al IRPF, que realiza labor de intermediaci\u00f3n entre personas con discapacidad demandantes de empleo y empresas, asegurando la adecuaci\u00f3n de trabajadores al puesto de trabajo e informando sobre incentivos a la contrataci\u00f3n y ajustes t\u00e9cnicos necesarios en el puesto.\r\n\r\nLa Confederaci\u00f3n regional de entidades de personas con discapacidad f\u00edsica y org\u00e1nica, Castilla-La Mancha Inclusiva, agrupa al movimiento asociativo de COCEMFE en la Regi\u00f3n, con casi un centenar de entidades que representan en torno a 10.000 personas con discapacidad.\r\n\r\nActualmente se encuentra compuesta por cinco federaciones provinciales, COCEMFE Albacete, COCEMFE Cuenca, COCEMFE Guadalajara, COCEMFE Toledo y Ciudad Real Inclusiva, las entidades regionales AFANION, Federaci\u00f3n LUNA CLM de mujeres con discapacidad, AIDISCAM, y la asociaci\u00f3n nacional AMIAB.","_et_gb_content_width":"","footnotes":""},"categories":[39,47,77,5,51,44,41],"tags":[],"yoast_head":"<!-- This site is optimized with the Yoast SEO plugin v21.3 - https:\/\/yoast.com\/wordpress\/plugins\/seo\/ -->\n<title>\u00c1ngel S\u00e1nchez reelegido presidente de COCEMFE Guadalajara - Clm-Inclusiva<\/title>\n<meta name=\"robots\" content=\"index, follow, max-snippet:-1, max-image-preview:large, max-video-preview:-1\" \/>\n<link rel=\"canonical\" href=\"https:\/\/clm-inclusiva.org\/?p=3989\" \/>\n<meta property=\"og:locale\" content=\"es_ES\" \/>\n<meta property=\"og:type\" content=\"article\" \/>\n<meta property=\"og:title\" content=\"\u00c1ngel S\u00e1nchez reelegido presidente de COCEMFE Guadalajara - Clm-Inclusiva\" \/>\n<meta property=\"og:description\" content=\"[et_pb_section fb_built=&#8221;1&#8243; _builder_version=&#8221;4.0.4&#8243; custom_padding=&#8221;0px||2px|||&#8221;][et_pb_row _builder_version=&#8221;4.1&#8243; background_size=&#8221;initial&#8221; background_position=&#8221;top_left&#8221; background_repeat=&#8221;repeat&#8221; custom_margin=&#8221;|||||&#8221; custom_padding=&#8221;|||||&#8221;][et_pb_column type=&#8221;4_4&#8243; _builder_version=&#8221;3.25&#8243; custom_padding=&#8221;|||&#8221; custom_padding__hover=&#8221;|||&#8221;][et_pb_text admin_label=&#8221;Noticia&#8221; _builder_version=&#8221;4.1&#8243; text_font=&#8221;||||||||&#8221; background_size=&#8221;initial&#8221; background_position=&#8221;top_left&#8221; background_repeat=&#8221;repeat&#8221; text_orientation=&#8221;justified&#8221; min_height=&#8221;711px&#8221; custom_margin=&#8221;||||false|false&#8221; custom_padding=&#8221;|||||&#8221; hover_enabled=&#8221;0&#8243;] La Federaci\u00f3n Provincial de Asociaciones\u00a0 de Personas con Discapacidad F\u00edsica y Org\u00e1nica (COCEMFE GUADALAJARA), \u00a0celebr\u00f3 ayer su asamblea para nombrar la nueva junta directiva elegida por unanimidad de los asistentes, [&hellip;]\" \/>\n<meta property=\"og:url\" content=\"https:\/\/clm-inclusiva.org\/?p=3989\" \/>\n<meta property=\"og:site_name\" content=\"Clm-Inclusiva\" \/>\n<meta property=\"article:publisher\" content=\"https:\/\/www.facebook.com\/castillalamancha.inclusiva\/\" \/>\n<meta property=\"article:published_time\" content=\"2021-02-18T13:04:47+00:00\" \/>\n<meta property=\"article:modified_time\" content=\"2021-02-18T13:04:55+00:00\" \/>\n<meta property=\"og:image\" content=\"https:\/\/clm-inclusiva.org\/wp-content\/uploads\/2021\/02\/guada.jpg\" \/>\n\t<meta property=\"og:image:width\" content=\"1299\" \/>\n\t<meta property=\"og:image:height\" content=\"731\" \/>\n\t<meta property=\"og:image:type\" content=\"image\/jpeg\" \/>\n<meta name=\"author\" content=\"clm-inclusiva\" \/>\n<meta name=\"twitter:card\" content=\"summary_large_image\" \/>\n<meta name=\"twitter:creator\" content=\"@ClmInclusiva\" \/>\n<meta name=\"twitter:site\" content=\"@ClmInclusiva\" \/>\n<meta name=\"twitter:label1\" content=\"Escrito por\" \/>\n\t<meta name=\"twitter:data1\" content=\"clm-inclusiva\" \/>\n\t<meta name=\"twitter:label2\" content=\"Tiempo de lectura\" \/>\n\t<meta name=\"twitter:data2\" content=\"3 minutos\" \/>\n<script type=\"application\/ld+json\" class=\"yoast-schema-graph\">{\"@context\":\"https:\/\/schema.org\",\"@graph\":[{\"@type\":\"Article\",\"@id\":\"https:\/\/clm-inclusiva.org\/?p=3989#article\",\"isPartOf\":{\"@id\":\"https:\/\/clm-inclusiva.org\/?p=3989\"},\"author\":{\"name\":\"clm-inclusiva\",\"@id\":\"https:\/\/clm-inclusiva.org\/#\/schema\/person\/0cff84aaa5bb8fd3521c55d1578d902b\"},\"headline\":\"\u00c1ngel S\u00e1nchez reelegido presidente de COCEMFE Guadalajara\",\"datePublished\":\"2021-02-18T13:04:47+00:00\",\"dateModified\":\"2021-02-18T13:04:55+00:00\",\"mainEntityOfPage\":{\"@id\":\"https:\/\/clm-inclusiva.org\/?p=3989\"},\"wordCount\":690,\"publisher\":{\"@id\":\"https:\/\/clm-inclusiva.org\/#organization\"},\"articleSection\":[\"Bienestar social\",\"cocemfe\",\"cocemfe Guadalajara\",\"Discapacidad\",\"Guadalajara\",\"Politica social\",\"Tercer sector\"],\"inLanguage\":\"es\"},{\"@type\":\"WebPage\",\"@id\":\"https:\/\/clm-inclusiva.org\/?p=3989\",\"url\":\"https:\/\/clm-inclusiva.org\/?p=3989\",\"name\":\"\u00c1ngel S\u00e1nchez reelegido presidente de COCEMFE Guadalajara - Clm-Inclusiva\",\"isPartOf\":{\"@id\":\"https:\/\/clm-inclusiva.org\/#website\"},\"datePublished\":\"2021-02-18T13:04:47+00:00\",\"dateModified\":\"2021-02-18T13:04:55+00:00\",\"breadcrumb\":{\"@id\":\"https:\/\/clm-inclusiva.org\/?p=3989#breadcrumb\"},\"inLanguage\":\"es\",\"potentialAction\":[{\"@type\":\"ReadAction\",\"target\":[\"https:\/\/clm-inclusiva.org\/?p=3989\"]}]},{\"@type\":\"BreadcrumbList\",\"@id\":\"https:\/\/clm-inclusiva.org\/?p=3989#breadcrumb\",\"itemListElement\":[{\"@type\":\"ListItem\",\"position\":1,\"name\":\"Portada\",\"item\":\"https:\/\/clm-inclusiva.org\/\"},{\"@type\":\"ListItem\",\"position\":2,\"name\":\"\u00c1ngel S\u00e1nchez reelegido presidente de COCEMFE Guadalajara\"}]},{\"@type\":\"WebSite\",\"@id\":\"https:\/\/clm-inclusiva.org\/#website\",\"url\":\"https:\/\/clm-inclusiva.org\/\",\"name\":\"Clm-Inclusiva\",\"description\":\"Confederaci\u00f3n de entidades de personas con discapacidad f\u00edsica y org\u00e1nica CLM\",\"publisher\":{\"@id\":\"https:\/\/clm-inclusiva.org\/#organization\"},\"potentialAction\":[{\"@type\":\"SearchAction\",\"target\":{\"@type\":\"EntryPoint\",\"urlTemplate\":\"https:\/\/clm-inclusiva.org\/?s={search_term_string}\"},\"query-input\":\"required name=search_term_string\"}],\"inLanguage\":\"es\"},{\"@type\":\"Organization\",\"@id\":\"https:\/\/clm-inclusiva.org\/#organization\",\"name\":\"Clm-Inclusiva\",\"url\":\"https:\/\/clm-inclusiva.org\/\",\"logo\":{\"@type\":\"ImageObject\",\"inLanguage\":\"es\",\"@id\":\"https:\/\/clm-inclusiva.org\/#\/schema\/logo\/image\/\",\"url\":\"http:\/\/clm-inclusiva.org\/wp-content\/uploads\/2019\/04\/banner-e1533720812836.jpg\",\"contentUrl\":\"http:\/\/clm-inclusiva.org\/wp-content\/uploads\/2019\/04\/banner-e1533720812836.jpg\",\"width\":600,\"height\":332,\"caption\":\"Clm-Inclusiva\"},\"image\":{\"@id\":\"https:\/\/clm-inclusiva.org\/#\/schema\/logo\/image\/\"},\"sameAs\":[\"https:\/\/www.facebook.com\/castillalamancha.inclusiva\/\",\"https:\/\/twitter.com\/ClmInclusiva\"]},{\"@type\":\"Person\",\"@id\":\"https:\/\/clm-inclusiva.org\/#\/schema\/person\/0cff84aaa5bb8fd3521c55d1578d902b\",\"name\":\"clm-inclusiva\",\"image\":{\"@type\":\"ImageObject\",\"inLanguage\":\"es\",\"@id\":\"https:\/\/clm-inclusiva.org\/#\/schema\/person\/image\/\",\"url\":\"https:\/\/secure.gravatar.com\/avatar\/88948567af770dc9cd5597b329011884?s=96&d=blank&r=g\",\"contentUrl\":\"https:\/\/secure.gravatar.com\/avatar\/88948567af770dc9cd5597b329011884?s=96&d=blank&r=g\",\"caption\":\"clm-inclusiva\"},\"sameAs\":[\"http:\/\/clm-inclusiva.org\"],\"url\":\"https:\/\/clm-inclusiva.org\/?author=1\"}]}<\/script>\n<!-- \/ Yoast SEO plugin. -->","yoast_head_json":{"title":"\u00c1ngel S\u00e1nchez reelegido presidente de COCEMFE Guadalajara - Clm-Inclusiva","robots":{"index":"index","follow":"follow","max-snippet":"max-snippet:-1","max-image-preview":"max-image-preview:large","max-video-preview":"max-video-preview:-1"},"canonical":"https:\/\/clm-inclusiva.org\/?p=3989","og_locale":"es_ES","og_type":"article","og_title":"\u00c1ngel S\u00e1nchez reelegido presidente de COCEMFE Guadalajara - Clm-Inclusiva","og_description":"[et_pb_section fb_built=&#8221;1&#8243; _builder_version=&#8221;4.0.4&#8243; custom_padding=&#8221;0px||2px|||&#8221;][et_pb_row _builder_version=&#8221;4.1&#8243; background_size=&#8221;initial&#8221; background_position=&#8221;top_left&#8221; background_repeat=&#8221;repeat&#8221; custom_margin=&#8221;|||||&#8221; custom_padding=&#8221;|||||&#8221;][et_pb_column type=&#8221;4_4&#8243; _builder_version=&#8221;3.25&#8243; custom_padding=&#8221;|||&#8221; custom_padding__hover=&#8221;|||&#8221;][et_pb_text admin_label=&#8221;Noticia&#8221; _builder_version=&#8221;4.1&#8243; text_font=&#8221;||||||||&#8221; background_size=&#8221;initial&#8221; background_position=&#8221;top_left&#8221; background_repeat=&#8221;repeat&#8221; text_orientation=&#8221;justified&#8221; min_height=&#8221;711px&#8221; custom_margin=&#8221;||||false|false&#8221; custom_padding=&#8221;|||||&#8221; hover_enabled=&#8221;0&#8243;] La Federaci\u00f3n Provincial de Asociaciones\u00a0 de Personas con Discapacidad F\u00edsica y Org\u00e1nica (COCEMFE GUADALAJARA), \u00a0celebr\u00f3 ayer su asamblea para nombrar la nueva junta directiva elegida por unanimidad de los asistentes, [&hellip;]","og_url":"https:\/\/clm-inclusiva.org\/?p=3989","og_site_name":"Clm-Inclusiva","article_publisher":"https:\/\/www.facebook.com\/castillalamancha.inclusiva\/","article_published_time":"2021-02-18T13:04:47+00:00","article_modified_time":"2021-02-18T13:04:55+00:00","og_image":[{"width":1299,"height":731,"url":"https:\/\/clm-inclusiva.org\/wp-content\/uploads\/2021\/02\/guada.jpg","type":"image\/jpeg"}],"author":"clm-inclusiva","twitter_card":"summary_large_image","twitter_creator":"@ClmInclusiva","twitter_site":"@ClmInclusiva","twitter_misc":{"Escrito por":"clm-inclusiva","Tiempo de lectura":"3 minutos"},"schema":{"@context":"https:\/\/schema.org","@graph":[{"@type":"Article","@id":"https:\/\/clm-inclusiva.org\/?p=3989#article","isPartOf":{"@id":"https:\/\/clm-inclusiva.org\/?p=3989"},"author":{"name":"clm-inclusiva","@id":"https:\/\/clm-inclusiva.org\/#\/schema\/person\/0cff84aaa5bb8fd3521c55d1578d902b"},"headline":"\u00c1ngel S\u00e1nchez reelegido presidente de COCEMFE Guadalajara","datePublished":"2021-02-18T13:04:47+00:00","dateModified":"2021-02-18T13:04:55+00:00","mainEntityOfPage":{"@id":"https:\/\/clm-inclusiva.org\/?p=3989"},"wordCount":690,"publisher":{"@id":"https:\/\/clm-inclusiva.org\/#organization"},"articleSection":["Bienestar social","cocemfe","cocemfe Guadalajara","Discapacidad","Guadalajara","Politica social","Tercer sector"],"inLanguage":"es"},{"@type":"WebPage","@id":"https:\/\/clm-inclusiva.org\/?p=3989","url":"https:\/\/clm-inclusiva.org\/?p=3989","name":"\u00c1ngel S\u00e1nchez reelegido presidente de COCEMFE Guadalajara - Clm-Inclusiva","isPartOf":{"@id":"https:\/\/clm-inclusiva.org\/#website"},"datePublished":"2021-02-18T13:04:47+00:00","dateModified":"2021-02-18T13:04:55+00:00","breadcrumb":{"@id":"https:\/\/clm-inclusiva.org\/?p=3989#breadcrumb"},"inLanguage":"es","potentialAction":[{"@type":"ReadAction","target":["https:\/\/clm-inclusiva.org\/?p=3989"]}]},{"@type":"BreadcrumbList","@id":"https:\/\/clm-inclusiva.org\/?p=3989#breadcrumb","itemListElement":[{"@type":"ListItem","position":1,"name":"Portada","item":"https:\/\/clm-inclusiva.org\/"},{"@type":"ListItem","position":2,"name":"\u00c1ngel S\u00e1nchez reelegido presidente de COCEMFE Guadalajara"}]},{"@type":"WebSite","@id":"https:\/\/clm-inclusiva.org\/#website","url":"https:\/\/clm-inclusiva.org\/","name":"Clm-Inclusiva","description":"Confederaci\u00f3n de entidades de personas con discapacidad f\u00edsica y org\u00e1nica CLM","publisher":{"@id":"https:\/\/clm-inclusiva.org\/#organization"},"potentialAction":[{"@type":"SearchAction","target":{"@type":"EntryPoint","urlTemplate":"https:\/\/clm-inclusiva.org\/?s={search_term_string}"},"query-input":"required name=search_term_string"}],"inLanguage":"es"},{"@type":"Organization","@id":"https:\/\/clm-inclusiva.org\/#organization","name":"Clm-Inclusiva","url":"https:\/\/clm-inclusiva.org\/","logo":{"@type":"ImageObject","inLanguage":"es","@id":"https:\/\/clm-inclusiva.org\/#\/schema\/logo\/image\/","url":"http:\/\/clm-inclusiva.org\/wp-content\/uploads\/2019\/04\/banner-e1533720812836.jpg","contentUrl":"http:\/\/clm-inclusiva.org\/wp-content\/uploads\/2019\/04\/banner-e1533720812836.jpg","width":600,"height":332,"caption":"Clm-Inclusiva"},"image":{"@id":"https:\/\/clm-inclusiva.org\/#\/schema\/logo\/image\/"},"sameAs":["https:\/\/www.facebook.com\/castillalamancha.inclusiva\/","https:\/\/twitter.com\/ClmInclusiva"]},{"@type":"Person","@id":"https:\/\/clm-inclusiva.org\/#\/schema\/person\/0cff84aaa5bb8fd3521c55d1578d902b","name":"clm-inclusiva","image":{"@type":"ImageObject","inLanguage":"es","@id":"https:\/\/clm-inclusiva.org\/#\/schema\/person\/image\/","url":"https:\/\/secure.gravatar.com\/avatar\/88948567af770dc9cd5597b329011884?s=96&d=blank&r=g","contentUrl":"https:\/\/secure.gravatar.com\/avatar\/88948567af770dc9cd5597b329011884?s=96&d=blank&r=g","caption":"clm-inclusiva"},"sameAs":["http:\/\/clm-inclusiva.org"],"url":"https:\/\/clm-inclusiva.org\/?author=1"}]}},"_links":{"self":[{"href":"https:\/\/clm-inclusiva.org\/index.php?rest_route=\/wp\/v2\/posts\/3989"}],"collection":[{"href":"https:\/\/clm-inclusiva.org\/index.php?rest_route=\/wp\/v2\/posts"}],"about":[{"href":"https:\/\/clm-inclusiva.org\/index.php?rest_route=\/wp\/v2\/types\/post"}],"author":[{"embeddable":true,"href":"https:\/\/clm-inclusiva.org\/index.php?rest_route=\/wp\/v2\/users\/1"}],"replies":[{"embeddable":true,"href":"https:\/\/clm-inclusiva.org\/index.php?rest_route=%2Fwp%2Fv2%2Fcomments&post=3989"}],"version-history":[{"count":3,"href":"https:\/\/clm-inclusiva.org\/index.php?rest_route=\/wp\/v2\/posts\/3989\/revisions"}],"predecessor-version":[{"id":3994,"href":"https:\/\/clm-inclusiva.org\/index.php?rest_route=\/wp\/v2\/posts\/3989\/revisions\/3994"}],"wp:featuredmedia":[{"embeddable":true,"href":"https:\/\/clm-inclusiva.org\/index.php?rest_route=\/wp\/v2\/media\/3991"}],"wp:attachment":[{"href":"https:\/\/clm-inclusiva.org\/index.php?rest_route=%2Fwp%2Fv2%2Fmedia&parent=3989"}],"wp:term":[{"taxonomy":"category","embeddable":true,"href":"https:\/\/clm-inclusiva.org\/index.php?rest_route=%2Fwp%2Fv2%2Fcategories&post=3989"},{"taxonomy":"post_tag","embeddable":true,"href":"https:\/\/clm-inclusiva.org\/index.php?rest_route=%2Fwp%2Fv2%2Ftags&post=3989"}],"curies":[{"name":"wp","href":"https:\/\/api.w.org\/{rel}","templated":true}]}}