{"id":3983,"date":"2021-02-17T12:23:02","date_gmt":"2021-02-17T10:23:02","guid":{"rendered":"http:\/\/clm-inclusiva.org\/?p=3983"},"modified":"2021-02-17T12:23:07","modified_gmt":"2021-02-17T10:23:07","slug":"cocemfe-acompana-en-plena-pandemia-a-mas-de-1-500-empresas-en-su-camino-hacia-la-inclusion","status":"publish","type":"post","link":"https:\/\/clm-inclusiva.org\/?p=3983","title":{"rendered":"COCEMFE acompa\u00f1a en plena pandemia a m\u00e1s de 1.500 empresas en su camino hacia la inclusi\u00f3n"},"content":{"rendered":"<p>[et_pb_section fb_built=&#8221;1&#8243; _builder_version=&#8221;4.0.4&#8243; custom_padding=&#8221;0px||2px|||&#8221;][et_pb_row _builder_version=&#8221;4.1&#8243; background_size=&#8221;initial&#8221; background_position=&#8221;top_left&#8221; background_repeat=&#8221;repeat&#8221; custom_margin=&#8221;|||||&#8221; custom_padding=&#8221;|||||&#8221;][et_pb_column type=&#8221;4_4&#8243; _builder_version=&#8221;3.25&#8243; custom_padding=&#8221;|||&#8221; custom_padding__hover=&#8221;|||&#8221;][et_pb_text admin_label=&#8221;Noticia&#8221; _builder_version=&#8221;4.1&#8243; text_font=&#8221;||||||||&#8221; background_size=&#8221;initial&#8221; background_position=&#8221;top_left&#8221; background_repeat=&#8221;repeat&#8221; text_orientation=&#8221;justified&#8221; min_height=&#8221;711px&#8221; custom_margin=&#8221;||||false|false&#8221; custom_padding=&#8221;|||||&#8221; hover_enabled=&#8221;0&#8243;]<\/p>\n<p>&nbsp;<\/p>\n<ul>\n<li aria-level=\"1\"><b>COCEMFE desarroll\u00f3 en 2020 un programa estrat\u00e9gico de soporte e innovaci\u00f3n para la activaci\u00f3n y atenci\u00f3n a personas con discapacidad con necesidades de inserci\u00f3n laboral\u00a0<\/b><\/li>\n<li aria-level=\"1\"><b>Este programa acompa\u00f1\u00f3 a m\u00e1s de 1.500 empresas en su camino hacia la transformaci\u00f3n inclusiva y logr\u00f3 un total de 513 contrataciones de personas con discapacidad f\u00edsica y org\u00e1nica<\/b><\/li>\n<li aria-level=\"1\"><b>Financiado a trav\u00e9s del 0,7% del IRPF gestionado por COCEMFE, este programa es posible gracias a las personas que marcan la X Solidaria en su declaraci\u00f3n de la renta\u00a0<\/b><\/li>\n<\/ul>\n<p>&nbsp;<\/p>\n<p><span style=\"font-weight: 400;\">(Madrid, 17 de febrero de 2021) .-\u00a0<\/span><span style=\"font-weight: 400;\">La Confederaci\u00f3n Espa\u00f1ola de Personas con Discapacidad F\u00edsica y Org\u00e1nica (COCEMFE) acompa\u00f1\u00f3 en 2020 a un total de <\/span><b>1.540 empresas interesadas en mejorar su atenci\u00f3n a la diversidad social y avanzar en su transformaci\u00f3n en Empresas Inclusivas<\/b><span style=\"font-weight: 400;\"> a trav\u00e9s del \u2018Programa estrat\u00e9gico de soporte e innovaci\u00f3n para la activaci\u00f3n y atenci\u00f3n a personas con discapacidad con necesidades de inserci\u00f3n laboral promovidas por sus entidades\u2019, desarrollado en 14 localidades con la colaboraci\u00f3n del Movimiento Asociativo de COCEMFE.<\/span><\/p>\n<p><span style=\"font-weight: 400;\">Pese a las condiciones tan adversas generadas como consecuencia de la pandemia de la COVID-19, que ha tenido especial incidencia sobre el empleo de las personas con discapacidad, <\/span><b>la red de Antenas de Empleo de COCEMFE analiz\u00f3<\/b><span style=\"font-weight: 400;\"> en este periodo junto a los\/as responsables de las empresas, las caracter\u00edsticas y requerimientos de <\/span><b>333 puestos de trabajo<\/b><span style=\"font-weight: 400;\"> para la mejora y acceso de personas con discapacidad, e intermedi\u00f3 con estas para lograr finalmente un total de <\/span><b>513 contrataciones<\/b><span style=\"font-weight: 400;\">. De igual modo, pese a las dificultades que viven actualmente estas organizaciones, se ha afianzando el compromiso mutuo de colaboraci\u00f3n y <\/span><b>se firmaron 54 convenios para emprender acciones conjuntas<\/b><span style=\"font-weight: 400;\"> destinadas a promover la mejora de la inclusi\u00f3n laboral de las personas de este grupo social.<\/span><\/p>\n<p><span style=\"font-weight: 400;\">\u201cDesde que se desencaden\u00f3 la pandemia, <\/span><b>hemos conseguido mantener el desarrollo ininterrumpido de los servicios de empleo <\/b><span style=\"font-weight: 400;\">que prestamos a personas con discapacidad y empresas, prestando la atenci\u00f3n que en funci\u00f3n de la situaci\u00f3n epidemiol\u00f3gica era recomendable en cada momento, tanto telem\u00e1tica como presencial\u201d destaca el presidente de COCEMFE, Anxo Queiruga.\u00a0<\/span><\/p>\n<p><span style=\"font-weight: 400;\">En este sentido, a\u00f1ade que \u201cla labor desarrollada en materia de empleo ha sido fundamental, especialmente en aquellos meses en los que se suspendi\u00f3 pr\u00e1cticamente la actividad general, cuando <\/span><b>estuvimos al lado de las personas usuarias de nuestros servicios y ayudando a las empresas<\/b><span style=\"font-weight: 400;\"> a continuar apostando por la inclusi\u00f3n laboral\u201d.\u00a0\u00a0<\/span><\/p>\n<p><span style=\"font-weight: 400;\">\u201cEn el caso de las mujeres con discapacidad, <\/span><b>las brechas de g\u00e9nero relacionadas con la corresponsabilidad familiar, el desempleo, las condiciones contractuales y disposici\u00f3n de rentas se han visto incrementadas<\/b><span style=\"font-weight: 400;\"> este a\u00f1o de manera exponencial como consecuencia de la COVID-19\u201d, explica Queiruga.\u00a0<\/span><\/p>\n<p><span style=\"font-weight: 400;\">Para hacer frente a la destrucci\u00f3n de empleo y el empeoramiento de las condiciones de trabajo de las mujeres con discapacidad, otra de las acciones de este programa en 2020 ha sido la <\/span><b>incorporaci\u00f3n de la perspectiva de g\u00e9nero como eje vertebrador de la intervenci\u00f3n de los Servicios de Empleo<\/b><span style=\"font-weight: 400;\"> en cada territorio, ofreciendo una propuesta coordinada de atenci\u00f3n de mayor intensidad y cercan\u00eda.<\/span><\/p>\n<p><span style=\"font-weight: 400;\">Finalmente, el portal de empleo de COCEMFE ha registrado un elevado incremento de personas registradas, <\/span><b>superando la cifra de 50.000 perfiles<\/b><span style=\"font-weight: 400;\"> en los diferentes territorios del pa\u00eds.\u00a0<\/span><\/p>\n<p><span style=\"font-weight: 400;\">Del mismo modo, la plataforma formativa <\/span><b>Campus COCEMFE ha supuesto una herramienta fundamental para la formaci\u00f3n<\/b><span style=\"font-weight: 400;\"> tanto del personal t\u00e9cnico, como de las personas usuarias en materia de competencias laborales, lo que ha mejorado sustancialmente su empleabilidad.<\/span><\/p>\n<p><span style=\"font-weight: 400;\">Este programa ha sido renovado para su continuidad en 2021, gracias a una subvenci\u00f3n procedente del 0,7% del IRPF del ahora Ministerio de Derechos Sociales y Agenda 2030. Proyectos como este se desarrollan gracias a la solidaridad de las personas contribuyentes que cada a\u00f1o marcan en su declaraci\u00f3n de la renta la casilla de Actividades de Inter\u00e9s general consideradas de inter\u00e9s social, la X Solidaria.<\/span><\/p>\n<p>&nbsp;<\/p>\n<p>[\/et_pb_text][et_pb_post_nav prev_text=&#8221;Anterior&#8221; next_text=&#8221;Siguiente&#8221; _builder_version=&#8221;3.22.4&#8243;][\/et_pb_post_nav][\/et_pb_column][\/et_pb_row][\/et_pb_section]<\/p>\n","protected":false},"excerpt":{"rendered":"<p>[et_pb_section fb_built=&#8221;1&#8243; _builder_version=&#8221;4.0.4&#8243; custom_padding=&#8221;0px||2px|||&#8221;][et_pb_row _builder_version=&#8221;4.1&#8243; background_size=&#8221;initial&#8221; background_position=&#8221;top_left&#8221; background_repeat=&#8221;repeat&#8221; custom_margin=&#8221;|||||&#8221; custom_padding=&#8221;|||||&#8221;][et_pb_column type=&#8221;4_4&#8243; _builder_version=&#8221;3.25&#8243; custom_padding=&#8221;|||&#8221; custom_padding__hover=&#8221;|||&#8221;][et_pb_text admin_label=&#8221;Noticia&#8221; _builder_version=&#8221;4.1&#8243; text_font=&#8221;||||||||&#8221; background_size=&#8221;initial&#8221; background_position=&#8221;top_left&#8221; background_repeat=&#8221;repeat&#8221; text_orientation=&#8221;justified&#8221; min_height=&#8221;711px&#8221; custom_margin=&#8221;||||false|false&#8221; custom_padding=&#8221;|||||&#8221; hover_enabled=&#8221;0&#8243;] &nbsp; COCEMFE desarroll\u00f3 en 2020 un programa estrat\u00e9gico de soporte e innovaci\u00f3n para la activaci\u00f3n y atenci\u00f3n a personas con discapacidad con necesidades de inserci\u00f3n laboral\u00a0 Este programa acompa\u00f1\u00f3 a [&hellip;]<\/p>\n","protected":false},"author":1,"featured_media":3985,"comment_status":"closed","ping_status":"closed","sticky":false,"template":"","format":"standard","meta":{"_et_pb_use_builder":"on","_et_pb_old_content":"<h5 style=\"text-align: justify;\">La Confederaci\u00f3n CLM Inclusiva y la asociaci\u00f3n empresarial de Centros Especiales de Empleo de COCEMFE en Castilla-La Mancha, AECEMCO CLM, han firmado un acuerdo para promover las oportunidades de formaci\u00f3n y empleo de las personas del colectivo.<\/h5>\r\n<p style=\"text-align: justify;\"><img class=\"alignnone size-full wp-image-471\" src=\"http:\/\/clm-inclusiva.org\/wp-content\/uploads\/2019\/04\/3500_fotonoticia_20190402151941_1920.jpg\" alt=\"\" width=\"670\" height=\"300\"><\/p>\r\n<p style=\"text-align: justify;\">El presidente de la confederaci\u00f3n CLM Inclusiva, Enrique Alarc\u00f3n Garc\u00eda, y el presidente de AECEMCO CLM, \u00d3scar Sillas, han rubricado este acuerdo de colaboraci\u00f3n para coordinar su labor y actuaciones de apoyo a la promoci\u00f3n de los derechos de las personas con discapacidad f\u00edsica y org\u00e1nica en Castilla-La Mancha, ha informado esta confederaci\u00f3n en nota de prensa.<\/p>\r\nEl sector empresarial promovido por las organizaciones de COCEMFE sin \u00e1nimo de lucro, integrado en AECEMCO, da empleo actualmente a m\u00e1s de 800 personas con discapacidad de todo tipo, con actividades productivas y de prestaci\u00f3n de servicios muy variados como obras, lavander\u00eda, limpieza, medioambiente, manipulados, formaci\u00f3n, etc.\r\n\r\nAmbas organizaciones que comparten valores sociales y visi\u00f3n sobre los derechos de las personas con discapacidad coordinar\u00e1n todas sus actividades para incrementar las oportunidades de formaci\u00f3n, aprendizaje en el puesto de trabajo y calidad de los mismos, tanto en empleo protegido como ordinario.\r\n\r\nDentro de las actuaciones objeto del acuerdo se pondr\u00e1 especial atenci\u00f3n a dar a conocer la normativa de reserva de empleo para personas con discapacidad, as\u00ed como el adecuado cumplimiento de las medidas alternativas, para lo que se informar\u00e1 conjuntamente a administraciones, federaciones empresariales y grandes empresas sobre las oportunidades de empleabilidad de las personas con discapacidad f\u00edsica y org\u00e1nica.\r\n\r\nCLM Inclusiva dispone actualmente de Servicio de Empleo en todas las provincias de Castilla-La Mancha, gracias al apoyo de Fundaci\u00f3n ONCE y la financiaci\u00f3n de proyectos con cargo al IRPF, que realiza labor de intermediaci\u00f3n entre personas con discapacidad demandantes de empleo y empresas, asegurando la adecuaci\u00f3n de trabajadores al puesto de trabajo e informando sobre incentivos a la contrataci\u00f3n y ajustes t\u00e9cnicos necesarios en el puesto.\r\n\r\nLa Confederaci\u00f3n regional de entidades de personas con discapacidad f\u00edsica y org\u00e1nica, Castilla-La Mancha Inclusiva, agrupa al movimiento asociativo de COCEMFE en la Regi\u00f3n, con casi un centenar de entidades que representan en torno a 10.000 personas con discapacidad.\r\n\r\nActualmente se encuentra compuesta por cinco federaciones provinciales, COCEMFE Albacete, COCEMFE Cuenca, COCEMFE Guadalajara, COCEMFE Toledo y Ciudad Real Inclusiva, las entidades regionales AFANION, Federaci\u00f3n LUNA CLM de mujeres con discapacidad, AIDISCAM, y la asociaci\u00f3n nacional AMIAB.","_et_gb_content_width":"","footnotes":""},"categories":[39,47,5,44,41],"tags":[],"yoast_head":"<!-- This site is optimized with the Yoast SEO plugin v21.3 - https:\/\/yoast.com\/wordpress\/plugins\/seo\/ -->\n<title>COCEMFE acompa\u00f1a en plena pandemia a m\u00e1s de 1.500 empresas en su camino hacia la inclusi\u00f3n - Clm-Inclusiva<\/title>\n<meta name=\"robots\" content=\"index, follow, max-snippet:-1, max-image-preview:large, max-video-preview:-1\" \/>\n<link rel=\"canonical\" href=\"https:\/\/clm-inclusiva.org\/?p=3983\" \/>\n<meta property=\"og:locale\" content=\"es_ES\" \/>\n<meta property=\"og:type\" content=\"article\" \/>\n<meta property=\"og:title\" content=\"COCEMFE acompa\u00f1a en plena pandemia a m\u00e1s de 1.500 empresas en su camino hacia la inclusi\u00f3n - Clm-Inclusiva\" \/>\n<meta property=\"og:description\" content=\"[et_pb_section fb_built=&#8221;1&#8243; _builder_version=&#8221;4.0.4&#8243; custom_padding=&#8221;0px||2px|||&#8221;][et_pb_row _builder_version=&#8221;4.1&#8243; background_size=&#8221;initial&#8221; background_position=&#8221;top_left&#8221; background_repeat=&#8221;repeat&#8221; custom_margin=&#8221;|||||&#8221; custom_padding=&#8221;|||||&#8221;][et_pb_column type=&#8221;4_4&#8243; _builder_version=&#8221;3.25&#8243; custom_padding=&#8221;|||&#8221; custom_padding__hover=&#8221;|||&#8221;][et_pb_text admin_label=&#8221;Noticia&#8221; _builder_version=&#8221;4.1&#8243; text_font=&#8221;||||||||&#8221; background_size=&#8221;initial&#8221; background_position=&#8221;top_left&#8221; background_repeat=&#8221;repeat&#8221; text_orientation=&#8221;justified&#8221; min_height=&#8221;711px&#8221; custom_margin=&#8221;||||false|false&#8221; custom_padding=&#8221;|||||&#8221; hover_enabled=&#8221;0&#8243;] &nbsp; COCEMFE desarroll\u00f3 en 2020 un programa estrat\u00e9gico de soporte e innovaci\u00f3n para la activaci\u00f3n y atenci\u00f3n a personas con discapacidad con necesidades de inserci\u00f3n laboral\u00a0 Este programa acompa\u00f1\u00f3 a [&hellip;]\" \/>\n<meta property=\"og:url\" content=\"https:\/\/clm-inclusiva.org\/?p=3983\" \/>\n<meta property=\"og:site_name\" content=\"Clm-Inclusiva\" \/>\n<meta property=\"article:publisher\" content=\"https:\/\/www.facebook.com\/castillalamancha.inclusiva\/\" \/>\n<meta property=\"article:published_time\" content=\"2021-02-17T10:23:02+00:00\" \/>\n<meta property=\"article:modified_time\" content=\"2021-02-17T10:23:07+00:00\" \/>\n<meta property=\"og:image\" content=\"https:\/\/clm-inclusiva.org\/wp-content\/uploads\/2021\/02\/toledo-2.jpg\" \/>\n\t<meta property=\"og:image:width\" content=\"1842\" \/>\n\t<meta property=\"og:image:height\" content=\"1229\" \/>\n\t<meta property=\"og:image:type\" content=\"image\/jpeg\" \/>\n<meta name=\"author\" content=\"clm-inclusiva\" \/>\n<meta name=\"twitter:card\" content=\"summary_large_image\" \/>\n<meta name=\"twitter:creator\" content=\"@ClmInclusiva\" \/>\n<meta name=\"twitter:site\" content=\"@ClmInclusiva\" \/>\n<meta name=\"twitter:label1\" content=\"Escrito por\" \/>\n\t<meta name=\"twitter:data1\" content=\"clm-inclusiva\" \/>\n\t<meta name=\"twitter:label2\" content=\"Tiempo de lectura\" \/>\n\t<meta name=\"twitter:data2\" content=\"4 minutos\" \/>\n<script type=\"application\/ld+json\" class=\"yoast-schema-graph\">{\"@context\":\"https:\/\/schema.org\",\"@graph\":[{\"@type\":\"Article\",\"@id\":\"https:\/\/clm-inclusiva.org\/?p=3983#article\",\"isPartOf\":{\"@id\":\"https:\/\/clm-inclusiva.org\/?p=3983\"},\"author\":{\"name\":\"clm-inclusiva\",\"@id\":\"https:\/\/clm-inclusiva.org\/#\/schema\/person\/0cff84aaa5bb8fd3521c55d1578d902b\"},\"headline\":\"COCEMFE acompa\u00f1a en plena pandemia a m\u00e1s de 1.500 empresas en su camino hacia la inclusi\u00f3n\",\"datePublished\":\"2021-02-17T10:23:02+00:00\",\"dateModified\":\"2021-02-17T10:23:07+00:00\",\"mainEntityOfPage\":{\"@id\":\"https:\/\/clm-inclusiva.org\/?p=3983\"},\"wordCount\":785,\"publisher\":{\"@id\":\"https:\/\/clm-inclusiva.org\/#organization\"},\"articleSection\":[\"Bienestar social\",\"cocemfe\",\"Discapacidad\",\"Politica social\",\"Tercer sector\"],\"inLanguage\":\"es\"},{\"@type\":\"WebPage\",\"@id\":\"https:\/\/clm-inclusiva.org\/?p=3983\",\"url\":\"https:\/\/clm-inclusiva.org\/?p=3983\",\"name\":\"COCEMFE acompa\u00f1a en plena pandemia a m\u00e1s de 1.500 empresas en su camino hacia la inclusi\u00f3n - Clm-Inclusiva\",\"isPartOf\":{\"@id\":\"https:\/\/clm-inclusiva.org\/#website\"},\"datePublished\":\"2021-02-17T10:23:02+00:00\",\"dateModified\":\"2021-02-17T10:23:07+00:00\",\"breadcrumb\":{\"@id\":\"https:\/\/clm-inclusiva.org\/?p=3983#breadcrumb\"},\"inLanguage\":\"es\",\"potentialAction\":[{\"@type\":\"ReadAction\",\"target\":[\"https:\/\/clm-inclusiva.org\/?p=3983\"]}]},{\"@type\":\"BreadcrumbList\",\"@id\":\"https:\/\/clm-inclusiva.org\/?p=3983#breadcrumb\",\"itemListElement\":[{\"@type\":\"ListItem\",\"position\":1,\"name\":\"Portada\",\"item\":\"https:\/\/clm-inclusiva.org\/\"},{\"@type\":\"ListItem\",\"position\":2,\"name\":\"COCEMFE acompa\u00f1a en plena pandemia a m\u00e1s de 1.500 empresas en su camino hacia la inclusi\u00f3n\"}]},{\"@type\":\"WebSite\",\"@id\":\"https:\/\/clm-inclusiva.org\/#website\",\"url\":\"https:\/\/clm-inclusiva.org\/\",\"name\":\"Clm-Inclusiva\",\"description\":\"Confederaci\u00f3n de entidades de personas con discapacidad f\u00edsica y org\u00e1nica CLM\",\"publisher\":{\"@id\":\"https:\/\/clm-inclusiva.org\/#organization\"},\"potentialAction\":[{\"@type\":\"SearchAction\",\"target\":{\"@type\":\"EntryPoint\",\"urlTemplate\":\"https:\/\/clm-inclusiva.org\/?s={search_term_string}\"},\"query-input\":\"required name=search_term_string\"}],\"inLanguage\":\"es\"},{\"@type\":\"Organization\",\"@id\":\"https:\/\/clm-inclusiva.org\/#organization\",\"name\":\"Clm-Inclusiva\",\"url\":\"https:\/\/clm-inclusiva.org\/\",\"logo\":{\"@type\":\"ImageObject\",\"inLanguage\":\"es\",\"@id\":\"https:\/\/clm-inclusiva.org\/#\/schema\/logo\/image\/\",\"url\":\"http:\/\/clm-inclusiva.org\/wp-content\/uploads\/2019\/04\/banner-e1533720812836.jpg\",\"contentUrl\":\"http:\/\/clm-inclusiva.org\/wp-content\/uploads\/2019\/04\/banner-e1533720812836.jpg\",\"width\":600,\"height\":332,\"caption\":\"Clm-Inclusiva\"},\"image\":{\"@id\":\"https:\/\/clm-inclusiva.org\/#\/schema\/logo\/image\/\"},\"sameAs\":[\"https:\/\/www.facebook.com\/castillalamancha.inclusiva\/\",\"https:\/\/twitter.com\/ClmInclusiva\"]},{\"@type\":\"Person\",\"@id\":\"https:\/\/clm-inclusiva.org\/#\/schema\/person\/0cff84aaa5bb8fd3521c55d1578d902b\",\"name\":\"clm-inclusiva\",\"image\":{\"@type\":\"ImageObject\",\"inLanguage\":\"es\",\"@id\":\"https:\/\/clm-inclusiva.org\/#\/schema\/person\/image\/\",\"url\":\"https:\/\/secure.gravatar.com\/avatar\/88948567af770dc9cd5597b329011884?s=96&d=blank&r=g\",\"contentUrl\":\"https:\/\/secure.gravatar.com\/avatar\/88948567af770dc9cd5597b329011884?s=96&d=blank&r=g\",\"caption\":\"clm-inclusiva\"},\"sameAs\":[\"http:\/\/clm-inclusiva.org\"],\"url\":\"https:\/\/clm-inclusiva.org\/?author=1\"}]}<\/script>\n<!-- \/ Yoast SEO plugin. -->","yoast_head_json":{"title":"COCEMFE acompa\u00f1a en plena pandemia a m\u00e1s de 1.500 empresas en su camino hacia la inclusi\u00f3n - Clm-Inclusiva","robots":{"index":"index","follow":"follow","max-snippet":"max-snippet:-1","max-image-preview":"max-image-preview:large","max-video-preview":"max-video-preview:-1"},"canonical":"https:\/\/clm-inclusiva.org\/?p=3983","og_locale":"es_ES","og_type":"article","og_title":"COCEMFE acompa\u00f1a en plena pandemia a m\u00e1s de 1.500 empresas en su camino hacia la inclusi\u00f3n - Clm-Inclusiva","og_description":"[et_pb_section fb_built=&#8221;1&#8243; _builder_version=&#8221;4.0.4&#8243; custom_padding=&#8221;0px||2px|||&#8221;][et_pb_row _builder_version=&#8221;4.1&#8243; background_size=&#8221;initial&#8221; background_position=&#8221;top_left&#8221; background_repeat=&#8221;repeat&#8221; custom_margin=&#8221;|||||&#8221; custom_padding=&#8221;|||||&#8221;][et_pb_column type=&#8221;4_4&#8243; _builder_version=&#8221;3.25&#8243; custom_padding=&#8221;|||&#8221; custom_padding__hover=&#8221;|||&#8221;][et_pb_text admin_label=&#8221;Noticia&#8221; _builder_version=&#8221;4.1&#8243; text_font=&#8221;||||||||&#8221; background_size=&#8221;initial&#8221; background_position=&#8221;top_left&#8221; background_repeat=&#8221;repeat&#8221; text_orientation=&#8221;justified&#8221; min_height=&#8221;711px&#8221; custom_margin=&#8221;||||false|false&#8221; custom_padding=&#8221;|||||&#8221; hover_enabled=&#8221;0&#8243;] &nbsp; COCEMFE desarroll\u00f3 en 2020 un programa estrat\u00e9gico de soporte e innovaci\u00f3n para la activaci\u00f3n y atenci\u00f3n a personas con discapacidad con necesidades de inserci\u00f3n laboral\u00a0 Este programa acompa\u00f1\u00f3 a [&hellip;]","og_url":"https:\/\/clm-inclusiva.org\/?p=3983","og_site_name":"Clm-Inclusiva","article_publisher":"https:\/\/www.facebook.com\/castillalamancha.inclusiva\/","article_published_time":"2021-02-17T10:23:02+00:00","article_modified_time":"2021-02-17T10:23:07+00:00","og_image":[{"width":1842,"height":1229,"url":"https:\/\/clm-inclusiva.org\/wp-content\/uploads\/2021\/02\/toledo-2.jpg","type":"image\/jpeg"}],"author":"clm-inclusiva","twitter_card":"summary_large_image","twitter_creator":"@ClmInclusiva","twitter_site":"@ClmInclusiva","twitter_misc":{"Escrito por":"clm-inclusiva","Tiempo de lectura":"4 minutos"},"schema":{"@context":"https:\/\/schema.org","@graph":[{"@type":"Article","@id":"https:\/\/clm-inclusiva.org\/?p=3983#article","isPartOf":{"@id":"https:\/\/clm-inclusiva.org\/?p=3983"},"author":{"name":"clm-inclusiva","@id":"https:\/\/clm-inclusiva.org\/#\/schema\/person\/0cff84aaa5bb8fd3521c55d1578d902b"},"headline":"COCEMFE acompa\u00f1a en plena pandemia a m\u00e1s de 1.500 empresas en su camino hacia la inclusi\u00f3n","datePublished":"2021-02-17T10:23:02+00:00","dateModified":"2021-02-17T10:23:07+00:00","mainEntityOfPage":{"@id":"https:\/\/clm-inclusiva.org\/?p=3983"},"wordCount":785,"publisher":{"@id":"https:\/\/clm-inclusiva.org\/#organization"},"articleSection":["Bienestar social","cocemfe","Discapacidad","Politica social","Tercer sector"],"inLanguage":"es"},{"@type":"WebPage","@id":"https:\/\/clm-inclusiva.org\/?p=3983","url":"https:\/\/clm-inclusiva.org\/?p=3983","name":"COCEMFE acompa\u00f1a en plena pandemia a m\u00e1s de 1.500 empresas en su camino hacia la inclusi\u00f3n - Clm-Inclusiva","isPartOf":{"@id":"https:\/\/clm-inclusiva.org\/#website"},"datePublished":"2021-02-17T10:23:02+00:00","dateModified":"2021-02-17T10:23:07+00:00","breadcrumb":{"@id":"https:\/\/clm-inclusiva.org\/?p=3983#breadcrumb"},"inLanguage":"es","potentialAction":[{"@type":"ReadAction","target":["https:\/\/clm-inclusiva.org\/?p=3983"]}]},{"@type":"BreadcrumbList","@id":"https:\/\/clm-inclusiva.org\/?p=3983#breadcrumb","itemListElement":[{"@type":"ListItem","position":1,"name":"Portada","item":"https:\/\/clm-inclusiva.org\/"},{"@type":"ListItem","position":2,"name":"COCEMFE acompa\u00f1a en plena pandemia a m\u00e1s de 1.500 empresas en su camino hacia la inclusi\u00f3n"}]},{"@type":"WebSite","@id":"https:\/\/clm-inclusiva.org\/#website","url":"https:\/\/clm-inclusiva.org\/","name":"Clm-Inclusiva","description":"Confederaci\u00f3n de entidades de personas con discapacidad f\u00edsica y org\u00e1nica CLM","publisher":{"@id":"https:\/\/clm-inclusiva.org\/#organization"},"potentialAction":[{"@type":"SearchAction","target":{"@type":"EntryPoint","urlTemplate":"https:\/\/clm-inclusiva.org\/?s={search_term_string}"},"query-input":"required name=search_term_string"}],"inLanguage":"es"},{"@type":"Organization","@id":"https:\/\/clm-inclusiva.org\/#organization","name":"Clm-Inclusiva","url":"https:\/\/clm-inclusiva.org\/","logo":{"@type":"ImageObject","inLanguage":"es","@id":"https:\/\/clm-inclusiva.org\/#\/schema\/logo\/image\/","url":"http:\/\/clm-inclusiva.org\/wp-content\/uploads\/2019\/04\/banner-e1533720812836.jpg","contentUrl":"http:\/\/clm-inclusiva.org\/wp-content\/uploads\/2019\/04\/banner-e1533720812836.jpg","width":600,"height":332,"caption":"Clm-Inclusiva"},"image":{"@id":"https:\/\/clm-inclusiva.org\/#\/schema\/logo\/image\/"},"sameAs":["https:\/\/www.facebook.com\/castillalamancha.inclusiva\/","https:\/\/twitter.com\/ClmInclusiva"]},{"@type":"Person","@id":"https:\/\/clm-inclusiva.org\/#\/schema\/person\/0cff84aaa5bb8fd3521c55d1578d902b","name":"clm-inclusiva","image":{"@type":"ImageObject","inLanguage":"es","@id":"https:\/\/clm-inclusiva.org\/#\/schema\/person\/image\/","url":"https:\/\/secure.gravatar.com\/avatar\/88948567af770dc9cd5597b329011884?s=96&d=blank&r=g","contentUrl":"https:\/\/secure.gravatar.com\/avatar\/88948567af770dc9cd5597b329011884?s=96&d=blank&r=g","caption":"clm-inclusiva"},"sameAs":["http:\/\/clm-inclusiva.org"],"url":"https:\/\/clm-inclusiva.org\/?author=1"}]}},"_links":{"self":[{"href":"https:\/\/clm-inclusiva.org\/index.php?rest_route=\/wp\/v2\/posts\/3983"}],"collection":[{"href":"https:\/\/clm-inclusiva.org\/index.php?rest_route=\/wp\/v2\/posts"}],"about":[{"href":"https:\/\/clm-inclusiva.org\/index.php?rest_route=\/wp\/v2\/types\/post"}],"author":[{"embeddable":true,"href":"https:\/\/clm-inclusiva.org\/index.php?rest_route=\/wp\/v2\/users\/1"}],"replies":[{"embeddable":true,"href":"https:\/\/clm-inclusiva.org\/index.php?rest_route=%2Fwp%2Fv2%2Fcomments&post=3983"}],"version-history":[{"count":3,"href":"https:\/\/clm-inclusiva.org\/index.php?rest_route=\/wp\/v2\/posts\/3983\/revisions"}],"predecessor-version":[{"id":3988,"href":"https:\/\/clm-inclusiva.org\/index.php?rest_route=\/wp\/v2\/posts\/3983\/revisions\/3988"}],"wp:featuredmedia":[{"embeddable":true,"href":"https:\/\/clm-inclusiva.org\/index.php?rest_route=\/wp\/v2\/media\/3985"}],"wp:attachment":[{"href":"https:\/\/clm-inclusiva.org\/index.php?rest_route=%2Fwp%2Fv2%2Fmedia&parent=3983"}],"wp:term":[{"taxonomy":"category","embeddable":true,"href":"https:\/\/clm-inclusiva.org\/index.php?rest_route=%2Fwp%2Fv2%2Fcategories&post=3983"},{"taxonomy":"post_tag","embeddable":true,"href":"https:\/\/clm-inclusiva.org\/index.php?rest_route=%2Fwp%2Fv2%2Ftags&post=3983"}],"curies":[{"name":"wp","href":"https:\/\/api.w.org\/{rel}","templated":true}]}}