{"id":3969,"date":"2021-02-16T12:54:12","date_gmt":"2021-02-16T10:54:12","guid":{"rendered":"http:\/\/clm-inclusiva.org\/?p=3969"},"modified":"2021-02-16T12:56:50","modified_gmt":"2021-02-16T10:56:50","slug":"cocemfe-promovio-el-empleo-de-524-mujeres-con-discapacidad-en-2020","status":"publish","type":"post","link":"https:\/\/clm-inclusiva.org\/?p=3969","title":{"rendered":"COCEMFE promovi\u00f3 el empleo de  524 mujeres con discapacidad en 2020"},"content":{"rendered":"<p>[et_pb_section fb_built=&#8221;1&#8243; _builder_version=&#8221;4.0.4&#8243; custom_padding=&#8221;0px||2px|||&#8221;][et_pb_row _builder_version=&#8221;4.1&#8243; background_size=&#8221;initial&#8221; background_position=&#8221;top_left&#8221; background_repeat=&#8221;repeat&#8221; custom_margin=&#8221;|||||&#8221; custom_padding=&#8221;|||||&#8221;][et_pb_column type=&#8221;4_4&#8243; _builder_version=&#8221;3.25&#8243; custom_padding=&#8221;|||&#8221; custom_padding__hover=&#8221;|||&#8221;][et_pb_text admin_label=&#8221;Noticia&#8221; _builder_version=&#8221;4.1&#8243; text_font=&#8221;||||||||&#8221; background_size=&#8221;initial&#8221; background_position=&#8221;top_left&#8221; background_repeat=&#8221;repeat&#8221; text_orientation=&#8221;justified&#8221; min_height=&#8221;711px&#8221; custom_margin=&#8221;||||false|false&#8221; custom_padding=&#8221;|||||&#8221;]<\/p>\n<ul>\n<li><strong>El Programa de \u2018Empoderamiento y Activaci\u00f3n para el Empleo\u2019 de COCEMFE redobl\u00f3 sus esfuerzos para proporcionar atenci\u00f3n telem\u00e1tica y presencial a mujeres con discapacidad<\/strong><strong>\u00a0<\/strong><\/li>\n<\/ul>\n<ul>\n<li><strong>Esta iniciativa se desarrolla <\/strong><strong>en nueve provincias del pa\u00eds gracias al convenio establecido entre Fundaci\u00f3n \u201dla Caixa\u201d y COCEMFE<\/strong><strong>\u00a0<\/strong><\/li>\n<\/ul>\n<ul>\n<li><strong>COCEMFE prev\u00e9 atender 595 mujeres con discapacidad en 2021 en este programa que forma parte de su compromiso con el cumplimiento de la Agenda 2030<\/strong><\/li>\n<\/ul>\n<p>(Madrid, 16 de febrero de 2021) .-\u00a0 La Confederaci\u00f3n Espa\u00f1ola de Personas con Discapacidad F\u00edsica y Org\u00e1nica (COCEMFE) <strong>redobl\u00f3 sus esfuerzos desde el inicio de la pandemia de la COVID-19<\/strong> para continuar luchando contra los factores de discriminaci\u00f3n interseccional que afectan a las mujeres con discapacidad a trav\u00e9s de su <strong>\u2018Programa de Empoderamiento y Activaci\u00f3n para el Empleo\u2019<\/strong>, en el que, a lo largo del a\u00f1o 2020, participaron 524 mujeres de este grupo social procedentes de nueve provincias del pa\u00eds.<\/p>\n<p>Desarrollado por COCEMFE en colaboraci\u00f3n con el programa Incorpora de la Fundaci\u00f3n \u201dla Caixa\u201d, este programa se adapt\u00f3 a la situaci\u00f3n de pandemia para seguir prestando apoyo telem\u00e1tico y presencial, con el objetivo de <strong>contribuir al empoderamiento de las mujeres con discapacidad como proceso que fomenta su autonom\u00eda social y econ\u00f3mica<\/strong> y que sirve como motor para la activaci\u00f3n para el empleo en aquellas mujeres en desempleo de larga duraci\u00f3n y\/o en situaci\u00f3n de mayor vulnerabilidad.<\/p>\n<p>Para ello, se ha hecho hincapi\u00e9 en dar respuesta a las necesidades de las mujeres con discapacidad atendidas, a trav\u00e9s de acciones como el <strong>refuerzo de los recursos tecnol\u00f3gicos del personal t\u00e9cnico y la implantaci\u00f3n de medidas extraordinarias para la adaptaci\u00f3n de los servicios,<\/strong> garantizando la seguridad y la atenci\u00f3n y posibilitando la atenci\u00f3n presencial.<\/p>\n<p>En detalle, el a\u00f1o pasado se dedicaron <strong>1.575 horas a la atenci\u00f3n individual<\/strong>, se consigui\u00f3 la <strong>inclusi\u00f3n laboral de 91 mujeres con discapacidad<\/strong> y se impartieron <strong>600 horas de sesiones grupales<\/strong> en empoderamiento, habilidades prelaborales y alfabetizaci\u00f3n tecnol\u00f3gica. Adem\u00e1s, se celebraron <strong>14 sesiones de formaci\u00f3n y sensibilizaci\u00f3n<\/strong> sobre g\u00e9nero, discapacidad y empleo dirigidas a la poblaci\u00f3n en general y profesionales de entidades y administraciones vinculadas este proyecto. De igual modo, <strong>se involucr\u00f3 a un total de 57 a<\/strong><strong>dministraciones p\u00fablicas y entidades sociales <\/strong>para su colaboraci\u00f3n en el programa y se detectaron<strong> 13 casos de mujeres con discapacidad necesidad alta de atenci\u00f3n por motivos de violencia machista<\/strong>.<\/p>\n<p>Asimismo, se adoptaron medidas dirigidas a hacer frente al incremento de la brecha digital en las mujeres participantes en el programa, tras constatar que <strong>m\u00e1s del 38% de las mismas hab\u00eda visto limitado en mayor medida el acceso y el uso de recursos tecnol\u00f3gicos en esta situaci\u00f3n de pandemia<\/strong>, afect\u00e1ndoles, sobre todo, a circunstancias como la participaci\u00f3n en actividades online.<\/p>\n<p>\u201cDesde COCEMFE<strong> estamos trabajando con el m\u00e1ximo esfuerzo para que, a pesar de la COVID-19, no se vean obstaculizados los objetivos a favor de la igualdad entre hombres y mujeres <\/strong>y la inclusi\u00f3n de las personas con discapacidad, la defensa de los derechos de las mujeres y ni\u00f1as con discapacidad, sensibilizaci\u00f3n a entidades sociales y ciudadan\u00eda, promoci\u00f3n del conocimiento, mejora de la empleabilidad, impulso del empoderamiento, sororidad y asociacionismo o la erradicaci\u00f3n de la violencia machista\u201d, destaca la secretaria de Mujer e Igualdad de COCEMFE, Encarnaci\u00f3n Rodr\u00edguez.<\/p>\n<p>Por su parte, Marta Valencia, secretaria de Organizaci\u00f3n de la entidad, destaca que \u201cdesde el inicio de la pandemia <strong>hemos comprobado la importancia de la detecci\u00f3n precoz de las necesidades<\/strong>, de prestar apoyo psicosocial en las situaciones de mayor vulnerabilidad y de aumentar la interlocuci\u00f3n con los organismos competentes en materia de atenci\u00f3n sociosanitaria\u201d.<\/p>\n<p>Este programa forma parte del compromiso de COCEMFE con el cumplimiento de la Agenda 2030, concretamente con el Objetivo de Desarrollo Sostenible de igualdad de g\u00e9nero (ODS 5), para lo cual es imprescindible acabar con la discriminaci\u00f3n y la vulneraci\u00f3n de derechos sociales, econ\u00f3micos, civiles y pol\u00edticos a las que se enfrentan las mujeres y ni\u00f1as con discapacidad.<\/p>\n<p>Durante 2021, el \u2018Programa de Empoderamiento y Activaci\u00f3n para el Empleo\u2019 se desarrollar\u00e1 en Alicante, C\u00e1diz, Arag\u00f3n, Galicia, Madrid, Navarra, Murcia y C\u00e1ceres, territorios, donde <strong>se prev\u00e9 atender a 595 mujeres con discapacidad<\/strong>.<\/p>\n<p>Las personas interesadas en participar, pueden ponerse en contacto con Isabel Jim\u00e9nez, a trav\u00e9s del correo electr\u00f3nico <a href=\"mailto:igualdad@cocemfe.es\">igualdad@cocemfe.es<\/a> y el tel\u00e9fono 91 744 36 00.<\/p>\n<p>[\/et_pb_text][et_pb_post_nav prev_text=&#8221;Anterior&#8221; next_text=&#8221;Siguiente&#8221; _builder_version=&#8221;3.22.4&#8243;][\/et_pb_post_nav][\/et_pb_column][\/et_pb_row][\/et_pb_section]<\/p>\n","protected":false},"excerpt":{"rendered":"<p>[et_pb_section fb_built=&#8221;1&#8243; _builder_version=&#8221;4.0.4&#8243; custom_padding=&#8221;0px||2px|||&#8221;][et_pb_row _builder_version=&#8221;4.1&#8243; background_size=&#8221;initial&#8221; background_position=&#8221;top_left&#8221; background_repeat=&#8221;repeat&#8221; custom_margin=&#8221;|||||&#8221; custom_padding=&#8221;|||||&#8221;][et_pb_column type=&#8221;4_4&#8243; _builder_version=&#8221;3.25&#8243; custom_padding=&#8221;|||&#8221; custom_padding__hover=&#8221;|||&#8221;][et_pb_text admin_label=&#8221;Noticia&#8221; _builder_version=&#8221;4.1&#8243; text_font=&#8221;||||||||&#8221; background_size=&#8221;initial&#8221; background_position=&#8221;top_left&#8221; background_repeat=&#8221;repeat&#8221; text_orientation=&#8221;justified&#8221; min_height=&#8221;711px&#8221; custom_margin=&#8221;||||false|false&#8221; custom_padding=&#8221;|||||&#8221;] El Programa de \u2018Empoderamiento y Activaci\u00f3n para el Empleo\u2019 de COCEMFE redobl\u00f3 sus esfuerzos para proporcionar atenci\u00f3n telem\u00e1tica y presencial a mujeres con discapacidad\u00a0 Esta iniciativa se desarrolla en nueve provincias [&hellip;]<\/p>\n","protected":false},"author":1,"featured_media":3975,"comment_status":"closed","ping_status":"closed","sticky":false,"template":"","format":"standard","meta":{"_et_pb_use_builder":"on","_et_pb_old_content":"<h5 style=\"text-align: justify;\">La Confederaci\u00f3n CLM Inclusiva y la asociaci\u00f3n empresarial de Centros Especiales de Empleo de COCEMFE en Castilla-La Mancha, AECEMCO CLM, han firmado un acuerdo para promover las oportunidades de formaci\u00f3n y empleo de las personas del colectivo.<\/h5>\r\n<p style=\"text-align: justify;\"><img class=\"alignnone size-full wp-image-471\" src=\"http:\/\/clm-inclusiva.org\/wp-content\/uploads\/2019\/04\/3500_fotonoticia_20190402151941_1920.jpg\" alt=\"\" width=\"670\" height=\"300\"><\/p>\r\n<p style=\"text-align: justify;\">El presidente de la confederaci\u00f3n CLM Inclusiva, Enrique Alarc\u00f3n Garc\u00eda, y el presidente de AECEMCO CLM, \u00d3scar Sillas, han rubricado este acuerdo de colaboraci\u00f3n para coordinar su labor y actuaciones de apoyo a la promoci\u00f3n de los derechos de las personas con discapacidad f\u00edsica y org\u00e1nica en Castilla-La Mancha, ha informado esta confederaci\u00f3n en nota de prensa.<\/p>\r\nEl sector empresarial promovido por las organizaciones de COCEMFE sin \u00e1nimo de lucro, integrado en AECEMCO, da empleo actualmente a m\u00e1s de 800 personas con discapacidad de todo tipo, con actividades productivas y de prestaci\u00f3n de servicios muy variados como obras, lavander\u00eda, limpieza, medioambiente, manipulados, formaci\u00f3n, etc.\r\n\r\nAmbas organizaciones que comparten valores sociales y visi\u00f3n sobre los derechos de las personas con discapacidad coordinar\u00e1n todas sus actividades para incrementar las oportunidades de formaci\u00f3n, aprendizaje en el puesto de trabajo y calidad de los mismos, tanto en empleo protegido como ordinario.\r\n\r\nDentro de las actuaciones objeto del acuerdo se pondr\u00e1 especial atenci\u00f3n a dar a conocer la normativa de reserva de empleo para personas con discapacidad, as\u00ed como el adecuado cumplimiento de las medidas alternativas, para lo que se informar\u00e1 conjuntamente a administraciones, federaciones empresariales y grandes empresas sobre las oportunidades de empleabilidad de las personas con discapacidad f\u00edsica y org\u00e1nica.\r\n\r\nCLM Inclusiva dispone actualmente de Servicio de Empleo en todas las provincias de Castilla-La Mancha, gracias al apoyo de Fundaci\u00f3n ONCE y la financiaci\u00f3n de proyectos con cargo al IRPF, que realiza labor de intermediaci\u00f3n entre personas con discapacidad demandantes de empleo y empresas, asegurando la adecuaci\u00f3n de trabajadores al puesto de trabajo e informando sobre incentivos a la contrataci\u00f3n y ajustes t\u00e9cnicos necesarios en el puesto.\r\n\r\nLa Confederaci\u00f3n regional de entidades de personas con discapacidad f\u00edsica y org\u00e1nica, Castilla-La Mancha Inclusiva, agrupa al movimiento asociativo de COCEMFE en la Regi\u00f3n, con casi un centenar de entidades que representan en torno a 10.000 personas con discapacidad.\r\n\r\nActualmente se encuentra compuesta por cinco federaciones provinciales, COCEMFE Albacete, COCEMFE Cuenca, COCEMFE Guadalajara, COCEMFE Toledo y Ciudad Real Inclusiva, las entidades regionales AFANION, Federaci\u00f3n LUNA CLM de mujeres con discapacidad, AIDISCAM, y la asociaci\u00f3n nacional AMIAB.","_et_gb_content_width":"","footnotes":""},"categories":[39,47,5,44,41],"tags":[],"yoast_head":"<!-- This site is optimized with the Yoast SEO plugin v21.3 - https:\/\/yoast.com\/wordpress\/plugins\/seo\/ -->\n<title>COCEMFE promovi\u00f3 el empleo de 524 mujeres con discapacidad en 2020 - Clm-Inclusiva<\/title>\n<meta name=\"robots\" content=\"index, follow, max-snippet:-1, max-image-preview:large, max-video-preview:-1\" \/>\n<link rel=\"canonical\" href=\"https:\/\/clm-inclusiva.org\/?p=3969\" \/>\n<meta property=\"og:locale\" content=\"es_ES\" \/>\n<meta property=\"og:type\" content=\"article\" \/>\n<meta property=\"og:title\" content=\"COCEMFE promovi\u00f3 el empleo de 524 mujeres con discapacidad en 2020 - Clm-Inclusiva\" \/>\n<meta property=\"og:description\" content=\"[et_pb_section fb_built=&#8221;1&#8243; _builder_version=&#8221;4.0.4&#8243; custom_padding=&#8221;0px||2px|||&#8221;][et_pb_row _builder_version=&#8221;4.1&#8243; background_size=&#8221;initial&#8221; background_position=&#8221;top_left&#8221; background_repeat=&#8221;repeat&#8221; custom_margin=&#8221;|||||&#8221; custom_padding=&#8221;|||||&#8221;][et_pb_column type=&#8221;4_4&#8243; _builder_version=&#8221;3.25&#8243; custom_padding=&#8221;|||&#8221; custom_padding__hover=&#8221;|||&#8221;][et_pb_text admin_label=&#8221;Noticia&#8221; _builder_version=&#8221;4.1&#8243; text_font=&#8221;||||||||&#8221; background_size=&#8221;initial&#8221; background_position=&#8221;top_left&#8221; background_repeat=&#8221;repeat&#8221; text_orientation=&#8221;justified&#8221; min_height=&#8221;711px&#8221; custom_margin=&#8221;||||false|false&#8221; custom_padding=&#8221;|||||&#8221;] El Programa de \u2018Empoderamiento y Activaci\u00f3n para el Empleo\u2019 de COCEMFE redobl\u00f3 sus esfuerzos para proporcionar atenci\u00f3n telem\u00e1tica y presencial a mujeres con discapacidad\u00a0 Esta iniciativa se desarrolla en nueve provincias [&hellip;]\" \/>\n<meta property=\"og:url\" content=\"https:\/\/clm-inclusiva.org\/?p=3969\" \/>\n<meta property=\"og:site_name\" content=\"Clm-Inclusiva\" \/>\n<meta property=\"article:publisher\" content=\"https:\/\/www.facebook.com\/castillalamancha.inclusiva\/\" \/>\n<meta property=\"article:published_time\" content=\"2021-02-16T10:54:12+00:00\" \/>\n<meta property=\"article:modified_time\" content=\"2021-02-16T10:56:50+00:00\" \/>\n<meta property=\"og:image\" content=\"https:\/\/clm-inclusiva.org\/wp-content\/uploads\/2021\/02\/COCEMFE_Empoderamiento_2-scaled.jpg\" \/>\n\t<meta property=\"og:image:width\" content=\"2560\" \/>\n\t<meta property=\"og:image:height\" content=\"1440\" \/>\n\t<meta property=\"og:image:type\" content=\"image\/jpeg\" \/>\n<meta name=\"author\" content=\"clm-inclusiva\" \/>\n<meta name=\"twitter:card\" content=\"summary_large_image\" \/>\n<meta name=\"twitter:creator\" content=\"@ClmInclusiva\" \/>\n<meta name=\"twitter:site\" content=\"@ClmInclusiva\" \/>\n<meta name=\"twitter:label1\" content=\"Escrito por\" \/>\n\t<meta name=\"twitter:data1\" content=\"clm-inclusiva\" \/>\n\t<meta name=\"twitter:label2\" content=\"Tiempo de lectura\" \/>\n\t<meta name=\"twitter:data2\" content=\"4 minutos\" \/>\n<script type=\"application\/ld+json\" class=\"yoast-schema-graph\">{\"@context\":\"https:\/\/schema.org\",\"@graph\":[{\"@type\":\"Article\",\"@id\":\"https:\/\/clm-inclusiva.org\/?p=3969#article\",\"isPartOf\":{\"@id\":\"https:\/\/clm-inclusiva.org\/?p=3969\"},\"author\":{\"name\":\"clm-inclusiva\",\"@id\":\"https:\/\/clm-inclusiva.org\/#\/schema\/person\/0cff84aaa5bb8fd3521c55d1578d902b\"},\"headline\":\"COCEMFE promovi\u00f3 el empleo de 524 mujeres con discapacidad en 2020\",\"datePublished\":\"2021-02-16T10:54:12+00:00\",\"dateModified\":\"2021-02-16T10:56:50+00:00\",\"mainEntityOfPage\":{\"@id\":\"https:\/\/clm-inclusiva.org\/?p=3969\"},\"wordCount\":870,\"publisher\":{\"@id\":\"https:\/\/clm-inclusiva.org\/#organization\"},\"articleSection\":[\"Bienestar social\",\"cocemfe\",\"Discapacidad\",\"Politica social\",\"Tercer sector\"],\"inLanguage\":\"es\"},{\"@type\":\"WebPage\",\"@id\":\"https:\/\/clm-inclusiva.org\/?p=3969\",\"url\":\"https:\/\/clm-inclusiva.org\/?p=3969\",\"name\":\"COCEMFE promovi\u00f3 el empleo de 524 mujeres con discapacidad en 2020 - Clm-Inclusiva\",\"isPartOf\":{\"@id\":\"https:\/\/clm-inclusiva.org\/#website\"},\"datePublished\":\"2021-02-16T10:54:12+00:00\",\"dateModified\":\"2021-02-16T10:56:50+00:00\",\"breadcrumb\":{\"@id\":\"https:\/\/clm-inclusiva.org\/?p=3969#breadcrumb\"},\"inLanguage\":\"es\",\"potentialAction\":[{\"@type\":\"ReadAction\",\"target\":[\"https:\/\/clm-inclusiva.org\/?p=3969\"]}]},{\"@type\":\"BreadcrumbList\",\"@id\":\"https:\/\/clm-inclusiva.org\/?p=3969#breadcrumb\",\"itemListElement\":[{\"@type\":\"ListItem\",\"position\":1,\"name\":\"Portada\",\"item\":\"https:\/\/clm-inclusiva.org\/\"},{\"@type\":\"ListItem\",\"position\":2,\"name\":\"COCEMFE promovi\u00f3 el empleo de 524 mujeres con discapacidad en 2020\"}]},{\"@type\":\"WebSite\",\"@id\":\"https:\/\/clm-inclusiva.org\/#website\",\"url\":\"https:\/\/clm-inclusiva.org\/\",\"name\":\"Clm-Inclusiva\",\"description\":\"Confederaci\u00f3n de entidades de personas con discapacidad f\u00edsica y org\u00e1nica CLM\",\"publisher\":{\"@id\":\"https:\/\/clm-inclusiva.org\/#organization\"},\"potentialAction\":[{\"@type\":\"SearchAction\",\"target\":{\"@type\":\"EntryPoint\",\"urlTemplate\":\"https:\/\/clm-inclusiva.org\/?s={search_term_string}\"},\"query-input\":\"required name=search_term_string\"}],\"inLanguage\":\"es\"},{\"@type\":\"Organization\",\"@id\":\"https:\/\/clm-inclusiva.org\/#organization\",\"name\":\"Clm-Inclusiva\",\"url\":\"https:\/\/clm-inclusiva.org\/\",\"logo\":{\"@type\":\"ImageObject\",\"inLanguage\":\"es\",\"@id\":\"https:\/\/clm-inclusiva.org\/#\/schema\/logo\/image\/\",\"url\":\"http:\/\/clm-inclusiva.org\/wp-content\/uploads\/2019\/04\/banner-e1533720812836.jpg\",\"contentUrl\":\"http:\/\/clm-inclusiva.org\/wp-content\/uploads\/2019\/04\/banner-e1533720812836.jpg\",\"width\":600,\"height\":332,\"caption\":\"Clm-Inclusiva\"},\"image\":{\"@id\":\"https:\/\/clm-inclusiva.org\/#\/schema\/logo\/image\/\"},\"sameAs\":[\"https:\/\/www.facebook.com\/castillalamancha.inclusiva\/\",\"https:\/\/twitter.com\/ClmInclusiva\"]},{\"@type\":\"Person\",\"@id\":\"https:\/\/clm-inclusiva.org\/#\/schema\/person\/0cff84aaa5bb8fd3521c55d1578d902b\",\"name\":\"clm-inclusiva\",\"image\":{\"@type\":\"ImageObject\",\"inLanguage\":\"es\",\"@id\":\"https:\/\/clm-inclusiva.org\/#\/schema\/person\/image\/\",\"url\":\"https:\/\/secure.gravatar.com\/avatar\/88948567af770dc9cd5597b329011884?s=96&d=blank&r=g\",\"contentUrl\":\"https:\/\/secure.gravatar.com\/avatar\/88948567af770dc9cd5597b329011884?s=96&d=blank&r=g\",\"caption\":\"clm-inclusiva\"},\"sameAs\":[\"http:\/\/clm-inclusiva.org\"],\"url\":\"https:\/\/clm-inclusiva.org\/?author=1\"}]}<\/script>\n<!-- \/ Yoast SEO plugin. -->","yoast_head_json":{"title":"COCEMFE promovi\u00f3 el empleo de 524 mujeres con discapacidad en 2020 - Clm-Inclusiva","robots":{"index":"index","follow":"follow","max-snippet":"max-snippet:-1","max-image-preview":"max-image-preview:large","max-video-preview":"max-video-preview:-1"},"canonical":"https:\/\/clm-inclusiva.org\/?p=3969","og_locale":"es_ES","og_type":"article","og_title":"COCEMFE promovi\u00f3 el empleo de 524 mujeres con discapacidad en 2020 - Clm-Inclusiva","og_description":"[et_pb_section fb_built=&#8221;1&#8243; _builder_version=&#8221;4.0.4&#8243; custom_padding=&#8221;0px||2px|||&#8221;][et_pb_row _builder_version=&#8221;4.1&#8243; background_size=&#8221;initial&#8221; background_position=&#8221;top_left&#8221; background_repeat=&#8221;repeat&#8221; custom_margin=&#8221;|||||&#8221; custom_padding=&#8221;|||||&#8221;][et_pb_column type=&#8221;4_4&#8243; _builder_version=&#8221;3.25&#8243; custom_padding=&#8221;|||&#8221; custom_padding__hover=&#8221;|||&#8221;][et_pb_text admin_label=&#8221;Noticia&#8221; _builder_version=&#8221;4.1&#8243; text_font=&#8221;||||||||&#8221; background_size=&#8221;initial&#8221; background_position=&#8221;top_left&#8221; background_repeat=&#8221;repeat&#8221; text_orientation=&#8221;justified&#8221; min_height=&#8221;711px&#8221; custom_margin=&#8221;||||false|false&#8221; custom_padding=&#8221;|||||&#8221;] El Programa de \u2018Empoderamiento y Activaci\u00f3n para el Empleo\u2019 de COCEMFE redobl\u00f3 sus esfuerzos para proporcionar atenci\u00f3n telem\u00e1tica y presencial a mujeres con discapacidad\u00a0 Esta iniciativa se desarrolla en nueve provincias [&hellip;]","og_url":"https:\/\/clm-inclusiva.org\/?p=3969","og_site_name":"Clm-Inclusiva","article_publisher":"https:\/\/www.facebook.com\/castillalamancha.inclusiva\/","article_published_time":"2021-02-16T10:54:12+00:00","article_modified_time":"2021-02-16T10:56:50+00:00","og_image":[{"width":2560,"height":1440,"url":"https:\/\/clm-inclusiva.org\/wp-content\/uploads\/2021\/02\/COCEMFE_Empoderamiento_2-scaled.jpg","type":"image\/jpeg"}],"author":"clm-inclusiva","twitter_card":"summary_large_image","twitter_creator":"@ClmInclusiva","twitter_site":"@ClmInclusiva","twitter_misc":{"Escrito por":"clm-inclusiva","Tiempo de lectura":"4 minutos"},"schema":{"@context":"https:\/\/schema.org","@graph":[{"@type":"Article","@id":"https:\/\/clm-inclusiva.org\/?p=3969#article","isPartOf":{"@id":"https:\/\/clm-inclusiva.org\/?p=3969"},"author":{"name":"clm-inclusiva","@id":"https:\/\/clm-inclusiva.org\/#\/schema\/person\/0cff84aaa5bb8fd3521c55d1578d902b"},"headline":"COCEMFE promovi\u00f3 el empleo de 524 mujeres con discapacidad en 2020","datePublished":"2021-02-16T10:54:12+00:00","dateModified":"2021-02-16T10:56:50+00:00","mainEntityOfPage":{"@id":"https:\/\/clm-inclusiva.org\/?p=3969"},"wordCount":870,"publisher":{"@id":"https:\/\/clm-inclusiva.org\/#organization"},"articleSection":["Bienestar social","cocemfe","Discapacidad","Politica social","Tercer sector"],"inLanguage":"es"},{"@type":"WebPage","@id":"https:\/\/clm-inclusiva.org\/?p=3969","url":"https:\/\/clm-inclusiva.org\/?p=3969","name":"COCEMFE promovi\u00f3 el empleo de 524 mujeres con discapacidad en 2020 - Clm-Inclusiva","isPartOf":{"@id":"https:\/\/clm-inclusiva.org\/#website"},"datePublished":"2021-02-16T10:54:12+00:00","dateModified":"2021-02-16T10:56:50+00:00","breadcrumb":{"@id":"https:\/\/clm-inclusiva.org\/?p=3969#breadcrumb"},"inLanguage":"es","potentialAction":[{"@type":"ReadAction","target":["https:\/\/clm-inclusiva.org\/?p=3969"]}]},{"@type":"BreadcrumbList","@id":"https:\/\/clm-inclusiva.org\/?p=3969#breadcrumb","itemListElement":[{"@type":"ListItem","position":1,"name":"Portada","item":"https:\/\/clm-inclusiva.org\/"},{"@type":"ListItem","position":2,"name":"COCEMFE promovi\u00f3 el empleo de 524 mujeres con discapacidad en 2020"}]},{"@type":"WebSite","@id":"https:\/\/clm-inclusiva.org\/#website","url":"https:\/\/clm-inclusiva.org\/","name":"Clm-Inclusiva","description":"Confederaci\u00f3n de entidades de personas con discapacidad f\u00edsica y org\u00e1nica CLM","publisher":{"@id":"https:\/\/clm-inclusiva.org\/#organization"},"potentialAction":[{"@type":"SearchAction","target":{"@type":"EntryPoint","urlTemplate":"https:\/\/clm-inclusiva.org\/?s={search_term_string}"},"query-input":"required name=search_term_string"}],"inLanguage":"es"},{"@type":"Organization","@id":"https:\/\/clm-inclusiva.org\/#organization","name":"Clm-Inclusiva","url":"https:\/\/clm-inclusiva.org\/","logo":{"@type":"ImageObject","inLanguage":"es","@id":"https:\/\/clm-inclusiva.org\/#\/schema\/logo\/image\/","url":"http:\/\/clm-inclusiva.org\/wp-content\/uploads\/2019\/04\/banner-e1533720812836.jpg","contentUrl":"http:\/\/clm-inclusiva.org\/wp-content\/uploads\/2019\/04\/banner-e1533720812836.jpg","width":600,"height":332,"caption":"Clm-Inclusiva"},"image":{"@id":"https:\/\/clm-inclusiva.org\/#\/schema\/logo\/image\/"},"sameAs":["https:\/\/www.facebook.com\/castillalamancha.inclusiva\/","https:\/\/twitter.com\/ClmInclusiva"]},{"@type":"Person","@id":"https:\/\/clm-inclusiva.org\/#\/schema\/person\/0cff84aaa5bb8fd3521c55d1578d902b","name":"clm-inclusiva","image":{"@type":"ImageObject","inLanguage":"es","@id":"https:\/\/clm-inclusiva.org\/#\/schema\/person\/image\/","url":"https:\/\/secure.gravatar.com\/avatar\/88948567af770dc9cd5597b329011884?s=96&d=blank&r=g","contentUrl":"https:\/\/secure.gravatar.com\/avatar\/88948567af770dc9cd5597b329011884?s=96&d=blank&r=g","caption":"clm-inclusiva"},"sameAs":["http:\/\/clm-inclusiva.org"],"url":"https:\/\/clm-inclusiva.org\/?author=1"}]}},"_links":{"self":[{"href":"https:\/\/clm-inclusiva.org\/index.php?rest_route=\/wp\/v2\/posts\/3969"}],"collection":[{"href":"https:\/\/clm-inclusiva.org\/index.php?rest_route=\/wp\/v2\/posts"}],"about":[{"href":"https:\/\/clm-inclusiva.org\/index.php?rest_route=\/wp\/v2\/types\/post"}],"author":[{"embeddable":true,"href":"https:\/\/clm-inclusiva.org\/index.php?rest_route=\/wp\/v2\/users\/1"}],"replies":[{"embeddable":true,"href":"https:\/\/clm-inclusiva.org\/index.php?rest_route=%2Fwp%2Fv2%2Fcomments&post=3969"}],"version-history":[{"count":4,"href":"https:\/\/clm-inclusiva.org\/index.php?rest_route=\/wp\/v2\/posts\/3969\/revisions"}],"predecessor-version":[{"id":3976,"href":"https:\/\/clm-inclusiva.org\/index.php?rest_route=\/wp\/v2\/posts\/3969\/revisions\/3976"}],"wp:featuredmedia":[{"embeddable":true,"href":"https:\/\/clm-inclusiva.org\/index.php?rest_route=\/wp\/v2\/media\/3975"}],"wp:attachment":[{"href":"https:\/\/clm-inclusiva.org\/index.php?rest_route=%2Fwp%2Fv2%2Fmedia&parent=3969"}],"wp:term":[{"taxonomy":"category","embeddable":true,"href":"https:\/\/clm-inclusiva.org\/index.php?rest_route=%2Fwp%2Fv2%2Fcategories&post=3969"},{"taxonomy":"post_tag","embeddable":true,"href":"https:\/\/clm-inclusiva.org\/index.php?rest_route=%2Fwp%2Fv2%2Ftags&post=3969"}],"curies":[{"name":"wp","href":"https:\/\/api.w.org\/{rel}","templated":true}]}}