{"id":3962,"date":"2021-02-15T20:46:57","date_gmt":"2021-02-15T18:46:57","guid":{"rendered":"http:\/\/clm-inclusiva.org\/?p=3962"},"modified":"2021-02-15T20:47:03","modified_gmt":"2021-02-15T18:47:03","slug":"clm-inclusiva-cocemfe-reclama-que-las-personas-con-discapacidad-fisica-y-organica-sean-prioridad-en-la-estrategia-de-vacunacion-covid-19","status":"publish","type":"post","link":"https:\/\/clm-inclusiva.org\/?p=3962","title":{"rendered":"CLM INCLUSIVA COCEMFE reclama que las personas con discapacidad f\u00edsica y org\u00e1nica  sean prioridad en la estrategia de vacunaci\u00f3n COVID-19"},"content":{"rendered":"<p>[et_pb_section fb_built=&#8221;1&#8243; _builder_version=&#8221;4.0.4&#8243; custom_padding=&#8221;0px||2px|||&#8221;][et_pb_row _builder_version=&#8221;4.1&#8243; background_size=&#8221;initial&#8221; background_position=&#8221;top_left&#8221; background_repeat=&#8221;repeat&#8221; custom_margin=&#8221;|||||&#8221; custom_padding=&#8221;|||||&#8221;][et_pb_column type=&#8221;4_4&#8243; _builder_version=&#8221;3.25&#8243; custom_padding=&#8221;|||&#8221; custom_padding__hover=&#8221;|||&#8221;][et_pb_text admin_label=&#8221;Noticia&#8221; _builder_version=&#8221;4.1&#8243; text_font=&#8221;||||||||&#8221; background_size=&#8221;initial&#8221; background_position=&#8221;top_left&#8221; background_repeat=&#8221;repeat&#8221; text_orientation=&#8221;justified&#8221; min_height=&#8221;711px&#8221; custom_margin=&#8221;||||false|false&#8221; custom_padding=&#8221;|||||&#8221; hover_enabled=&#8221;0&#8243;]<\/p>\n<ul>\n<li><strong>CLM INCLUSIVA COCEMFE <\/strong><strong>y COCEMFE Espa\u00f1a instan al Ministerio de Sanidad a priorizar en el siguiente grupo de vacunaci\u00f3n a las personas con discapacidad f\u00edsica y org\u00e1nica, as\u00ed como a las personas de su entorno familiar, asistencial y sociosanitario<\/strong><\/li>\n<li><strong>\u00a0<\/strong><strong>La existencia de una alta situaci\u00f3n de vulnerabilidad de las personas con discapacidad por diferentes circunstancias de riesgo espec\u00edfico y otros factores de comorbilidad demuestran la necesidad de ser priorizadas<\/strong><\/li>\n<li><strong>\u00a0<\/strong><strong>Las personas que proporcionan cuidados no profesionales a personas con discapacidad y los progenitores de menores con discapacidad, no se encuentran entre los grupos priorizados en la estrategia de vacunaci\u00f3n y CLM INCLUSIVA COCEMFE considera imprescindible su incorporaci\u00f3n<\/strong><\/li>\n<\/ul>\n<p>(Toledo, 15 de febrero de 2020) .-\u00a0 CLM INCLUSIVA COCEMFE, junto a todo el Movimiento Asociativo de las personas con discapacidad f\u00edsica y org\u00e1nica del pa\u00eds, representado por la Confederaci\u00f3n Espa\u00f1ola de Personas con Discapacidad F\u00edsica y Org\u00e1nica (COCEMFE), reclama al Ministerio de Sanidad y a las comunidades aut\u00f3nomas que este grupo social y las personas vinculadas al mismo sean priorizadas en la Estrategia de Vacunaci\u00f3n frente a la COVID-19 de Espa\u00f1a e incluidas en el siguiente grupo de vacunaci\u00f3n.<\/p>\n<p>En palabras de Enrique Alarc\u00f3n, presidente de CLM INCLUSIVA COCEMFE, \u201chay una gran preocupaci\u00f3n por parte de las personas con discapacidad que no est\u00e1n contempladas en este calendario. Ante todo las personas no institucionalizadas que no est\u00e1n en el sistema de la dependencia, los enfermos cr\u00f3nicos y cuidadores, con lo cual hay que hacer un calendario para ellas\u201d<\/p>\n<p>\u201cEs urgente proteger a las personas con discapacidad f\u00edsica y org\u00e1nica y su entorno familiar, asistencial y sociosanitario frente a los efectos claramente adversos y potencialmente peligrosos que supone una infecci\u00f3n por SARS-CoV-2\u201d, explica el presidente de COCEMFE, Anxo Queiruga, argumentando que \u201cla existencia de una alta situaci\u00f3n de vulnerabilidad de las personas con discapacidad por diferentes circunstancias de riesgo espec\u00edfico y otros factores co-ocurrentes de comorbilidad demuestra la necesidad de ser priorizadas y recogidas en la Estrategia de Vacunaci\u00f3n actual como siguiente grupo a inmunizar\u201d.<\/p>\n<p>Algunos de los colectivos que pueden presentar un mayor riesgo de contagio, desarrollar una COVID-19 grave, ver agravada su condici\u00f3n o elevar su riesgo de mortalidad son personas con inmunosupresi\u00f3n, enfermedades neurol\u00f3gicas, ELA, enfermedad renal, enfermedades metab\u00f3licas, fibrosis qu\u00edstica, enfermedades respiratorias, cardiopat\u00edas, personas con esclerosis m\u00faltiple, con enfermedades reumatol\u00f3gicas, artritis, enfermedad de Crohn, colitis ulcerosa y coagulopat\u00edas.<\/p>\n<p>CLM INCLUSIVA COCEMFE y COCEMFE Espa\u00f1a consideran que se deber\u00eda incluir en el siguiente grupo prioritario de vacunaci\u00f3n a las <strong>personas con discapacidad f\u00edsica y org\u00e1nica que la propia estrategia de vacunaci\u00f3n reconoce su especial riesgo<\/strong>, como es el caso de aquellas con patolog\u00edas o condiciones que afectan particularmente a su sistema inmunitario y presentan un riesgo de enfermedad grave, as\u00ed como las <strong>personas con mayor grado de dependencia reconocido, y profesionales que les atienden<\/strong>. De igual modo, se deber\u00eda incluir a otras personas no priorizadas como son las <strong>personas con gran dependencia o con incapacidades absolutas<\/strong>, que necesiten ayuda de tercera persona y no tienen valorado o reconocido el grado de dependencia III.<\/p>\n<p>En este sentido, ambas organizaciones consideran necesario contemplar situaciones particulares que puedan representar un alto riesgo, siendo de importancia el papel de los centros de salud para la gesti\u00f3n de estos casos.<\/p>\n<p>De igual modo, se deber\u00edan tener en cuenta los <strong>factores co-ocurrentes que impactan directamente en la calidad de vida y la salud<\/strong> de las personas con discapacidad f\u00edsica y org\u00e1nica en general y aumentan el riesgo de contagio y de enfermedad. Estos factores son tener el sistema inmunol\u00f3gico debilitado; una mayor exposici\u00f3n al contagio debido a frecuencia de visita a hospitales y centros sociosanitarios o necesidad de apoyo de terceras personas; el agravamiento del estado de salud general durante la pandemia debido al aplazamiento y retraso en citas, pruebas m\u00e9dicas y diagn\u00f3sticos y a la falta de tratamientos rehabilitadores necesarios; el empeoramiento de la salud mental y psicoemocional a raz\u00f3n del aislamiento social y la imposibilidad de mantener actividades terap\u00e9uticas, de ocio, as\u00ed como la disrupci\u00f3n de su vida cotidiana y la socializaci\u00f3n; mayores dificultades para cumplir las medidas preventivas y un mayor riesgo para los profesionales y cuidadores\/as; y la situaci\u00f3n de vulnerabilidad asociada a riesgo de pobreza y exclusi\u00f3n, agravada por el impacto de la pandemia, que genera dificultades para adquirir medios de protecci\u00f3n adecuados y es uno de los principales determinantes sociales de la salud.<\/p>\n<p>Para ambas entidades es fundamental que la estrategia haya prestado especial atenci\u00f3n al caso de las personas cuidadoras profesionales y asistentes personales, dado que su posible contagio y las medidas preventivas de aislamiento impactan directamente en el cuidado de las personas que requieren este servicio, existiendo dificultad de cubrir esas bajas. Por tanto, la <strong>vacunaci\u00f3n conjunta de personas usuarias y el personal cuidador<\/strong> ser\u00eda una opci\u00f3n necesaria frente a dicha situaci\u00f3n y realizarse en el siguiente grupo de inmunizaci\u00f3n.<\/p>\n<p>Por otro lado, las <strong>personas que proporcionan cuidados no profesionales a personas con discapacidad<\/strong> no se encuentran entre los grupos priorizados en la estrategia de vacunaci\u00f3n y <strong>CLM INCLUSIVA COCEMFE<\/strong> considera imprescindible su incorporaci\u00f3n. Tambi\u00e9n deber\u00eda priorizarse a <strong>progenitores o responsables cuidadores\/as y convivientes de ni\u00f1as y ni\u00f1os con discapacidad<\/strong>, quienes no pueden vacunarse por su edad y dependen de su cuidado y bienestar. En ambos casos, la entidad estima que deber\u00edan vacunarse al mismo tiempo que las personas con discapacidad a las que atienden, dada la labor que realizan y porque su contagio supondr\u00eda un grave riesgo para las personas que requiere su apoyo.<\/p>\n<p>Por \u00faltimo, CLM INCLUSIVA COCEMFE y COCEMFE Espa\u00f1a consideran que, para evitar infecciones cruzadas en el caso de enfermedades cr\u00f3nicas graves, se debe considerar la opci\u00f3n de <strong>vacunar en las Unidades de Referencia de Patolog\u00eda<\/strong> si las hubiera, o en los servicios de referencia, en su ausencia en Medicina Preventiva. De igual modo, en el caso de personas que reciben tratamiento en hospitales de forma continua y permanente, la vacunaci\u00f3n podr\u00eda realizarse en estas unidades, por ejemplo, en hospitales de d\u00eda (hemo-oncolog\u00eda), centros de di\u00e1lisis, etc.<\/p>\n<p>[\/et_pb_text][et_pb_post_nav prev_text=&#8221;Anterior&#8221; next_text=&#8221;Siguiente&#8221; _builder_version=&#8221;3.22.4&#8243;][\/et_pb_post_nav][\/et_pb_column][\/et_pb_row][\/et_pb_section]<\/p>\n","protected":false},"excerpt":{"rendered":"<p>[et_pb_section fb_built=&#8221;1&#8243; _builder_version=&#8221;4.0.4&#8243; custom_padding=&#8221;0px||2px|||&#8221;][et_pb_row _builder_version=&#8221;4.1&#8243; background_size=&#8221;initial&#8221; background_position=&#8221;top_left&#8221; background_repeat=&#8221;repeat&#8221; custom_margin=&#8221;|||||&#8221; custom_padding=&#8221;|||||&#8221;][et_pb_column type=&#8221;4_4&#8243; _builder_version=&#8221;3.25&#8243; custom_padding=&#8221;|||&#8221; custom_padding__hover=&#8221;|||&#8221;][et_pb_text admin_label=&#8221;Noticia&#8221; _builder_version=&#8221;4.1&#8243; text_font=&#8221;||||||||&#8221; background_size=&#8221;initial&#8221; background_position=&#8221;top_left&#8221; background_repeat=&#8221;repeat&#8221; text_orientation=&#8221;justified&#8221; min_height=&#8221;711px&#8221; custom_margin=&#8221;||||false|false&#8221; custom_padding=&#8221;|||||&#8221; hover_enabled=&#8221;0&#8243;] CLM INCLUSIVA COCEMFE y COCEMFE Espa\u00f1a instan al Ministerio de Sanidad a priorizar en el siguiente grupo de vacunaci\u00f3n a las personas con discapacidad f\u00edsica y org\u00e1nica, as\u00ed como a [&hellip;]<\/p>\n","protected":false},"author":1,"featured_media":3950,"comment_status":"closed","ping_status":"closed","sticky":false,"template":"","format":"standard","meta":{"_et_pb_use_builder":"on","_et_pb_old_content":"<h5 style=\"text-align: justify;\">La Confederaci\u00f3n CLM Inclusiva y la asociaci\u00f3n empresarial de Centros Especiales de Empleo de COCEMFE en Castilla-La Mancha, AECEMCO CLM, han firmado un acuerdo para promover las oportunidades de formaci\u00f3n y empleo de las personas del colectivo.<\/h5>\r\n<p style=\"text-align: justify;\"><img class=\"alignnone size-full wp-image-471\" src=\"http:\/\/clm-inclusiva.org\/wp-content\/uploads\/2019\/04\/3500_fotonoticia_20190402151941_1920.jpg\" alt=\"\" width=\"670\" height=\"300\"><\/p>\r\n<p style=\"text-align: justify;\">El presidente de la confederaci\u00f3n CLM Inclusiva, Enrique Alarc\u00f3n Garc\u00eda, y el presidente de AECEMCO CLM, \u00d3scar Sillas, han rubricado este acuerdo de colaboraci\u00f3n para coordinar su labor y actuaciones de apoyo a la promoci\u00f3n de los derechos de las personas con discapacidad f\u00edsica y org\u00e1nica en Castilla-La Mancha, ha informado esta confederaci\u00f3n en nota de prensa.<\/p>\r\nEl sector empresarial promovido por las organizaciones de COCEMFE sin \u00e1nimo de lucro, integrado en AECEMCO, da empleo actualmente a m\u00e1s de 800 personas con discapacidad de todo tipo, con actividades productivas y de prestaci\u00f3n de servicios muy variados como obras, lavander\u00eda, limpieza, medioambiente, manipulados, formaci\u00f3n, etc.\r\n\r\nAmbas organizaciones que comparten valores sociales y visi\u00f3n sobre los derechos de las personas con discapacidad coordinar\u00e1n todas sus actividades para incrementar las oportunidades de formaci\u00f3n, aprendizaje en el puesto de trabajo y calidad de los mismos, tanto en empleo protegido como ordinario.\r\n\r\nDentro de las actuaciones objeto del acuerdo se pondr\u00e1 especial atenci\u00f3n a dar a conocer la normativa de reserva de empleo para personas con discapacidad, as\u00ed como el adecuado cumplimiento de las medidas alternativas, para lo que se informar\u00e1 conjuntamente a administraciones, federaciones empresariales y grandes empresas sobre las oportunidades de empleabilidad de las personas con discapacidad f\u00edsica y org\u00e1nica.\r\n\r\nCLM Inclusiva dispone actualmente de Servicio de Empleo en todas las provincias de Castilla-La Mancha, gracias al apoyo de Fundaci\u00f3n ONCE y la financiaci\u00f3n de proyectos con cargo al IRPF, que realiza labor de intermediaci\u00f3n entre personas con discapacidad demandantes de empleo y empresas, asegurando la adecuaci\u00f3n de trabajadores al puesto de trabajo e informando sobre incentivos a la contrataci\u00f3n y ajustes t\u00e9cnicos necesarios en el puesto.\r\n\r\nLa Confederaci\u00f3n regional de entidades de personas con discapacidad f\u00edsica y org\u00e1nica, Castilla-La Mancha Inclusiva, agrupa al movimiento asociativo de COCEMFE en la Regi\u00f3n, con casi un centenar de entidades que representan en torno a 10.000 personas con discapacidad.\r\n\r\nActualmente se encuentra compuesta por cinco federaciones provinciales, COCEMFE Albacete, COCEMFE Cuenca, COCEMFE Guadalajara, COCEMFE Toledo y Ciudad Real Inclusiva, las entidades regionales AFANION, Federaci\u00f3n LUNA CLM de mujeres con discapacidad, AIDISCAM, y la asociaci\u00f3n nacional AMIAB.","_et_gb_content_width":"","footnotes":""},"categories":[39,4,47,5,44,41],"tags":[],"yoast_head":"<!-- This site is optimized with the Yoast SEO plugin v21.3 - https:\/\/yoast.com\/wordpress\/plugins\/seo\/ -->\n<title>CLM INCLUSIVA COCEMFE reclama que las personas con discapacidad f\u00edsica y org\u00e1nica sean prioridad en la estrategia de vacunaci\u00f3n COVID-19 - Clm-Inclusiva<\/title>\n<meta name=\"robots\" content=\"index, follow, max-snippet:-1, max-image-preview:large, max-video-preview:-1\" \/>\n<link rel=\"canonical\" href=\"https:\/\/clm-inclusiva.org\/?p=3962\" \/>\n<meta property=\"og:locale\" content=\"es_ES\" \/>\n<meta property=\"og:type\" content=\"article\" \/>\n<meta property=\"og:title\" content=\"CLM INCLUSIVA COCEMFE reclama que las personas con discapacidad f\u00edsica y org\u00e1nica sean prioridad en la estrategia de vacunaci\u00f3n COVID-19 - Clm-Inclusiva\" \/>\n<meta property=\"og:description\" content=\"[et_pb_section fb_built=&#8221;1&#8243; _builder_version=&#8221;4.0.4&#8243; custom_padding=&#8221;0px||2px|||&#8221;][et_pb_row _builder_version=&#8221;4.1&#8243; background_size=&#8221;initial&#8221; background_position=&#8221;top_left&#8221; background_repeat=&#8221;repeat&#8221; custom_margin=&#8221;|||||&#8221; custom_padding=&#8221;|||||&#8221;][et_pb_column type=&#8221;4_4&#8243; _builder_version=&#8221;3.25&#8243; custom_padding=&#8221;|||&#8221; custom_padding__hover=&#8221;|||&#8221;][et_pb_text admin_label=&#8221;Noticia&#8221; _builder_version=&#8221;4.1&#8243; text_font=&#8221;||||||||&#8221; background_size=&#8221;initial&#8221; background_position=&#8221;top_left&#8221; background_repeat=&#8221;repeat&#8221; text_orientation=&#8221;justified&#8221; min_height=&#8221;711px&#8221; custom_margin=&#8221;||||false|false&#8221; custom_padding=&#8221;|||||&#8221; hover_enabled=&#8221;0&#8243;] CLM INCLUSIVA COCEMFE y COCEMFE Espa\u00f1a instan al Ministerio de Sanidad a priorizar en el siguiente grupo de vacunaci\u00f3n a las personas con discapacidad f\u00edsica y org\u00e1nica, as\u00ed como a [&hellip;]\" \/>\n<meta property=\"og:url\" content=\"https:\/\/clm-inclusiva.org\/?p=3962\" \/>\n<meta property=\"og:site_name\" content=\"Clm-Inclusiva\" \/>\n<meta property=\"article:publisher\" content=\"https:\/\/www.facebook.com\/castillalamancha.inclusiva\/\" \/>\n<meta property=\"article:published_time\" content=\"2021-02-15T18:46:57+00:00\" \/>\n<meta property=\"article:modified_time\" content=\"2021-02-15T18:47:03+00:00\" \/>\n<meta property=\"og:image\" content=\"https:\/\/clm-inclusiva.org\/wp-content\/uploads\/2021\/02\/Persona-con-discapacidad-vacunandose-contra-la-COVID-19.jpg\" \/>\n\t<meta property=\"og:image:width\" content=\"866\" \/>\n\t<meta property=\"og:image:height\" content=\"457\" \/>\n\t<meta property=\"og:image:type\" content=\"image\/jpeg\" \/>\n<meta name=\"author\" content=\"clm-inclusiva\" \/>\n<meta name=\"twitter:card\" content=\"summary_large_image\" \/>\n<meta name=\"twitter:creator\" content=\"@ClmInclusiva\" \/>\n<meta name=\"twitter:site\" content=\"@ClmInclusiva\" \/>\n<meta name=\"twitter:label1\" content=\"Escrito por\" \/>\n\t<meta name=\"twitter:data1\" content=\"clm-inclusiva\" \/>\n\t<meta name=\"twitter:label2\" content=\"Tiempo de lectura\" \/>\n\t<meta name=\"twitter:data2\" content=\"6 minutos\" \/>\n<script type=\"application\/ld+json\" class=\"yoast-schema-graph\">{\"@context\":\"https:\/\/schema.org\",\"@graph\":[{\"@type\":\"Article\",\"@id\":\"https:\/\/clm-inclusiva.org\/?p=3962#article\",\"isPartOf\":{\"@id\":\"https:\/\/clm-inclusiva.org\/?p=3962\"},\"author\":{\"name\":\"clm-inclusiva\",\"@id\":\"https:\/\/clm-inclusiva.org\/#\/schema\/person\/0cff84aaa5bb8fd3521c55d1578d902b\"},\"headline\":\"CLM INCLUSIVA COCEMFE reclama que las personas con discapacidad f\u00edsica y org\u00e1nica sean prioridad en la estrategia de vacunaci\u00f3n COVID-19\",\"datePublished\":\"2021-02-15T18:46:57+00:00\",\"dateModified\":\"2021-02-15T18:47:03+00:00\",\"mainEntityOfPage\":{\"@id\":\"https:\/\/clm-inclusiva.org\/?p=3962\"},\"wordCount\":1203,\"publisher\":{\"@id\":\"https:\/\/clm-inclusiva.org\/#organization\"},\"articleSection\":[\"Bienestar social\",\"Clm inclusiva\",\"cocemfe\",\"Discapacidad\",\"Politica social\",\"Tercer sector\"],\"inLanguage\":\"es\"},{\"@type\":\"WebPage\",\"@id\":\"https:\/\/clm-inclusiva.org\/?p=3962\",\"url\":\"https:\/\/clm-inclusiva.org\/?p=3962\",\"name\":\"CLM INCLUSIVA COCEMFE reclama que las personas con discapacidad f\u00edsica y org\u00e1nica sean prioridad en la estrategia de vacunaci\u00f3n COVID-19 - Clm-Inclusiva\",\"isPartOf\":{\"@id\":\"https:\/\/clm-inclusiva.org\/#website\"},\"datePublished\":\"2021-02-15T18:46:57+00:00\",\"dateModified\":\"2021-02-15T18:47:03+00:00\",\"breadcrumb\":{\"@id\":\"https:\/\/clm-inclusiva.org\/?p=3962#breadcrumb\"},\"inLanguage\":\"es\",\"potentialAction\":[{\"@type\":\"ReadAction\",\"target\":[\"https:\/\/clm-inclusiva.org\/?p=3962\"]}]},{\"@type\":\"BreadcrumbList\",\"@id\":\"https:\/\/clm-inclusiva.org\/?p=3962#breadcrumb\",\"itemListElement\":[{\"@type\":\"ListItem\",\"position\":1,\"name\":\"Portada\",\"item\":\"https:\/\/clm-inclusiva.org\/\"},{\"@type\":\"ListItem\",\"position\":2,\"name\":\"CLM INCLUSIVA COCEMFE reclama que las personas con discapacidad f\u00edsica y org\u00e1nica sean prioridad en la estrategia de vacunaci\u00f3n COVID-19\"}]},{\"@type\":\"WebSite\",\"@id\":\"https:\/\/clm-inclusiva.org\/#website\",\"url\":\"https:\/\/clm-inclusiva.org\/\",\"name\":\"Clm-Inclusiva\",\"description\":\"Confederaci\u00f3n de entidades de personas con discapacidad f\u00edsica y org\u00e1nica CLM\",\"publisher\":{\"@id\":\"https:\/\/clm-inclusiva.org\/#organization\"},\"potentialAction\":[{\"@type\":\"SearchAction\",\"target\":{\"@type\":\"EntryPoint\",\"urlTemplate\":\"https:\/\/clm-inclusiva.org\/?s={search_term_string}\"},\"query-input\":\"required name=search_term_string\"}],\"inLanguage\":\"es\"},{\"@type\":\"Organization\",\"@id\":\"https:\/\/clm-inclusiva.org\/#organization\",\"name\":\"Clm-Inclusiva\",\"url\":\"https:\/\/clm-inclusiva.org\/\",\"logo\":{\"@type\":\"ImageObject\",\"inLanguage\":\"es\",\"@id\":\"https:\/\/clm-inclusiva.org\/#\/schema\/logo\/image\/\",\"url\":\"http:\/\/clm-inclusiva.org\/wp-content\/uploads\/2019\/04\/banner-e1533720812836.jpg\",\"contentUrl\":\"http:\/\/clm-inclusiva.org\/wp-content\/uploads\/2019\/04\/banner-e1533720812836.jpg\",\"width\":600,\"height\":332,\"caption\":\"Clm-Inclusiva\"},\"image\":{\"@id\":\"https:\/\/clm-inclusiva.org\/#\/schema\/logo\/image\/\"},\"sameAs\":[\"https:\/\/www.facebook.com\/castillalamancha.inclusiva\/\",\"https:\/\/twitter.com\/ClmInclusiva\"]},{\"@type\":\"Person\",\"@id\":\"https:\/\/clm-inclusiva.org\/#\/schema\/person\/0cff84aaa5bb8fd3521c55d1578d902b\",\"name\":\"clm-inclusiva\",\"image\":{\"@type\":\"ImageObject\",\"inLanguage\":\"es\",\"@id\":\"https:\/\/clm-inclusiva.org\/#\/schema\/person\/image\/\",\"url\":\"https:\/\/secure.gravatar.com\/avatar\/88948567af770dc9cd5597b329011884?s=96&d=blank&r=g\",\"contentUrl\":\"https:\/\/secure.gravatar.com\/avatar\/88948567af770dc9cd5597b329011884?s=96&d=blank&r=g\",\"caption\":\"clm-inclusiva\"},\"sameAs\":[\"http:\/\/clm-inclusiva.org\"],\"url\":\"https:\/\/clm-inclusiva.org\/?author=1\"}]}<\/script>\n<!-- \/ Yoast SEO plugin. -->","yoast_head_json":{"title":"CLM INCLUSIVA COCEMFE reclama que las personas con discapacidad f\u00edsica y org\u00e1nica sean prioridad en la estrategia de vacunaci\u00f3n COVID-19 - Clm-Inclusiva","robots":{"index":"index","follow":"follow","max-snippet":"max-snippet:-1","max-image-preview":"max-image-preview:large","max-video-preview":"max-video-preview:-1"},"canonical":"https:\/\/clm-inclusiva.org\/?p=3962","og_locale":"es_ES","og_type":"article","og_title":"CLM INCLUSIVA COCEMFE reclama que las personas con discapacidad f\u00edsica y org\u00e1nica sean prioridad en la estrategia de vacunaci\u00f3n COVID-19 - Clm-Inclusiva","og_description":"[et_pb_section fb_built=&#8221;1&#8243; _builder_version=&#8221;4.0.4&#8243; custom_padding=&#8221;0px||2px|||&#8221;][et_pb_row _builder_version=&#8221;4.1&#8243; background_size=&#8221;initial&#8221; background_position=&#8221;top_left&#8221; background_repeat=&#8221;repeat&#8221; custom_margin=&#8221;|||||&#8221; custom_padding=&#8221;|||||&#8221;][et_pb_column type=&#8221;4_4&#8243; _builder_version=&#8221;3.25&#8243; custom_padding=&#8221;|||&#8221; custom_padding__hover=&#8221;|||&#8221;][et_pb_text admin_label=&#8221;Noticia&#8221; _builder_version=&#8221;4.1&#8243; text_font=&#8221;||||||||&#8221; background_size=&#8221;initial&#8221; background_position=&#8221;top_left&#8221; background_repeat=&#8221;repeat&#8221; text_orientation=&#8221;justified&#8221; min_height=&#8221;711px&#8221; custom_margin=&#8221;||||false|false&#8221; custom_padding=&#8221;|||||&#8221; hover_enabled=&#8221;0&#8243;] CLM INCLUSIVA COCEMFE y COCEMFE Espa\u00f1a instan al Ministerio de Sanidad a priorizar en el siguiente grupo de vacunaci\u00f3n a las personas con discapacidad f\u00edsica y org\u00e1nica, as\u00ed como a [&hellip;]","og_url":"https:\/\/clm-inclusiva.org\/?p=3962","og_site_name":"Clm-Inclusiva","article_publisher":"https:\/\/www.facebook.com\/castillalamancha.inclusiva\/","article_published_time":"2021-02-15T18:46:57+00:00","article_modified_time":"2021-02-15T18:47:03+00:00","og_image":[{"width":866,"height":457,"url":"https:\/\/clm-inclusiva.org\/wp-content\/uploads\/2021\/02\/Persona-con-discapacidad-vacunandose-contra-la-COVID-19.jpg","type":"image\/jpeg"}],"author":"clm-inclusiva","twitter_card":"summary_large_image","twitter_creator":"@ClmInclusiva","twitter_site":"@ClmInclusiva","twitter_misc":{"Escrito por":"clm-inclusiva","Tiempo de lectura":"6 minutos"},"schema":{"@context":"https:\/\/schema.org","@graph":[{"@type":"Article","@id":"https:\/\/clm-inclusiva.org\/?p=3962#article","isPartOf":{"@id":"https:\/\/clm-inclusiva.org\/?p=3962"},"author":{"name":"clm-inclusiva","@id":"https:\/\/clm-inclusiva.org\/#\/schema\/person\/0cff84aaa5bb8fd3521c55d1578d902b"},"headline":"CLM INCLUSIVA COCEMFE reclama que las personas con discapacidad f\u00edsica y org\u00e1nica sean prioridad en la estrategia de vacunaci\u00f3n COVID-19","datePublished":"2021-02-15T18:46:57+00:00","dateModified":"2021-02-15T18:47:03+00:00","mainEntityOfPage":{"@id":"https:\/\/clm-inclusiva.org\/?p=3962"},"wordCount":1203,"publisher":{"@id":"https:\/\/clm-inclusiva.org\/#organization"},"articleSection":["Bienestar social","Clm inclusiva","cocemfe","Discapacidad","Politica social","Tercer sector"],"inLanguage":"es"},{"@type":"WebPage","@id":"https:\/\/clm-inclusiva.org\/?p=3962","url":"https:\/\/clm-inclusiva.org\/?p=3962","name":"CLM INCLUSIVA COCEMFE reclama que las personas con discapacidad f\u00edsica y org\u00e1nica sean prioridad en la estrategia de vacunaci\u00f3n COVID-19 - Clm-Inclusiva","isPartOf":{"@id":"https:\/\/clm-inclusiva.org\/#website"},"datePublished":"2021-02-15T18:46:57+00:00","dateModified":"2021-02-15T18:47:03+00:00","breadcrumb":{"@id":"https:\/\/clm-inclusiva.org\/?p=3962#breadcrumb"},"inLanguage":"es","potentialAction":[{"@type":"ReadAction","target":["https:\/\/clm-inclusiva.org\/?p=3962"]}]},{"@type":"BreadcrumbList","@id":"https:\/\/clm-inclusiva.org\/?p=3962#breadcrumb","itemListElement":[{"@type":"ListItem","position":1,"name":"Portada","item":"https:\/\/clm-inclusiva.org\/"},{"@type":"ListItem","position":2,"name":"CLM INCLUSIVA COCEMFE reclama que las personas con discapacidad f\u00edsica y org\u00e1nica sean prioridad en la estrategia de vacunaci\u00f3n COVID-19"}]},{"@type":"WebSite","@id":"https:\/\/clm-inclusiva.org\/#website","url":"https:\/\/clm-inclusiva.org\/","name":"Clm-Inclusiva","description":"Confederaci\u00f3n de entidades de personas con discapacidad f\u00edsica y org\u00e1nica CLM","publisher":{"@id":"https:\/\/clm-inclusiva.org\/#organization"},"potentialAction":[{"@type":"SearchAction","target":{"@type":"EntryPoint","urlTemplate":"https:\/\/clm-inclusiva.org\/?s={search_term_string}"},"query-input":"required name=search_term_string"}],"inLanguage":"es"},{"@type":"Organization","@id":"https:\/\/clm-inclusiva.org\/#organization","name":"Clm-Inclusiva","url":"https:\/\/clm-inclusiva.org\/","logo":{"@type":"ImageObject","inLanguage":"es","@id":"https:\/\/clm-inclusiva.org\/#\/schema\/logo\/image\/","url":"http:\/\/clm-inclusiva.org\/wp-content\/uploads\/2019\/04\/banner-e1533720812836.jpg","contentUrl":"http:\/\/clm-inclusiva.org\/wp-content\/uploads\/2019\/04\/banner-e1533720812836.jpg","width":600,"height":332,"caption":"Clm-Inclusiva"},"image":{"@id":"https:\/\/clm-inclusiva.org\/#\/schema\/logo\/image\/"},"sameAs":["https:\/\/www.facebook.com\/castillalamancha.inclusiva\/","https:\/\/twitter.com\/ClmInclusiva"]},{"@type":"Person","@id":"https:\/\/clm-inclusiva.org\/#\/schema\/person\/0cff84aaa5bb8fd3521c55d1578d902b","name":"clm-inclusiva","image":{"@type":"ImageObject","inLanguage":"es","@id":"https:\/\/clm-inclusiva.org\/#\/schema\/person\/image\/","url":"https:\/\/secure.gravatar.com\/avatar\/88948567af770dc9cd5597b329011884?s=96&d=blank&r=g","contentUrl":"https:\/\/secure.gravatar.com\/avatar\/88948567af770dc9cd5597b329011884?s=96&d=blank&r=g","caption":"clm-inclusiva"},"sameAs":["http:\/\/clm-inclusiva.org"],"url":"https:\/\/clm-inclusiva.org\/?author=1"}]}},"_links":{"self":[{"href":"https:\/\/clm-inclusiva.org\/index.php?rest_route=\/wp\/v2\/posts\/3962"}],"collection":[{"href":"https:\/\/clm-inclusiva.org\/index.php?rest_route=\/wp\/v2\/posts"}],"about":[{"href":"https:\/\/clm-inclusiva.org\/index.php?rest_route=\/wp\/v2\/types\/post"}],"author":[{"embeddable":true,"href":"https:\/\/clm-inclusiva.org\/index.php?rest_route=\/wp\/v2\/users\/1"}],"replies":[{"embeddable":true,"href":"https:\/\/clm-inclusiva.org\/index.php?rest_route=%2Fwp%2Fv2%2Fcomments&post=3962"}],"version-history":[{"count":3,"href":"https:\/\/clm-inclusiva.org\/index.php?rest_route=\/wp\/v2\/posts\/3962\/revisions"}],"predecessor-version":[{"id":3967,"href":"https:\/\/clm-inclusiva.org\/index.php?rest_route=\/wp\/v2\/posts\/3962\/revisions\/3967"}],"wp:featuredmedia":[{"embeddable":true,"href":"https:\/\/clm-inclusiva.org\/index.php?rest_route=\/wp\/v2\/media\/3950"}],"wp:attachment":[{"href":"https:\/\/clm-inclusiva.org\/index.php?rest_route=%2Fwp%2Fv2%2Fmedia&parent=3962"}],"wp:term":[{"taxonomy":"category","embeddable":true,"href":"https:\/\/clm-inclusiva.org\/index.php?rest_route=%2Fwp%2Fv2%2Fcategories&post=3962"},{"taxonomy":"post_tag","embeddable":true,"href":"https:\/\/clm-inclusiva.org\/index.php?rest_route=%2Fwp%2Fv2%2Ftags&post=3962"}],"curies":[{"name":"wp","href":"https:\/\/api.w.org\/{rel}","templated":true}]}}