{"id":3955,"date":"2021-02-12T14:41:08","date_gmt":"2021-02-12T12:41:08","guid":{"rendered":"http:\/\/clm-inclusiva.org\/?p=3955"},"modified":"2021-02-12T14:41:13","modified_gmt":"2021-02-12T12:41:13","slug":"la-fundacion-cermi-mujeres-ofrecera-en-su-proximo-aula-de-derechos-humanos-formacion-sobre-como-fortalecer-los-derechos-de-las-mujeres-y-ninas-con-discapacidad","status":"publish","type":"post","link":"https:\/\/clm-inclusiva.org\/?p=3955","title":{"rendered":"La Fundaci\u00f3n Cermi Mujeres ofrecer\u00e1 en su pr\u00f3ximo \u2018Aula de Derechos Humanos\u2019 formaci\u00f3n sobre c\u00f3mo fortalecer los derechos de las mujeres y ni\u00f1as con discapacidad"},"content":{"rendered":"<p>[et_pb_section fb_built=&#8221;1&#8243; _builder_version=&#8221;4.0.4&#8243; custom_padding=&#8221;0px||2px|||&#8221;][et_pb_row _builder_version=&#8221;4.1&#8243; background_size=&#8221;initial&#8221; background_position=&#8221;top_left&#8221; background_repeat=&#8221;repeat&#8221; custom_margin=&#8221;|||||&#8221; custom_padding=&#8221;|||||&#8221;][et_pb_column type=&#8221;4_4&#8243; _builder_version=&#8221;3.25&#8243; custom_padding=&#8221;|||&#8221; custom_padding__hover=&#8221;|||&#8221;][et_pb_text admin_label=&#8221;Noticia&#8221; _builder_version=&#8221;4.1&#8243; text_font=&#8221;||||||||&#8221; background_size=&#8221;initial&#8221; background_position=&#8221;top_left&#8221; background_repeat=&#8221;repeat&#8221; text_orientation=&#8221;justified&#8221; min_height=&#8221;711px&#8221; custom_margin=&#8221;||||false|false&#8221; custom_padding=&#8221;|||||&#8221; hover_enabled=&#8221;0&#8243;]<\/p>\n<ul>\n<li><strong>Durante la octava sesi\u00f3n del Aula de Derechos Humanos de la Fundaci\u00f3n CERMI Mujeres, que tendr\u00e1 lugar el mi\u00e9rcoles 17 de febrero, a las 15.00 horas. <\/strong><\/li>\n<li><strong>Enlace de inscripci\u00f3n: <\/strong><a href=\"https:\/\/zoom.us\/webinar\/register\/WN_0UFXkhNfTfqagTrdW0T-eg\">https:\/\/zoom.us\/webinar\/register\/WN_0UFXkhNfTfqagTrdW0T-eg<\/a><\/li>\n<\/ul>\n<p>(Madrid, 12 de febrero de 2021). \u2013La <strong>Fundaci\u00f3n Cermi Mujeres (FCM) <\/strong>dedicar\u00e1 el pr\u00f3ximo mi\u00e9rcoles, <strong>17 de febrero, <\/strong>su \u2018<strong>Aula de Derechos Humanos\u2019 <\/strong>a <strong>c\u00f3mo trabajar para asegurar los derechos humanos y libertades fundamentales de las mujeres y ni\u00f1as con discapacidad<\/strong>.<\/p>\n<p>Esta nueva sesi\u00f3n pretende ofrecer <strong>formaci\u00f3n sobre c\u00f3mo fortalecer la defensa de los derechos de las mujeres y ni\u00f1as con discapacidad<\/strong> a trav\u00e9s de sus organizaciones representativas <strong>ante el Foro Europeo de la Discapacidad (EDF)<\/strong>, a partir del <em>\u2018Comit\u00e9 para la Eliminaci\u00f3n de la Discriminaci\u00f3n contra la Mujer de Naciones Unidas: una gu\u00eda para las organizaciones de personas con discapacidad\u2019<\/em>, elaborado por este organismo internacional.<\/p>\n<p>Esta jornada est\u00e1 abierta a mujeres cuidadoras de familiares con discapacidad de base de la comunidad latinoamericana y a profesionales y activistas feministas y de derechos humanos con inter\u00e9s en esta materia. \u00a0Para ello, la coordinadora de la Fundaci\u00f3n CERMI Mujeres, <strong>Isabel Caballero<\/strong>, conducir\u00e1 la sesi\u00f3n y dar\u00e1 paso a la ponencia magistral de <strong>Marine Uldry<\/strong>, oficial de Derechos Humanos de EDF, quien centrar\u00e1 la cuesti\u00f3n.<\/p>\n<p>Tras su intervenci\u00f3n se contar\u00e1 con un <strong>panel de personas expertas<\/strong>, formado por representantes de una organizaci\u00f3n de mujeres con discapacidad, de una entidad latinoamericana de igualdad y de la Alianza Internacional de la Discapacidad (IDA).\u00a0 \u00a0<\/p>\n<p>El Aula, que llega a su octava edici\u00f3n, se <strong>desarrollar\u00e1 en formato virtual y contar\u00e1 con lengua de signos y subtitulaci\u00f3n e interpretaci\u00f3n ingl\u00e9s-espa\u00f1ol<\/strong>, para que sus contenidos sean accesibles a toda la comunidad de mujeres.<\/p>\n<p>Para asistir a la formaci\u00f3n, la Fundaci\u00f3n solicita inscribirse en el Aula a trav\u00e9s del bolet\u00edn: <a href=\"https:\/\/zoom.us\/webinar\/register\/WN_0UFXkhNfTfqagTrdW0T-eg\">https:\/\/zoom.us\/webinar\/register\/WN_0UFXkhNfTfqagTrdW0T-eg<\/a><\/p>\n<p>[\/et_pb_text][et_pb_post_nav prev_text=&#8221;Anterior&#8221; next_text=&#8221;Siguiente&#8221; _builder_version=&#8221;3.22.4&#8243;][\/et_pb_post_nav][\/et_pb_column][\/et_pb_row][\/et_pb_section]<\/p>\n","protected":false},"excerpt":{"rendered":"<p>[et_pb_section fb_built=&#8221;1&#8243; _builder_version=&#8221;4.0.4&#8243; custom_padding=&#8221;0px||2px|||&#8221;][et_pb_row _builder_version=&#8221;4.1&#8243; background_size=&#8221;initial&#8221; background_position=&#8221;top_left&#8221; background_repeat=&#8221;repeat&#8221; custom_margin=&#8221;|||||&#8221; custom_padding=&#8221;|||||&#8221;][et_pb_column type=&#8221;4_4&#8243; _builder_version=&#8221;3.25&#8243; custom_padding=&#8221;|||&#8221; custom_padding__hover=&#8221;|||&#8221;][et_pb_text admin_label=&#8221;Noticia&#8221; _builder_version=&#8221;4.1&#8243; text_font=&#8221;||||||||&#8221; background_size=&#8221;initial&#8221; background_position=&#8221;top_left&#8221; background_repeat=&#8221;repeat&#8221; text_orientation=&#8221;justified&#8221; min_height=&#8221;711px&#8221; custom_margin=&#8221;||||false|false&#8221; custom_padding=&#8221;|||||&#8221; hover_enabled=&#8221;0&#8243;] Durante la octava sesi\u00f3n del Aula de Derechos Humanos de la Fundaci\u00f3n CERMI Mujeres, que tendr\u00e1 lugar el mi\u00e9rcoles 17 de febrero, a las 15.00 horas. Enlace de inscripci\u00f3n: https:\/\/zoom.us\/webinar\/register\/WN_0UFXkhNfTfqagTrdW0T-eg [&hellip;]<\/p>\n","protected":false},"author":1,"featured_media":3957,"comment_status":"closed","ping_status":"closed","sticky":false,"template":"","format":"standard","meta":{"_et_pb_use_builder":"on","_et_pb_old_content":"<h5 style=\"text-align: justify;\">La Confederaci\u00f3n CLM Inclusiva y la asociaci\u00f3n empresarial de Centros Especiales de Empleo de COCEMFE en Castilla-La Mancha, AECEMCO CLM, han firmado un acuerdo para promover las oportunidades de formaci\u00f3n y empleo de las personas del colectivo.<\/h5>\r\n<p style=\"text-align: justify;\"><img class=\"alignnone size-full wp-image-471\" src=\"http:\/\/clm-inclusiva.org\/wp-content\/uploads\/2019\/04\/3500_fotonoticia_20190402151941_1920.jpg\" alt=\"\" width=\"670\" height=\"300\"><\/p>\r\n<p style=\"text-align: justify;\">El presidente de la confederaci\u00f3n CLM Inclusiva, Enrique Alarc\u00f3n Garc\u00eda, y el presidente de AECEMCO CLM, \u00d3scar Sillas, han rubricado este acuerdo de colaboraci\u00f3n para coordinar su labor y actuaciones de apoyo a la promoci\u00f3n de los derechos de las personas con discapacidad f\u00edsica y org\u00e1nica en Castilla-La Mancha, ha informado esta confederaci\u00f3n en nota de prensa.<\/p>\r\nEl sector empresarial promovido por las organizaciones de COCEMFE sin \u00e1nimo de lucro, integrado en AECEMCO, da empleo actualmente a m\u00e1s de 800 personas con discapacidad de todo tipo, con actividades productivas y de prestaci\u00f3n de servicios muy variados como obras, lavander\u00eda, limpieza, medioambiente, manipulados, formaci\u00f3n, etc.\r\n\r\nAmbas organizaciones que comparten valores sociales y visi\u00f3n sobre los derechos de las personas con discapacidad coordinar\u00e1n todas sus actividades para incrementar las oportunidades de formaci\u00f3n, aprendizaje en el puesto de trabajo y calidad de los mismos, tanto en empleo protegido como ordinario.\r\n\r\nDentro de las actuaciones objeto del acuerdo se pondr\u00e1 especial atenci\u00f3n a dar a conocer la normativa de reserva de empleo para personas con discapacidad, as\u00ed como el adecuado cumplimiento de las medidas alternativas, para lo que se informar\u00e1 conjuntamente a administraciones, federaciones empresariales y grandes empresas sobre las oportunidades de empleabilidad de las personas con discapacidad f\u00edsica y org\u00e1nica.\r\n\r\nCLM Inclusiva dispone actualmente de Servicio de Empleo en todas las provincias de Castilla-La Mancha, gracias al apoyo de Fundaci\u00f3n ONCE y la financiaci\u00f3n de proyectos con cargo al IRPF, que realiza labor de intermediaci\u00f3n entre personas con discapacidad demandantes de empleo y empresas, asegurando la adecuaci\u00f3n de trabajadores al puesto de trabajo e informando sobre incentivos a la contrataci\u00f3n y ajustes t\u00e9cnicos necesarios en el puesto.\r\n\r\nLa Confederaci\u00f3n regional de entidades de personas con discapacidad f\u00edsica y org\u00e1nica, Castilla-La Mancha Inclusiva, agrupa al movimiento asociativo de COCEMFE en la Regi\u00f3n, con casi un centenar de entidades que representan en torno a 10.000 personas con discapacidad.\r\n\r\nActualmente se encuentra compuesta por cinco federaciones provinciales, COCEMFE Albacete, COCEMFE Cuenca, COCEMFE Guadalajara, COCEMFE Toledo y Ciudad Real Inclusiva, las entidades regionales AFANION, Federaci\u00f3n LUNA CLM de mujeres con discapacidad, AIDISCAM, y la asociaci\u00f3n nacional AMIAB.","_et_gb_content_width":"","footnotes":""},"categories":[39,28,5,44,41],"tags":[],"yoast_head":"<!-- This site is optimized with the Yoast SEO plugin v21.3 - https:\/\/yoast.com\/wordpress\/plugins\/seo\/ -->\n<title>La Fundaci\u00f3n Cermi Mujeres ofrecer\u00e1 en su pr\u00f3ximo \u2018Aula de Derechos Humanos\u2019 formaci\u00f3n sobre c\u00f3mo fortalecer los derechos de las mujeres y ni\u00f1as con discapacidad - Clm-Inclusiva<\/title>\n<meta name=\"robots\" content=\"index, follow, max-snippet:-1, max-image-preview:large, max-video-preview:-1\" \/>\n<link rel=\"canonical\" href=\"https:\/\/clm-inclusiva.org\/?p=3955\" \/>\n<meta property=\"og:locale\" content=\"es_ES\" \/>\n<meta property=\"og:type\" content=\"article\" \/>\n<meta property=\"og:title\" content=\"La Fundaci\u00f3n Cermi Mujeres ofrecer\u00e1 en su pr\u00f3ximo \u2018Aula de Derechos Humanos\u2019 formaci\u00f3n sobre c\u00f3mo fortalecer los derechos de las mujeres y ni\u00f1as con discapacidad - Clm-Inclusiva\" \/>\n<meta property=\"og:description\" content=\"[et_pb_section fb_built=&#8221;1&#8243; _builder_version=&#8221;4.0.4&#8243; custom_padding=&#8221;0px||2px|||&#8221;][et_pb_row _builder_version=&#8221;4.1&#8243; background_size=&#8221;initial&#8221; background_position=&#8221;top_left&#8221; background_repeat=&#8221;repeat&#8221; custom_margin=&#8221;|||||&#8221; custom_padding=&#8221;|||||&#8221;][et_pb_column type=&#8221;4_4&#8243; _builder_version=&#8221;3.25&#8243; custom_padding=&#8221;|||&#8221; custom_padding__hover=&#8221;|||&#8221;][et_pb_text admin_label=&#8221;Noticia&#8221; _builder_version=&#8221;4.1&#8243; text_font=&#8221;||||||||&#8221; background_size=&#8221;initial&#8221; background_position=&#8221;top_left&#8221; background_repeat=&#8221;repeat&#8221; text_orientation=&#8221;justified&#8221; min_height=&#8221;711px&#8221; custom_margin=&#8221;||||false|false&#8221; custom_padding=&#8221;|||||&#8221; hover_enabled=&#8221;0&#8243;] Durante la octava sesi\u00f3n del Aula de Derechos Humanos de la Fundaci\u00f3n CERMI Mujeres, que tendr\u00e1 lugar el mi\u00e9rcoles 17 de febrero, a las 15.00 horas. Enlace de inscripci\u00f3n: https:\/\/zoom.us\/webinar\/register\/WN_0UFXkhNfTfqagTrdW0T-eg [&hellip;]\" \/>\n<meta property=\"og:url\" content=\"https:\/\/clm-inclusiva.org\/?p=3955\" \/>\n<meta property=\"og:site_name\" content=\"Clm-Inclusiva\" \/>\n<meta property=\"article:publisher\" content=\"https:\/\/www.facebook.com\/castillalamancha.inclusiva\/\" \/>\n<meta property=\"article:published_time\" content=\"2021-02-12T12:41:08+00:00\" \/>\n<meta property=\"article:modified_time\" content=\"2021-02-12T12:41:13+00:00\" \/>\n<meta property=\"og:image\" content=\"https:\/\/clm-inclusiva.org\/wp-content\/uploads\/2021\/02\/marta_valencia-1-4.jpg\" \/>\n\t<meta property=\"og:image:width\" content=\"1200\" \/>\n\t<meta property=\"og:image:height\" content=\"800\" \/>\n\t<meta property=\"og:image:type\" content=\"image\/jpeg\" \/>\n<meta name=\"author\" content=\"clm-inclusiva\" \/>\n<meta name=\"twitter:card\" content=\"summary_large_image\" \/>\n<meta name=\"twitter:creator\" content=\"@ClmInclusiva\" \/>\n<meta name=\"twitter:site\" content=\"@ClmInclusiva\" \/>\n<meta name=\"twitter:label1\" content=\"Escrito por\" \/>\n\t<meta name=\"twitter:data1\" content=\"clm-inclusiva\" \/>\n\t<meta name=\"twitter:label2\" content=\"Tiempo de lectura\" \/>\n\t<meta name=\"twitter:data2\" content=\"2 minutos\" \/>\n<script type=\"application\/ld+json\" class=\"yoast-schema-graph\">{\"@context\":\"https:\/\/schema.org\",\"@graph\":[{\"@type\":\"Article\",\"@id\":\"https:\/\/clm-inclusiva.org\/?p=3955#article\",\"isPartOf\":{\"@id\":\"https:\/\/clm-inclusiva.org\/?p=3955\"},\"author\":{\"name\":\"clm-inclusiva\",\"@id\":\"https:\/\/clm-inclusiva.org\/#\/schema\/person\/0cff84aaa5bb8fd3521c55d1578d902b\"},\"headline\":\"La Fundaci\u00f3n Cermi Mujeres ofrecer\u00e1 en su pr\u00f3ximo \u2018Aula de Derechos Humanos\u2019 formaci\u00f3n sobre c\u00f3mo fortalecer los derechos de las mujeres y ni\u00f1as con discapacidad\",\"datePublished\":\"2021-02-12T12:41:08+00:00\",\"dateModified\":\"2021-02-12T12:41:13+00:00\",\"mainEntityOfPage\":{\"@id\":\"https:\/\/clm-inclusiva.org\/?p=3955\"},\"wordCount\":465,\"publisher\":{\"@id\":\"https:\/\/clm-inclusiva.org\/#organization\"},\"articleSection\":[\"Bienestar social\",\"Cermi\",\"Discapacidad\",\"Politica social\",\"Tercer sector\"],\"inLanguage\":\"es\"},{\"@type\":\"WebPage\",\"@id\":\"https:\/\/clm-inclusiva.org\/?p=3955\",\"url\":\"https:\/\/clm-inclusiva.org\/?p=3955\",\"name\":\"La Fundaci\u00f3n Cermi Mujeres ofrecer\u00e1 en su pr\u00f3ximo \u2018Aula de Derechos Humanos\u2019 formaci\u00f3n sobre c\u00f3mo fortalecer los derechos de las mujeres y ni\u00f1as con discapacidad - Clm-Inclusiva\",\"isPartOf\":{\"@id\":\"https:\/\/clm-inclusiva.org\/#website\"},\"datePublished\":\"2021-02-12T12:41:08+00:00\",\"dateModified\":\"2021-02-12T12:41:13+00:00\",\"breadcrumb\":{\"@id\":\"https:\/\/clm-inclusiva.org\/?p=3955#breadcrumb\"},\"inLanguage\":\"es\",\"potentialAction\":[{\"@type\":\"ReadAction\",\"target\":[\"https:\/\/clm-inclusiva.org\/?p=3955\"]}]},{\"@type\":\"BreadcrumbList\",\"@id\":\"https:\/\/clm-inclusiva.org\/?p=3955#breadcrumb\",\"itemListElement\":[{\"@type\":\"ListItem\",\"position\":1,\"name\":\"Portada\",\"item\":\"https:\/\/clm-inclusiva.org\/\"},{\"@type\":\"ListItem\",\"position\":2,\"name\":\"La Fundaci\u00f3n Cermi Mujeres ofrecer\u00e1 en su pr\u00f3ximo \u2018Aula de Derechos Humanos\u2019 formaci\u00f3n sobre c\u00f3mo fortalecer los derechos de las mujeres y ni\u00f1as con discapacidad\"}]},{\"@type\":\"WebSite\",\"@id\":\"https:\/\/clm-inclusiva.org\/#website\",\"url\":\"https:\/\/clm-inclusiva.org\/\",\"name\":\"Clm-Inclusiva\",\"description\":\"Confederaci\u00f3n de entidades de personas con discapacidad f\u00edsica y org\u00e1nica CLM\",\"publisher\":{\"@id\":\"https:\/\/clm-inclusiva.org\/#organization\"},\"potentialAction\":[{\"@type\":\"SearchAction\",\"target\":{\"@type\":\"EntryPoint\",\"urlTemplate\":\"https:\/\/clm-inclusiva.org\/?s={search_term_string}\"},\"query-input\":\"required name=search_term_string\"}],\"inLanguage\":\"es\"},{\"@type\":\"Organization\",\"@id\":\"https:\/\/clm-inclusiva.org\/#organization\",\"name\":\"Clm-Inclusiva\",\"url\":\"https:\/\/clm-inclusiva.org\/\",\"logo\":{\"@type\":\"ImageObject\",\"inLanguage\":\"es\",\"@id\":\"https:\/\/clm-inclusiva.org\/#\/schema\/logo\/image\/\",\"url\":\"http:\/\/clm-inclusiva.org\/wp-content\/uploads\/2019\/04\/banner-e1533720812836.jpg\",\"contentUrl\":\"http:\/\/clm-inclusiva.org\/wp-content\/uploads\/2019\/04\/banner-e1533720812836.jpg\",\"width\":600,\"height\":332,\"caption\":\"Clm-Inclusiva\"},\"image\":{\"@id\":\"https:\/\/clm-inclusiva.org\/#\/schema\/logo\/image\/\"},\"sameAs\":[\"https:\/\/www.facebook.com\/castillalamancha.inclusiva\/\",\"https:\/\/twitter.com\/ClmInclusiva\"]},{\"@type\":\"Person\",\"@id\":\"https:\/\/clm-inclusiva.org\/#\/schema\/person\/0cff84aaa5bb8fd3521c55d1578d902b\",\"name\":\"clm-inclusiva\",\"image\":{\"@type\":\"ImageObject\",\"inLanguage\":\"es\",\"@id\":\"https:\/\/clm-inclusiva.org\/#\/schema\/person\/image\/\",\"url\":\"https:\/\/secure.gravatar.com\/avatar\/88948567af770dc9cd5597b329011884?s=96&d=blank&r=g\",\"contentUrl\":\"https:\/\/secure.gravatar.com\/avatar\/88948567af770dc9cd5597b329011884?s=96&d=blank&r=g\",\"caption\":\"clm-inclusiva\"},\"sameAs\":[\"http:\/\/clm-inclusiva.org\"],\"url\":\"https:\/\/clm-inclusiva.org\/?author=1\"}]}<\/script>\n<!-- \/ Yoast SEO plugin. -->","yoast_head_json":{"title":"La Fundaci\u00f3n Cermi Mujeres ofrecer\u00e1 en su pr\u00f3ximo \u2018Aula de Derechos Humanos\u2019 formaci\u00f3n sobre c\u00f3mo fortalecer los derechos de las mujeres y ni\u00f1as con discapacidad - Clm-Inclusiva","robots":{"index":"index","follow":"follow","max-snippet":"max-snippet:-1","max-image-preview":"max-image-preview:large","max-video-preview":"max-video-preview:-1"},"canonical":"https:\/\/clm-inclusiva.org\/?p=3955","og_locale":"es_ES","og_type":"article","og_title":"La Fundaci\u00f3n Cermi Mujeres ofrecer\u00e1 en su pr\u00f3ximo \u2018Aula de Derechos Humanos\u2019 formaci\u00f3n sobre c\u00f3mo fortalecer los derechos de las mujeres y ni\u00f1as con discapacidad - Clm-Inclusiva","og_description":"[et_pb_section fb_built=&#8221;1&#8243; _builder_version=&#8221;4.0.4&#8243; custom_padding=&#8221;0px||2px|||&#8221;][et_pb_row _builder_version=&#8221;4.1&#8243; background_size=&#8221;initial&#8221; background_position=&#8221;top_left&#8221; background_repeat=&#8221;repeat&#8221; custom_margin=&#8221;|||||&#8221; custom_padding=&#8221;|||||&#8221;][et_pb_column type=&#8221;4_4&#8243; _builder_version=&#8221;3.25&#8243; custom_padding=&#8221;|||&#8221; custom_padding__hover=&#8221;|||&#8221;][et_pb_text admin_label=&#8221;Noticia&#8221; _builder_version=&#8221;4.1&#8243; text_font=&#8221;||||||||&#8221; background_size=&#8221;initial&#8221; background_position=&#8221;top_left&#8221; background_repeat=&#8221;repeat&#8221; text_orientation=&#8221;justified&#8221; min_height=&#8221;711px&#8221; custom_margin=&#8221;||||false|false&#8221; custom_padding=&#8221;|||||&#8221; hover_enabled=&#8221;0&#8243;] Durante la octava sesi\u00f3n del Aula de Derechos Humanos de la Fundaci\u00f3n CERMI Mujeres, que tendr\u00e1 lugar el mi\u00e9rcoles 17 de febrero, a las 15.00 horas. Enlace de inscripci\u00f3n: https:\/\/zoom.us\/webinar\/register\/WN_0UFXkhNfTfqagTrdW0T-eg [&hellip;]","og_url":"https:\/\/clm-inclusiva.org\/?p=3955","og_site_name":"Clm-Inclusiva","article_publisher":"https:\/\/www.facebook.com\/castillalamancha.inclusiva\/","article_published_time":"2021-02-12T12:41:08+00:00","article_modified_time":"2021-02-12T12:41:13+00:00","og_image":[{"width":1200,"height":800,"url":"https:\/\/clm-inclusiva.org\/wp-content\/uploads\/2021\/02\/marta_valencia-1-4.jpg","type":"image\/jpeg"}],"author":"clm-inclusiva","twitter_card":"summary_large_image","twitter_creator":"@ClmInclusiva","twitter_site":"@ClmInclusiva","twitter_misc":{"Escrito por":"clm-inclusiva","Tiempo de lectura":"2 minutos"},"schema":{"@context":"https:\/\/schema.org","@graph":[{"@type":"Article","@id":"https:\/\/clm-inclusiva.org\/?p=3955#article","isPartOf":{"@id":"https:\/\/clm-inclusiva.org\/?p=3955"},"author":{"name":"clm-inclusiva","@id":"https:\/\/clm-inclusiva.org\/#\/schema\/person\/0cff84aaa5bb8fd3521c55d1578d902b"},"headline":"La Fundaci\u00f3n Cermi Mujeres ofrecer\u00e1 en su pr\u00f3ximo \u2018Aula de Derechos Humanos\u2019 formaci\u00f3n sobre c\u00f3mo fortalecer los derechos de las mujeres y ni\u00f1as con discapacidad","datePublished":"2021-02-12T12:41:08+00:00","dateModified":"2021-02-12T12:41:13+00:00","mainEntityOfPage":{"@id":"https:\/\/clm-inclusiva.org\/?p=3955"},"wordCount":465,"publisher":{"@id":"https:\/\/clm-inclusiva.org\/#organization"},"articleSection":["Bienestar social","Cermi","Discapacidad","Politica social","Tercer sector"],"inLanguage":"es"},{"@type":"WebPage","@id":"https:\/\/clm-inclusiva.org\/?p=3955","url":"https:\/\/clm-inclusiva.org\/?p=3955","name":"La Fundaci\u00f3n Cermi Mujeres ofrecer\u00e1 en su pr\u00f3ximo \u2018Aula de Derechos Humanos\u2019 formaci\u00f3n sobre c\u00f3mo fortalecer los derechos de las mujeres y ni\u00f1as con discapacidad - Clm-Inclusiva","isPartOf":{"@id":"https:\/\/clm-inclusiva.org\/#website"},"datePublished":"2021-02-12T12:41:08+00:00","dateModified":"2021-02-12T12:41:13+00:00","breadcrumb":{"@id":"https:\/\/clm-inclusiva.org\/?p=3955#breadcrumb"},"inLanguage":"es","potentialAction":[{"@type":"ReadAction","target":["https:\/\/clm-inclusiva.org\/?p=3955"]}]},{"@type":"BreadcrumbList","@id":"https:\/\/clm-inclusiva.org\/?p=3955#breadcrumb","itemListElement":[{"@type":"ListItem","position":1,"name":"Portada","item":"https:\/\/clm-inclusiva.org\/"},{"@type":"ListItem","position":2,"name":"La Fundaci\u00f3n Cermi Mujeres ofrecer\u00e1 en su pr\u00f3ximo \u2018Aula de Derechos Humanos\u2019 formaci\u00f3n sobre c\u00f3mo fortalecer los derechos de las mujeres y ni\u00f1as con discapacidad"}]},{"@type":"WebSite","@id":"https:\/\/clm-inclusiva.org\/#website","url":"https:\/\/clm-inclusiva.org\/","name":"Clm-Inclusiva","description":"Confederaci\u00f3n de entidades de personas con discapacidad f\u00edsica y org\u00e1nica CLM","publisher":{"@id":"https:\/\/clm-inclusiva.org\/#organization"},"potentialAction":[{"@type":"SearchAction","target":{"@type":"EntryPoint","urlTemplate":"https:\/\/clm-inclusiva.org\/?s={search_term_string}"},"query-input":"required name=search_term_string"}],"inLanguage":"es"},{"@type":"Organization","@id":"https:\/\/clm-inclusiva.org\/#organization","name":"Clm-Inclusiva","url":"https:\/\/clm-inclusiva.org\/","logo":{"@type":"ImageObject","inLanguage":"es","@id":"https:\/\/clm-inclusiva.org\/#\/schema\/logo\/image\/","url":"http:\/\/clm-inclusiva.org\/wp-content\/uploads\/2019\/04\/banner-e1533720812836.jpg","contentUrl":"http:\/\/clm-inclusiva.org\/wp-content\/uploads\/2019\/04\/banner-e1533720812836.jpg","width":600,"height":332,"caption":"Clm-Inclusiva"},"image":{"@id":"https:\/\/clm-inclusiva.org\/#\/schema\/logo\/image\/"},"sameAs":["https:\/\/www.facebook.com\/castillalamancha.inclusiva\/","https:\/\/twitter.com\/ClmInclusiva"]},{"@type":"Person","@id":"https:\/\/clm-inclusiva.org\/#\/schema\/person\/0cff84aaa5bb8fd3521c55d1578d902b","name":"clm-inclusiva","image":{"@type":"ImageObject","inLanguage":"es","@id":"https:\/\/clm-inclusiva.org\/#\/schema\/person\/image\/","url":"https:\/\/secure.gravatar.com\/avatar\/88948567af770dc9cd5597b329011884?s=96&d=blank&r=g","contentUrl":"https:\/\/secure.gravatar.com\/avatar\/88948567af770dc9cd5597b329011884?s=96&d=blank&r=g","caption":"clm-inclusiva"},"sameAs":["http:\/\/clm-inclusiva.org"],"url":"https:\/\/clm-inclusiva.org\/?author=1"}]}},"_links":{"self":[{"href":"https:\/\/clm-inclusiva.org\/index.php?rest_route=\/wp\/v2\/posts\/3955"}],"collection":[{"href":"https:\/\/clm-inclusiva.org\/index.php?rest_route=\/wp\/v2\/posts"}],"about":[{"href":"https:\/\/clm-inclusiva.org\/index.php?rest_route=\/wp\/v2\/types\/post"}],"author":[{"embeddable":true,"href":"https:\/\/clm-inclusiva.org\/index.php?rest_route=\/wp\/v2\/users\/1"}],"replies":[{"embeddable":true,"href":"https:\/\/clm-inclusiva.org\/index.php?rest_route=%2Fwp%2Fv2%2Fcomments&post=3955"}],"version-history":[{"count":3,"href":"https:\/\/clm-inclusiva.org\/index.php?rest_route=\/wp\/v2\/posts\/3955\/revisions"}],"predecessor-version":[{"id":3960,"href":"https:\/\/clm-inclusiva.org\/index.php?rest_route=\/wp\/v2\/posts\/3955\/revisions\/3960"}],"wp:featuredmedia":[{"embeddable":true,"href":"https:\/\/clm-inclusiva.org\/index.php?rest_route=\/wp\/v2\/media\/3957"}],"wp:attachment":[{"href":"https:\/\/clm-inclusiva.org\/index.php?rest_route=%2Fwp%2Fv2%2Fmedia&parent=3955"}],"wp:term":[{"taxonomy":"category","embeddable":true,"href":"https:\/\/clm-inclusiva.org\/index.php?rest_route=%2Fwp%2Fv2%2Fcategories&post=3955"},{"taxonomy":"post_tag","embeddable":true,"href":"https:\/\/clm-inclusiva.org\/index.php?rest_route=%2Fwp%2Fv2%2Ftags&post=3955"}],"curies":[{"name":"wp","href":"https:\/\/api.w.org\/{rel}","templated":true}]}}