{"id":3909,"date":"2020-12-22T14:13:42","date_gmt":"2020-12-22T12:13:42","guid":{"rendered":"http:\/\/clm-inclusiva.org\/?p=3909"},"modified":"2020-12-22T14:14:03","modified_gmt":"2020-12-22T12:14:03","slug":"clm-inclusiva-cocemfe-se-une-a-quenonosapaguen-para-denunciar-la-perdida-de-derechos-de-las-personas-con-discapacidad-durante-la-pandemia","status":"publish","type":"post","link":"https:\/\/clm-inclusiva.org\/?p=3909","title":{"rendered":"CLM Inclusiva COCEMFE se une a #QueNoNosApaguen para denunciar la p\u00e9rdida de derechos de las personas con discapacidad durante la pandemia"},"content":{"rendered":"<p>[et_pb_section fb_built=&#8221;1&#8243; _builder_version=&#8221;4.0.4&#8243; custom_padding=&#8221;0px||2px|||&#8221;][et_pb_row _builder_version=&#8221;3.25&#8243; background_size=&#8221;initial&#8221; background_position=&#8221;top_left&#8221; background_repeat=&#8221;repeat&#8221; custom_margin=&#8221;|||||&#8221; custom_padding=&#8221;|||||&#8221;][et_pb_column type=&#8221;4_4&#8243; _builder_version=&#8221;3.25&#8243; custom_padding=&#8221;|||&#8221; custom_padding__hover=&#8221;|||&#8221;][et_pb_text admin_label=&#8221;Noticia&#8221; _builder_version=&#8221;4.1&#8243; text_font=&#8221;||||||||&#8221; background_size=&#8221;initial&#8221; background_position=&#8221;top_left&#8221; background_repeat=&#8221;repeat&#8221; text_orientation=&#8221;justified&#8221; min_height=&#8221;711px&#8221; custom_margin=&#8221;||||false|false&#8221; custom_padding=&#8221;|||||&#8221; hover_enabled=&#8221;0&#8243;]<\/p>\n<ul>\n<li><strong>La mayor\u00eda de las personas con discapacidad en Espa\u00f1a han visto vulnerados derechos b\u00e1sicos durante la actual pandemia de COVID-19<\/strong><\/li>\n<li><strong>\u00a0<\/strong><strong>Para Enrique Alarc\u00f3n, Presidente de CLM Inclusiva COCEMFE, \u201clas personas con discapacidad nos enfrentamos a una nueva pandemia, la pandemia de los recortes\u201d<\/strong><\/li>\n<li><strong>\u00a0<\/strong><strong>A trav\u00e9s de la campa\u00f1a #QueNoNosApaguen, COCEMFE nacional convoca un apag\u00f3n solidario en defensa de estos derechos<\/strong><\/li>\n<\/ul>\n<p>(Toledo, 22 de diciembre de 2020)<\/p>\n<p>La pandemia del COVID-19 ha cambiado durante este a\u00f1o 2020 las vidas de todo el mundo, y muy especialmente las de las 2,5 millones de personas que tienen discapacidad en Espa\u00f1a. Seg\u00fan una encuesta elaborada por la Confederaci\u00f3n Espa\u00f1ola de Personas con Discapacidad F\u00edsica y Org\u00e1nica (COCEMFE), en la que han participado m\u00e1s de 800 personas con discapacidad, el<strong> 73% han visto retrasadas sus citas m\u00e9dicas<\/strong>, el <strong>56% reconoce que su salud ha empeorado estos meses<\/strong>, el <strong>40% ha visto interrumpidos sus tratamientos<\/strong> y el <strong>37% siente que sus derechos han retrocedido<\/strong> durante la pandemia.<\/p>\n<p>Despu\u00e9s de d\u00e9cadas de lucha y trabajo por la inclusi\u00f3n de las personas con discapacidad, nos encontramos en un momento en el que <strong>sus derechos fundamentales se encuentran en grave peligro<\/strong>, sobre todo en cuanto a la posibilidad de recibir una atenci\u00f3n sociosanitaria digna y, en consecuencia, en relaci\u00f3n a sus derechos a la salud y a la vida.<\/p>\n<p>Estas cuestiones, que para muchas personas pueden suponer importantes molestias, en el caso de las personas con discapacidad se pueden convertir en <strong>riesgos realmente graves que afectan a su salud y a su bienestar<\/strong>.<\/p>\n<p>Por ello, desde <strong>CLM Inclusiva COCEMFE<\/strong> nos unimos a la campa\u00f1a #QueNoNosApaguen que lanza COCEMFE nacional, con el fin de <strong>denunciar la vulneraci\u00f3n de derechos que las personas con discapacidad est\u00e1n experimentando durante la pandemia<\/strong> Su lema: \u201cSi se apagan nuestros derechos, se apaga nuestro futuro\u201d.<\/p>\n<p>En palabras de <strong>Enrique Alarc\u00f3n, Presidente de CLM Inclusiva COCEMFE<\/strong>, <em>&#8220;Los que sufrimos realmente la crisis del 2008 y que todav\u00eda la sufrimos, fuimos las personas con discapacidad, tanto a nivel individual como las asociaciones.\u00a0 Tenemos miedo de que puede que nos pase lo mismo que en aquella \u00e9poca, y no vamos a permitir de ninguna manera que sea nuestro colectivo el que sufra las consecuencias de esta situaci\u00f3n. No vamos a aceptar que se siga recortando, porque ya somos un colectivo de emergencia social y lo tenemos muy claro&#8221;,<\/em> y a\u00f1ade <em>\u201clas personas con discapacidad nos enfrentamos a una nueva pandemia, la pandemia de los recortes\u201d.<\/em><\/p>\n<p>La pieza que da el pistoletazo inicial a la campa\u00f1a, y a trav\u00e9s de la cual <strong>se busca la implicaci\u00f3n de las organizaciones en defensa de las personas con discapacidad de toda Espa\u00f1a<\/strong>, est\u00e1 protagonizada por tres personas con discapacidad f\u00edsica y org\u00e1nica que se unen para reivindicar sus derechos con una acci\u00f3n en un espacio emblem\u00e1tico para la atenci\u00f3n sanitaria en Espa\u00f1a: el Hospital Universitario La Paz (Madrid).<\/p>\n<p>Desde CLM Inclusiva COCEMFE pedimos a todas las personas y organizaciones que simpaticen con nuestra causa que <strong>se unan al apag\u00f3n solidario que tendr\u00e1 lugar esta tarde martes, 22 de diciembre, a las 20.00 horas<\/strong>. Para ello, publica un v\u00eddeo apagando las luces para que nuestro futuro siga encendido y comp\u00e1rtelo con el hashtag #QueNoNosApaguen<\/p>\n<p><em>La Confederaci\u00f3n Regional de Entidades de personas con Discapacidad F\u00edsica y Org\u00e1nica (CLM Inclusiva COCEMFE) se constituy\u00f3 en el a\u00f1o 2017. Agrupa a casi un centenar de entidades que representan casi a 10.000 personas con discapacidad. Se encuentra compuesta por las federaciones provinciales, COCEMFE Albacete, COCEMFE Guadalajara, COCEMFE\u00a0<\/em><a href=\"http:\/\/www.lacerca.com\/etiquetas\/1\/toledo\"><em>Toledo<\/em><\/a><em>, COCEMFE Cuenca y Ciudad Real INCLUSIVA, as\u00ed como las entidades de car\u00e1cter regional AFANION, LUNA, AIDISCAM CLM y la asociaci\u00f3n\u00a0<\/em><a href=\"http:\/\/www.lacerca.com\/etiquetas\/1\/nacional%20amiab\"><em>nacional AMIAB<\/em><\/a><em>. El objetivo fundamental de la confederaci\u00f3n es articular y vertebrar en nuestra regi\u00f3n el asociacionismo de la discapacidad f\u00edsica y org\u00e1nica, desde la unidad y respeto al pluralismo, para desarrollar una acci\u00f3n representativa efectiva en defensas de los derechos e intereses de las personas con discapacidad y sus familias.<\/em><\/p>\n<p>[\/et_pb_text][et_pb_post_nav prev_text=&#8221;Anterior&#8221; next_text=&#8221;Siguiente&#8221; _builder_version=&#8221;3.22.4&#8243;][\/et_pb_post_nav][\/et_pb_column][\/et_pb_row][\/et_pb_section]<\/p>\n","protected":false},"excerpt":{"rendered":"<p>[et_pb_section fb_built=&#8221;1&#8243; _builder_version=&#8221;4.0.4&#8243; custom_padding=&#8221;0px||2px|||&#8221;][et_pb_row _builder_version=&#8221;3.25&#8243; background_size=&#8221;initial&#8221; background_position=&#8221;top_left&#8221; background_repeat=&#8221;repeat&#8221; custom_margin=&#8221;|||||&#8221; custom_padding=&#8221;|||||&#8221;][et_pb_column type=&#8221;4_4&#8243; _builder_version=&#8221;3.25&#8243; custom_padding=&#8221;|||&#8221; custom_padding__hover=&#8221;|||&#8221;][et_pb_text admin_label=&#8221;Noticia&#8221; _builder_version=&#8221;4.1&#8243; text_font=&#8221;||||||||&#8221; background_size=&#8221;initial&#8221; background_position=&#8221;top_left&#8221; background_repeat=&#8221;repeat&#8221; text_orientation=&#8221;justified&#8221; min_height=&#8221;711px&#8221; custom_margin=&#8221;||||false|false&#8221; custom_padding=&#8221;|||||&#8221; hover_enabled=&#8221;0&#8243;] La mayor\u00eda de las personas con discapacidad en Espa\u00f1a han visto vulnerados derechos b\u00e1sicos durante la actual pandemia de COVID-19 \u00a0Para Enrique Alarc\u00f3n, Presidente de CLM Inclusiva COCEMFE, \u201clas personas [&hellip;]<\/p>\n","protected":false},"author":1,"featured_media":3911,"comment_status":"closed","ping_status":"closed","sticky":false,"template":"","format":"standard","meta":{"_et_pb_use_builder":"on","_et_pb_old_content":"<h5 style=\"text-align: justify;\">La Confederaci\u00f3n CLM Inclusiva y la asociaci\u00f3n empresarial de Centros Especiales de Empleo de COCEMFE en Castilla-La Mancha, AECEMCO CLM, han firmado un acuerdo para promover las oportunidades de formaci\u00f3n y empleo de las personas del colectivo.<\/h5>\r\n<p style=\"text-align: justify;\"><img class=\"alignnone size-full wp-image-471\" src=\"http:\/\/clm-inclusiva.org\/wp-content\/uploads\/2019\/04\/3500_fotonoticia_20190402151941_1920.jpg\" alt=\"\" width=\"670\" height=\"300\"><\/p>\r\n<p style=\"text-align: justify;\">El presidente de la confederaci\u00f3n CLM Inclusiva, Enrique Alarc\u00f3n Garc\u00eda, y el presidente de AECEMCO CLM, \u00d3scar Sillas, han rubricado este acuerdo de colaboraci\u00f3n para coordinar su labor y actuaciones de apoyo a la promoci\u00f3n de los derechos de las personas con discapacidad f\u00edsica y org\u00e1nica en Castilla-La Mancha, ha informado esta confederaci\u00f3n en nota de prensa.<\/p>\r\nEl sector empresarial promovido por las organizaciones de COCEMFE sin \u00e1nimo de lucro, integrado en AECEMCO, da empleo actualmente a m\u00e1s de 800 personas con discapacidad de todo tipo, con actividades productivas y de prestaci\u00f3n de servicios muy variados como obras, lavander\u00eda, limpieza, medioambiente, manipulados, formaci\u00f3n, etc.\r\n\r\nAmbas organizaciones que comparten valores sociales y visi\u00f3n sobre los derechos de las personas con discapacidad coordinar\u00e1n todas sus actividades para incrementar las oportunidades de formaci\u00f3n, aprendizaje en el puesto de trabajo y calidad de los mismos, tanto en empleo protegido como ordinario.\r\n\r\nDentro de las actuaciones objeto del acuerdo se pondr\u00e1 especial atenci\u00f3n a dar a conocer la normativa de reserva de empleo para personas con discapacidad, as\u00ed como el adecuado cumplimiento de las medidas alternativas, para lo que se informar\u00e1 conjuntamente a administraciones, federaciones empresariales y grandes empresas sobre las oportunidades de empleabilidad de las personas con discapacidad f\u00edsica y org\u00e1nica.\r\n\r\nCLM Inclusiva dispone actualmente de Servicio de Empleo en todas las provincias de Castilla-La Mancha, gracias al apoyo de Fundaci\u00f3n ONCE y la financiaci\u00f3n de proyectos con cargo al IRPF, que realiza labor de intermediaci\u00f3n entre personas con discapacidad demandantes de empleo y empresas, asegurando la adecuaci\u00f3n de trabajadores al puesto de trabajo e informando sobre incentivos a la contrataci\u00f3n y ajustes t\u00e9cnicos necesarios en el puesto.\r\n\r\nLa Confederaci\u00f3n regional de entidades de personas con discapacidad f\u00edsica y org\u00e1nica, Castilla-La Mancha Inclusiva, agrupa al movimiento asociativo de COCEMFE en la Regi\u00f3n, con casi un centenar de entidades que representan en torno a 10.000 personas con discapacidad.\r\n\r\nActualmente se encuentra compuesta por cinco federaciones provinciales, COCEMFE Albacete, COCEMFE Cuenca, COCEMFE Guadalajara, COCEMFE Toledo y Ciudad Real Inclusiva, las entidades regionales AFANION, Federaci\u00f3n LUNA CLM de mujeres con discapacidad, AIDISCAM, y la asociaci\u00f3n nacional AMIAB.","_et_gb_content_width":"","footnotes":""},"categories":[39,49,4,47,5,41],"tags":[],"yoast_head":"<!-- This site is optimized with the Yoast SEO plugin v21.3 - https:\/\/yoast.com\/wordpress\/plugins\/seo\/ -->\n<title>CLM Inclusiva COCEMFE se une a #QueNoNosApaguen para denunciar la p\u00e9rdida de derechos de las personas con discapacidad durante la pandemia - Clm-Inclusiva<\/title>\n<meta name=\"robots\" content=\"index, follow, max-snippet:-1, max-image-preview:large, max-video-preview:-1\" \/>\n<link rel=\"canonical\" href=\"https:\/\/clm-inclusiva.org\/?p=3909\" \/>\n<meta property=\"og:locale\" content=\"es_ES\" \/>\n<meta property=\"og:type\" content=\"article\" \/>\n<meta property=\"og:title\" content=\"CLM Inclusiva COCEMFE se une a #QueNoNosApaguen para denunciar la p\u00e9rdida de derechos de las personas con discapacidad durante la pandemia - Clm-Inclusiva\" \/>\n<meta property=\"og:description\" content=\"[et_pb_section fb_built=&#8221;1&#8243; _builder_version=&#8221;4.0.4&#8243; custom_padding=&#8221;0px||2px|||&#8221;][et_pb_row _builder_version=&#8221;3.25&#8243; background_size=&#8221;initial&#8221; background_position=&#8221;top_left&#8221; background_repeat=&#8221;repeat&#8221; custom_margin=&#8221;|||||&#8221; custom_padding=&#8221;|||||&#8221;][et_pb_column type=&#8221;4_4&#8243; _builder_version=&#8221;3.25&#8243; custom_padding=&#8221;|||&#8221; custom_padding__hover=&#8221;|||&#8221;][et_pb_text admin_label=&#8221;Noticia&#8221; _builder_version=&#8221;4.1&#8243; text_font=&#8221;||||||||&#8221; background_size=&#8221;initial&#8221; background_position=&#8221;top_left&#8221; background_repeat=&#8221;repeat&#8221; text_orientation=&#8221;justified&#8221; min_height=&#8221;711px&#8221; custom_margin=&#8221;||||false|false&#8221; custom_padding=&#8221;|||||&#8221; hover_enabled=&#8221;0&#8243;] La mayor\u00eda de las personas con discapacidad en Espa\u00f1a han visto vulnerados derechos b\u00e1sicos durante la actual pandemia de COVID-19 \u00a0Para Enrique Alarc\u00f3n, Presidente de CLM Inclusiva COCEMFE, \u201clas personas [&hellip;]\" \/>\n<meta property=\"og:url\" content=\"https:\/\/clm-inclusiva.org\/?p=3909\" \/>\n<meta property=\"og:site_name\" content=\"Clm-Inclusiva\" \/>\n<meta property=\"article:publisher\" content=\"https:\/\/www.facebook.com\/castillalamancha.inclusiva\/\" \/>\n<meta property=\"article:published_time\" content=\"2020-12-22T12:13:42+00:00\" \/>\n<meta property=\"article:modified_time\" content=\"2020-12-22T12:14:03+00:00\" \/>\n<meta property=\"og:image\" content=\"https:\/\/clm-inclusiva.org\/wp-content\/uploads\/2020\/12\/campa\u00f1a-que-no-nos-apaguen.png\" \/>\n\t<meta property=\"og:image:width\" content=\"886\" \/>\n\t<meta property=\"og:image:height\" content=\"442\" \/>\n\t<meta property=\"og:image:type\" content=\"image\/png\" \/>\n<meta name=\"author\" content=\"clm-inclusiva\" \/>\n<meta name=\"twitter:card\" content=\"summary_large_image\" \/>\n<meta name=\"twitter:creator\" content=\"@ClmInclusiva\" \/>\n<meta name=\"twitter:site\" content=\"@ClmInclusiva\" \/>\n<meta name=\"twitter:label1\" content=\"Escrito por\" \/>\n\t<meta name=\"twitter:data1\" content=\"clm-inclusiva\" \/>\n\t<meta name=\"twitter:label2\" content=\"Tiempo de lectura\" \/>\n\t<meta name=\"twitter:data2\" content=\"4 minutos\" \/>\n<script type=\"application\/ld+json\" class=\"yoast-schema-graph\">{\"@context\":\"https:\/\/schema.org\",\"@graph\":[{\"@type\":\"Article\",\"@id\":\"https:\/\/clm-inclusiva.org\/?p=3909#article\",\"isPartOf\":{\"@id\":\"https:\/\/clm-inclusiva.org\/?p=3909\"},\"author\":{\"name\":\"clm-inclusiva\",\"@id\":\"https:\/\/clm-inclusiva.org\/#\/schema\/person\/0cff84aaa5bb8fd3521c55d1578d902b\"},\"headline\":\"CLM Inclusiva COCEMFE se une a #QueNoNosApaguen para denunciar la p\u00e9rdida de derechos de las personas con discapacidad durante la pandemia\",\"datePublished\":\"2020-12-22T12:13:42+00:00\",\"dateModified\":\"2020-12-22T12:14:03+00:00\",\"mainEntityOfPage\":{\"@id\":\"https:\/\/clm-inclusiva.org\/?p=3909\"},\"wordCount\":814,\"publisher\":{\"@id\":\"https:\/\/clm-inclusiva.org\/#organization\"},\"articleSection\":[\"Bienestar social\",\"castilla-la mancha\",\"Clm inclusiva\",\"cocemfe\",\"Discapacidad\",\"Tercer sector\"],\"inLanguage\":\"es\"},{\"@type\":\"WebPage\",\"@id\":\"https:\/\/clm-inclusiva.org\/?p=3909\",\"url\":\"https:\/\/clm-inclusiva.org\/?p=3909\",\"name\":\"CLM Inclusiva COCEMFE se une a #QueNoNosApaguen para denunciar la p\u00e9rdida de derechos de las personas con discapacidad durante la pandemia - Clm-Inclusiva\",\"isPartOf\":{\"@id\":\"https:\/\/clm-inclusiva.org\/#website\"},\"datePublished\":\"2020-12-22T12:13:42+00:00\",\"dateModified\":\"2020-12-22T12:14:03+00:00\",\"breadcrumb\":{\"@id\":\"https:\/\/clm-inclusiva.org\/?p=3909#breadcrumb\"},\"inLanguage\":\"es\",\"potentialAction\":[{\"@type\":\"ReadAction\",\"target\":[\"https:\/\/clm-inclusiva.org\/?p=3909\"]}]},{\"@type\":\"BreadcrumbList\",\"@id\":\"https:\/\/clm-inclusiva.org\/?p=3909#breadcrumb\",\"itemListElement\":[{\"@type\":\"ListItem\",\"position\":1,\"name\":\"Portada\",\"item\":\"https:\/\/clm-inclusiva.org\/\"},{\"@type\":\"ListItem\",\"position\":2,\"name\":\"CLM Inclusiva COCEMFE se une a #QueNoNosApaguen para denunciar la p\u00e9rdida de derechos de las personas con discapacidad durante la pandemia\"}]},{\"@type\":\"WebSite\",\"@id\":\"https:\/\/clm-inclusiva.org\/#website\",\"url\":\"https:\/\/clm-inclusiva.org\/\",\"name\":\"Clm-Inclusiva\",\"description\":\"Confederaci\u00f3n de entidades de personas con discapacidad f\u00edsica y org\u00e1nica CLM\",\"publisher\":{\"@id\":\"https:\/\/clm-inclusiva.org\/#organization\"},\"potentialAction\":[{\"@type\":\"SearchAction\",\"target\":{\"@type\":\"EntryPoint\",\"urlTemplate\":\"https:\/\/clm-inclusiva.org\/?s={search_term_string}\"},\"query-input\":\"required name=search_term_string\"}],\"inLanguage\":\"es\"},{\"@type\":\"Organization\",\"@id\":\"https:\/\/clm-inclusiva.org\/#organization\",\"name\":\"Clm-Inclusiva\",\"url\":\"https:\/\/clm-inclusiva.org\/\",\"logo\":{\"@type\":\"ImageObject\",\"inLanguage\":\"es\",\"@id\":\"https:\/\/clm-inclusiva.org\/#\/schema\/logo\/image\/\",\"url\":\"http:\/\/clm-inclusiva.org\/wp-content\/uploads\/2019\/04\/banner-e1533720812836.jpg\",\"contentUrl\":\"http:\/\/clm-inclusiva.org\/wp-content\/uploads\/2019\/04\/banner-e1533720812836.jpg\",\"width\":600,\"height\":332,\"caption\":\"Clm-Inclusiva\"},\"image\":{\"@id\":\"https:\/\/clm-inclusiva.org\/#\/schema\/logo\/image\/\"},\"sameAs\":[\"https:\/\/www.facebook.com\/castillalamancha.inclusiva\/\",\"https:\/\/twitter.com\/ClmInclusiva\"]},{\"@type\":\"Person\",\"@id\":\"https:\/\/clm-inclusiva.org\/#\/schema\/person\/0cff84aaa5bb8fd3521c55d1578d902b\",\"name\":\"clm-inclusiva\",\"image\":{\"@type\":\"ImageObject\",\"inLanguage\":\"es\",\"@id\":\"https:\/\/clm-inclusiva.org\/#\/schema\/person\/image\/\",\"url\":\"https:\/\/secure.gravatar.com\/avatar\/88948567af770dc9cd5597b329011884?s=96&d=blank&r=g\",\"contentUrl\":\"https:\/\/secure.gravatar.com\/avatar\/88948567af770dc9cd5597b329011884?s=96&d=blank&r=g\",\"caption\":\"clm-inclusiva\"},\"sameAs\":[\"http:\/\/clm-inclusiva.org\"],\"url\":\"https:\/\/clm-inclusiva.org\/?author=1\"}]}<\/script>\n<!-- \/ Yoast SEO plugin. -->","yoast_head_json":{"title":"CLM Inclusiva COCEMFE se une a #QueNoNosApaguen para denunciar la p\u00e9rdida de derechos de las personas con discapacidad durante la pandemia - Clm-Inclusiva","robots":{"index":"index","follow":"follow","max-snippet":"max-snippet:-1","max-image-preview":"max-image-preview:large","max-video-preview":"max-video-preview:-1"},"canonical":"https:\/\/clm-inclusiva.org\/?p=3909","og_locale":"es_ES","og_type":"article","og_title":"CLM Inclusiva COCEMFE se une a #QueNoNosApaguen para denunciar la p\u00e9rdida de derechos de las personas con discapacidad durante la pandemia - Clm-Inclusiva","og_description":"[et_pb_section fb_built=&#8221;1&#8243; _builder_version=&#8221;4.0.4&#8243; custom_padding=&#8221;0px||2px|||&#8221;][et_pb_row _builder_version=&#8221;3.25&#8243; background_size=&#8221;initial&#8221; background_position=&#8221;top_left&#8221; background_repeat=&#8221;repeat&#8221; custom_margin=&#8221;|||||&#8221; custom_padding=&#8221;|||||&#8221;][et_pb_column type=&#8221;4_4&#8243; _builder_version=&#8221;3.25&#8243; custom_padding=&#8221;|||&#8221; custom_padding__hover=&#8221;|||&#8221;][et_pb_text admin_label=&#8221;Noticia&#8221; _builder_version=&#8221;4.1&#8243; text_font=&#8221;||||||||&#8221; background_size=&#8221;initial&#8221; background_position=&#8221;top_left&#8221; background_repeat=&#8221;repeat&#8221; text_orientation=&#8221;justified&#8221; min_height=&#8221;711px&#8221; custom_margin=&#8221;||||false|false&#8221; custom_padding=&#8221;|||||&#8221; hover_enabled=&#8221;0&#8243;] La mayor\u00eda de las personas con discapacidad en Espa\u00f1a han visto vulnerados derechos b\u00e1sicos durante la actual pandemia de COVID-19 \u00a0Para Enrique Alarc\u00f3n, Presidente de CLM Inclusiva COCEMFE, \u201clas personas [&hellip;]","og_url":"https:\/\/clm-inclusiva.org\/?p=3909","og_site_name":"Clm-Inclusiva","article_publisher":"https:\/\/www.facebook.com\/castillalamancha.inclusiva\/","article_published_time":"2020-12-22T12:13:42+00:00","article_modified_time":"2020-12-22T12:14:03+00:00","og_image":[{"width":886,"height":442,"url":"https:\/\/clm-inclusiva.org\/wp-content\/uploads\/2020\/12\/campa\u00f1a-que-no-nos-apaguen.png","type":"image\/png"}],"author":"clm-inclusiva","twitter_card":"summary_large_image","twitter_creator":"@ClmInclusiva","twitter_site":"@ClmInclusiva","twitter_misc":{"Escrito por":"clm-inclusiva","Tiempo de lectura":"4 minutos"},"schema":{"@context":"https:\/\/schema.org","@graph":[{"@type":"Article","@id":"https:\/\/clm-inclusiva.org\/?p=3909#article","isPartOf":{"@id":"https:\/\/clm-inclusiva.org\/?p=3909"},"author":{"name":"clm-inclusiva","@id":"https:\/\/clm-inclusiva.org\/#\/schema\/person\/0cff84aaa5bb8fd3521c55d1578d902b"},"headline":"CLM Inclusiva COCEMFE se une a #QueNoNosApaguen para denunciar la p\u00e9rdida de derechos de las personas con discapacidad durante la pandemia","datePublished":"2020-12-22T12:13:42+00:00","dateModified":"2020-12-22T12:14:03+00:00","mainEntityOfPage":{"@id":"https:\/\/clm-inclusiva.org\/?p=3909"},"wordCount":814,"publisher":{"@id":"https:\/\/clm-inclusiva.org\/#organization"},"articleSection":["Bienestar social","castilla-la mancha","Clm inclusiva","cocemfe","Discapacidad","Tercer sector"],"inLanguage":"es"},{"@type":"WebPage","@id":"https:\/\/clm-inclusiva.org\/?p=3909","url":"https:\/\/clm-inclusiva.org\/?p=3909","name":"CLM Inclusiva COCEMFE se une a #QueNoNosApaguen para denunciar la p\u00e9rdida de derechos de las personas con discapacidad durante la pandemia - Clm-Inclusiva","isPartOf":{"@id":"https:\/\/clm-inclusiva.org\/#website"},"datePublished":"2020-12-22T12:13:42+00:00","dateModified":"2020-12-22T12:14:03+00:00","breadcrumb":{"@id":"https:\/\/clm-inclusiva.org\/?p=3909#breadcrumb"},"inLanguage":"es","potentialAction":[{"@type":"ReadAction","target":["https:\/\/clm-inclusiva.org\/?p=3909"]}]},{"@type":"BreadcrumbList","@id":"https:\/\/clm-inclusiva.org\/?p=3909#breadcrumb","itemListElement":[{"@type":"ListItem","position":1,"name":"Portada","item":"https:\/\/clm-inclusiva.org\/"},{"@type":"ListItem","position":2,"name":"CLM Inclusiva COCEMFE se une a #QueNoNosApaguen para denunciar la p\u00e9rdida de derechos de las personas con discapacidad durante la pandemia"}]},{"@type":"WebSite","@id":"https:\/\/clm-inclusiva.org\/#website","url":"https:\/\/clm-inclusiva.org\/","name":"Clm-Inclusiva","description":"Confederaci\u00f3n de entidades de personas con discapacidad f\u00edsica y org\u00e1nica CLM","publisher":{"@id":"https:\/\/clm-inclusiva.org\/#organization"},"potentialAction":[{"@type":"SearchAction","target":{"@type":"EntryPoint","urlTemplate":"https:\/\/clm-inclusiva.org\/?s={search_term_string}"},"query-input":"required name=search_term_string"}],"inLanguage":"es"},{"@type":"Organization","@id":"https:\/\/clm-inclusiva.org\/#organization","name":"Clm-Inclusiva","url":"https:\/\/clm-inclusiva.org\/","logo":{"@type":"ImageObject","inLanguage":"es","@id":"https:\/\/clm-inclusiva.org\/#\/schema\/logo\/image\/","url":"http:\/\/clm-inclusiva.org\/wp-content\/uploads\/2019\/04\/banner-e1533720812836.jpg","contentUrl":"http:\/\/clm-inclusiva.org\/wp-content\/uploads\/2019\/04\/banner-e1533720812836.jpg","width":600,"height":332,"caption":"Clm-Inclusiva"},"image":{"@id":"https:\/\/clm-inclusiva.org\/#\/schema\/logo\/image\/"},"sameAs":["https:\/\/www.facebook.com\/castillalamancha.inclusiva\/","https:\/\/twitter.com\/ClmInclusiva"]},{"@type":"Person","@id":"https:\/\/clm-inclusiva.org\/#\/schema\/person\/0cff84aaa5bb8fd3521c55d1578d902b","name":"clm-inclusiva","image":{"@type":"ImageObject","inLanguage":"es","@id":"https:\/\/clm-inclusiva.org\/#\/schema\/person\/image\/","url":"https:\/\/secure.gravatar.com\/avatar\/88948567af770dc9cd5597b329011884?s=96&d=blank&r=g","contentUrl":"https:\/\/secure.gravatar.com\/avatar\/88948567af770dc9cd5597b329011884?s=96&d=blank&r=g","caption":"clm-inclusiva"},"sameAs":["http:\/\/clm-inclusiva.org"],"url":"https:\/\/clm-inclusiva.org\/?author=1"}]}},"_links":{"self":[{"href":"https:\/\/clm-inclusiva.org\/index.php?rest_route=\/wp\/v2\/posts\/3909"}],"collection":[{"href":"https:\/\/clm-inclusiva.org\/index.php?rest_route=\/wp\/v2\/posts"}],"about":[{"href":"https:\/\/clm-inclusiva.org\/index.php?rest_route=\/wp\/v2\/types\/post"}],"author":[{"embeddable":true,"href":"https:\/\/clm-inclusiva.org\/index.php?rest_route=\/wp\/v2\/users\/1"}],"replies":[{"embeddable":true,"href":"https:\/\/clm-inclusiva.org\/index.php?rest_route=%2Fwp%2Fv2%2Fcomments&post=3909"}],"version-history":[{"count":3,"href":"https:\/\/clm-inclusiva.org\/index.php?rest_route=\/wp\/v2\/posts\/3909\/revisions"}],"predecessor-version":[{"id":3915,"href":"https:\/\/clm-inclusiva.org\/index.php?rest_route=\/wp\/v2\/posts\/3909\/revisions\/3915"}],"wp:featuredmedia":[{"embeddable":true,"href":"https:\/\/clm-inclusiva.org\/index.php?rest_route=\/wp\/v2\/media\/3911"}],"wp:attachment":[{"href":"https:\/\/clm-inclusiva.org\/index.php?rest_route=%2Fwp%2Fv2%2Fmedia&parent=3909"}],"wp:term":[{"taxonomy":"category","embeddable":true,"href":"https:\/\/clm-inclusiva.org\/index.php?rest_route=%2Fwp%2Fv2%2Fcategories&post=3909"},{"taxonomy":"post_tag","embeddable":true,"href":"https:\/\/clm-inclusiva.org\/index.php?rest_route=%2Fwp%2Fv2%2Ftags&post=3909"}],"curies":[{"name":"wp","href":"https:\/\/api.w.org\/{rel}","templated":true}]}}