{"id":3895,"date":"2020-12-02T15:10:59","date_gmt":"2020-12-02T13:10:59","guid":{"rendered":"http:\/\/clm-inclusiva.org\/?p=3895"},"modified":"2020-12-02T15:11:07","modified_gmt":"2020-12-02T13:11:07","slug":"castilla-la-mancha-inclusiva-cocemfe-y-su-movimiento-asociativo-apuestan-por-el-lenguaje-y-las-conductas-inclusivas","status":"publish","type":"post","link":"https:\/\/clm-inclusiva.org\/?p=3895","title":{"rendered":"CASTILLA-LA MANCHA INCLUSIVA COCEMFE y su Movimiento Asociativo apuestan por el lenguaje y las conductas inclusivas"},"content":{"rendered":"<p>[et_pb_section fb_built=&#8221;1&#8243; _builder_version=&#8221;4.0.4&#8243; custom_padding=&#8221;0px||2px|||&#8221;][et_pb_row _builder_version=&#8221;3.25&#8243; background_size=&#8221;initial&#8221; background_position=&#8221;top_left&#8221; background_repeat=&#8221;repeat&#8221; custom_margin=&#8221;|||||&#8221; custom_padding=&#8221;|||||&#8221;][et_pb_column type=&#8221;4_4&#8243; _builder_version=&#8221;3.25&#8243; custom_padding=&#8221;|||&#8221; custom_padding__hover=&#8221;|||&#8221;][et_pb_text admin_label=&#8221;Noticia&#8221; _builder_version=&#8221;4.1&#8243; text_font=&#8221;||||||||&#8221; background_size=&#8221;initial&#8221; background_position=&#8221;top_left&#8221; background_repeat=&#8221;repeat&#8221; text_orientation=&#8221;justified&#8221; min_height=&#8221;711px&#8221; custom_margin=&#8221;||||false|false&#8221; custom_padding=&#8221;|||||&#8221; hover_enabled=&#8221;0&#8243;]<\/p>\n<ul>\n<li><strong>Con motivo del D\u00eda Internacional de las Personas con Discapacidad, <\/strong><strong>CLM Inclusiva COCEMFE y su Movimiento Asociativo <\/strong><strong>quieren implicar a toda la ciudadan\u00eda para promover la plena participaci\u00f3n social<\/strong><\/li>\n<li><strong>\u00a0<\/strong><strong>CLM Inclusiva COCEMFE y su Movimiento Asociativo <\/strong><strong>ponen a disposici\u00f3n de todas las personas su manual de lenguaje inclusivo para avanzar en el uso de un lenguaje igualitario para referirse a las personas con discapacidad f\u00edsica y org\u00e1nica<\/strong><\/li>\n<li><strong>\u00a0<\/strong><strong>COCEMFE Nacional ha celebrado el encuentro digital &#8216;Operaci\u00f3n RAE: La inclusi\u00f3n en palabras\u2019, donde ha presentado un cortometraje que promueve el lenguaje inclusivo y acabar con los estereotipos entorno a las personas con discapacidad<\/strong><\/li>\n<\/ul>\n<p><strong>\u00a0<\/strong>(Toledo, 2 de diciembre de 2020)<\/p>\n<p>En el marco del D\u00eda Internacional y Europeo de las Personas con Discapacidad, que se celebra el 3 de diciembre, CLM Inclusiva COCEMFE y el Movimiento Asociativo de la Confederaci\u00f3n Espa\u00f1ola de Personas con Discapacidad F\u00edsica y Org\u00e1nica (COCEMFE) hacen hincapi\u00e9 en la importancia de apostar por el lenguaje y las conductas inclusivas que <strong>promuevan la plena participaci\u00f3n de las personas con discapacidad en la sociedad<\/strong>.<\/p>\n<p><strong>Para Enrique Alarc\u00f3n, Presidente de CLM Inclusiva COCEMFE,<\/strong> <em>\u201cEn este 3 de diciembre la ausencia de eventos y actos que visibilicen nuestro d\u00eda no pueden restar ni un \u00e1pice de energ\u00eda a nuestra lucha.\u201d Hoy m\u00e1s que nunca las carencias que sufre nuestro colectivo deben ser visibles, <\/em><em>porque la devastaci\u00f3n est\u00e1 siendo intensa y extensa en nuestro grupo de poblaci\u00f3n, y en sus estructuras y redes de apoyo, siempre precarias, ahora ya casi exhaustas.\u201d<\/em><\/p>\n<p>Y a\u00f1ade, <em>\u201cPor ello, campa\u00f1as que apuesten por el lenguaje y las conductas inclusivas vienen a contribuir para conseguir la igualdad de oportunidades, y por consiguiente, acabar de una vez por todas con los estereotipos entorno a las personas con discapacidad\u201d<\/em><\/p>\n<p>\u201cAl fin y al cabo, <strong>nuestro mundo se construye con palabras, pero tambi\u00e9n con hechos<\/strong>\u201d, se\u00f1ala el presidente de COCEMFE Nacional, Anxo Queiruga.<\/p>\n<p>\u201cEl lenguaje puede ser igual de excluyente que una barrera f\u00edsica, aunque a veces no nos demos cuenta. No somos discapacitados, somos personas con discapacidad\u201d, destaca Queiruga, al tiempo que explica que \u201c<strong>hay que concebir la discapacidad como una caracter\u00edstica m\u00e1s de todas las que tenemos<\/strong>, no lo \u00fanico por lo que se nos debe reconocer\u201d.<\/p>\n<p>Adem\u00e1s, COCEMFE Nacional, en colaboraci\u00f3n con su Movimiento Asociativo, ha elaborado un <a href=\"https:\/\/www.cocemfe.es\/wp-content\/uploads\/2019\/02\/20181010_COCEMFE_Lenguaje_inclusivo.pdf\"><strong>manual de lenguaje inclusivo<\/strong><\/a><strong> en el que se incluyen una serie de pautas<\/strong> para el uso de un lenguaje correcto, respetuoso y consensuado para referirse a las personas con discapacidad f\u00edsica y org\u00e1nica y comunicar de manera no sexista.<\/p>\n<p><strong>\u201cLas palabras forjan conductas, por eso, es imprescindible que haya coherencia entre lo que decimos y lo que hacemos\u201d<\/strong>, afirma el presidente de COCEMFE Nacional, que a\u00f1ade que \u201cde nada sirve que alguien se dirija a m\u00ed de la forma m\u00e1s correcta del mundo si luego me trata con condescendencia, paternalismo o sobreprotecci\u00f3n\u201d. \u201c<strong>La igualdad de oportunidades es algo que incumbe a todas las personas<\/strong>, no solo a las administraciones o a las empresas que contratan, toda la ciudadan\u00eda puede contribuir al ejercicio de nuestros derechos y nuestra inclusi\u00f3n adoptando conductas inclusivas y un trato igualitario\u201d, concluye.<\/p>\n<p>En este sentido, COCEMFE Nacional <strong>ha presentado este martes el cortometraje \u2018Operaci\u00f3n RAE\u2019<\/strong>, elaborado dirigido por Borja \u00c1lvarez y producido por Kabiria Films y que tiene como objetivo poner en valor la importancia del lenguaje inclusivo, romper estereotipos y visibilizar las discapacidades invisibles.<\/p>\n<p>Durante el acto de presentaci\u00f3n, <strong>moderado<\/strong> <strong>por la periodista y escritora Lary Le\u00f3n<\/strong>, se debati\u00f3 sobre la necesidad de adoptar un lenguaje y unas conductas inclusivas con los actores <strong>Antonio Pagudo<\/strong> y <strong>Kike Garc\u00eda<\/strong> y las actrices <strong>Miriam Fern\u00e1ndez<\/strong>, <strong>Elsa Chaves<\/strong> y <strong>Olga Hueso<\/strong>, protagonistas del cortometraje, y con el director del Real Patronato sobre Discapacidad, <strong>Jes\u00fas Celada<\/strong>, entre otras personas.<\/p>\n<p>El encuentro, que ha tenido lugar por videoconferencia, <strong>se ha trasmitido en directo y subtitulado a trav\u00e9s de <\/strong><a href=\"https:\/\/www.youtube.com\/watch?v=M06C9pbVvxg&amp;feature=youtu.be\"><strong>YouTube<\/strong><\/a>.<\/p>\n<p>Este cortometraje de COCEMFE Nacional cuenta con la colaboraci\u00f3n del Real Patronato sobre Discapacidad y la Escuela de Cinematograf\u00eda y del Audiovisual de la Comunidad de Madrid (ECAM). Tanto Operaci\u00f3n RAE como este encuentro digital est\u00e1n subvencionados por el 0,7% del IRPF del Ministerio de Sanidad, Consumo y Bienestar Social.<\/p>\n<p><em>La Confederaci\u00f3n Regional de Entidades de personas con Discapacidad F\u00edsica y Org\u00e1nica (CLM Inclusiva COCEMFE) se constituy\u00f3 en el a\u00f1o 2017. Agrupa a casi un centenar de entidades que representan casi a 10.000 personas con discapacidad. Se encuentra compuesta por las federaciones provinciales, COCEMFE Albacete, COCEMFE Guadalajara, COCEMFE\u00a0<\/em><a href=\"http:\/\/www.lacerca.com\/etiquetas\/1\/toledo\"><em>Toledo<\/em><\/a><em>, COCEMFE Cuenca y Ciudad Real INCLUSIVA, as\u00ed como las entidades de car\u00e1cter regional AFANION, LUNA, AIDISCAM CLM y la asociaci\u00f3n\u00a0<\/em><a href=\"http:\/\/www.lacerca.com\/etiquetas\/1\/nacional%20amiab\"><em>nacional AMIAB<\/em><\/a><em>. El objetivo fundamental de la confederaci\u00f3n es articular y vertebrar en nuestra regi\u00f3n el asociacionismo de la discapacidad f\u00edsica y org\u00e1nica, desde la unidad y respeto al pluralismo, para desarrollar una acci\u00f3n representativa efectiva en defensas de los derechos e intereses de las personas con discapacidad y sus familias.<\/em><\/p>\n<p>&nbsp;<\/p>\n<p>[\/et_pb_text][et_pb_post_nav prev_text=&#8221;Anterior&#8221; next_text=&#8221;Siguiente&#8221; _builder_version=&#8221;3.22.4&#8243;][\/et_pb_post_nav][\/et_pb_column][\/et_pb_row][\/et_pb_section]<\/p>\n","protected":false},"excerpt":{"rendered":"<p>[et_pb_section fb_built=&#8221;1&#8243; _builder_version=&#8221;4.0.4&#8243; custom_padding=&#8221;0px||2px|||&#8221;][et_pb_row _builder_version=&#8221;3.25&#8243; background_size=&#8221;initial&#8221; background_position=&#8221;top_left&#8221; background_repeat=&#8221;repeat&#8221; custom_margin=&#8221;|||||&#8221; custom_padding=&#8221;|||||&#8221;][et_pb_column type=&#8221;4_4&#8243; _builder_version=&#8221;3.25&#8243; custom_padding=&#8221;|||&#8221; custom_padding__hover=&#8221;|||&#8221;][et_pb_text admin_label=&#8221;Noticia&#8221; _builder_version=&#8221;4.1&#8243; text_font=&#8221;||||||||&#8221; background_size=&#8221;initial&#8221; background_position=&#8221;top_left&#8221; background_repeat=&#8221;repeat&#8221; text_orientation=&#8221;justified&#8221; min_height=&#8221;711px&#8221; custom_margin=&#8221;||||false|false&#8221; custom_padding=&#8221;|||||&#8221; hover_enabled=&#8221;0&#8243;] Con motivo del D\u00eda Internacional de las Personas con Discapacidad, CLM Inclusiva COCEMFE y su Movimiento Asociativo quieren implicar a toda la ciudadan\u00eda para promover la plena participaci\u00f3n social \u00a0CLM [&hellip;]<\/p>\n","protected":false},"author":1,"featured_media":3897,"comment_status":"closed","ping_status":"closed","sticky":false,"template":"","format":"standard","meta":{"_et_pb_use_builder":"on","_et_pb_old_content":"<h5 style=\"text-align: justify;\">La Confederaci\u00f3n CLM Inclusiva y la asociaci\u00f3n empresarial de Centros Especiales de Empleo de COCEMFE en Castilla-La Mancha, AECEMCO CLM, han firmado un acuerdo para promover las oportunidades de formaci\u00f3n y empleo de las personas del colectivo.<\/h5>\r\n<p style=\"text-align: justify;\"><img class=\"alignnone size-full wp-image-471\" src=\"http:\/\/clm-inclusiva.org\/wp-content\/uploads\/2019\/04\/3500_fotonoticia_20190402151941_1920.jpg\" alt=\"\" width=\"670\" height=\"300\"><\/p>\r\n<p style=\"text-align: justify;\">El presidente de la confederaci\u00f3n CLM Inclusiva, Enrique Alarc\u00f3n Garc\u00eda, y el presidente de AECEMCO CLM, \u00d3scar Sillas, han rubricado este acuerdo de colaboraci\u00f3n para coordinar su labor y actuaciones de apoyo a la promoci\u00f3n de los derechos de las personas con discapacidad f\u00edsica y org\u00e1nica en Castilla-La Mancha, ha informado esta confederaci\u00f3n en nota de prensa.<\/p>\r\nEl sector empresarial promovido por las organizaciones de COCEMFE sin \u00e1nimo de lucro, integrado en AECEMCO, da empleo actualmente a m\u00e1s de 800 personas con discapacidad de todo tipo, con actividades productivas y de prestaci\u00f3n de servicios muy variados como obras, lavander\u00eda, limpieza, medioambiente, manipulados, formaci\u00f3n, etc.\r\n\r\nAmbas organizaciones que comparten valores sociales y visi\u00f3n sobre los derechos de las personas con discapacidad coordinar\u00e1n todas sus actividades para incrementar las oportunidades de formaci\u00f3n, aprendizaje en el puesto de trabajo y calidad de los mismos, tanto en empleo protegido como ordinario.\r\n\r\nDentro de las actuaciones objeto del acuerdo se pondr\u00e1 especial atenci\u00f3n a dar a conocer la normativa de reserva de empleo para personas con discapacidad, as\u00ed como el adecuado cumplimiento de las medidas alternativas, para lo que se informar\u00e1 conjuntamente a administraciones, federaciones empresariales y grandes empresas sobre las oportunidades de empleabilidad de las personas con discapacidad f\u00edsica y org\u00e1nica.\r\n\r\nCLM Inclusiva dispone actualmente de Servicio de Empleo en todas las provincias de Castilla-La Mancha, gracias al apoyo de Fundaci\u00f3n ONCE y la financiaci\u00f3n de proyectos con cargo al IRPF, que realiza labor de intermediaci\u00f3n entre personas con discapacidad demandantes de empleo y empresas, asegurando la adecuaci\u00f3n de trabajadores al puesto de trabajo e informando sobre incentivos a la contrataci\u00f3n y ajustes t\u00e9cnicos necesarios en el puesto.\r\n\r\nLa Confederaci\u00f3n regional de entidades de personas con discapacidad f\u00edsica y org\u00e1nica, Castilla-La Mancha Inclusiva, agrupa al movimiento asociativo de COCEMFE en la Regi\u00f3n, con casi un centenar de entidades que representan en torno a 10.000 personas con discapacidad.\r\n\r\nActualmente se encuentra compuesta por cinco federaciones provinciales, COCEMFE Albacete, COCEMFE Cuenca, COCEMFE Guadalajara, COCEMFE Toledo y Ciudad Real Inclusiva, las entidades regionales AFANION, Federaci\u00f3n LUNA CLM de mujeres con discapacidad, AIDISCAM, y la asociaci\u00f3n nacional AMIAB.","_et_gb_content_width":"","footnotes":""},"categories":[39,47,5,41],"tags":[],"yoast_head":"<!-- This site is optimized with the Yoast SEO plugin v21.3 - https:\/\/yoast.com\/wordpress\/plugins\/seo\/ -->\n<title>CASTILLA-LA MANCHA INCLUSIVA COCEMFE y su Movimiento Asociativo apuestan por el lenguaje y las conductas inclusivas - Clm-Inclusiva<\/title>\n<meta name=\"robots\" content=\"index, follow, max-snippet:-1, max-image-preview:large, max-video-preview:-1\" \/>\n<link rel=\"canonical\" href=\"https:\/\/clm-inclusiva.org\/?p=3895\" \/>\n<meta property=\"og:locale\" content=\"es_ES\" \/>\n<meta property=\"og:type\" content=\"article\" \/>\n<meta property=\"og:title\" content=\"CASTILLA-LA MANCHA INCLUSIVA COCEMFE y su Movimiento Asociativo apuestan por el lenguaje y las conductas inclusivas - Clm-Inclusiva\" \/>\n<meta property=\"og:description\" content=\"[et_pb_section fb_built=&#8221;1&#8243; _builder_version=&#8221;4.0.4&#8243; custom_padding=&#8221;0px||2px|||&#8221;][et_pb_row _builder_version=&#8221;3.25&#8243; background_size=&#8221;initial&#8221; background_position=&#8221;top_left&#8221; background_repeat=&#8221;repeat&#8221; custom_margin=&#8221;|||||&#8221; custom_padding=&#8221;|||||&#8221;][et_pb_column type=&#8221;4_4&#8243; _builder_version=&#8221;3.25&#8243; custom_padding=&#8221;|||&#8221; custom_padding__hover=&#8221;|||&#8221;][et_pb_text admin_label=&#8221;Noticia&#8221; _builder_version=&#8221;4.1&#8243; text_font=&#8221;||||||||&#8221; background_size=&#8221;initial&#8221; background_position=&#8221;top_left&#8221; background_repeat=&#8221;repeat&#8221; text_orientation=&#8221;justified&#8221; min_height=&#8221;711px&#8221; custom_margin=&#8221;||||false|false&#8221; custom_padding=&#8221;|||||&#8221; hover_enabled=&#8221;0&#8243;] Con motivo del D\u00eda Internacional de las Personas con Discapacidad, CLM Inclusiva COCEMFE y su Movimiento Asociativo quieren implicar a toda la ciudadan\u00eda para promover la plena participaci\u00f3n social \u00a0CLM [&hellip;]\" \/>\n<meta property=\"og:url\" content=\"https:\/\/clm-inclusiva.org\/?p=3895\" \/>\n<meta property=\"og:site_name\" content=\"Clm-Inclusiva\" \/>\n<meta property=\"article:publisher\" content=\"https:\/\/www.facebook.com\/castillalamancha.inclusiva\/\" \/>\n<meta property=\"article:published_time\" content=\"2020-12-02T13:10:59+00:00\" \/>\n<meta property=\"article:modified_time\" content=\"2020-12-02T13:11:07+00:00\" \/>\n<meta property=\"og:image\" content=\"https:\/\/clm-inclusiva.org\/wp-content\/uploads\/2020\/12\/Enrique-Alarc\u00f3n-1.jpeg\" \/>\n\t<meta property=\"og:image:width\" content=\"1319\" \/>\n\t<meta property=\"og:image:height\" content=\"1216\" \/>\n\t<meta property=\"og:image:type\" content=\"image\/jpeg\" \/>\n<meta name=\"author\" content=\"clm-inclusiva\" \/>\n<meta name=\"twitter:card\" content=\"summary_large_image\" \/>\n<meta name=\"twitter:creator\" content=\"@ClmInclusiva\" \/>\n<meta name=\"twitter:site\" content=\"@ClmInclusiva\" \/>\n<meta name=\"twitter:label1\" content=\"Escrito por\" \/>\n\t<meta name=\"twitter:data1\" content=\"clm-inclusiva\" \/>\n\t<meta name=\"twitter:label2\" content=\"Tiempo de lectura\" \/>\n\t<meta name=\"twitter:data2\" content=\"5 minutos\" \/>\n<script type=\"application\/ld+json\" class=\"yoast-schema-graph\">{\"@context\":\"https:\/\/schema.org\",\"@graph\":[{\"@type\":\"Article\",\"@id\":\"https:\/\/clm-inclusiva.org\/?p=3895#article\",\"isPartOf\":{\"@id\":\"https:\/\/clm-inclusiva.org\/?p=3895\"},\"author\":{\"name\":\"clm-inclusiva\",\"@id\":\"https:\/\/clm-inclusiva.org\/#\/schema\/person\/0cff84aaa5bb8fd3521c55d1578d902b\"},\"headline\":\"CASTILLA-LA MANCHA INCLUSIVA COCEMFE y su Movimiento Asociativo apuestan por el lenguaje y las conductas inclusivas\",\"datePublished\":\"2020-12-02T13:10:59+00:00\",\"dateModified\":\"2020-12-02T13:11:07+00:00\",\"mainEntityOfPage\":{\"@id\":\"https:\/\/clm-inclusiva.org\/?p=3895\"},\"wordCount\":979,\"publisher\":{\"@id\":\"https:\/\/clm-inclusiva.org\/#organization\"},\"articleSection\":[\"Bienestar social\",\"cocemfe\",\"Discapacidad\",\"Tercer sector\"],\"inLanguage\":\"es\"},{\"@type\":\"WebPage\",\"@id\":\"https:\/\/clm-inclusiva.org\/?p=3895\",\"url\":\"https:\/\/clm-inclusiva.org\/?p=3895\",\"name\":\"CASTILLA-LA MANCHA INCLUSIVA COCEMFE y su Movimiento Asociativo apuestan por el lenguaje y las conductas inclusivas - Clm-Inclusiva\",\"isPartOf\":{\"@id\":\"https:\/\/clm-inclusiva.org\/#website\"},\"datePublished\":\"2020-12-02T13:10:59+00:00\",\"dateModified\":\"2020-12-02T13:11:07+00:00\",\"breadcrumb\":{\"@id\":\"https:\/\/clm-inclusiva.org\/?p=3895#breadcrumb\"},\"inLanguage\":\"es\",\"potentialAction\":[{\"@type\":\"ReadAction\",\"target\":[\"https:\/\/clm-inclusiva.org\/?p=3895\"]}]},{\"@type\":\"BreadcrumbList\",\"@id\":\"https:\/\/clm-inclusiva.org\/?p=3895#breadcrumb\",\"itemListElement\":[{\"@type\":\"ListItem\",\"position\":1,\"name\":\"Portada\",\"item\":\"https:\/\/clm-inclusiva.org\/\"},{\"@type\":\"ListItem\",\"position\":2,\"name\":\"CASTILLA-LA MANCHA INCLUSIVA COCEMFE y su Movimiento Asociativo apuestan por el lenguaje y las conductas inclusivas\"}]},{\"@type\":\"WebSite\",\"@id\":\"https:\/\/clm-inclusiva.org\/#website\",\"url\":\"https:\/\/clm-inclusiva.org\/\",\"name\":\"Clm-Inclusiva\",\"description\":\"Confederaci\u00f3n de entidades de personas con discapacidad f\u00edsica y org\u00e1nica CLM\",\"publisher\":{\"@id\":\"https:\/\/clm-inclusiva.org\/#organization\"},\"potentialAction\":[{\"@type\":\"SearchAction\",\"target\":{\"@type\":\"EntryPoint\",\"urlTemplate\":\"https:\/\/clm-inclusiva.org\/?s={search_term_string}\"},\"query-input\":\"required name=search_term_string\"}],\"inLanguage\":\"es\"},{\"@type\":\"Organization\",\"@id\":\"https:\/\/clm-inclusiva.org\/#organization\",\"name\":\"Clm-Inclusiva\",\"url\":\"https:\/\/clm-inclusiva.org\/\",\"logo\":{\"@type\":\"ImageObject\",\"inLanguage\":\"es\",\"@id\":\"https:\/\/clm-inclusiva.org\/#\/schema\/logo\/image\/\",\"url\":\"http:\/\/clm-inclusiva.org\/wp-content\/uploads\/2019\/04\/banner-e1533720812836.jpg\",\"contentUrl\":\"http:\/\/clm-inclusiva.org\/wp-content\/uploads\/2019\/04\/banner-e1533720812836.jpg\",\"width\":600,\"height\":332,\"caption\":\"Clm-Inclusiva\"},\"image\":{\"@id\":\"https:\/\/clm-inclusiva.org\/#\/schema\/logo\/image\/\"},\"sameAs\":[\"https:\/\/www.facebook.com\/castillalamancha.inclusiva\/\",\"https:\/\/twitter.com\/ClmInclusiva\"]},{\"@type\":\"Person\",\"@id\":\"https:\/\/clm-inclusiva.org\/#\/schema\/person\/0cff84aaa5bb8fd3521c55d1578d902b\",\"name\":\"clm-inclusiva\",\"image\":{\"@type\":\"ImageObject\",\"inLanguage\":\"es\",\"@id\":\"https:\/\/clm-inclusiva.org\/#\/schema\/person\/image\/\",\"url\":\"https:\/\/secure.gravatar.com\/avatar\/88948567af770dc9cd5597b329011884?s=96&d=blank&r=g\",\"contentUrl\":\"https:\/\/secure.gravatar.com\/avatar\/88948567af770dc9cd5597b329011884?s=96&d=blank&r=g\",\"caption\":\"clm-inclusiva\"},\"sameAs\":[\"http:\/\/clm-inclusiva.org\"],\"url\":\"https:\/\/clm-inclusiva.org\/?author=1\"}]}<\/script>\n<!-- \/ Yoast SEO plugin. -->","yoast_head_json":{"title":"CASTILLA-LA MANCHA INCLUSIVA COCEMFE y su Movimiento Asociativo apuestan por el lenguaje y las conductas inclusivas - Clm-Inclusiva","robots":{"index":"index","follow":"follow","max-snippet":"max-snippet:-1","max-image-preview":"max-image-preview:large","max-video-preview":"max-video-preview:-1"},"canonical":"https:\/\/clm-inclusiva.org\/?p=3895","og_locale":"es_ES","og_type":"article","og_title":"CASTILLA-LA MANCHA INCLUSIVA COCEMFE y su Movimiento Asociativo apuestan por el lenguaje y las conductas inclusivas - Clm-Inclusiva","og_description":"[et_pb_section fb_built=&#8221;1&#8243; _builder_version=&#8221;4.0.4&#8243; custom_padding=&#8221;0px||2px|||&#8221;][et_pb_row _builder_version=&#8221;3.25&#8243; background_size=&#8221;initial&#8221; background_position=&#8221;top_left&#8221; background_repeat=&#8221;repeat&#8221; custom_margin=&#8221;|||||&#8221; custom_padding=&#8221;|||||&#8221;][et_pb_column type=&#8221;4_4&#8243; _builder_version=&#8221;3.25&#8243; custom_padding=&#8221;|||&#8221; custom_padding__hover=&#8221;|||&#8221;][et_pb_text admin_label=&#8221;Noticia&#8221; _builder_version=&#8221;4.1&#8243; text_font=&#8221;||||||||&#8221; background_size=&#8221;initial&#8221; background_position=&#8221;top_left&#8221; background_repeat=&#8221;repeat&#8221; text_orientation=&#8221;justified&#8221; min_height=&#8221;711px&#8221; custom_margin=&#8221;||||false|false&#8221; custom_padding=&#8221;|||||&#8221; hover_enabled=&#8221;0&#8243;] Con motivo del D\u00eda Internacional de las Personas con Discapacidad, CLM Inclusiva COCEMFE y su Movimiento Asociativo quieren implicar a toda la ciudadan\u00eda para promover la plena participaci\u00f3n social \u00a0CLM [&hellip;]","og_url":"https:\/\/clm-inclusiva.org\/?p=3895","og_site_name":"Clm-Inclusiva","article_publisher":"https:\/\/www.facebook.com\/castillalamancha.inclusiva\/","article_published_time":"2020-12-02T13:10:59+00:00","article_modified_time":"2020-12-02T13:11:07+00:00","og_image":[{"width":1319,"height":1216,"url":"https:\/\/clm-inclusiva.org\/wp-content\/uploads\/2020\/12\/Enrique-Alarc\u00f3n-1.jpeg","type":"image\/jpeg"}],"author":"clm-inclusiva","twitter_card":"summary_large_image","twitter_creator":"@ClmInclusiva","twitter_site":"@ClmInclusiva","twitter_misc":{"Escrito por":"clm-inclusiva","Tiempo de lectura":"5 minutos"},"schema":{"@context":"https:\/\/schema.org","@graph":[{"@type":"Article","@id":"https:\/\/clm-inclusiva.org\/?p=3895#article","isPartOf":{"@id":"https:\/\/clm-inclusiva.org\/?p=3895"},"author":{"name":"clm-inclusiva","@id":"https:\/\/clm-inclusiva.org\/#\/schema\/person\/0cff84aaa5bb8fd3521c55d1578d902b"},"headline":"CASTILLA-LA MANCHA INCLUSIVA COCEMFE y su Movimiento Asociativo apuestan por el lenguaje y las conductas inclusivas","datePublished":"2020-12-02T13:10:59+00:00","dateModified":"2020-12-02T13:11:07+00:00","mainEntityOfPage":{"@id":"https:\/\/clm-inclusiva.org\/?p=3895"},"wordCount":979,"publisher":{"@id":"https:\/\/clm-inclusiva.org\/#organization"},"articleSection":["Bienestar social","cocemfe","Discapacidad","Tercer sector"],"inLanguage":"es"},{"@type":"WebPage","@id":"https:\/\/clm-inclusiva.org\/?p=3895","url":"https:\/\/clm-inclusiva.org\/?p=3895","name":"CASTILLA-LA MANCHA INCLUSIVA COCEMFE y su Movimiento Asociativo apuestan por el lenguaje y las conductas inclusivas - Clm-Inclusiva","isPartOf":{"@id":"https:\/\/clm-inclusiva.org\/#website"},"datePublished":"2020-12-02T13:10:59+00:00","dateModified":"2020-12-02T13:11:07+00:00","breadcrumb":{"@id":"https:\/\/clm-inclusiva.org\/?p=3895#breadcrumb"},"inLanguage":"es","potentialAction":[{"@type":"ReadAction","target":["https:\/\/clm-inclusiva.org\/?p=3895"]}]},{"@type":"BreadcrumbList","@id":"https:\/\/clm-inclusiva.org\/?p=3895#breadcrumb","itemListElement":[{"@type":"ListItem","position":1,"name":"Portada","item":"https:\/\/clm-inclusiva.org\/"},{"@type":"ListItem","position":2,"name":"CASTILLA-LA MANCHA INCLUSIVA COCEMFE y su Movimiento Asociativo apuestan por el lenguaje y las conductas inclusivas"}]},{"@type":"WebSite","@id":"https:\/\/clm-inclusiva.org\/#website","url":"https:\/\/clm-inclusiva.org\/","name":"Clm-Inclusiva","description":"Confederaci\u00f3n de entidades de personas con discapacidad f\u00edsica y org\u00e1nica CLM","publisher":{"@id":"https:\/\/clm-inclusiva.org\/#organization"},"potentialAction":[{"@type":"SearchAction","target":{"@type":"EntryPoint","urlTemplate":"https:\/\/clm-inclusiva.org\/?s={search_term_string}"},"query-input":"required name=search_term_string"}],"inLanguage":"es"},{"@type":"Organization","@id":"https:\/\/clm-inclusiva.org\/#organization","name":"Clm-Inclusiva","url":"https:\/\/clm-inclusiva.org\/","logo":{"@type":"ImageObject","inLanguage":"es","@id":"https:\/\/clm-inclusiva.org\/#\/schema\/logo\/image\/","url":"http:\/\/clm-inclusiva.org\/wp-content\/uploads\/2019\/04\/banner-e1533720812836.jpg","contentUrl":"http:\/\/clm-inclusiva.org\/wp-content\/uploads\/2019\/04\/banner-e1533720812836.jpg","width":600,"height":332,"caption":"Clm-Inclusiva"},"image":{"@id":"https:\/\/clm-inclusiva.org\/#\/schema\/logo\/image\/"},"sameAs":["https:\/\/www.facebook.com\/castillalamancha.inclusiva\/","https:\/\/twitter.com\/ClmInclusiva"]},{"@type":"Person","@id":"https:\/\/clm-inclusiva.org\/#\/schema\/person\/0cff84aaa5bb8fd3521c55d1578d902b","name":"clm-inclusiva","image":{"@type":"ImageObject","inLanguage":"es","@id":"https:\/\/clm-inclusiva.org\/#\/schema\/person\/image\/","url":"https:\/\/secure.gravatar.com\/avatar\/88948567af770dc9cd5597b329011884?s=96&d=blank&r=g","contentUrl":"https:\/\/secure.gravatar.com\/avatar\/88948567af770dc9cd5597b329011884?s=96&d=blank&r=g","caption":"clm-inclusiva"},"sameAs":["http:\/\/clm-inclusiva.org"],"url":"https:\/\/clm-inclusiva.org\/?author=1"}]}},"_links":{"self":[{"href":"https:\/\/clm-inclusiva.org\/index.php?rest_route=\/wp\/v2\/posts\/3895"}],"collection":[{"href":"https:\/\/clm-inclusiva.org\/index.php?rest_route=\/wp\/v2\/posts"}],"about":[{"href":"https:\/\/clm-inclusiva.org\/index.php?rest_route=\/wp\/v2\/types\/post"}],"author":[{"embeddable":true,"href":"https:\/\/clm-inclusiva.org\/index.php?rest_route=\/wp\/v2\/users\/1"}],"replies":[{"embeddable":true,"href":"https:\/\/clm-inclusiva.org\/index.php?rest_route=%2Fwp%2Fv2%2Fcomments&post=3895"}],"version-history":[{"count":3,"href":"https:\/\/clm-inclusiva.org\/index.php?rest_route=\/wp\/v2\/posts\/3895\/revisions"}],"predecessor-version":[{"id":3900,"href":"https:\/\/clm-inclusiva.org\/index.php?rest_route=\/wp\/v2\/posts\/3895\/revisions\/3900"}],"wp:featuredmedia":[{"embeddable":true,"href":"https:\/\/clm-inclusiva.org\/index.php?rest_route=\/wp\/v2\/media\/3897"}],"wp:attachment":[{"href":"https:\/\/clm-inclusiva.org\/index.php?rest_route=%2Fwp%2Fv2%2Fmedia&parent=3895"}],"wp:term":[{"taxonomy":"category","embeddable":true,"href":"https:\/\/clm-inclusiva.org\/index.php?rest_route=%2Fwp%2Fv2%2Fcategories&post=3895"},{"taxonomy":"post_tag","embeddable":true,"href":"https:\/\/clm-inclusiva.org\/index.php?rest_route=%2Fwp%2Fv2%2Ftags&post=3895"}],"curies":[{"name":"wp","href":"https:\/\/api.w.org\/{rel}","templated":true}]}}